{"id":22539,"date":"2022-01-21T18:20:29","date_gmt":"2022-01-21T21:20:29","guid":{"rendered":"https:\/\/verdadeon.com.br\/portal\/?p=22539"},"modified":"2022-01-21T18:20:29","modified_gmt":"2022-01-21T21:20:29","slug":"projetos-para-o-desenvolvimento-de-19-cidades-sao-debatidos-no-parlamento-regional-urbano","status":"publish","type":"post","link":"https:\/\/verdadeon.com.br\/portal\/2022\/01\/21\/projetos-para-o-desenvolvimento-de-19-cidades-sao-debatidos-no-parlamento-regional-urbano\/","title":{"rendered":"Projetos para o desenvolvimento de 19 cidades s\u00e3o debatidos no Parlamento Regional Urbano"},"content":{"rendered":"<h2>O Parlamento foi criado em novembro do ano passado, al\u00e9m de Franca v\u00e1rias cidades da regi\u00e3o s\u00e3o representadas<\/h2>\n<p>O presidente do Parlamento Regional Urbano, vereador Daniel Bassi (PSDB), se reuniu nesta sexta-feira (21), com representantes do Sebrae, da Funda\u00e7\u00e3o Get\u00falio Vargas (FGV),\u00a0 principal objetivo do encontro foi discutir propostas e projetos para o desenvolvimento de Franca e de outros 18 munic\u00edpios que integram o Parlamento.<\/p>\n<p>&#8220;Vamos realizar uma nova reuni\u00e3o com os demais vereadores que comp\u00f5em o Parlamento Regional para expor esses projetos e efetivamente contribuir no desenvolvimento das cidades&#8221;, disse Bassi.<\/p>\n<p>\u2018&#8221;O que n\u00f3s queremos \u00e9 desenvolver a regi\u00e3o atrav\u00e9s do empreendedorismo, capacitando pessoas, gerando empregos, renda, melhorando a vida das pessoas e o papel dos vereadores \u00e9 fundamental&#8221;, avaliou o gerente regional do Sebrae\u00a0Vin\u00edcius N\u00f3brega. J\u00e1 o gestor de pol\u00edticas p\u00fablicas do Sebrae, Fabr\u00edcio Sianci, tamb\u00e9m acompanhou o encontro e acrescentou que cada munic\u00edpio tem sua peculiaridade. &#8220;A gente pode pensar em um trabalho conjunto para regi\u00e3o de Franca&#8221;.<\/p>\n<p>Marcos Henrique Alves, consultor e articulador regional da FGV, pontuou sobre a import\u00e2ncia dessa uni\u00e3o de lideran\u00e7as pol\u00edticas regionais nas solu\u00e7\u00f5es de problemas e inova\u00e7\u00e3o para desenvolvimento de neg\u00f3cios locais. &#8220;Objetivo \u00e9 agregar o conhecimento, a experi\u00eancia e os projetos que o Sebrae e a FGV est\u00e3o desenvolvendo juntos&#8221; explicou.<\/p>\n<h4>Parlamento Regional Urbano<\/h4>\n<p>O Parlamento Regional Urbano foi criado em 16 de novembro de 2021 durante a 46\u00aa Sess\u00e3o Ordin\u00e1ria com aprova\u00e7\u00e3o do Projeto de Resolu\u00e7\u00e3o de n\u00ba 26\/2021 de autoria dos\u00a0vereadores Daniel Bassi (PSDB)\u00a0e\u00a0Donizete da Farm\u00e1cia (MDB).<\/p>\n<p>Fazem parte do grupo as C\u00e2maras Municipais do Aglomerado Urbano de Franca, compostas pelas representa\u00e7\u00f5es legislativas dos munic\u00edpios de Aramina, Buritizal, Cristais Paulista, Franca, Gua\u00edra, Guar\u00e1, Igarapava, Ipu\u00e3, Itirapu\u00e3, Ituverava, Jeriquara, Miguel\u00f3polis, Patroc\u00ednio Paulista, Pedregulho, Restinga, Ribeir\u00e3o Corrente, Rifaina, S\u00e3o Joaquim da Barra e S\u00e3o Jos\u00e9 da Bela Vista.<\/p>\n","protected":false},"excerpt":{"rendered":"<p>O Parlamento foi criado em novembro do ano passado, al\u00e9m de Franca v\u00e1rias cidades da regi\u00e3o s\u00e3o representadas O presidente do Parlamento Regional Urbano, vereador Daniel<span class=\"excerpt-hellip\"> [\u2026]<\/span><\/p>\n","protected":false},"author":7,"featured_media":22540,"comment_status":"open","ping_status":"open","sticky":false,"template":"","format":"standard","meta":{"_jetpack_memberships_contains_paid_content":false,"footnotes":"","jetpack_publicize_message":"","jetpack_publicize_feature_enabled":true,"jetpack_social_post_already_shared":false,"jetpack_social_options":{"image_generator_settings":{"template":"highway","default_image_id":0,"enabled":false},"version":2}},"categories":[28,44],"tags":[],"class_list":["post-22539","post","type-post","status-publish","format-standard","has-post-thumbnail","hentry","category-cotidiano","category-noticias"],"yoast_head":"<!-- This site is optimized with the Yoast SEO plugin v25.6 - https:\/\/yoast.com\/wordpress\/plugins\/seo\/ -->\n<title>Projetos para o desenvolvimento de 19 cidades s\u00e3o debatidos no Parlamento Regional Urbano - VerdadeOn<\/title>\n<meta name=\"robots\" content=\"index, follow, max-snippet:-1, max-image-preview:large, max-video-preview:-1\" \/>\n<link rel=\"canonical\" href=\"https:\/\/verdadeon.com.br\/portal\/2022\/01\/21\/projetos-para-o-desenvolvimento-de-19-cidades-sao-debatidos-no-parlamento-regional-urbano\/\" \/>\n<meta property=\"og:locale\" content=\"pt_BR\" \/>\n<meta property=\"og:type\" content=\"article\" \/>\n<meta property=\"og:title\" content=\"Projetos para o desenvolvimento de 19 cidades s\u00e3o debatidos no Parlamento Regional Urbano - VerdadeOn\" \/>\n<meta property=\"og:description\" content=\"O Parlamento foi criado em novembro do ano passado, al\u00e9m de Franca v\u00e1rias cidades da regi\u00e3o s\u00e3o representadas O presidente do Parlamento Regional Urbano, vereador Daniel [\u2026]\" \/>\n<meta property=\"og:url\" content=\"https:\/\/verdadeon.com.br\/portal\/2022\/01\/21\/projetos-para-o-desenvolvimento-de-19-cidades-sao-debatidos-no-parlamento-regional-urbano\/\" \/>\n<meta property=\"og:site_name\" content=\"VerdadeOn\" \/>\n<meta property=\"article:published_time\" content=\"2022-01-21T21:20:29+00:00\" \/>\n<meta property=\"og:image\" content=\"https:\/\/verdadeon.com.br\/portal\/wp-content\/uploads\/2022\/01\/parlamentourbano-2.jpeg\" \/>\n\t<meta property=\"og:image:width\" content=\"1280\" \/>\n\t<meta property=\"og:image:height\" content=\"724\" \/>\n\t<meta property=\"og:image:type\" content=\"image\/jpeg\" \/>\n<meta name=\"author\" content=\"Fernando Lima\" \/>\n<meta name=\"twitter:card\" content=\"summary_large_image\" \/>\n<meta name=\"twitter:label1\" content=\"Escrito por\" \/>\n\t<meta name=\"twitter:data1\" content=\"Fernando Lima\" \/>\n\t<meta name=\"twitter:label2\" content=\"Est. tempo de leitura\" \/>\n\t<meta name=\"twitter:data2\" content=\"2 minutos\" \/>\n<script type=\"application\/ld+json\" class=\"yoast-schema-graph\">{\"@context\":\"https:\/\/schema.org\",\"@graph\":[{\"@type\":\"WebPage\",\"@id\":\"https:\/\/verdadeon.com.br\/portal\/2022\/01\/21\/projetos-para-o-desenvolvimento-de-19-cidades-sao-debatidos-no-parlamento-regional-urbano\/\",\"url\":\"https:\/\/verdadeon.com.br\/portal\/2022\/01\/21\/projetos-para-o-desenvolvimento-de-19-cidades-sao-debatidos-no-parlamento-regional-urbano\/\",\"name\":\"Projetos para o desenvolvimento de 19 cidades s\u00e3o debatidos no Parlamento Regional Urbano - VerdadeOn\",\"isPartOf\":{\"@id\":\"https:\/\/verdadeon.com.br\/portal\/#website\"},\"primaryImageOfPage\":{\"@id\":\"https:\/\/verdadeon.com.br\/portal\/2022\/01\/21\/projetos-para-o-desenvolvimento-de-19-cidades-sao-debatidos-no-parlamento-regional-urbano\/#primaryimage\"},\"image\":{\"@id\":\"https:\/\/verdadeon.com.br\/portal\/2022\/01\/21\/projetos-para-o-desenvolvimento-de-19-cidades-sao-debatidos-no-parlamento-regional-urbano\/#primaryimage\"},\"thumbnailUrl\":\"https:\/\/i0.wp.com\/verdadeon.com.br\/portal\/wp-content\/uploads\/2022\/01\/parlamentourbano-2.jpeg?fit=1280%2C724&ssl=1\",\"datePublished\":\"2022-01-21T21:20:29+00:00\",\"author\":{\"@id\":\"https:\/\/verdadeon.com.br\/portal\/#\/schema\/person\/cc32be22b8e8599387c480bc83e1d11a\"},\"breadcrumb\":{\"@id\":\"https:\/\/verdadeon.com.br\/portal\/2022\/01\/21\/projetos-para-o-desenvolvimento-de-19-cidades-sao-debatidos-no-parlamento-regional-urbano\/#breadcrumb\"},\"inLanguage\":\"pt-BR\",\"potentialAction\":[{\"@type\":\"ReadAction\",\"target\":[\"https:\/\/verdadeon.com.br\/portal\/2022\/01\/21\/projetos-para-o-desenvolvimento-de-19-cidades-sao-debatidos-no-parlamento-regional-urbano\/\"]}]},{\"@type\":\"ImageObject\",\"inLanguage\":\"pt-BR\",\"@id\":\"https:\/\/verdadeon.com.br\/portal\/2022\/01\/21\/projetos-para-o-desenvolvimento-de-19-cidades-sao-debatidos-no-parlamento-regional-urbano\/#primaryimage\",\"url\":\"https:\/\/i0.wp.com\/verdadeon.com.br\/portal\/wp-content\/uploads\/2022\/01\/parlamentourbano-2.jpeg?fit=1280%2C724&ssl=1\",\"contentUrl\":\"https:\/\/i0.wp.com\/verdadeon.com.br\/portal\/wp-content\/uploads\/2022\/01\/parlamentourbano-2.jpeg?fit=1280%2C724&ssl=1\",\"width\":1280,\"height\":724,\"caption\":\"Reuni\u00e3o foi realizada na C\u00e2mara Municipal. Ap\u00f3s o presidente da Casa de Leis, Claudinei da Rocha, mostrou aos convidados as instala\u00e7\u00f5es do pr\u00e9dio | Foto: C\u00e2mara Municipal\"},{\"@type\":\"BreadcrumbList\",\"@id\":\"https:\/\/verdadeon.com.br\/portal\/2022\/01\/21\/projetos-para-o-desenvolvimento-de-19-cidades-sao-debatidos-no-parlamento-regional-urbano\/#breadcrumb\",\"itemListElement\":[{\"@type\":\"ListItem\",\"position\":1,\"name\":\"In\u00edcio\",\"item\":\"https:\/\/verdadeon.com.br\/portal\/\"},{\"@type\":\"ListItem\",\"position\":2,\"name\":\"Projetos para o desenvolvimento de 19 cidades s\u00e3o debatidos no Parlamento Regional Urbano\"}]},{\"@type\":\"WebSite\",\"@id\":\"https:\/\/verdadeon.com.br\/portal\/#website\",\"url\":\"https:\/\/verdadeon.com.br\/portal\/\",\"name\":\"VerdadeOn\",\"description\":\"Not\u00edcias di\u00e1rias sobre Franca, Regi\u00e3o, Esporte, Cultura, Cotidiano, Colunas. Cobertura nos principais eventos da cidade \u00e9 aqui - Verdadeon Franca\",\"potentialAction\":[{\"@type\":\"SearchAction\",\"target\":{\"@type\":\"EntryPoint\",\"urlTemplate\":\"https:\/\/verdadeon.com.br\/portal\/?s={search_term_string}\"},\"query-input\":{\"@type\":\"PropertyValueSpecification\",\"valueRequired\":true,\"valueName\":\"search_term_string\"}}],\"inLanguage\":\"pt-BR\"},{\"@type\":\"Person\",\"@id\":\"https:\/\/verdadeon.com.br\/portal\/#\/schema\/person\/cc32be22b8e8599387c480bc83e1d11a\",\"name\":\"Fernando Lima\",\"image\":{\"@type\":\"ImageObject\",\"inLanguage\":\"pt-BR\",\"@id\":\"https:\/\/verdadeon.com.br\/portal\/#\/schema\/person\/image\/\",\"url\":\"https:\/\/secure.gravatar.com\/avatar\/df4c8e132080d2b3a4841d5d232045464e0eed11a1d6e43115ca0843d48768d3?s=96&d=mm&r=g\",\"contentUrl\":\"https:\/\/secure.gravatar.com\/avatar\/df4c8e132080d2b3a4841d5d232045464e0eed11a1d6e43115ca0843d48768d3?s=96&d=mm&r=g\",\"caption\":\"Fernando Lima\"},\"sameAs\":[\"http:\/\/verdadeon.com.br\/\"],\"url\":\"https:\/\/verdadeon.com.br\/portal\/author\/fernando-lima\/\"}]}<\/script>\n<!-- \/ Yoast SEO plugin. -->","yoast_head_json":{"title":"Projetos para o desenvolvimento de 19 cidades s\u00e3o debatidos no Parlamento Regional Urbano - VerdadeOn","robots":{"index":"index","follow":"follow","max-snippet":"max-snippet:-1","max-image-preview":"max-image-preview:large","max-video-preview":"max-video-preview:-1"},"canonical":"https:\/\/verdadeon.com.br\/portal\/2022\/01\/21\/projetos-para-o-desenvolvimento-de-19-cidades-sao-debatidos-no-parlamento-regional-urbano\/","og_locale":"pt_BR","og_type":"article","og_title":"Projetos para o desenvolvimento de 19 cidades s\u00e3o debatidos no Parlamento Regional Urbano - VerdadeOn","og_description":"O Parlamento foi criado em novembro do ano passado, al\u00e9m de Franca v\u00e1rias cidades da regi\u00e3o s\u00e3o representadas O presidente do Parlamento Regional Urbano, vereador Daniel [\u2026]","og_url":"https:\/\/verdadeon.com.br\/portal\/2022\/01\/21\/projetos-para-o-desenvolvimento-de-19-cidades-sao-debatidos-no-parlamento-regional-urbano\/","og_site_name":"VerdadeOn","article_published_time":"2022-01-21T21:20:29+00:00","og_image":[{"width":1280,"height":724,"url":"https:\/\/verdadeon.com.br\/portal\/wp-content\/uploads\/2022\/01\/parlamentourbano-2.jpeg","type":"image\/jpeg"}],"author":"Fernando Lima","twitter_card":"summary_large_image","twitter_misc":{"Escrito por":"Fernando Lima","Est. tempo de leitura":"2 minutos"},"schema":{"@context":"https:\/\/schema.org","@graph":[{"@type":"WebPage","@id":"https:\/\/verdadeon.com.br\/portal\/2022\/01\/21\/projetos-para-o-desenvolvimento-de-19-cidades-sao-debatidos-no-parlamento-regional-urbano\/","url":"https:\/\/verdadeon.com.br\/portal\/2022\/01\/21\/projetos-para-o-desenvolvimento-de-19-cidades-sao-debatidos-no-parlamento-regional-urbano\/","name":"Projetos para o desenvolvimento de 19 cidades s\u00e3o debatidos no Parlamento Regional Urbano - VerdadeOn","isPartOf":{"@id":"https:\/\/verdadeon.com.br\/portal\/#website"},"primaryImageOfPage":{"@id":"https:\/\/verdadeon.com.br\/portal\/2022\/01\/21\/projetos-para-o-desenvolvimento-de-19-cidades-sao-debatidos-no-parlamento-regional-urbano\/#primaryimage"},"image":{"@id":"https:\/\/verdadeon.com.br\/portal\/2022\/01\/21\/projetos-para-o-desenvolvimento-de-19-cidades-sao-debatidos-no-parlamento-regional-urbano\/#primaryimage"},"thumbnailUrl":"https:\/\/i0.wp.com\/verdadeon.com.br\/portal\/wp-content\/uploads\/2022\/01\/parlamentourbano-2.jpeg?fit=1280%2C724&ssl=1","datePublished":"2022-01-21T21:20:29+00:00","author":{"@id":"https:\/\/verdadeon.com.br\/portal\/#\/schema\/person\/cc32be22b8e8599387c480bc83e1d11a"},"breadcrumb":{"@id":"https:\/\/verdadeon.com.br\/portal\/2022\/01\/21\/projetos-para-o-desenvolvimento-de-19-cidades-sao-debatidos-no-parlamento-regional-urbano\/#breadcrumb"},"inLanguage":"pt-BR","potentialAction":[{"@type":"ReadAction","target":["https:\/\/verdadeon.com.br\/portal\/2022\/01\/21\/projetos-para-o-desenvolvimento-de-19-cidades-sao-debatidos-no-parlamento-regional-urbano\/"]}]},{"@type":"ImageObject","inLanguage":"pt-BR","@id":"https:\/\/verdadeon.com.br\/portal\/2022\/01\/21\/projetos-para-o-desenvolvimento-de-19-cidades-sao-debatidos-no-parlamento-regional-urbano\/#primaryimage","url":"https:\/\/i0.wp.com\/verdadeon.com.br\/portal\/wp-content\/uploads\/2022\/01\/parlamentourbano-2.jpeg?fit=1280%2C724&ssl=1","contentUrl":"https:\/\/i0.wp.com\/verdadeon.com.br\/portal\/wp-content\/uploads\/2022\/01\/parlamentourbano-2.jpeg?fit=1280%2C724&ssl=1","width":1280,"height":724,"caption":"Reuni\u00e3o foi realizada na C\u00e2mara Municipal. Ap\u00f3s o presidente da Casa de Leis, Claudinei da Rocha, mostrou aos convidados as instala\u00e7\u00f5es do pr\u00e9dio | Foto: C\u00e2mara Municipal"},{"@type":"BreadcrumbList","@id":"https:\/\/verdadeon.com.br\/portal\/2022\/01\/21\/projetos-para-o-desenvolvimento-de-19-cidades-sao-debatidos-no-parlamento-regional-urbano\/#breadcrumb","itemListElement":[{"@type":"ListItem","position":1,"name":"In\u00edcio","item":"https:\/\/verdadeon.com.br\/portal\/"},{"@type":"ListItem","position":2,"name":"Projetos para o desenvolvimento de 19 cidades s\u00e3o debatidos no Parlamento Regional Urbano"}]},{"@type":"WebSite","@id":"https:\/\/verdadeon.com.br\/portal\/#website","url":"https:\/\/verdadeon.com.br\/portal\/","name":"VerdadeOn","description":"Not\u00edcias di\u00e1rias sobre Franca, Regi\u00e3o, Esporte, Cultura, Cotidiano, Colunas. Cobertura nos principais eventos da cidade \u00e9 aqui - Verdadeon Franca","potentialAction":[{"@type":"SearchAction","target":{"@type":"EntryPoint","urlTemplate":"https:\/\/verdadeon.com.br\/portal\/?s={search_term_string}"},"query-input":{"@type":"PropertyValueSpecification","valueRequired":true,"valueName":"search_term_string"}}],"inLanguage":"pt-BR"},{"@type":"Person","@id":"https:\/\/verdadeon.com.br\/portal\/#\/schema\/person\/cc32be22b8e8599387c480bc83e1d11a","name":"Fernando Lima","image":{"@type":"ImageObject","inLanguage":"pt-BR","@id":"https:\/\/verdadeon.com.br\/portal\/#\/schema\/person\/image\/","url":"https:\/\/secure.gravatar.com\/avatar\/df4c8e132080d2b3a4841d5d232045464e0eed11a1d6e43115ca0843d48768d3?s=96&d=mm&r=g","contentUrl":"https:\/\/secure.gravatar.com\/avatar\/df4c8e132080d2b3a4841d5d232045464e0eed11a1d6e43115ca0843d48768d3?s=96&d=mm&r=g","caption":"Fernando Lima"},"sameAs":["http:\/\/verdadeon.com.br\/"],"url":"https:\/\/verdadeon.com.br\/portal\/author\/fernando-lima\/"}]}},"jetpack_publicize_connections":[],"jetpack_featured_media_url":"https:\/\/i0.wp.com\/verdadeon.com.br\/portal\/wp-content\/uploads\/2022\/01\/parlamentourbano-2.jpeg?fit=1280%2C724&ssl=1","jetpack_sharing_enabled":true,"_links":{"self":[{"href":"https:\/\/verdadeon.com.br\/portal\/wp-json\/wp\/v2\/posts\/22539","targetHints":{"allow":["GET"]}}],"collection":[{"href":"https:\/\/verdadeon.com.br\/portal\/wp-json\/wp\/v2\/posts"}],"about":[{"href":"https:\/\/verdadeon.com.br\/portal\/wp-json\/wp\/v2\/types\/post"}],"author":[{"embeddable":true,"href":"https:\/\/verdadeon.com.br\/portal\/wp-json\/wp\/v2\/users\/7"}],"replies":[{"embeddable":true,"href":"https:\/\/verdadeon.com.br\/portal\/wp-json\/wp\/v2\/comments?post=22539"}],"version-history":[{"count":1,"href":"https:\/\/verdadeon.com.br\/portal\/wp-json\/wp\/v2\/posts\/22539\/revisions"}],"predecessor-version":[{"id":22541,"href":"https:\/\/verdadeon.com.br\/portal\/wp-json\/wp\/v2\/posts\/22539\/revisions\/22541"}],"wp:featuredmedia":[{"embeddable":true,"href":"https:\/\/verdadeon.com.br\/portal\/wp-json\/wp\/v2\/media\/22540"}],"wp:attachment":[{"href":"https:\/\/verdadeon.com.br\/portal\/wp-json\/wp\/v2\/media?parent=22539"}],"wp:term":[{"taxonomy":"category","embeddable":true,"href":"https:\/\/verdadeon.com.br\/portal\/wp-json\/wp\/v2\/categories?post=22539"},{"taxonomy":"post_tag","embeddable":true,"href":"https:\/\/verdadeon.com.br\/portal\/wp-json\/wp\/v2\/tags?post=22539"}],"curies":[{"name":"wp","href":"https:\/\/api.w.org\/{rel}","templated":true}]}}