{"id":22519,"date":"2022-01-22T01:00:04","date_gmt":"2022-01-22T04:00:04","guid":{"rendered":"https:\/\/verdadeon.com.br\/portal\/?p=22519"},"modified":"2022-01-21T14:59:32","modified_gmt":"2022-01-21T17:59:32","slug":"mais-rush-e-menos-mimimi","status":"publish","type":"post","link":"https:\/\/verdadeon.com.br\/portal\/2022\/01\/22\/mais-rush-e-menos-mimimi\/","title":{"rendered":"Mais rush e menos mimimi"},"content":{"rendered":"<p>H\u00e1 tempos venho questionando sobre o preparo das pr\u00f3ximas gera\u00e7\u00f5es para o mercado de trabalho. Diante de tantas evolu\u00e7\u00f5es, o sistema educacional insiste em manter suas tradicionais metodologias e diretrizes, muitas vezes no contrafluxo da realidade. Precisamos de atualiza\u00e7\u00e3o no modelo de neg\u00f3cios da educa\u00e7\u00e3o, ajustes nas grades curriculares, maior aproxima\u00e7\u00e3o do meio acad\u00eamico com o mercado (teoria + pr\u00e1tica).<\/p>\n<p>Os dados da pesquisa da Companhia de Est\u00e1gios, consultoria especializada em programas de est\u00e1gio e trainee, lan\u00e7ada em dezembro de 2021, refor\u00e7aram meu sentimento. Ela revela que 60% dos jovens estagi\u00e1rios n\u00e3o se sentem preparados para o mercado de trabalho e, vejam que interessante, destes, 39,7% acreditam n\u00e3o ter experi\u00eancia e 19,2% gostariam de ter um curr\u00edculo melhor.<\/p>\n<p>Diante destes dados, vem uma pergunta: \u201cOra, se s\u00e3o estagi\u00e1rios, como poderiam ter mais experi\u00eancia? N\u00e3o seria esta uma das fun\u00e7\u00f5es dos programas de est\u00e1gio?\u201d.<\/p>\n<p>Olhando para a outra face desta moeda, \u00e9 imposs\u00edvel n\u00e3o pensar em duas outras possibilidades que contribuem para este cen\u00e1rio. Uma delas \u00e9 que muitas empresas buscam nos programas de est\u00e1gio uma economia de m\u00e3o de obra e os alocam em fun\u00e7\u00f5es diversas, sem se preocuparem em transferir conhecimento, gerar aprendizado e prepar\u00e1-los para o mercado. A outra trata do alto n\u00edvel de exig\u00eancia das empresas na hora da contrata\u00e7\u00e3o. Todos n\u00f3s j\u00e1 vimos an\u00fancios bizarros de vagas incompat\u00edveis com o que oferecem em contrapartida.<\/p>\n<p>Mas voltando aos estudantes, muita coisa precisa ser reavaliada. Se as entidades de ensino precisam repensar seus modelos de neg\u00f3cios, metodologia e grades e, as empresas precisam atualizar suas diretrizes dos programas de est\u00e1gio, obviamente os jovens precisam rever seus conceitos sobre empregabilidade e estabilidade profissional.<\/p>\n<p>Com as adversidades que passamos nos \u00faltimos dois anos, a ansiedade entre os jovens cresceu, muitos deles &#8211; 66%, segundo a pesquisa &#8211; hoje precisam pagar a pr\u00f3pria faculdade. A queda da renda familiar impactou ainda na escolha dos cursos: entre voca\u00e7\u00e3o e oportunidades no mercado, o quesito oportunidade vem ganhando espa\u00e7o e cresceu de 36% para 39%, enquanto a escolha por voca\u00e7\u00e3o caiu de 58% para 52% ao compararmos com os dados do ano anterior (2020).<\/p>\n<p>Estes jovens precisam estar preparados para ouvir \u201cn\u00e3o\u201d, assumir as responsabilidades pelo que deu errado e buscar formas de melhorar seus pontos fracos, al\u00e9m de entenderem que o mercado, bem como as modalidades de contrata\u00e7\u00e3o dos profissionais, est\u00e3o se atualizando e isto n\u00e3o tem escola que ensine.<\/p>\n<p>Precisam desenvolver melhor o equil\u00edbrio emocional, a responsabilidade, o comprometimento e a resili\u00eancia.<\/p>\n<p>Se existe uma dificuldade em ouvir \u201cn\u00e3o\u201d, que busque caminhos para entender cada um deles, fazer o mea-culpa e melhorar o que for necess\u00e1rio para ouvir mais \u201csim\u201d. Acredita que se d\u00e1 bem apenas em entrevistas presenciais? Busque alternativas para melhorar sua performance nas entrevistas remotas.<\/p>\n<p>Se hoje eu posso deixar uma dica para quem quer entrar no mercado \u00e9: que aprenda a lidar com press\u00e3o, incerteza e mudan\u00e7as constantes. O mundo aqui fora \u00e9 assim, o mercado n\u00e3o vai mudar para que algu\u00e9m se sinta mais confort\u00e1vel.<\/p>\n<p><strong>Jean Dunkl<\/strong><\/p>\n<p>@jeandunkl<\/p>\n<p>CEO da CPD Consultoria e da Espacio de Color, mentor em Gest\u00e3o Estrat\u00e9gica de Neg\u00f3cios, gestor da Impera e volunt\u00e1rio da Singularity University<\/p>\n<p>&nbsp;<\/p>\n","protected":false},"excerpt":{"rendered":"<p>H\u00e1 tempos venho questionando sobre o preparo das pr\u00f3ximas gera\u00e7\u00f5es para o mercado de trabalho. Diante de tantas evolu\u00e7\u00f5es, o sistema educacional insiste em manter suas<span class=\"excerpt-hellip\"> [\u2026]<\/span><\/p>\n","protected":false},"author":4,"featured_media":0,"comment_status":"open","ping_status":"open","sticky":false,"template":"","format":"standard","meta":{"_jetpack_memberships_contains_paid_content":false,"footnotes":"","jetpack_publicize_message":"","jetpack_publicize_feature_enabled":true,"jetpack_social_post_already_shared":false,"jetpack_social_options":{"image_generator_settings":{"template":"highway","default_image_id":0,"enabled":false},"version":2}},"categories":[132],"tags":[],"class_list":["post-22519","post","type-post","status-publish","format-standard","hentry","category-artigos"],"yoast_head":"<!-- This site is optimized with the Yoast SEO plugin v25.6 - https:\/\/yoast.com\/wordpress\/plugins\/seo\/ -->\n<title>Mais rush e menos mimimi - VerdadeOn<\/title>\n<meta name=\"robots\" content=\"index, follow, max-snippet:-1, max-image-preview:large, max-video-preview:-1\" \/>\n<link rel=\"canonical\" href=\"https:\/\/verdadeon.com.br\/portal\/2022\/01\/22\/mais-rush-e-menos-mimimi\/\" \/>\n<meta property=\"og:locale\" content=\"pt_BR\" \/>\n<meta property=\"og:type\" content=\"article\" \/>\n<meta property=\"og:title\" content=\"Mais rush e menos mimimi - VerdadeOn\" \/>\n<meta property=\"og:description\" content=\"H\u00e1 tempos venho questionando sobre o preparo das pr\u00f3ximas gera\u00e7\u00f5es para o mercado de trabalho. Diante de tantas evolu\u00e7\u00f5es, o sistema educacional insiste em manter suas [\u2026]\" \/>\n<meta property=\"og:url\" content=\"https:\/\/verdadeon.com.br\/portal\/2022\/01\/22\/mais-rush-e-menos-mimimi\/\" \/>\n<meta property=\"og:site_name\" content=\"VerdadeOn\" \/>\n<meta property=\"article:published_time\" content=\"2022-01-22T04:00:04+00:00\" \/>\n<meta name=\"author\" content=\"Fernando Calixto\" \/>\n<meta name=\"twitter:card\" content=\"summary_large_image\" \/>\n<meta name=\"twitter:label1\" content=\"Escrito por\" \/>\n\t<meta name=\"twitter:data1\" content=\"Fernando Calixto\" \/>\n\t<meta name=\"twitter:label2\" content=\"Est. tempo de leitura\" \/>\n\t<meta name=\"twitter:data2\" content=\"3 minutos\" \/>\n<script type=\"application\/ld+json\" class=\"yoast-schema-graph\">{\"@context\":\"https:\/\/schema.org\",\"@graph\":[{\"@type\":\"WebPage\",\"@id\":\"https:\/\/verdadeon.com.br\/portal\/2022\/01\/22\/mais-rush-e-menos-mimimi\/\",\"url\":\"https:\/\/verdadeon.com.br\/portal\/2022\/01\/22\/mais-rush-e-menos-mimimi\/\",\"name\":\"Mais rush e menos mimimi - VerdadeOn\",\"isPartOf\":{\"@id\":\"https:\/\/verdadeon.com.br\/portal\/#website\"},\"datePublished\":\"2022-01-22T04:00:04+00:00\",\"author\":{\"@id\":\"https:\/\/verdadeon.com.br\/portal\/#\/schema\/person\/8994718f49ee62ba5610471e29ca1f62\"},\"breadcrumb\":{\"@id\":\"https:\/\/verdadeon.com.br\/portal\/2022\/01\/22\/mais-rush-e-menos-mimimi\/#breadcrumb\"},\"inLanguage\":\"pt-BR\",\"potentialAction\":[{\"@type\":\"ReadAction\",\"target\":[\"https:\/\/verdadeon.com.br\/portal\/2022\/01\/22\/mais-rush-e-menos-mimimi\/\"]}]},{\"@type\":\"BreadcrumbList\",\"@id\":\"https:\/\/verdadeon.com.br\/portal\/2022\/01\/22\/mais-rush-e-menos-mimimi\/#breadcrumb\",\"itemListElement\":[{\"@type\":\"ListItem\",\"position\":1,\"name\":\"In\u00edcio\",\"item\":\"https:\/\/verdadeon.com.br\/portal\/\"},{\"@type\":\"ListItem\",\"position\":2,\"name\":\"Mais rush e menos mimimi\"}]},{\"@type\":\"WebSite\",\"@id\":\"https:\/\/verdadeon.com.br\/portal\/#website\",\"url\":\"https:\/\/verdadeon.com.br\/portal\/\",\"name\":\"VerdadeOn\",\"description\":\"Not\u00edcias di\u00e1rias sobre Franca, Regi\u00e3o, Esporte, Cultura, Cotidiano, Colunas. Cobertura nos principais eventos da cidade \u00e9 aqui - Verdadeon Franca\",\"potentialAction\":[{\"@type\":\"SearchAction\",\"target\":{\"@type\":\"EntryPoint\",\"urlTemplate\":\"https:\/\/verdadeon.com.br\/portal\/?s={search_term_string}\"},\"query-input\":{\"@type\":\"PropertyValueSpecification\",\"valueRequired\":true,\"valueName\":\"search_term_string\"}}],\"inLanguage\":\"pt-BR\"},{\"@type\":\"Person\",\"@id\":\"https:\/\/verdadeon.com.br\/portal\/#\/schema\/person\/8994718f49ee62ba5610471e29ca1f62\",\"name\":\"Fernando Calixto\",\"image\":{\"@type\":\"ImageObject\",\"inLanguage\":\"pt-BR\",\"@id\":\"https:\/\/verdadeon.com.br\/portal\/#\/schema\/person\/image\/\",\"url\":\"https:\/\/secure.gravatar.com\/avatar\/7578910c24966c0316c340f9dbd601e93ee9f9212e1033968b367af9306bd9fb?s=96&d=mm&r=g\",\"contentUrl\":\"https:\/\/secure.gravatar.com\/avatar\/7578910c24966c0316c340f9dbd601e93ee9f9212e1033968b367af9306bd9fb?s=96&d=mm&r=g\",\"caption\":\"Fernando Calixto\"},\"url\":\"https:\/\/verdadeon.com.br\/portal\/author\/fernando-calixto\/\"}]}<\/script>\n<!-- \/ Yoast SEO plugin. -->","yoast_head_json":{"title":"Mais rush e menos mimimi - VerdadeOn","robots":{"index":"index","follow":"follow","max-snippet":"max-snippet:-1","max-image-preview":"max-image-preview:large","max-video-preview":"max-video-preview:-1"},"canonical":"https:\/\/verdadeon.com.br\/portal\/2022\/01\/22\/mais-rush-e-menos-mimimi\/","og_locale":"pt_BR","og_type":"article","og_title":"Mais rush e menos mimimi - VerdadeOn","og_description":"H\u00e1 tempos venho questionando sobre o preparo das pr\u00f3ximas gera\u00e7\u00f5es para o mercado de trabalho. Diante de tantas evolu\u00e7\u00f5es, o sistema educacional insiste em manter suas [\u2026]","og_url":"https:\/\/verdadeon.com.br\/portal\/2022\/01\/22\/mais-rush-e-menos-mimimi\/","og_site_name":"VerdadeOn","article_published_time":"2022-01-22T04:00:04+00:00","author":"Fernando Calixto","twitter_card":"summary_large_image","twitter_misc":{"Escrito por":"Fernando Calixto","Est. tempo de leitura":"3 minutos"},"schema":{"@context":"https:\/\/schema.org","@graph":[{"@type":"WebPage","@id":"https:\/\/verdadeon.com.br\/portal\/2022\/01\/22\/mais-rush-e-menos-mimimi\/","url":"https:\/\/verdadeon.com.br\/portal\/2022\/01\/22\/mais-rush-e-menos-mimimi\/","name":"Mais rush e menos mimimi - VerdadeOn","isPartOf":{"@id":"https:\/\/verdadeon.com.br\/portal\/#website"},"datePublished":"2022-01-22T04:00:04+00:00","author":{"@id":"https:\/\/verdadeon.com.br\/portal\/#\/schema\/person\/8994718f49ee62ba5610471e29ca1f62"},"breadcrumb":{"@id":"https:\/\/verdadeon.com.br\/portal\/2022\/01\/22\/mais-rush-e-menos-mimimi\/#breadcrumb"},"inLanguage":"pt-BR","potentialAction":[{"@type":"ReadAction","target":["https:\/\/verdadeon.com.br\/portal\/2022\/01\/22\/mais-rush-e-menos-mimimi\/"]}]},{"@type":"BreadcrumbList","@id":"https:\/\/verdadeon.com.br\/portal\/2022\/01\/22\/mais-rush-e-menos-mimimi\/#breadcrumb","itemListElement":[{"@type":"ListItem","position":1,"name":"In\u00edcio","item":"https:\/\/verdadeon.com.br\/portal\/"},{"@type":"ListItem","position":2,"name":"Mais rush e menos mimimi"}]},{"@type":"WebSite","@id":"https:\/\/verdadeon.com.br\/portal\/#website","url":"https:\/\/verdadeon.com.br\/portal\/","name":"VerdadeOn","description":"Not\u00edcias di\u00e1rias sobre Franca, Regi\u00e3o, Esporte, Cultura, Cotidiano, Colunas. Cobertura nos principais eventos da cidade \u00e9 aqui - Verdadeon Franca","potentialAction":[{"@type":"SearchAction","target":{"@type":"EntryPoint","urlTemplate":"https:\/\/verdadeon.com.br\/portal\/?s={search_term_string}"},"query-input":{"@type":"PropertyValueSpecification","valueRequired":true,"valueName":"search_term_string"}}],"inLanguage":"pt-BR"},{"@type":"Person","@id":"https:\/\/verdadeon.com.br\/portal\/#\/schema\/person\/8994718f49ee62ba5610471e29ca1f62","name":"Fernando Calixto","image":{"@type":"ImageObject","inLanguage":"pt-BR","@id":"https:\/\/verdadeon.com.br\/portal\/#\/schema\/person\/image\/","url":"https:\/\/secure.gravatar.com\/avatar\/7578910c24966c0316c340f9dbd601e93ee9f9212e1033968b367af9306bd9fb?s=96&d=mm&r=g","contentUrl":"https:\/\/secure.gravatar.com\/avatar\/7578910c24966c0316c340f9dbd601e93ee9f9212e1033968b367af9306bd9fb?s=96&d=mm&r=g","caption":"Fernando Calixto"},"url":"https:\/\/verdadeon.com.br\/portal\/author\/fernando-calixto\/"}]}},"jetpack_publicize_connections":[],"jetpack_featured_media_url":"","jetpack_sharing_enabled":true,"_links":{"self":[{"href":"https:\/\/verdadeon.com.br\/portal\/wp-json\/wp\/v2\/posts\/22519","targetHints":{"allow":["GET"]}}],"collection":[{"href":"https:\/\/verdadeon.com.br\/portal\/wp-json\/wp\/v2\/posts"}],"about":[{"href":"https:\/\/verdadeon.com.br\/portal\/wp-json\/wp\/v2\/types\/post"}],"author":[{"embeddable":true,"href":"https:\/\/verdadeon.com.br\/portal\/wp-json\/wp\/v2\/users\/4"}],"replies":[{"embeddable":true,"href":"https:\/\/verdadeon.com.br\/portal\/wp-json\/wp\/v2\/comments?post=22519"}],"version-history":[{"count":1,"href":"https:\/\/verdadeon.com.br\/portal\/wp-json\/wp\/v2\/posts\/22519\/revisions"}],"predecessor-version":[{"id":22520,"href":"https:\/\/verdadeon.com.br\/portal\/wp-json\/wp\/v2\/posts\/22519\/revisions\/22520"}],"wp:attachment":[{"href":"https:\/\/verdadeon.com.br\/portal\/wp-json\/wp\/v2\/media?parent=22519"}],"wp:term":[{"taxonomy":"category","embeddable":true,"href":"https:\/\/verdadeon.com.br\/portal\/wp-json\/wp\/v2\/categories?post=22519"},{"taxonomy":"post_tag","embeddable":true,"href":"https:\/\/verdadeon.com.br\/portal\/wp-json\/wp\/v2\/tags?post=22519"}],"curies":[{"name":"wp","href":"https:\/\/api.w.org\/{rel}","templated":true}]}}