{"id":22377,"date":"2022-01-18T19:20:50","date_gmt":"2022-01-18T22:20:50","guid":{"rendered":"https:\/\/verdadeon.com.br\/portal\/?p=22377"},"modified":"2022-01-18T19:19:00","modified_gmt":"2022-01-18T22:19:00","slug":"audiencia-sobre-agrupamento-urbano-de-franca-elege-hospital-regional-como-principal-meta","status":"publish","type":"post","link":"https:\/\/verdadeon.com.br\/portal\/2022\/01\/18\/audiencia-sobre-agrupamento-urbano-de-franca-elege-hospital-regional-como-principal-meta\/","title":{"rendered":"Audi\u00eancia sobre Agrupamento Urbano de Franca elege hospital regional como principal meta"},"content":{"rendered":"<h2><span style=\"font-weight: 400;\">Audi\u00eancia p\u00fablica realizada em Franca nesta ter\u00e7a-feira, de forma h\u00edbrida, reuniu representantes do Estado, da cidade e regi\u00e3o<\/span><\/h2>\n<p><span style=\"font-weight: 400;\">A segunda audi\u00eancia p\u00fablica convocada para o processo de elabora\u00e7\u00e3o do Plano de Desenvolvimento Urbano Integrado (PDUI) do Agrupamento Urbano de Franca reuniu nesta ter\u00e7a-feira, 18, representantes dos munic\u00edpios da sub-regi\u00e3o mais pr\u00f3ximos \u00e0 sede regional.\u00a0<\/span><\/p>\n<p><span style=\"font-weight: 400;\">O evento contou com a presen\u00e7a de prefeitos, vereadores, representante do Minist\u00e9rio P\u00fablico Estadual e a Chefe de Gabinete do Desenvolvimento Regional, Juliana Ogawa, representando o Secret\u00e1rio Marco Vinholi, al\u00e9m de participa\u00e7\u00e3o presencial e remota de mun\u00edcipes, que puderam registrar presen\u00e7a e encaminhar suas propostas para a composi\u00e7\u00e3o do PDUI por meio do canal da Secretaria estadual de Desenvolvimento Regional.<\/span><\/p>\n<p><span style=\"font-weight: 400;\">A audi\u00eancia teve como objetivos ampliar o conhecimento da popula\u00e7\u00e3o sobre o planejamento urbano regional e colher subs\u00eddios e propostas que ir\u00e3o compor o Caderno de Insumos do plano e estimular o debate. O processo de elabora\u00e7\u00e3o do PDUI do Agrupamento de Franca inclui, al\u00e9m das audi\u00eancias, uma Plataforma Digital, que permite a consulta de informa\u00e7\u00f5es sobre a regi\u00e3o e o envio de propostas at\u00e9 sete dias \u00fateis ap\u00f3s as audi\u00eancias.<\/span><\/p>\n<p><span style=\"font-weight: 400;\">O prefeito de Franca e presidente do Conselho de Desenvolvimento do Agrupamento Urbano, Alexandre Ferreira, abriu o evento declarando que \u201co Conselho, junto com o Governo do Estado, vai construir uma regi\u00e3o mais forte. O Conselho propicia um acesso mais f\u00e1cil ao Executivo estadual. Essa ponte tem que ser firme para resolver os problemas regionais\u201d.<\/span><\/p>\n<p><span style=\"font-weight: 400;\">Todos os demais integrantes da mesa foram un\u00e2nimes ao eleger a constru\u00e7\u00e3o de um hospital regional em Franca como prioridade n\u00famero um. \u201cCom a Covid, todos os prefeitos enfrentaram grandes dificuldades, mas n\u00e3o podemos nos esquecer das outras demandas de m\u00e9dia e alta complexidades, oncologia e cirurgias eletivas\u201d, ressaltou a Secret\u00e1ria de Neg\u00f3cios Jur\u00eddicos de Ribeir\u00e3o Corrente, Alessandra Carlos, representando a Prefeita Aninha Montanher.<\/span><\/p>\n<p><span style=\"font-weight: 400;\">Daniel Bassi, vereador de Franca e presidente do Parlamento Regional, acrescentou a Seguran\u00e7a P\u00fablica entre as prioridades, reivindicando mais equipamentos e efetivos policiais para a regi\u00e3o. Incluiu, ainda, a malha vi\u00e1ria, por onde s\u00e3o feitos os deslocamentos dos milhares de estudantes das faculdades da regi\u00e3o, um dos polos de educa\u00e7\u00e3o superior do estado.<\/span><\/p>\n<p><span style=\"font-weight: 400;\">O Promotor P\u00fablico regional de Franca, Alex Facciolo Pires, conclamou a popula\u00e7\u00e3o local a participar ativamente da elabora\u00e7\u00e3o do PDUI. \u201c\u00c9 um anseio dos munic\u00edpios que as demandas sejam levadas ao governo estadual. Os munic\u00edpios t\u00eam a arma, mas n\u00e3o t\u00eam muni\u00e7\u00e3o. A regionaliza\u00e7\u00e3o pode evitar a judicializa\u00e7\u00e3o das pol\u00edticas p\u00fablicas\u201d, ponderou.<\/span><\/p>\n<p><span style=\"font-weight: 400;\">A chefe de gabinete da Secretaria de Desenvolvimento Regional, Juliana Ogawa, concluiu as interven\u00e7\u00f5es declarando, em nome do Secret\u00e1rio Marco Vinholi, que \u201cestamos fazendo hist\u00f3ria hoje, estamos quebrando um paradigma de gest\u00e3o p\u00fablica quando os munic\u00edpios competiam entre si. O Secret\u00e1rio Marco Vinholi est\u00e1 trocando a competi\u00e7\u00e3o pela solidariedade entre os munic\u00edpios\u201d, declarou. \u201cCom solu\u00e7\u00f5es criativas, vamos conseguir colocar o or\u00e7amento p\u00fablico a servi\u00e7o da popula\u00e7\u00e3o. O destinat\u00e1rio final \u00e9 a popula\u00e7\u00e3o. Esse \u00e9 o momento de as pol\u00edticas p\u00fablicas acontecerem\u201d, completou ela.<\/span><\/p>\n<p><span style=\"font-weight: 400;\">Compuseram a mesa da audi\u00eancia o prefeito de Franca, Alexandre Ferreira; Daniel Bassi, vereador de Franca; Cynthia Ferreira, primeira-dama e presidente do Fundo Social de Solidariedade de Franca; o Prefeito de Pedregulho, Dirceu Polo Filho; Karla Ferracioli, prefeita de Restinga; Dr. Mauro Barcellos, prefeito de Patroc\u00ednio Paulista; Maria Luiza Carvalho de Menezes, vice-prefeita de S\u00e3o Jos\u00e9 da Bela Vista; Alessandra Carlos, Secret\u00e1ria de Assuntos Jur\u00eddicos de Ribeir\u00e3o Corrente; Fabiano Amorim, Secret\u00e1rio de Engenharia e Obras de Itapirapu\u00e3; e Marcos Campagnone, consultor da Funda\u00e7\u00e3o Instituto de Pesquisas Econ\u00f4micas \u2013 Fipe.<\/span><\/p>\n<h4>Servi\u00e7o<\/h4>\n<p><span style=\"font-weight: 400;\">O evento foi transmitido e gravado pelo canal da Secretaria do Desenvolvimento Regional no YouTube em <\/span><a href=\"https:\/\/youtu.be\/_sOSWuDVdso\"><span style=\"font-weight: 400;\">https:\/\/youtu.be\/_sOSWuDVdso<\/span><\/a><\/p>\n<p><span style=\"font-weight: 400;\">As propostas para o PDUI do Agrupamento Urbano de Franca podem ser conhecidas ou enviadas em <\/span><a href=\"https:\/\/auf.pdui.sp.gov.br\/\"><span style=\"font-weight: 400;\">https:\/\/auf.pdui.sp.gov.br\/<\/span><\/a><\/p>\n<h4>O que \u00e9 o PDUI<\/h4>\n<p><span style=\"font-weight: 400;\">O Plano de Desenvolvimento Urbano Integrado (PDUI) \u00e9 um instrumento legal de planejamento e gest\u00e3o metropolitana e regional, definido em 2015 pelo Estatuto da Metr\u00f3pole (Lei Federal 13.089). Ele estabelece as diretrizes e aponta os meios necess\u00e1rios para orientar a\u00e7\u00f5es governamentais e da iniciativa privada em Regi\u00f5es Metropolitanas (RMs) e Agrupamentos Urbanos (AUs), no que se refere \u00e0s fun\u00e7\u00f5es p\u00fablicas de interesse comum.<\/span><\/p>\n<p>&nbsp;<\/p>\n","protected":false},"excerpt":{"rendered":"<p>Audi\u00eancia p\u00fablica realizada em Franca nesta ter\u00e7a-feira, de forma h\u00edbrida, reuniu representantes do Estado, da cidade e regi\u00e3o A segunda audi\u00eancia p\u00fablica convocada para o processo<span class=\"excerpt-hellip\"> [\u2026]<\/span><\/p>\n","protected":false},"author":10,"featured_media":0,"comment_status":"open","ping_status":"open","sticky":false,"template":"","format":"standard","meta":{"_jetpack_memberships_contains_paid_content":false,"footnotes":"","jetpack_publicize_message":"","jetpack_publicize_feature_enabled":true,"jetpack_social_post_already_shared":false,"jetpack_social_options":{"image_generator_settings":{"template":"highway","default_image_id":0,"enabled":false},"version":2}},"categories":[28,44],"tags":[],"class_list":["post-22377","post","type-post","status-publish","format-standard","hentry","category-cotidiano","category-noticias"],"yoast_head":"<!-- This site is optimized with the Yoast SEO plugin v25.6 - https:\/\/yoast.com\/wordpress\/plugins\/seo\/ -->\n<title>Audi\u00eancia sobre Agrupamento Urbano de Franca elege hospital regional como principal meta - VerdadeOn<\/title>\n<meta name=\"robots\" content=\"index, follow, max-snippet:-1, max-image-preview:large, max-video-preview:-1\" \/>\n<link rel=\"canonical\" href=\"https:\/\/verdadeon.com.br\/portal\/2022\/01\/18\/audiencia-sobre-agrupamento-urbano-de-franca-elege-hospital-regional-como-principal-meta\/\" \/>\n<meta property=\"og:locale\" content=\"pt_BR\" \/>\n<meta property=\"og:type\" content=\"article\" \/>\n<meta property=\"og:title\" content=\"Audi\u00eancia sobre Agrupamento Urbano de Franca elege hospital regional como principal meta - VerdadeOn\" \/>\n<meta property=\"og:description\" content=\"Audi\u00eancia p\u00fablica realizada em Franca nesta ter\u00e7a-feira, de forma h\u00edbrida, reuniu representantes do Estado, da cidade e regi\u00e3o A segunda audi\u00eancia p\u00fablica convocada para o processo [\u2026]\" \/>\n<meta property=\"og:url\" content=\"https:\/\/verdadeon.com.br\/portal\/2022\/01\/18\/audiencia-sobre-agrupamento-urbano-de-franca-elege-hospital-regional-como-principal-meta\/\" \/>\n<meta property=\"og:site_name\" content=\"VerdadeOn\" \/>\n<meta property=\"article:published_time\" content=\"2022-01-18T22:20:50+00:00\" \/>\n<meta property=\"og:image\" content=\"https:\/\/verdadeon.com.br\/portal\/wp-content\/uploads\/2022\/01\/Audencia-Publica-Aglomerado-Urbano-reuniu-prefeitos-vereadores-ministerio-publico-sociedade-local-e-a-Chefia-de-Gabinete-do-Desenvolvimento-Regional-alem-de-participacao-em-linha.jpeg\" \/>\n\t<meta property=\"og:image:width\" content=\"1000\" \/>\n\t<meta property=\"og:image:height\" content=\"670\" \/>\n\t<meta property=\"og:image:type\" content=\"image\/jpeg\" \/>\n<meta name=\"author\" content=\"Redacao VerdadeOn\" \/>\n<meta name=\"twitter:card\" content=\"summary_large_image\" \/>\n<meta name=\"twitter:label1\" content=\"Escrito por\" \/>\n\t<meta name=\"twitter:data1\" content=\"Redacao VerdadeOn\" \/>\n\t<meta name=\"twitter:label2\" content=\"Est. tempo de leitura\" \/>\n\t<meta name=\"twitter:data2\" content=\"4 minutos\" \/>\n<script type=\"application\/ld+json\" class=\"yoast-schema-graph\">{\"@context\":\"https:\/\/schema.org\",\"@graph\":[{\"@type\":\"WebPage\",\"@id\":\"https:\/\/verdadeon.com.br\/portal\/2022\/01\/18\/audiencia-sobre-agrupamento-urbano-de-franca-elege-hospital-regional-como-principal-meta\/\",\"url\":\"https:\/\/verdadeon.com.br\/portal\/2022\/01\/18\/audiencia-sobre-agrupamento-urbano-de-franca-elege-hospital-regional-como-principal-meta\/\",\"name\":\"Audi\u00eancia sobre Agrupamento Urbano de Franca elege hospital regional como principal meta - VerdadeOn\",\"isPartOf\":{\"@id\":\"https:\/\/verdadeon.com.br\/portal\/#website\"},\"datePublished\":\"2022-01-18T22:20:50+00:00\",\"author\":{\"@id\":\"https:\/\/verdadeon.com.br\/portal\/#\/schema\/person\/a5060ad1e9ea3df545188fc93ce43d2f\"},\"breadcrumb\":{\"@id\":\"https:\/\/verdadeon.com.br\/portal\/2022\/01\/18\/audiencia-sobre-agrupamento-urbano-de-franca-elege-hospital-regional-como-principal-meta\/#breadcrumb\"},\"inLanguage\":\"pt-BR\",\"potentialAction\":[{\"@type\":\"ReadAction\",\"target\":[\"https:\/\/verdadeon.com.br\/portal\/2022\/01\/18\/audiencia-sobre-agrupamento-urbano-de-franca-elege-hospital-regional-como-principal-meta\/\"]}]},{\"@type\":\"BreadcrumbList\",\"@id\":\"https:\/\/verdadeon.com.br\/portal\/2022\/01\/18\/audiencia-sobre-agrupamento-urbano-de-franca-elege-hospital-regional-como-principal-meta\/#breadcrumb\",\"itemListElement\":[{\"@type\":\"ListItem\",\"position\":1,\"name\":\"In\u00edcio\",\"item\":\"https:\/\/verdadeon.com.br\/portal\/\"},{\"@type\":\"ListItem\",\"position\":2,\"name\":\"Audi\u00eancia sobre Agrupamento Urbano de Franca elege hospital regional como principal meta\"}]},{\"@type\":\"WebSite\",\"@id\":\"https:\/\/verdadeon.com.br\/portal\/#website\",\"url\":\"https:\/\/verdadeon.com.br\/portal\/\",\"name\":\"VerdadeOn\",\"description\":\"Not\u00edcias di\u00e1rias sobre Franca, Regi\u00e3o, Esporte, Cultura, Cotidiano, Colunas. Cobertura nos principais eventos da cidade \u00e9 aqui - Verdadeon Franca\",\"potentialAction\":[{\"@type\":\"SearchAction\",\"target\":{\"@type\":\"EntryPoint\",\"urlTemplate\":\"https:\/\/verdadeon.com.br\/portal\/?s={search_term_string}\"},\"query-input\":{\"@type\":\"PropertyValueSpecification\",\"valueRequired\":true,\"valueName\":\"search_term_string\"}}],\"inLanguage\":\"pt-BR\"},{\"@type\":\"Person\",\"@id\":\"https:\/\/verdadeon.com.br\/portal\/#\/schema\/person\/a5060ad1e9ea3df545188fc93ce43d2f\",\"name\":\"Redacao VerdadeOn\",\"image\":{\"@type\":\"ImageObject\",\"inLanguage\":\"pt-BR\",\"@id\":\"https:\/\/verdadeon.com.br\/portal\/#\/schema\/person\/image\/\",\"url\":\"https:\/\/secure.gravatar.com\/avatar\/459a9613caaaf07f582c3d0841eea68bdd66f533e465e6ba8b9cb45619572cf4?s=96&d=mm&r=g\",\"contentUrl\":\"https:\/\/secure.gravatar.com\/avatar\/459a9613caaaf07f582c3d0841eea68bdd66f533e465e6ba8b9cb45619572cf4?s=96&d=mm&r=g\",\"caption\":\"Redacao VerdadeOn\"},\"url\":\"https:\/\/verdadeon.com.br\/portal\/author\/redacao\/\"}]}<\/script>\n<!-- \/ Yoast SEO plugin. -->","yoast_head_json":{"title":"Audi\u00eancia sobre Agrupamento Urbano de Franca elege hospital regional como principal meta - VerdadeOn","robots":{"index":"index","follow":"follow","max-snippet":"max-snippet:-1","max-image-preview":"max-image-preview:large","max-video-preview":"max-video-preview:-1"},"canonical":"https:\/\/verdadeon.com.br\/portal\/2022\/01\/18\/audiencia-sobre-agrupamento-urbano-de-franca-elege-hospital-regional-como-principal-meta\/","og_locale":"pt_BR","og_type":"article","og_title":"Audi\u00eancia sobre Agrupamento Urbano de Franca elege hospital regional como principal meta - VerdadeOn","og_description":"Audi\u00eancia p\u00fablica realizada em Franca nesta ter\u00e7a-feira, de forma h\u00edbrida, reuniu representantes do Estado, da cidade e regi\u00e3o A segunda audi\u00eancia p\u00fablica convocada para o processo [\u2026]","og_url":"https:\/\/verdadeon.com.br\/portal\/2022\/01\/18\/audiencia-sobre-agrupamento-urbano-de-franca-elege-hospital-regional-como-principal-meta\/","og_site_name":"VerdadeOn","article_published_time":"2022-01-18T22:20:50+00:00","og_image":[{"width":1000,"height":670,"url":"https:\/\/verdadeon.com.br\/portal\/wp-content\/uploads\/2022\/01\/Audencia-Publica-Aglomerado-Urbano-reuniu-prefeitos-vereadores-ministerio-publico-sociedade-local-e-a-Chefia-de-Gabinete-do-Desenvolvimento-Regional-alem-de-participacao-em-linha.jpeg","type":"image\/jpeg"}],"author":"Redacao VerdadeOn","twitter_card":"summary_large_image","twitter_misc":{"Escrito por":"Redacao VerdadeOn","Est. tempo de leitura":"4 minutos"},"schema":{"@context":"https:\/\/schema.org","@graph":[{"@type":"WebPage","@id":"https:\/\/verdadeon.com.br\/portal\/2022\/01\/18\/audiencia-sobre-agrupamento-urbano-de-franca-elege-hospital-regional-como-principal-meta\/","url":"https:\/\/verdadeon.com.br\/portal\/2022\/01\/18\/audiencia-sobre-agrupamento-urbano-de-franca-elege-hospital-regional-como-principal-meta\/","name":"Audi\u00eancia sobre Agrupamento Urbano de Franca elege hospital regional como principal meta - VerdadeOn","isPartOf":{"@id":"https:\/\/verdadeon.com.br\/portal\/#website"},"datePublished":"2022-01-18T22:20:50+00:00","author":{"@id":"https:\/\/verdadeon.com.br\/portal\/#\/schema\/person\/a5060ad1e9ea3df545188fc93ce43d2f"},"breadcrumb":{"@id":"https:\/\/verdadeon.com.br\/portal\/2022\/01\/18\/audiencia-sobre-agrupamento-urbano-de-franca-elege-hospital-regional-como-principal-meta\/#breadcrumb"},"inLanguage":"pt-BR","potentialAction":[{"@type":"ReadAction","target":["https:\/\/verdadeon.com.br\/portal\/2022\/01\/18\/audiencia-sobre-agrupamento-urbano-de-franca-elege-hospital-regional-como-principal-meta\/"]}]},{"@type":"BreadcrumbList","@id":"https:\/\/verdadeon.com.br\/portal\/2022\/01\/18\/audiencia-sobre-agrupamento-urbano-de-franca-elege-hospital-regional-como-principal-meta\/#breadcrumb","itemListElement":[{"@type":"ListItem","position":1,"name":"In\u00edcio","item":"https:\/\/verdadeon.com.br\/portal\/"},{"@type":"ListItem","position":2,"name":"Audi\u00eancia sobre Agrupamento Urbano de Franca elege hospital regional como principal meta"}]},{"@type":"WebSite","@id":"https:\/\/verdadeon.com.br\/portal\/#website","url":"https:\/\/verdadeon.com.br\/portal\/","name":"VerdadeOn","description":"Not\u00edcias di\u00e1rias sobre Franca, Regi\u00e3o, Esporte, Cultura, Cotidiano, Colunas. Cobertura nos principais eventos da cidade \u00e9 aqui - Verdadeon Franca","potentialAction":[{"@type":"SearchAction","target":{"@type":"EntryPoint","urlTemplate":"https:\/\/verdadeon.com.br\/portal\/?s={search_term_string}"},"query-input":{"@type":"PropertyValueSpecification","valueRequired":true,"valueName":"search_term_string"}}],"inLanguage":"pt-BR"},{"@type":"Person","@id":"https:\/\/verdadeon.com.br\/portal\/#\/schema\/person\/a5060ad1e9ea3df545188fc93ce43d2f","name":"Redacao VerdadeOn","image":{"@type":"ImageObject","inLanguage":"pt-BR","@id":"https:\/\/verdadeon.com.br\/portal\/#\/schema\/person\/image\/","url":"https:\/\/secure.gravatar.com\/avatar\/459a9613caaaf07f582c3d0841eea68bdd66f533e465e6ba8b9cb45619572cf4?s=96&d=mm&r=g","contentUrl":"https:\/\/secure.gravatar.com\/avatar\/459a9613caaaf07f582c3d0841eea68bdd66f533e465e6ba8b9cb45619572cf4?s=96&d=mm&r=g","caption":"Redacao VerdadeOn"},"url":"https:\/\/verdadeon.com.br\/portal\/author\/redacao\/"}]}},"jetpack_publicize_connections":[],"jetpack_featured_media_url":"","jetpack_sharing_enabled":true,"_links":{"self":[{"href":"https:\/\/verdadeon.com.br\/portal\/wp-json\/wp\/v2\/posts\/22377","targetHints":{"allow":["GET"]}}],"collection":[{"href":"https:\/\/verdadeon.com.br\/portal\/wp-json\/wp\/v2\/posts"}],"about":[{"href":"https:\/\/verdadeon.com.br\/portal\/wp-json\/wp\/v2\/types\/post"}],"author":[{"embeddable":true,"href":"https:\/\/verdadeon.com.br\/portal\/wp-json\/wp\/v2\/users\/10"}],"replies":[{"embeddable":true,"href":"https:\/\/verdadeon.com.br\/portal\/wp-json\/wp\/v2\/comments?post=22377"}],"version-history":[{"count":1,"href":"https:\/\/verdadeon.com.br\/portal\/wp-json\/wp\/v2\/posts\/22377\/revisions"}],"predecessor-version":[{"id":22380,"href":"https:\/\/verdadeon.com.br\/portal\/wp-json\/wp\/v2\/posts\/22377\/revisions\/22380"}],"wp:attachment":[{"href":"https:\/\/verdadeon.com.br\/portal\/wp-json\/wp\/v2\/media?parent=22377"}],"wp:term":[{"taxonomy":"category","embeddable":true,"href":"https:\/\/verdadeon.com.br\/portal\/wp-json\/wp\/v2\/categories?post=22377"},{"taxonomy":"post_tag","embeddable":true,"href":"https:\/\/verdadeon.com.br\/portal\/wp-json\/wp\/v2\/tags?post=22377"}],"curies":[{"name":"wp","href":"https:\/\/api.w.org\/{rel}","templated":true}]}}