{"id":22342,"date":"2022-01-17T15:45:18","date_gmt":"2022-01-17T18:45:18","guid":{"rendered":"https:\/\/verdadeon.com.br\/portal\/?p=22342"},"modified":"2022-01-17T15:45:18","modified_gmt":"2022-01-17T18:45:18","slug":"pedrocao-volta-a-receber-selecao-brasileira-de-basquete-brasil-encara-uruguai-e-colombia-pelas-eliminatorias-da-copa-do-mundo","status":"publish","type":"post","link":"https:\/\/verdadeon.com.br\/portal\/2022\/01\/17\/pedrocao-volta-a-receber-selecao-brasileira-de-basquete-brasil-encara-uruguai-e-colombia-pelas-eliminatorias-da-copa-do-mundo\/","title":{"rendered":"Pedroc\u00e3o volta a receber Sele\u00e7\u00e3o Brasileira de Basquete; Brasil encara Uruguai e Col\u00f4mbia pelas Eliminat\u00f3rias da Copa do Mundo"},"content":{"rendered":"<h2>Os jogos acontecem nos dias 25 e 28 de fevereiro no Pedroc\u00e3o em uma \u00a0parceria da Confedera\u00e7\u00e3o Brasileira de Basketball com o Sesi Franca Basquete<\/h2>\n<p>A Sele\u00e7\u00e3o Brasileira masculina est\u00e1 de volta \u00e0 Capital do Basquete, Franca, interior de S\u00e3o Paulo. Ap\u00f3s mais de tr\u00eas d\u00e9cadas, o Brasil ir\u00e1 enfrentar Uruguai e Col\u00f4mbia na cidade que respira a modalidade. Os duelos pelas Eliminat\u00f3rias da Copa do Mundo 2023 acontecem nos dias 25 e 28 de fevereiro, no Gin\u00e1sio Pedroc\u00e3o, casa francana, numa parceria da Confedera\u00e7\u00e3o Brasileira de Basketball com o Sesi Franca Basquete. A \u00faltima vez da Sele\u00e7\u00e3o Brasileira em Franca foi na d\u00e9cada de 80, quando o Brasil enfrentou o tima\u00e7o da cidade, com Fransergio, Robert\u00e3o e H\u00e9lio Rubens em amistoso no Pedroc\u00e3o.<\/p>\n<p>&#8211; Para n\u00f3s \u00e9 uma satisfa\u00e7\u00e3o voltar \u00e0 cidade de Franca com a Sele\u00e7\u00e3o Brasileira. Uma cidade que respira basquete, que tem uma hist\u00f3ria gigantesca na modalidade e casa de \u00eddolos que temos como H\u00e9lio Rubens, Toto, Fransergio, Fausto, Chu\u00ed, entre outros grandes nomes. E que eu tive a honra de defender como jogador, na d\u00e9cada de 80, atuando em um Sul-Americano, quando fomos vice-campe\u00f5es, ao lado de Robert\u00e3o, H\u00e9lio Rubens, Fausto, Guerrinha. Temos certeza que ser\u00e1 uma festa para o basquete brasileiro, com o Pedroc\u00e3o lotado nas duas partidas &#8211; disse o presidente da CBB, Guy Peixoto Jr.<\/p>\n<p>O Gin\u00e1sio Poliesportivo Pedro Morilla Fuentes \u00e9 um dos templos do basquete nacional. Inaugurado em 1975, tem capacidade para 5 mil pessoas e foi local de diversas p\u00e1ginas da hist\u00f3ria do basquete nacional, levando o apelido de Pedroc\u00e3o, um dos grande incentivadores do esporte na cidade.<\/p>\n<p>O Pedroc\u00e3o \u00e9 casa do SESI Franca, fundado em 1959 e com uma extensa lista de t\u00edtulos: 11 Campeonatos Brasileiros, 4 Pan-Americanos de Clubes, 1 Liga Sul-Americana, 6 Sul-Americanos de Clubes Campe\u00f5es e 14 Campeonatos Paulistas. Por l\u00e1, passaram nomes hist\u00f3ricos como Anderson Varej\u00e3o, Adilson, Gilson, Frans\u00e9rgio Garcia, H\u00e9lio Rubens, Josuel, Guerrinha, Leandrinho, Robert\u00e3o, Toto Garcia, Sandro Varej\u00e3o, Benite, Valtinho, S\u00edlvio Malvezi, entre outros.<\/p>\n<p>&#8211; \u00c9 um evento important\u00edssimo para a cidade e para o basquete brasileiro. Traz a Sele\u00e7\u00e3o Brasileira para a Capital do Basquete. Cria um link com a torcida e isso tamb\u00e9m injeta nos jogadores um sentimento de brasilidade, de p\u00e1tria, e oferece ao p\u00fablico de Franca a oportunidade de ver a elite do basquete brasileiro jogando in loco, na cidade, em um gin\u00e1sio que \u00e9 sagrado para o basquete, o Pedroc\u00e3o. \u00c9 um orgulho para a cidade receber a nossa Sele\u00e7\u00e3o Brasileira &#8211; disse Lula Ferreira, supervisor do SESI Franca.<\/p>\n<h4>Brasil nas Eliminat\u00f3rias<\/h4>\n<p>A Sele\u00e7\u00e3o Brasileira come\u00e7ou as Eliminat\u00f3rias da Copa do Mundo com duas vit\u00f3rias em novembro do ano passado, batendo o Chile por duas vezes em bolha feita em Buenos Aires, em jogos que marcaram a estreia do t\u00e9cnico Gustavo De Conti no comando da equipe. Na primeira fase, o Brasil est\u00e1 no Grupo B, ao lado tamb\u00e9m de Col\u00f4mbia e Uruguai.<\/p>\n<p>Pelo formato de disputa das Eliminat\u00f3rias, as 16 Sele\u00e7\u00f5es das Am\u00e9ricas s\u00e3o separadas na primeira fase em quatro grupos com quatro equipes, formando os Grupos A, B, C e D, com jogos de ida e volta dentro dos grupos, totalizando seis partidas. Os tr\u00eas melhores de cada chave avan\u00e7am para a segunda fase, quando ser\u00e3o formados os Grupos E e F, com seis equipes em cada uma, com a seguinte formata\u00e7\u00e3o: Grupos A + C formam o Grupo E; e os Grupos B + D formam o Grupo F.<\/p>\n<p>Neste segundo momento, todas as equipes carregam os resultados da primeira fase, e jogam apenas contra as equipes que n\u00e3o enfrentaram ainda. Pelo sorteio, o Brasil teria tr\u00eas rivais pela frente no futuro Grupo F, entre Estados Unidos, Porto Rico, M\u00e9xico e Cuba, tamb\u00e9m com jogos de ida e volta. Os tr\u00eas primeiros ap\u00f3s o fim dos duelos + o melhor quarto colocado entre os Grupos E e F se classificam para a Copa do Mundo 2023, somando sete postos das Am\u00e9ricas na competi\u00e7\u00e3o.<\/p>\n<p>A Copa do Mundo acontece entre os dias 25 de agosto e 10 de setembro de 2023, com Jap\u00e3o, Filipinas e Indon\u00e9sia dividindo o direito de sediar a disputa. A competi\u00e7\u00e3o ter\u00e1 32 equipes, com oito grupos de quatro equipes na primeira fase. Os dois melhores times de cada grupo avan\u00e7am para a fase seguinte da Copa do Mundo, quando formam um novo grupo de quatro equipes contra rivais de outra chave. Os dois melhores v\u00e3o para o mata-mata a partir das quartas de final.<\/p>\n","protected":false},"excerpt":{"rendered":"<p>Os jogos acontecem nos dias 25 e 28 de fevereiro no Pedroc\u00e3o em uma \u00a0parceria da Confedera\u00e7\u00e3o Brasileira de Basketball com o Sesi Franca Basquete A<span class=\"excerpt-hellip\"> [\u2026]<\/span><\/p>\n","protected":false},"author":4,"featured_media":22343,"comment_status":"open","ping_status":"open","sticky":false,"template":"","format":"standard","meta":{"_jetpack_memberships_contains_paid_content":false,"footnotes":"","jetpack_publicize_message":"","jetpack_publicize_feature_enabled":true,"jetpack_social_post_already_shared":false,"jetpack_social_options":{"image_generator_settings":{"template":"highway","default_image_id":0,"enabled":false},"version":2}},"categories":[28,81],"tags":[],"class_list":["post-22342","post","type-post","status-publish","format-standard","has-post-thumbnail","hentry","category-cotidiano","category-manchete"],"yoast_head":"<!-- This site is optimized with the Yoast SEO plugin v25.6 - https:\/\/yoast.com\/wordpress\/plugins\/seo\/ -->\n<title>Pedroc\u00e3o volta a receber Sele\u00e7\u00e3o Brasileira de Basquete; Brasil encara Uruguai e Col\u00f4mbia pelas Eliminat\u00f3rias da Copa do Mundo - VerdadeOn<\/title>\n<meta name=\"robots\" content=\"index, follow, max-snippet:-1, max-image-preview:large, max-video-preview:-1\" \/>\n<link rel=\"canonical\" href=\"https:\/\/verdadeon.com.br\/portal\/2022\/01\/17\/pedrocao-volta-a-receber-selecao-brasileira-de-basquete-brasil-encara-uruguai-e-colombia-pelas-eliminatorias-da-copa-do-mundo\/\" \/>\n<meta property=\"og:locale\" content=\"pt_BR\" \/>\n<meta property=\"og:type\" content=\"article\" \/>\n<meta property=\"og:title\" content=\"Pedroc\u00e3o volta a receber Sele\u00e7\u00e3o Brasileira de Basquete; Brasil encara Uruguai e Col\u00f4mbia pelas Eliminat\u00f3rias da Copa do Mundo - VerdadeOn\" \/>\n<meta property=\"og:description\" content=\"Os jogos acontecem nos dias 25 e 28 de fevereiro no Pedroc\u00e3o em uma \u00a0parceria da Confedera\u00e7\u00e3o Brasileira de Basketball com o Sesi Franca Basquete A [\u2026]\" \/>\n<meta property=\"og:url\" content=\"https:\/\/verdadeon.com.br\/portal\/2022\/01\/17\/pedrocao-volta-a-receber-selecao-brasileira-de-basquete-brasil-encara-uruguai-e-colombia-pelas-eliminatorias-da-copa-do-mundo\/\" \/>\n<meta property=\"og:site_name\" content=\"VerdadeOn\" \/>\n<meta property=\"article:published_time\" content=\"2022-01-17T18:45:18+00:00\" \/>\n<meta property=\"og:image\" content=\"https:\/\/verdadeon.com.br\/portal\/wp-content\/uploads\/2022\/01\/WhatsApp-Image-2022-01-17-at-15.40.44-1.jpeg\" \/>\n\t<meta property=\"og:image:width\" content=\"1000\" \/>\n\t<meta property=\"og:image:height\" content=\"670\" \/>\n\t<meta property=\"og:image:type\" content=\"image\/jpeg\" \/>\n<meta name=\"author\" content=\"Fernando Calixto\" \/>\n<meta name=\"twitter:card\" content=\"summary_large_image\" \/>\n<meta name=\"twitter:label1\" content=\"Escrito por\" \/>\n\t<meta name=\"twitter:data1\" content=\"Fernando Calixto\" \/>\n\t<meta name=\"twitter:label2\" content=\"Est. tempo de leitura\" \/>\n\t<meta name=\"twitter:data2\" content=\"5 minutos\" \/>\n<script type=\"application\/ld+json\" class=\"yoast-schema-graph\">{\"@context\":\"https:\/\/schema.org\",\"@graph\":[{\"@type\":\"WebPage\",\"@id\":\"https:\/\/verdadeon.com.br\/portal\/2022\/01\/17\/pedrocao-volta-a-receber-selecao-brasileira-de-basquete-brasil-encara-uruguai-e-colombia-pelas-eliminatorias-da-copa-do-mundo\/\",\"url\":\"https:\/\/verdadeon.com.br\/portal\/2022\/01\/17\/pedrocao-volta-a-receber-selecao-brasileira-de-basquete-brasil-encara-uruguai-e-colombia-pelas-eliminatorias-da-copa-do-mundo\/\",\"name\":\"Pedroc\u00e3o volta a receber Sele\u00e7\u00e3o Brasileira de Basquete; Brasil encara Uruguai e Col\u00f4mbia pelas Eliminat\u00f3rias da Copa do Mundo - VerdadeOn\",\"isPartOf\":{\"@id\":\"https:\/\/verdadeon.com.br\/portal\/#website\"},\"primaryImageOfPage\":{\"@id\":\"https:\/\/verdadeon.com.br\/portal\/2022\/01\/17\/pedrocao-volta-a-receber-selecao-brasileira-de-basquete-brasil-encara-uruguai-e-colombia-pelas-eliminatorias-da-copa-do-mundo\/#primaryimage\"},\"image\":{\"@id\":\"https:\/\/verdadeon.com.br\/portal\/2022\/01\/17\/pedrocao-volta-a-receber-selecao-brasileira-de-basquete-brasil-encara-uruguai-e-colombia-pelas-eliminatorias-da-copa-do-mundo\/#primaryimage\"},\"thumbnailUrl\":\"https:\/\/i0.wp.com\/verdadeon.com.br\/portal\/wp-content\/uploads\/2022\/01\/WhatsApp-Image-2022-01-17-at-15.40.44-1.jpeg?fit=1000%2C670&ssl=1\",\"datePublished\":\"2022-01-17T18:45:18+00:00\",\"author\":{\"@id\":\"https:\/\/verdadeon.com.br\/portal\/#\/schema\/person\/8994718f49ee62ba5610471e29ca1f62\"},\"breadcrumb\":{\"@id\":\"https:\/\/verdadeon.com.br\/portal\/2022\/01\/17\/pedrocao-volta-a-receber-selecao-brasileira-de-basquete-brasil-encara-uruguai-e-colombia-pelas-eliminatorias-da-copa-do-mundo\/#breadcrumb\"},\"inLanguage\":\"pt-BR\",\"potentialAction\":[{\"@type\":\"ReadAction\",\"target\":[\"https:\/\/verdadeon.com.br\/portal\/2022\/01\/17\/pedrocao-volta-a-receber-selecao-brasileira-de-basquete-brasil-encara-uruguai-e-colombia-pelas-eliminatorias-da-copa-do-mundo\/\"]}]},{\"@type\":\"ImageObject\",\"inLanguage\":\"pt-BR\",\"@id\":\"https:\/\/verdadeon.com.br\/portal\/2022\/01\/17\/pedrocao-volta-a-receber-selecao-brasileira-de-basquete-brasil-encara-uruguai-e-colombia-pelas-eliminatorias-da-copa-do-mundo\/#primaryimage\",\"url\":\"https:\/\/i0.wp.com\/verdadeon.com.br\/portal\/wp-content\/uploads\/2022\/01\/WhatsApp-Image-2022-01-17-at-15.40.44-1.jpeg?fit=1000%2C670&ssl=1\",\"contentUrl\":\"https:\/\/i0.wp.com\/verdadeon.com.br\/portal\/wp-content\/uploads\/2022\/01\/WhatsApp-Image-2022-01-17-at-15.40.44-1.jpeg?fit=1000%2C670&ssl=1\",\"width\":1000,\"height\":670},{\"@type\":\"BreadcrumbList\",\"@id\":\"https:\/\/verdadeon.com.br\/portal\/2022\/01\/17\/pedrocao-volta-a-receber-selecao-brasileira-de-basquete-brasil-encara-uruguai-e-colombia-pelas-eliminatorias-da-copa-do-mundo\/#breadcrumb\",\"itemListElement\":[{\"@type\":\"ListItem\",\"position\":1,\"name\":\"In\u00edcio\",\"item\":\"https:\/\/verdadeon.com.br\/portal\/\"},{\"@type\":\"ListItem\",\"position\":2,\"name\":\"Pedroc\u00e3o volta a receber Sele\u00e7\u00e3o Brasileira de Basquete; Brasil encara Uruguai e Col\u00f4mbia pelas Eliminat\u00f3rias da Copa do Mundo\"}]},{\"@type\":\"WebSite\",\"@id\":\"https:\/\/verdadeon.com.br\/portal\/#website\",\"url\":\"https:\/\/verdadeon.com.br\/portal\/\",\"name\":\"VerdadeOn\",\"description\":\"Not\u00edcias di\u00e1rias sobre Franca, Regi\u00e3o, Esporte, Cultura, Cotidiano, Colunas. Cobertura nos principais eventos da cidade \u00e9 aqui - Verdadeon Franca\",\"potentialAction\":[{\"@type\":\"SearchAction\",\"target\":{\"@type\":\"EntryPoint\",\"urlTemplate\":\"https:\/\/verdadeon.com.br\/portal\/?s={search_term_string}\"},\"query-input\":{\"@type\":\"PropertyValueSpecification\",\"valueRequired\":true,\"valueName\":\"search_term_string\"}}],\"inLanguage\":\"pt-BR\"},{\"@type\":\"Person\",\"@id\":\"https:\/\/verdadeon.com.br\/portal\/#\/schema\/person\/8994718f49ee62ba5610471e29ca1f62\",\"name\":\"Fernando Calixto\",\"image\":{\"@type\":\"ImageObject\",\"inLanguage\":\"pt-BR\",\"@id\":\"https:\/\/verdadeon.com.br\/portal\/#\/schema\/person\/image\/\",\"url\":\"https:\/\/secure.gravatar.com\/avatar\/7578910c24966c0316c340f9dbd601e93ee9f9212e1033968b367af9306bd9fb?s=96&d=mm&r=g\",\"contentUrl\":\"https:\/\/secure.gravatar.com\/avatar\/7578910c24966c0316c340f9dbd601e93ee9f9212e1033968b367af9306bd9fb?s=96&d=mm&r=g\",\"caption\":\"Fernando Calixto\"},\"url\":\"https:\/\/verdadeon.com.br\/portal\/author\/fernando-calixto\/\"}]}<\/script>\n<!-- \/ Yoast SEO plugin. -->","yoast_head_json":{"title":"Pedroc\u00e3o volta a receber Sele\u00e7\u00e3o Brasileira de Basquete; Brasil encara Uruguai e Col\u00f4mbia pelas Eliminat\u00f3rias da Copa do Mundo - VerdadeOn","robots":{"index":"index","follow":"follow","max-snippet":"max-snippet:-1","max-image-preview":"max-image-preview:large","max-video-preview":"max-video-preview:-1"},"canonical":"https:\/\/verdadeon.com.br\/portal\/2022\/01\/17\/pedrocao-volta-a-receber-selecao-brasileira-de-basquete-brasil-encara-uruguai-e-colombia-pelas-eliminatorias-da-copa-do-mundo\/","og_locale":"pt_BR","og_type":"article","og_title":"Pedroc\u00e3o volta a receber Sele\u00e7\u00e3o Brasileira de Basquete; Brasil encara Uruguai e Col\u00f4mbia pelas Eliminat\u00f3rias da Copa do Mundo - VerdadeOn","og_description":"Os jogos acontecem nos dias 25 e 28 de fevereiro no Pedroc\u00e3o em uma \u00a0parceria da Confedera\u00e7\u00e3o Brasileira de Basketball com o Sesi Franca Basquete A [\u2026]","og_url":"https:\/\/verdadeon.com.br\/portal\/2022\/01\/17\/pedrocao-volta-a-receber-selecao-brasileira-de-basquete-brasil-encara-uruguai-e-colombia-pelas-eliminatorias-da-copa-do-mundo\/","og_site_name":"VerdadeOn","article_published_time":"2022-01-17T18:45:18+00:00","og_image":[{"width":1000,"height":670,"url":"https:\/\/verdadeon.com.br\/portal\/wp-content\/uploads\/2022\/01\/WhatsApp-Image-2022-01-17-at-15.40.44-1.jpeg","type":"image\/jpeg"}],"author":"Fernando Calixto","twitter_card":"summary_large_image","twitter_misc":{"Escrito por":"Fernando Calixto","Est. tempo de leitura":"5 minutos"},"schema":{"@context":"https:\/\/schema.org","@graph":[{"@type":"WebPage","@id":"https:\/\/verdadeon.com.br\/portal\/2022\/01\/17\/pedrocao-volta-a-receber-selecao-brasileira-de-basquete-brasil-encara-uruguai-e-colombia-pelas-eliminatorias-da-copa-do-mundo\/","url":"https:\/\/verdadeon.com.br\/portal\/2022\/01\/17\/pedrocao-volta-a-receber-selecao-brasileira-de-basquete-brasil-encara-uruguai-e-colombia-pelas-eliminatorias-da-copa-do-mundo\/","name":"Pedroc\u00e3o volta a receber Sele\u00e7\u00e3o Brasileira de Basquete; Brasil encara Uruguai e Col\u00f4mbia pelas Eliminat\u00f3rias da Copa do Mundo - VerdadeOn","isPartOf":{"@id":"https:\/\/verdadeon.com.br\/portal\/#website"},"primaryImageOfPage":{"@id":"https:\/\/verdadeon.com.br\/portal\/2022\/01\/17\/pedrocao-volta-a-receber-selecao-brasileira-de-basquete-brasil-encara-uruguai-e-colombia-pelas-eliminatorias-da-copa-do-mundo\/#primaryimage"},"image":{"@id":"https:\/\/verdadeon.com.br\/portal\/2022\/01\/17\/pedrocao-volta-a-receber-selecao-brasileira-de-basquete-brasil-encara-uruguai-e-colombia-pelas-eliminatorias-da-copa-do-mundo\/#primaryimage"},"thumbnailUrl":"https:\/\/i0.wp.com\/verdadeon.com.br\/portal\/wp-content\/uploads\/2022\/01\/WhatsApp-Image-2022-01-17-at-15.40.44-1.jpeg?fit=1000%2C670&ssl=1","datePublished":"2022-01-17T18:45:18+00:00","author":{"@id":"https:\/\/verdadeon.com.br\/portal\/#\/schema\/person\/8994718f49ee62ba5610471e29ca1f62"},"breadcrumb":{"@id":"https:\/\/verdadeon.com.br\/portal\/2022\/01\/17\/pedrocao-volta-a-receber-selecao-brasileira-de-basquete-brasil-encara-uruguai-e-colombia-pelas-eliminatorias-da-copa-do-mundo\/#breadcrumb"},"inLanguage":"pt-BR","potentialAction":[{"@type":"ReadAction","target":["https:\/\/verdadeon.com.br\/portal\/2022\/01\/17\/pedrocao-volta-a-receber-selecao-brasileira-de-basquete-brasil-encara-uruguai-e-colombia-pelas-eliminatorias-da-copa-do-mundo\/"]}]},{"@type":"ImageObject","inLanguage":"pt-BR","@id":"https:\/\/verdadeon.com.br\/portal\/2022\/01\/17\/pedrocao-volta-a-receber-selecao-brasileira-de-basquete-brasil-encara-uruguai-e-colombia-pelas-eliminatorias-da-copa-do-mundo\/#primaryimage","url":"https:\/\/i0.wp.com\/verdadeon.com.br\/portal\/wp-content\/uploads\/2022\/01\/WhatsApp-Image-2022-01-17-at-15.40.44-1.jpeg?fit=1000%2C670&ssl=1","contentUrl":"https:\/\/i0.wp.com\/verdadeon.com.br\/portal\/wp-content\/uploads\/2022\/01\/WhatsApp-Image-2022-01-17-at-15.40.44-1.jpeg?fit=1000%2C670&ssl=1","width":1000,"height":670},{"@type":"BreadcrumbList","@id":"https:\/\/verdadeon.com.br\/portal\/2022\/01\/17\/pedrocao-volta-a-receber-selecao-brasileira-de-basquete-brasil-encara-uruguai-e-colombia-pelas-eliminatorias-da-copa-do-mundo\/#breadcrumb","itemListElement":[{"@type":"ListItem","position":1,"name":"In\u00edcio","item":"https:\/\/verdadeon.com.br\/portal\/"},{"@type":"ListItem","position":2,"name":"Pedroc\u00e3o volta a receber Sele\u00e7\u00e3o Brasileira de Basquete; Brasil encara Uruguai e Col\u00f4mbia pelas Eliminat\u00f3rias da Copa do Mundo"}]},{"@type":"WebSite","@id":"https:\/\/verdadeon.com.br\/portal\/#website","url":"https:\/\/verdadeon.com.br\/portal\/","name":"VerdadeOn","description":"Not\u00edcias di\u00e1rias sobre Franca, Regi\u00e3o, Esporte, Cultura, Cotidiano, Colunas. Cobertura nos principais eventos da cidade \u00e9 aqui - Verdadeon Franca","potentialAction":[{"@type":"SearchAction","target":{"@type":"EntryPoint","urlTemplate":"https:\/\/verdadeon.com.br\/portal\/?s={search_term_string}"},"query-input":{"@type":"PropertyValueSpecification","valueRequired":true,"valueName":"search_term_string"}}],"inLanguage":"pt-BR"},{"@type":"Person","@id":"https:\/\/verdadeon.com.br\/portal\/#\/schema\/person\/8994718f49ee62ba5610471e29ca1f62","name":"Fernando Calixto","image":{"@type":"ImageObject","inLanguage":"pt-BR","@id":"https:\/\/verdadeon.com.br\/portal\/#\/schema\/person\/image\/","url":"https:\/\/secure.gravatar.com\/avatar\/7578910c24966c0316c340f9dbd601e93ee9f9212e1033968b367af9306bd9fb?s=96&d=mm&r=g","contentUrl":"https:\/\/secure.gravatar.com\/avatar\/7578910c24966c0316c340f9dbd601e93ee9f9212e1033968b367af9306bd9fb?s=96&d=mm&r=g","caption":"Fernando Calixto"},"url":"https:\/\/verdadeon.com.br\/portal\/author\/fernando-calixto\/"}]}},"jetpack_publicize_connections":[],"jetpack_featured_media_url":"https:\/\/i0.wp.com\/verdadeon.com.br\/portal\/wp-content\/uploads\/2022\/01\/WhatsApp-Image-2022-01-17-at-15.40.44-1.jpeg?fit=1000%2C670&ssl=1","jetpack_sharing_enabled":true,"_links":{"self":[{"href":"https:\/\/verdadeon.com.br\/portal\/wp-json\/wp\/v2\/posts\/22342","targetHints":{"allow":["GET"]}}],"collection":[{"href":"https:\/\/verdadeon.com.br\/portal\/wp-json\/wp\/v2\/posts"}],"about":[{"href":"https:\/\/verdadeon.com.br\/portal\/wp-json\/wp\/v2\/types\/post"}],"author":[{"embeddable":true,"href":"https:\/\/verdadeon.com.br\/portal\/wp-json\/wp\/v2\/users\/4"}],"replies":[{"embeddable":true,"href":"https:\/\/verdadeon.com.br\/portal\/wp-json\/wp\/v2\/comments?post=22342"}],"version-history":[{"count":1,"href":"https:\/\/verdadeon.com.br\/portal\/wp-json\/wp\/v2\/posts\/22342\/revisions"}],"predecessor-version":[{"id":22344,"href":"https:\/\/verdadeon.com.br\/portal\/wp-json\/wp\/v2\/posts\/22342\/revisions\/22344"}],"wp:featuredmedia":[{"embeddable":true,"href":"https:\/\/verdadeon.com.br\/portal\/wp-json\/wp\/v2\/media\/22343"}],"wp:attachment":[{"href":"https:\/\/verdadeon.com.br\/portal\/wp-json\/wp\/v2\/media?parent=22342"}],"wp:term":[{"taxonomy":"category","embeddable":true,"href":"https:\/\/verdadeon.com.br\/portal\/wp-json\/wp\/v2\/categories?post=22342"},{"taxonomy":"post_tag","embeddable":true,"href":"https:\/\/verdadeon.com.br\/portal\/wp-json\/wp\/v2\/tags?post=22342"}],"curies":[{"name":"wp","href":"https:\/\/api.w.org\/{rel}","templated":true}]}}