{"id":22340,"date":"2022-01-17T15:18:03","date_gmt":"2022-01-17T18:18:03","guid":{"rendered":"https:\/\/verdadeon.com.br\/portal\/?p=22340"},"modified":"2022-01-17T15:18:03","modified_gmt":"2022-01-17T18:18:03","slug":"menor-que-bateu-moto-em-caminhao-segue-em-estado-grave-na-uti-da-santa-casa","status":"publish","type":"post","link":"https:\/\/verdadeon.com.br\/portal\/2022\/01\/17\/menor-que-bateu-moto-em-caminhao-segue-em-estado-grave-na-uti-da-santa-casa\/","title":{"rendered":"Menor que bateu moto em caminh\u00e3o segue em estado grave na UTI da Santa Casa"},"content":{"rendered":"<h2>Caso \u00e9 investigado pela Pol\u00edcia Civil, j\u00e1 que menor n\u00e3o poderia pilotar ve\u00edculo<\/h2>\n<p>Continua internado em estado grave na U.T.I. da Santa Casa de Franca, o adolescente de 17 anos que bateu a motocicleta onde ele estava, em um caminh\u00e3o estacionado no Jardim Aeroporto II, na zona sul de Franca. Ele estava sem capacete. De acordo com o boletim, o menor seguia pela Walter Silv\u00e9rio Santana e ao cruzar na rua M\u00e1rio Jos\u00e9 Pereira, bateu violentamente contra o caminh\u00e3o que estava estacionado.<\/p>\n<p>Testemunhas e moradores que acordaram com o barulho do acidente, acionaram o socorro, que levou o adolescente at\u00e9 a Santa Casa de Franca, onde ele permanece internado at\u00e9 ent\u00e3o.<\/p>\n<p>O caso foi registrado e ser\u00e1 apurado pela Pol\u00edcia Civil, j\u00e1 que como era menor de idade, o garoto n\u00e3o poderia pilotar o ve\u00edculo.<\/p>\n<h4>Ambiental<\/h4>\n<p>Ainda no setor policial, teve in\u00edcio nesta segunda-feira (17), a Opera\u00e7\u00e3o &#8220;Pan- Amaz\u00f4nica I-2022&#8221;, da Pol\u00edcia Ambiental. O foco da opera\u00e7\u00e3o s\u00e3o os crimes contra a flora, como venda ilegal de madeira, destrui\u00e7\u00e3o de \u00e1reas de preserva\u00e7\u00e3o, entre outros. Segundo a P.A. qualquer den\u00fancia pode ser feita atrav\u00e9s do 0800 113560 (Disque Ambiente) e 0800 0555190 (Disque PM).<\/p>\n<p>As a\u00e7\u00f5es v\u00e3o at\u00e9 a pr\u00f3xima quarta-feira (19), quando um balan\u00e7o da opera\u00e7\u00e3o deve ser divulgado pela Ambiental.<\/p>\n","protected":false},"excerpt":{"rendered":"<p>Caso \u00e9 investigado pela Pol\u00edcia Civil, j\u00e1 que menor n\u00e3o poderia pilotar ve\u00edculo Continua internado em estado grave na U.T.I. da Santa Casa de Franca, o<span class=\"excerpt-hellip\"> [\u2026]<\/span><\/p>\n","protected":false},"author":7,"featured_media":15343,"comment_status":"open","ping_status":"open","sticky":false,"template":"","format":"standard","meta":{"_jetpack_memberships_contains_paid_content":false,"footnotes":"","jetpack_publicize_message":"","jetpack_publicize_feature_enabled":true,"jetpack_social_post_already_shared":false,"jetpack_social_options":{"image_generator_settings":{"template":"highway","default_image_id":0,"enabled":false},"version":2}},"categories":[28,81],"tags":[],"class_list":["post-22340","post","type-post","status-publish","format-standard","has-post-thumbnail","hentry","category-cotidiano","category-manchete"],"yoast_head":"<!-- This site is optimized with the Yoast SEO plugin v25.6 - https:\/\/yoast.com\/wordpress\/plugins\/seo\/ -->\n<title>Menor que bateu moto em caminh\u00e3o segue em estado grave na UTI da Santa Casa - VerdadeOn<\/title>\n<meta name=\"robots\" content=\"index, follow, max-snippet:-1, max-image-preview:large, max-video-preview:-1\" \/>\n<link rel=\"canonical\" href=\"https:\/\/verdadeon.com.br\/portal\/2022\/01\/17\/menor-que-bateu-moto-em-caminhao-segue-em-estado-grave-na-uti-da-santa-casa\/\" \/>\n<meta property=\"og:locale\" content=\"pt_BR\" \/>\n<meta property=\"og:type\" content=\"article\" \/>\n<meta property=\"og:title\" content=\"Menor que bateu moto em caminh\u00e3o segue em estado grave na UTI da Santa Casa - VerdadeOn\" \/>\n<meta property=\"og:description\" content=\"Caso \u00e9 investigado pela Pol\u00edcia Civil, j\u00e1 que menor n\u00e3o poderia pilotar ve\u00edculo Continua internado em estado grave na U.T.I. da Santa Casa de Franca, o [\u2026]\" \/>\n<meta property=\"og:url\" content=\"https:\/\/verdadeon.com.br\/portal\/2022\/01\/17\/menor-que-bateu-moto-em-caminhao-segue-em-estado-grave-na-uti-da-santa-casa\/\" \/>\n<meta property=\"og:site_name\" content=\"VerdadeOn\" \/>\n<meta property=\"article:published_time\" content=\"2022-01-17T18:18:03+00:00\" \/>\n<meta property=\"og:image\" content=\"https:\/\/verdadeon.com.br\/portal\/wp-content\/uploads\/2021\/03\/WhatsApp-Image-2021-03-18-at-14.27.47.jpeg\" \/>\n\t<meta property=\"og:image:width\" content=\"1000\" \/>\n\t<meta property=\"og:image:height\" content=\"670\" \/>\n\t<meta property=\"og:image:type\" content=\"image\/jpeg\" \/>\n<meta name=\"author\" content=\"Fernando Lima\" \/>\n<meta name=\"twitter:card\" content=\"summary_large_image\" \/>\n<meta name=\"twitter:label1\" content=\"Escrito por\" \/>\n\t<meta name=\"twitter:data1\" content=\"Fernando Lima\" \/>\n\t<meta name=\"twitter:label2\" content=\"Est. tempo de leitura\" \/>\n\t<meta name=\"twitter:data2\" content=\"2 minutos\" \/>\n<script type=\"application\/ld+json\" class=\"yoast-schema-graph\">{\"@context\":\"https:\/\/schema.org\",\"@graph\":[{\"@type\":\"WebPage\",\"@id\":\"https:\/\/verdadeon.com.br\/portal\/2022\/01\/17\/menor-que-bateu-moto-em-caminhao-segue-em-estado-grave-na-uti-da-santa-casa\/\",\"url\":\"https:\/\/verdadeon.com.br\/portal\/2022\/01\/17\/menor-que-bateu-moto-em-caminhao-segue-em-estado-grave-na-uti-da-santa-casa\/\",\"name\":\"Menor que bateu moto em caminh\u00e3o segue em estado grave na UTI da Santa Casa - VerdadeOn\",\"isPartOf\":{\"@id\":\"https:\/\/verdadeon.com.br\/portal\/#website\"},\"primaryImageOfPage\":{\"@id\":\"https:\/\/verdadeon.com.br\/portal\/2022\/01\/17\/menor-que-bateu-moto-em-caminhao-segue-em-estado-grave-na-uti-da-santa-casa\/#primaryimage\"},\"image\":{\"@id\":\"https:\/\/verdadeon.com.br\/portal\/2022\/01\/17\/menor-que-bateu-moto-em-caminhao-segue-em-estado-grave-na-uti-da-santa-casa\/#primaryimage\"},\"thumbnailUrl\":\"https:\/\/i0.wp.com\/verdadeon.com.br\/portal\/wp-content\/uploads\/2021\/03\/WhatsApp-Image-2021-03-18-at-14.27.47.jpeg?fit=1000%2C670&ssl=1\",\"datePublished\":\"2022-01-17T18:18:03+00:00\",\"author\":{\"@id\":\"https:\/\/verdadeon.com.br\/portal\/#\/schema\/person\/cc32be22b8e8599387c480bc83e1d11a\"},\"breadcrumb\":{\"@id\":\"https:\/\/verdadeon.com.br\/portal\/2022\/01\/17\/menor-que-bateu-moto-em-caminhao-segue-em-estado-grave-na-uti-da-santa-casa\/#breadcrumb\"},\"inLanguage\":\"pt-BR\",\"potentialAction\":[{\"@type\":\"ReadAction\",\"target\":[\"https:\/\/verdadeon.com.br\/portal\/2022\/01\/17\/menor-que-bateu-moto-em-caminhao-segue-em-estado-grave-na-uti-da-santa-casa\/\"]}]},{\"@type\":\"ImageObject\",\"inLanguage\":\"pt-BR\",\"@id\":\"https:\/\/verdadeon.com.br\/portal\/2022\/01\/17\/menor-que-bateu-moto-em-caminhao-segue-em-estado-grave-na-uti-da-santa-casa\/#primaryimage\",\"url\":\"https:\/\/i0.wp.com\/verdadeon.com.br\/portal\/wp-content\/uploads\/2021\/03\/WhatsApp-Image-2021-03-18-at-14.27.47.jpeg?fit=1000%2C670&ssl=1\",\"contentUrl\":\"https:\/\/i0.wp.com\/verdadeon.com.br\/portal\/wp-content\/uploads\/2021\/03\/WhatsApp-Image-2021-03-18-at-14.27.47.jpeg?fit=1000%2C670&ssl=1\",\"width\":1000,\"height\":670,\"caption\":\"A v\u00edtima foi encaminhada ao hospital com perfura\u00e7\u00f5es no pulm\u00e3o que exigiram drenagem| Foto: Jornal Verdade\"},{\"@type\":\"BreadcrumbList\",\"@id\":\"https:\/\/verdadeon.com.br\/portal\/2022\/01\/17\/menor-que-bateu-moto-em-caminhao-segue-em-estado-grave-na-uti-da-santa-casa\/#breadcrumb\",\"itemListElement\":[{\"@type\":\"ListItem\",\"position\":1,\"name\":\"In\u00edcio\",\"item\":\"https:\/\/verdadeon.com.br\/portal\/\"},{\"@type\":\"ListItem\",\"position\":2,\"name\":\"Menor que bateu moto em caminh\u00e3o segue em estado grave na UTI da Santa Casa\"}]},{\"@type\":\"WebSite\",\"@id\":\"https:\/\/verdadeon.com.br\/portal\/#website\",\"url\":\"https:\/\/verdadeon.com.br\/portal\/\",\"name\":\"VerdadeOn\",\"description\":\"Not\u00edcias di\u00e1rias sobre Franca, Regi\u00e3o, Esporte, Cultura, Cotidiano, Colunas. Cobertura nos principais eventos da cidade \u00e9 aqui - Verdadeon Franca\",\"potentialAction\":[{\"@type\":\"SearchAction\",\"target\":{\"@type\":\"EntryPoint\",\"urlTemplate\":\"https:\/\/verdadeon.com.br\/portal\/?s={search_term_string}\"},\"query-input\":{\"@type\":\"PropertyValueSpecification\",\"valueRequired\":true,\"valueName\":\"search_term_string\"}}],\"inLanguage\":\"pt-BR\"},{\"@type\":\"Person\",\"@id\":\"https:\/\/verdadeon.com.br\/portal\/#\/schema\/person\/cc32be22b8e8599387c480bc83e1d11a\",\"name\":\"Fernando Lima\",\"image\":{\"@type\":\"ImageObject\",\"inLanguage\":\"pt-BR\",\"@id\":\"https:\/\/verdadeon.com.br\/portal\/#\/schema\/person\/image\/\",\"url\":\"https:\/\/secure.gravatar.com\/avatar\/df4c8e132080d2b3a4841d5d232045464e0eed11a1d6e43115ca0843d48768d3?s=96&d=mm&r=g\",\"contentUrl\":\"https:\/\/secure.gravatar.com\/avatar\/df4c8e132080d2b3a4841d5d232045464e0eed11a1d6e43115ca0843d48768d3?s=96&d=mm&r=g\",\"caption\":\"Fernando Lima\"},\"sameAs\":[\"http:\/\/verdadeon.com.br\/\"],\"url\":\"https:\/\/verdadeon.com.br\/portal\/author\/fernando-lima\/\"}]}<\/script>\n<!-- \/ Yoast SEO plugin. -->","yoast_head_json":{"title":"Menor que bateu moto em caminh\u00e3o segue em estado grave na UTI da Santa Casa - VerdadeOn","robots":{"index":"index","follow":"follow","max-snippet":"max-snippet:-1","max-image-preview":"max-image-preview:large","max-video-preview":"max-video-preview:-1"},"canonical":"https:\/\/verdadeon.com.br\/portal\/2022\/01\/17\/menor-que-bateu-moto-em-caminhao-segue-em-estado-grave-na-uti-da-santa-casa\/","og_locale":"pt_BR","og_type":"article","og_title":"Menor que bateu moto em caminh\u00e3o segue em estado grave na UTI da Santa Casa - VerdadeOn","og_description":"Caso \u00e9 investigado pela Pol\u00edcia Civil, j\u00e1 que menor n\u00e3o poderia pilotar ve\u00edculo Continua internado em estado grave na U.T.I. da Santa Casa de Franca, o [\u2026]","og_url":"https:\/\/verdadeon.com.br\/portal\/2022\/01\/17\/menor-que-bateu-moto-em-caminhao-segue-em-estado-grave-na-uti-da-santa-casa\/","og_site_name":"VerdadeOn","article_published_time":"2022-01-17T18:18:03+00:00","og_image":[{"width":1000,"height":670,"url":"https:\/\/verdadeon.com.br\/portal\/wp-content\/uploads\/2021\/03\/WhatsApp-Image-2021-03-18-at-14.27.47.jpeg","type":"image\/jpeg"}],"author":"Fernando Lima","twitter_card":"summary_large_image","twitter_misc":{"Escrito por":"Fernando Lima","Est. tempo de leitura":"2 minutos"},"schema":{"@context":"https:\/\/schema.org","@graph":[{"@type":"WebPage","@id":"https:\/\/verdadeon.com.br\/portal\/2022\/01\/17\/menor-que-bateu-moto-em-caminhao-segue-em-estado-grave-na-uti-da-santa-casa\/","url":"https:\/\/verdadeon.com.br\/portal\/2022\/01\/17\/menor-que-bateu-moto-em-caminhao-segue-em-estado-grave-na-uti-da-santa-casa\/","name":"Menor que bateu moto em caminh\u00e3o segue em estado grave na UTI da Santa Casa - VerdadeOn","isPartOf":{"@id":"https:\/\/verdadeon.com.br\/portal\/#website"},"primaryImageOfPage":{"@id":"https:\/\/verdadeon.com.br\/portal\/2022\/01\/17\/menor-que-bateu-moto-em-caminhao-segue-em-estado-grave-na-uti-da-santa-casa\/#primaryimage"},"image":{"@id":"https:\/\/verdadeon.com.br\/portal\/2022\/01\/17\/menor-que-bateu-moto-em-caminhao-segue-em-estado-grave-na-uti-da-santa-casa\/#primaryimage"},"thumbnailUrl":"https:\/\/i0.wp.com\/verdadeon.com.br\/portal\/wp-content\/uploads\/2021\/03\/WhatsApp-Image-2021-03-18-at-14.27.47.jpeg?fit=1000%2C670&ssl=1","datePublished":"2022-01-17T18:18:03+00:00","author":{"@id":"https:\/\/verdadeon.com.br\/portal\/#\/schema\/person\/cc32be22b8e8599387c480bc83e1d11a"},"breadcrumb":{"@id":"https:\/\/verdadeon.com.br\/portal\/2022\/01\/17\/menor-que-bateu-moto-em-caminhao-segue-em-estado-grave-na-uti-da-santa-casa\/#breadcrumb"},"inLanguage":"pt-BR","potentialAction":[{"@type":"ReadAction","target":["https:\/\/verdadeon.com.br\/portal\/2022\/01\/17\/menor-que-bateu-moto-em-caminhao-segue-em-estado-grave-na-uti-da-santa-casa\/"]}]},{"@type":"ImageObject","inLanguage":"pt-BR","@id":"https:\/\/verdadeon.com.br\/portal\/2022\/01\/17\/menor-que-bateu-moto-em-caminhao-segue-em-estado-grave-na-uti-da-santa-casa\/#primaryimage","url":"https:\/\/i0.wp.com\/verdadeon.com.br\/portal\/wp-content\/uploads\/2021\/03\/WhatsApp-Image-2021-03-18-at-14.27.47.jpeg?fit=1000%2C670&ssl=1","contentUrl":"https:\/\/i0.wp.com\/verdadeon.com.br\/portal\/wp-content\/uploads\/2021\/03\/WhatsApp-Image-2021-03-18-at-14.27.47.jpeg?fit=1000%2C670&ssl=1","width":1000,"height":670,"caption":"A v\u00edtima foi encaminhada ao hospital com perfura\u00e7\u00f5es no pulm\u00e3o que exigiram drenagem| Foto: Jornal Verdade"},{"@type":"BreadcrumbList","@id":"https:\/\/verdadeon.com.br\/portal\/2022\/01\/17\/menor-que-bateu-moto-em-caminhao-segue-em-estado-grave-na-uti-da-santa-casa\/#breadcrumb","itemListElement":[{"@type":"ListItem","position":1,"name":"In\u00edcio","item":"https:\/\/verdadeon.com.br\/portal\/"},{"@type":"ListItem","position":2,"name":"Menor que bateu moto em caminh\u00e3o segue em estado grave na UTI da Santa Casa"}]},{"@type":"WebSite","@id":"https:\/\/verdadeon.com.br\/portal\/#website","url":"https:\/\/verdadeon.com.br\/portal\/","name":"VerdadeOn","description":"Not\u00edcias di\u00e1rias sobre Franca, Regi\u00e3o, Esporte, Cultura, Cotidiano, Colunas. Cobertura nos principais eventos da cidade \u00e9 aqui - Verdadeon Franca","potentialAction":[{"@type":"SearchAction","target":{"@type":"EntryPoint","urlTemplate":"https:\/\/verdadeon.com.br\/portal\/?s={search_term_string}"},"query-input":{"@type":"PropertyValueSpecification","valueRequired":true,"valueName":"search_term_string"}}],"inLanguage":"pt-BR"},{"@type":"Person","@id":"https:\/\/verdadeon.com.br\/portal\/#\/schema\/person\/cc32be22b8e8599387c480bc83e1d11a","name":"Fernando Lima","image":{"@type":"ImageObject","inLanguage":"pt-BR","@id":"https:\/\/verdadeon.com.br\/portal\/#\/schema\/person\/image\/","url":"https:\/\/secure.gravatar.com\/avatar\/df4c8e132080d2b3a4841d5d232045464e0eed11a1d6e43115ca0843d48768d3?s=96&d=mm&r=g","contentUrl":"https:\/\/secure.gravatar.com\/avatar\/df4c8e132080d2b3a4841d5d232045464e0eed11a1d6e43115ca0843d48768d3?s=96&d=mm&r=g","caption":"Fernando Lima"},"sameAs":["http:\/\/verdadeon.com.br\/"],"url":"https:\/\/verdadeon.com.br\/portal\/author\/fernando-lima\/"}]}},"jetpack_publicize_connections":[],"jetpack_featured_media_url":"https:\/\/i0.wp.com\/verdadeon.com.br\/portal\/wp-content\/uploads\/2021\/03\/WhatsApp-Image-2021-03-18-at-14.27.47.jpeg?fit=1000%2C670&ssl=1","jetpack_sharing_enabled":true,"_links":{"self":[{"href":"https:\/\/verdadeon.com.br\/portal\/wp-json\/wp\/v2\/posts\/22340","targetHints":{"allow":["GET"]}}],"collection":[{"href":"https:\/\/verdadeon.com.br\/portal\/wp-json\/wp\/v2\/posts"}],"about":[{"href":"https:\/\/verdadeon.com.br\/portal\/wp-json\/wp\/v2\/types\/post"}],"author":[{"embeddable":true,"href":"https:\/\/verdadeon.com.br\/portal\/wp-json\/wp\/v2\/users\/7"}],"replies":[{"embeddable":true,"href":"https:\/\/verdadeon.com.br\/portal\/wp-json\/wp\/v2\/comments?post=22340"}],"version-history":[{"count":1,"href":"https:\/\/verdadeon.com.br\/portal\/wp-json\/wp\/v2\/posts\/22340\/revisions"}],"predecessor-version":[{"id":22341,"href":"https:\/\/verdadeon.com.br\/portal\/wp-json\/wp\/v2\/posts\/22340\/revisions\/22341"}],"wp:featuredmedia":[{"embeddable":true,"href":"https:\/\/verdadeon.com.br\/portal\/wp-json\/wp\/v2\/media\/15343"}],"wp:attachment":[{"href":"https:\/\/verdadeon.com.br\/portal\/wp-json\/wp\/v2\/media?parent=22340"}],"wp:term":[{"taxonomy":"category","embeddable":true,"href":"https:\/\/verdadeon.com.br\/portal\/wp-json\/wp\/v2\/categories?post=22340"},{"taxonomy":"post_tag","embeddable":true,"href":"https:\/\/verdadeon.com.br\/portal\/wp-json\/wp\/v2\/tags?post=22340"}],"curies":[{"name":"wp","href":"https:\/\/api.w.org\/{rel}","templated":true}]}}