{"id":22338,"date":"2022-01-17T14:50:05","date_gmt":"2022-01-17T17:50:05","guid":{"rendered":"https:\/\/verdadeon.com.br\/portal\/?p=22338"},"modified":"2022-01-17T14:50:05","modified_gmt":"2022-01-17T17:50:05","slug":"tarifa-de-r-5-do-transporte-publico-entra-em-vigor-em-franca","status":"publish","type":"post","link":"https:\/\/verdadeon.com.br\/portal\/2022\/01\/17\/tarifa-de-r-5-do-transporte-publico-entra-em-vigor-em-franca\/","title":{"rendered":"Tarifa de R$ 5 do transporte p\u00fablico entra em vigor em Franca"},"content":{"rendered":"<h2>O reajuste foi anunciado na \u00faltima semana pela Prefeitura, aumento foi atrav\u00e9s de Decreto Municipal<\/h2>\n<p>Come\u00e7ou a vigorar nesta segunda-feira (17), o novo valor de R$ 5 da passagem de \u00f4nibus do transporte p\u00fablico anunciado na semana passada em Franca. At\u00e9 ent\u00e3o a passagem custava R$ 4.30, um reajuste de pouco mais de 16%.<\/p>\n<p>Na \u00faltima semana o Terminal Ayrton Senna no centro, passou a registrar um movimento maior de passageiros, que tentavam comprar o passe no valor antigo para tentar fazer economia.<\/p>\n<p>As gratuidades n\u00e3o sofrem qualquer tipo de mudan\u00e7a, enquanto que estudantes pagar\u00e3o metade do valor, R$2.50.<\/p>\n<p>Desde o in\u00edcio da pandemia, a S\u00e3o Jos\u00e9 j\u00e1 tentou at\u00e9 mesmo atrav\u00e9s da Justi\u00e7a, conseguir aux\u00edlio financeiro da Prefeitura, sob a justificativa de que o Executivo \u00e9 o respons\u00e1vel pelo equil\u00edbrio financeiro do contrato entre as partes. A vota\u00e7\u00e3o chegou a ser realizada na C\u00e2mara Municipal, mas o projeto foi engavetado pelos vereadores.<\/p>\n<p>Em nota a empresa S\u00e3o Jos\u00e9 afirmou que realiza as manuten\u00e7\u00f5es corretivas e preventivas de forma frequente e de acordo com as especifica\u00e7\u00f5es dos fabricantes dos ve\u00edculos, mas ressaltou que \u00e9 necess\u00e1rio lembrar que durante anos a tarifa de Franca ficou sem qualquer reajuste.<\/p>\n<p>A empresa informou ainda que mesmo com o reajuste, o novo valor da tarifa \u00e9 inferior ao de v\u00e1rias cidades com o mesmo porte ou at\u00e9 menores. \u201cVale ressaltar que apenas nos 12 primeiros dias de 2022, o valor do \u00f3leo diesel j\u00e1 foi reajustado em mais de 8%, enquanto no mesmo per\u00edodo, os pre\u00e7os dos pneus subiram mais de 4%\u201d, informou.<\/p>\n<p>Na mesma nota a S\u00e3o Jos\u00e9 disse que outro fator importante e que pesa na composi\u00e7\u00e3o do valor da tarifa, sem levar em considera\u00e7\u00e3o o cen\u00e1rio pand\u00eamico, \u00e9 que Franca \u00e9 uma das cidades que mais mant\u00e9m gratuidades no Brasil. \u201cHoje, cerca de 45% das pessoas que usam o transporte n\u00e3o pagam tarifa. E, finalmente, recente pesquisa sobre a qualidade de servi\u00e7os da S\u00e3o Jos\u00e9, realizada em setembro de 2021, mostra que a maioria da popula\u00e7\u00e3o usu\u00e1ria (83,6%) considera a qualidade dos servi\u00e7os \u00f3tima, boa e regular\u201d, finalizou.<\/p>\n","protected":false},"excerpt":{"rendered":"<p>O reajuste foi anunciado na \u00faltima semana pela Prefeitura, aumento foi atrav\u00e9s de Decreto Municipal Come\u00e7ou a vigorar nesta segunda-feira (17), o novo valor de R$<span class=\"excerpt-hellip\"> [\u2026]<\/span><\/p>\n","protected":false},"author":7,"featured_media":17658,"comment_status":"open","ping_status":"open","sticky":false,"template":"","format":"standard","meta":{"_jetpack_memberships_contains_paid_content":false,"footnotes":"","jetpack_publicize_message":"","jetpack_publicize_feature_enabled":true,"jetpack_social_post_already_shared":false,"jetpack_social_options":{"image_generator_settings":{"template":"highway","default_image_id":0,"enabled":false},"version":2}},"categories":[28,81],"tags":[],"class_list":["post-22338","post","type-post","status-publish","format-standard","has-post-thumbnail","hentry","category-cotidiano","category-manchete"],"yoast_head":"<!-- This site is optimized with the Yoast SEO plugin v25.6 - https:\/\/yoast.com\/wordpress\/plugins\/seo\/ -->\n<title>Tarifa de R$ 5 do transporte p\u00fablico entra em vigor em Franca - VerdadeOn<\/title>\n<meta name=\"robots\" content=\"index, follow, max-snippet:-1, max-image-preview:large, max-video-preview:-1\" \/>\n<link rel=\"canonical\" href=\"https:\/\/verdadeon.com.br\/portal\/2022\/01\/17\/tarifa-de-r-5-do-transporte-publico-entra-em-vigor-em-franca\/\" \/>\n<meta property=\"og:locale\" content=\"pt_BR\" \/>\n<meta property=\"og:type\" content=\"article\" \/>\n<meta property=\"og:title\" content=\"Tarifa de R$ 5 do transporte p\u00fablico entra em vigor em Franca - VerdadeOn\" \/>\n<meta property=\"og:description\" content=\"O reajuste foi anunciado na \u00faltima semana pela Prefeitura, aumento foi atrav\u00e9s de Decreto Municipal Come\u00e7ou a vigorar nesta segunda-feira (17), o novo valor de R$ [\u2026]\" \/>\n<meta property=\"og:url\" content=\"https:\/\/verdadeon.com.br\/portal\/2022\/01\/17\/tarifa-de-r-5-do-transporte-publico-entra-em-vigor-em-franca\/\" \/>\n<meta property=\"og:site_name\" content=\"VerdadeOn\" \/>\n<meta property=\"article:published_time\" content=\"2022-01-17T17:50:05+00:00\" \/>\n<meta property=\"og:image\" content=\"https:\/\/verdadeon.com.br\/portal\/wp-content\/uploads\/2021\/06\/CENTRO-DE-FRANCA.jpeg\" \/>\n\t<meta property=\"og:image:width\" content=\"1000\" \/>\n\t<meta property=\"og:image:height\" content=\"670\" \/>\n\t<meta property=\"og:image:type\" content=\"image\/jpeg\" \/>\n<meta name=\"author\" content=\"Fernando Lima\" \/>\n<meta name=\"twitter:card\" content=\"summary_large_image\" \/>\n<meta name=\"twitter:label1\" content=\"Escrito por\" \/>\n\t<meta name=\"twitter:data1\" content=\"Fernando Lima\" \/>\n\t<meta name=\"twitter:label2\" content=\"Est. tempo de leitura\" \/>\n\t<meta name=\"twitter:data2\" content=\"2 minutos\" \/>\n<script type=\"application\/ld+json\" class=\"yoast-schema-graph\">{\"@context\":\"https:\/\/schema.org\",\"@graph\":[{\"@type\":\"WebPage\",\"@id\":\"https:\/\/verdadeon.com.br\/portal\/2022\/01\/17\/tarifa-de-r-5-do-transporte-publico-entra-em-vigor-em-franca\/\",\"url\":\"https:\/\/verdadeon.com.br\/portal\/2022\/01\/17\/tarifa-de-r-5-do-transporte-publico-entra-em-vigor-em-franca\/\",\"name\":\"Tarifa de R$ 5 do transporte p\u00fablico entra em vigor em Franca - VerdadeOn\",\"isPartOf\":{\"@id\":\"https:\/\/verdadeon.com.br\/portal\/#website\"},\"primaryImageOfPage\":{\"@id\":\"https:\/\/verdadeon.com.br\/portal\/2022\/01\/17\/tarifa-de-r-5-do-transporte-publico-entra-em-vigor-em-franca\/#primaryimage\"},\"image\":{\"@id\":\"https:\/\/verdadeon.com.br\/portal\/2022\/01\/17\/tarifa-de-r-5-do-transporte-publico-entra-em-vigor-em-franca\/#primaryimage\"},\"thumbnailUrl\":\"https:\/\/i0.wp.com\/verdadeon.com.br\/portal\/wp-content\/uploads\/2021\/06\/CENTRO-DE-FRANCA.jpeg?fit=1000%2C670&ssl=1\",\"datePublished\":\"2022-01-17T17:50:05+00:00\",\"author\":{\"@id\":\"https:\/\/verdadeon.com.br\/portal\/#\/schema\/person\/cc32be22b8e8599387c480bc83e1d11a\"},\"breadcrumb\":{\"@id\":\"https:\/\/verdadeon.com.br\/portal\/2022\/01\/17\/tarifa-de-r-5-do-transporte-publico-entra-em-vigor-em-franca\/#breadcrumb\"},\"inLanguage\":\"pt-BR\",\"potentialAction\":[{\"@type\":\"ReadAction\",\"target\":[\"https:\/\/verdadeon.com.br\/portal\/2022\/01\/17\/tarifa-de-r-5-do-transporte-publico-entra-em-vigor-em-franca\/\"]}]},{\"@type\":\"ImageObject\",\"inLanguage\":\"pt-BR\",\"@id\":\"https:\/\/verdadeon.com.br\/portal\/2022\/01\/17\/tarifa-de-r-5-do-transporte-publico-entra-em-vigor-em-franca\/#primaryimage\",\"url\":\"https:\/\/i0.wp.com\/verdadeon.com.br\/portal\/wp-content\/uploads\/2021\/06\/CENTRO-DE-FRANCA.jpeg?fit=1000%2C670&ssl=1\",\"contentUrl\":\"https:\/\/i0.wp.com\/verdadeon.com.br\/portal\/wp-content\/uploads\/2021\/06\/CENTRO-DE-FRANCA.jpeg?fit=1000%2C670&ssl=1\",\"width\":1000,\"height\":670,\"caption\":\"Terminal 'Ayrton Senna', no centro de Franca (\u00a9Jornal Verdade)\"},{\"@type\":\"BreadcrumbList\",\"@id\":\"https:\/\/verdadeon.com.br\/portal\/2022\/01\/17\/tarifa-de-r-5-do-transporte-publico-entra-em-vigor-em-franca\/#breadcrumb\",\"itemListElement\":[{\"@type\":\"ListItem\",\"position\":1,\"name\":\"In\u00edcio\",\"item\":\"https:\/\/verdadeon.com.br\/portal\/\"},{\"@type\":\"ListItem\",\"position\":2,\"name\":\"Tarifa de R$ 5 do transporte p\u00fablico entra em vigor em Franca\"}]},{\"@type\":\"WebSite\",\"@id\":\"https:\/\/verdadeon.com.br\/portal\/#website\",\"url\":\"https:\/\/verdadeon.com.br\/portal\/\",\"name\":\"VerdadeOn\",\"description\":\"Not\u00edcias di\u00e1rias sobre Franca, Regi\u00e3o, Esporte, Cultura, Cotidiano, Colunas. Cobertura nos principais eventos da cidade \u00e9 aqui - Verdadeon Franca\",\"potentialAction\":[{\"@type\":\"SearchAction\",\"target\":{\"@type\":\"EntryPoint\",\"urlTemplate\":\"https:\/\/verdadeon.com.br\/portal\/?s={search_term_string}\"},\"query-input\":{\"@type\":\"PropertyValueSpecification\",\"valueRequired\":true,\"valueName\":\"search_term_string\"}}],\"inLanguage\":\"pt-BR\"},{\"@type\":\"Person\",\"@id\":\"https:\/\/verdadeon.com.br\/portal\/#\/schema\/person\/cc32be22b8e8599387c480bc83e1d11a\",\"name\":\"Fernando Lima\",\"image\":{\"@type\":\"ImageObject\",\"inLanguage\":\"pt-BR\",\"@id\":\"https:\/\/verdadeon.com.br\/portal\/#\/schema\/person\/image\/\",\"url\":\"https:\/\/secure.gravatar.com\/avatar\/df4c8e132080d2b3a4841d5d232045464e0eed11a1d6e43115ca0843d48768d3?s=96&d=mm&r=g\",\"contentUrl\":\"https:\/\/secure.gravatar.com\/avatar\/df4c8e132080d2b3a4841d5d232045464e0eed11a1d6e43115ca0843d48768d3?s=96&d=mm&r=g\",\"caption\":\"Fernando Lima\"},\"sameAs\":[\"http:\/\/verdadeon.com.br\/\"],\"url\":\"https:\/\/verdadeon.com.br\/portal\/author\/fernando-lima\/\"}]}<\/script>\n<!-- \/ Yoast SEO plugin. -->","yoast_head_json":{"title":"Tarifa de R$ 5 do transporte p\u00fablico entra em vigor em Franca - VerdadeOn","robots":{"index":"index","follow":"follow","max-snippet":"max-snippet:-1","max-image-preview":"max-image-preview:large","max-video-preview":"max-video-preview:-1"},"canonical":"https:\/\/verdadeon.com.br\/portal\/2022\/01\/17\/tarifa-de-r-5-do-transporte-publico-entra-em-vigor-em-franca\/","og_locale":"pt_BR","og_type":"article","og_title":"Tarifa de R$ 5 do transporte p\u00fablico entra em vigor em Franca - VerdadeOn","og_description":"O reajuste foi anunciado na \u00faltima semana pela Prefeitura, aumento foi atrav\u00e9s de Decreto Municipal Come\u00e7ou a vigorar nesta segunda-feira (17), o novo valor de R$ [\u2026]","og_url":"https:\/\/verdadeon.com.br\/portal\/2022\/01\/17\/tarifa-de-r-5-do-transporte-publico-entra-em-vigor-em-franca\/","og_site_name":"VerdadeOn","article_published_time":"2022-01-17T17:50:05+00:00","og_image":[{"width":1000,"height":670,"url":"https:\/\/verdadeon.com.br\/portal\/wp-content\/uploads\/2021\/06\/CENTRO-DE-FRANCA.jpeg","type":"image\/jpeg"}],"author":"Fernando Lima","twitter_card":"summary_large_image","twitter_misc":{"Escrito por":"Fernando Lima","Est. tempo de leitura":"2 minutos"},"schema":{"@context":"https:\/\/schema.org","@graph":[{"@type":"WebPage","@id":"https:\/\/verdadeon.com.br\/portal\/2022\/01\/17\/tarifa-de-r-5-do-transporte-publico-entra-em-vigor-em-franca\/","url":"https:\/\/verdadeon.com.br\/portal\/2022\/01\/17\/tarifa-de-r-5-do-transporte-publico-entra-em-vigor-em-franca\/","name":"Tarifa de R$ 5 do transporte p\u00fablico entra em vigor em Franca - VerdadeOn","isPartOf":{"@id":"https:\/\/verdadeon.com.br\/portal\/#website"},"primaryImageOfPage":{"@id":"https:\/\/verdadeon.com.br\/portal\/2022\/01\/17\/tarifa-de-r-5-do-transporte-publico-entra-em-vigor-em-franca\/#primaryimage"},"image":{"@id":"https:\/\/verdadeon.com.br\/portal\/2022\/01\/17\/tarifa-de-r-5-do-transporte-publico-entra-em-vigor-em-franca\/#primaryimage"},"thumbnailUrl":"https:\/\/i0.wp.com\/verdadeon.com.br\/portal\/wp-content\/uploads\/2021\/06\/CENTRO-DE-FRANCA.jpeg?fit=1000%2C670&ssl=1","datePublished":"2022-01-17T17:50:05+00:00","author":{"@id":"https:\/\/verdadeon.com.br\/portal\/#\/schema\/person\/cc32be22b8e8599387c480bc83e1d11a"},"breadcrumb":{"@id":"https:\/\/verdadeon.com.br\/portal\/2022\/01\/17\/tarifa-de-r-5-do-transporte-publico-entra-em-vigor-em-franca\/#breadcrumb"},"inLanguage":"pt-BR","potentialAction":[{"@type":"ReadAction","target":["https:\/\/verdadeon.com.br\/portal\/2022\/01\/17\/tarifa-de-r-5-do-transporte-publico-entra-em-vigor-em-franca\/"]}]},{"@type":"ImageObject","inLanguage":"pt-BR","@id":"https:\/\/verdadeon.com.br\/portal\/2022\/01\/17\/tarifa-de-r-5-do-transporte-publico-entra-em-vigor-em-franca\/#primaryimage","url":"https:\/\/i0.wp.com\/verdadeon.com.br\/portal\/wp-content\/uploads\/2021\/06\/CENTRO-DE-FRANCA.jpeg?fit=1000%2C670&ssl=1","contentUrl":"https:\/\/i0.wp.com\/verdadeon.com.br\/portal\/wp-content\/uploads\/2021\/06\/CENTRO-DE-FRANCA.jpeg?fit=1000%2C670&ssl=1","width":1000,"height":670,"caption":"Terminal 'Ayrton Senna', no centro de Franca (\u00a9Jornal Verdade)"},{"@type":"BreadcrumbList","@id":"https:\/\/verdadeon.com.br\/portal\/2022\/01\/17\/tarifa-de-r-5-do-transporte-publico-entra-em-vigor-em-franca\/#breadcrumb","itemListElement":[{"@type":"ListItem","position":1,"name":"In\u00edcio","item":"https:\/\/verdadeon.com.br\/portal\/"},{"@type":"ListItem","position":2,"name":"Tarifa de R$ 5 do transporte p\u00fablico entra em vigor em Franca"}]},{"@type":"WebSite","@id":"https:\/\/verdadeon.com.br\/portal\/#website","url":"https:\/\/verdadeon.com.br\/portal\/","name":"VerdadeOn","description":"Not\u00edcias di\u00e1rias sobre Franca, Regi\u00e3o, Esporte, Cultura, Cotidiano, Colunas. Cobertura nos principais eventos da cidade \u00e9 aqui - Verdadeon Franca","potentialAction":[{"@type":"SearchAction","target":{"@type":"EntryPoint","urlTemplate":"https:\/\/verdadeon.com.br\/portal\/?s={search_term_string}"},"query-input":{"@type":"PropertyValueSpecification","valueRequired":true,"valueName":"search_term_string"}}],"inLanguage":"pt-BR"},{"@type":"Person","@id":"https:\/\/verdadeon.com.br\/portal\/#\/schema\/person\/cc32be22b8e8599387c480bc83e1d11a","name":"Fernando Lima","image":{"@type":"ImageObject","inLanguage":"pt-BR","@id":"https:\/\/verdadeon.com.br\/portal\/#\/schema\/person\/image\/","url":"https:\/\/secure.gravatar.com\/avatar\/df4c8e132080d2b3a4841d5d232045464e0eed11a1d6e43115ca0843d48768d3?s=96&d=mm&r=g","contentUrl":"https:\/\/secure.gravatar.com\/avatar\/df4c8e132080d2b3a4841d5d232045464e0eed11a1d6e43115ca0843d48768d3?s=96&d=mm&r=g","caption":"Fernando Lima"},"sameAs":["http:\/\/verdadeon.com.br\/"],"url":"https:\/\/verdadeon.com.br\/portal\/author\/fernando-lima\/"}]}},"jetpack_publicize_connections":[],"jetpack_featured_media_url":"https:\/\/i0.wp.com\/verdadeon.com.br\/portal\/wp-content\/uploads\/2021\/06\/CENTRO-DE-FRANCA.jpeg?fit=1000%2C670&ssl=1","jetpack_sharing_enabled":true,"_links":{"self":[{"href":"https:\/\/verdadeon.com.br\/portal\/wp-json\/wp\/v2\/posts\/22338","targetHints":{"allow":["GET"]}}],"collection":[{"href":"https:\/\/verdadeon.com.br\/portal\/wp-json\/wp\/v2\/posts"}],"about":[{"href":"https:\/\/verdadeon.com.br\/portal\/wp-json\/wp\/v2\/types\/post"}],"author":[{"embeddable":true,"href":"https:\/\/verdadeon.com.br\/portal\/wp-json\/wp\/v2\/users\/7"}],"replies":[{"embeddable":true,"href":"https:\/\/verdadeon.com.br\/portal\/wp-json\/wp\/v2\/comments?post=22338"}],"version-history":[{"count":1,"href":"https:\/\/verdadeon.com.br\/portal\/wp-json\/wp\/v2\/posts\/22338\/revisions"}],"predecessor-version":[{"id":22339,"href":"https:\/\/verdadeon.com.br\/portal\/wp-json\/wp\/v2\/posts\/22338\/revisions\/22339"}],"wp:featuredmedia":[{"embeddable":true,"href":"https:\/\/verdadeon.com.br\/portal\/wp-json\/wp\/v2\/media\/17658"}],"wp:attachment":[{"href":"https:\/\/verdadeon.com.br\/portal\/wp-json\/wp\/v2\/media?parent=22338"}],"wp:term":[{"taxonomy":"category","embeddable":true,"href":"https:\/\/verdadeon.com.br\/portal\/wp-json\/wp\/v2\/categories?post=22338"},{"taxonomy":"post_tag","embeddable":true,"href":"https:\/\/verdadeon.com.br\/portal\/wp-json\/wp\/v2\/tags?post=22338"}],"curies":[{"name":"wp","href":"https:\/\/api.w.org\/{rel}","templated":true}]}}