{"id":22306,"date":"2022-01-15T13:00:55","date_gmt":"2022-01-15T16:00:55","guid":{"rendered":"https:\/\/verdadeon.com.br\/portal\/?p=22306"},"modified":"2022-01-15T13:15:57","modified_gmt":"2022-01-15T16:15:57","slug":"franca-em-um-mes-media-movel-de-casos-covid-19-sobe-897","status":"publish","type":"post","link":"https:\/\/verdadeon.com.br\/portal\/2022\/01\/15\/franca-em-um-mes-media-movel-de-casos-covid-19-sobe-897\/","title":{"rendered":"Franca: Em um m\u00eas m\u00e9dia m\u00f3vel de casos Covid-19 sobe 897%"},"content":{"rendered":"<h2>Ainda assim a m\u00e9dia m\u00f3vel de mortes permanece abaixo de uma por dia por conta da vacina\u00e7\u00e3o em massa<\/h2>\n<p>Fernando Lima<\/p>\n<p>Do dia 15 de dezembro ao dia 14 de janeiro, a m\u00e9dia m\u00f3vel de casos positivos em Franca subiu quase 900%, \u00e9 o que aponta um levantamento feito atrav\u00e9s dos dados do boletim da Covid-19, divulgado pela Secretaria de Sa\u00fade de Franca.<\/p>\n<p>Segundo os dados, no dia 15 de dezembro, a cidade tinha uma m\u00e9dia de 24,7 casos por dia, um dos menores \u00edndices desde o in\u00edcio da pandemia em mar\u00e7o de 2020. J\u00e1 no dia 14 de janeiro deste ano, um m\u00eas depois, essa m\u00e9dia est\u00e1 em 246.3.<\/p>\n<p>Desde o come\u00e7o deste ano a cidade vive um boom de casos positivos, o que pode ser explicado por conta das aglomera\u00e7\u00f5es festas de fim de ano e \u00e9 um fen\u00f4meno sentido em todo o pa\u00eds.<\/p>\n<p>No dia tr\u00eas de janeiro por exemplo, foram 89 positivos, no dia quatro foram 49, mas foi a partir do dia cinco que o cen\u00e1rio mudou e foram confirmados 209 casos, no dia seis 290 e no dia sete um pouco menos, 115. No dia seguinte, a cidade teve 207 confirma\u00e7\u00f5es, j\u00e1 os dias nove e 10, foram confirmados 158 e 168 casos respectivamente.<\/p>\n<p>A \u00faltima semana, por\u00e9m, foi intensa em confirma\u00e7\u00f5es na cidade, foram 220, 255, 263, nos dias 11, 12 e 13 respectivamente. Na sexta-feira (14), o n\u00famero foi ainda maior, 453 positivos.<\/p>\n<h4>Mortes<\/h4>\n<p>Mais de 85% da popula\u00e7\u00e3o apta a se vacinar contra a Covid-19 em Franca, j\u00e1 est\u00e1 com pelo menos a primeira dose aplicada no bra\u00e7o, embora existam mais de 70 mil moradores com pend\u00eancias, j\u00e1 se pode garantir que a vacina\u00e7\u00e3o em massa j\u00e1 tem reflexo nas mortes.<\/p>\n<p>Isso porque mesmo com a alta de casos, a alta na ocupa\u00e7\u00e3o dos leitos UTI, a m\u00e9dia m\u00f3vel de \u00f3bitos segue abaixo de um por dia.<\/p>\n<p>No dia 15 de dezembro essa m\u00e9dia era de 0.1, o maior pico foi atingido no dia 28 de dezembro, quando ela chegou a 0.6. Desde ent\u00e3o ela caiu para 0.4, no dia sete de janeiro chegou a 0.3, mas teve uma leve alta no dia 10, para 0.6, j\u00e1 no \u00faltimo boletim voltou a regredir e chegou no patamar de 0.3 novamente.<\/p>\n","protected":false},"excerpt":{"rendered":"<p>Ainda assim a m\u00e9dia m\u00f3vel de mortes permanece abaixo de uma por dia por conta da vacina\u00e7\u00e3o em massa Fernando Lima Do dia 15 de dezembro<span class=\"excerpt-hellip\"> [\u2026]<\/span><\/p>\n","protected":false},"author":7,"featured_media":0,"comment_status":"open","ping_status":"open","sticky":false,"template":"","format":"standard","meta":{"_jetpack_memberships_contains_paid_content":false,"footnotes":"","jetpack_publicize_message":"","jetpack_publicize_feature_enabled":true,"jetpack_social_post_already_shared":false,"jetpack_social_options":{"image_generator_settings":{"template":"highway","default_image_id":0,"enabled":false},"version":2}},"categories":[28,81],"tags":[],"class_list":["post-22306","post","type-post","status-publish","format-standard","hentry","category-cotidiano","category-manchete"],"yoast_head":"<!-- This site is optimized with the Yoast SEO plugin v25.6 - https:\/\/yoast.com\/wordpress\/plugins\/seo\/ -->\n<title>Franca: Em um m\u00eas m\u00e9dia m\u00f3vel de casos Covid-19 sobe 897% - VerdadeOn<\/title>\n<meta name=\"robots\" content=\"index, follow, max-snippet:-1, max-image-preview:large, max-video-preview:-1\" \/>\n<link rel=\"canonical\" href=\"https:\/\/verdadeon.com.br\/portal\/2022\/01\/15\/franca-em-um-mes-media-movel-de-casos-covid-19-sobe-897\/\" \/>\n<meta property=\"og:locale\" content=\"pt_BR\" \/>\n<meta property=\"og:type\" content=\"article\" \/>\n<meta property=\"og:title\" content=\"Franca: Em um m\u00eas m\u00e9dia m\u00f3vel de casos Covid-19 sobe 897% - VerdadeOn\" \/>\n<meta property=\"og:description\" content=\"Ainda assim a m\u00e9dia m\u00f3vel de mortes permanece abaixo de uma por dia por conta da vacina\u00e7\u00e3o em massa Fernando Lima Do dia 15 de dezembro [\u2026]\" \/>\n<meta property=\"og:url\" content=\"https:\/\/verdadeon.com.br\/portal\/2022\/01\/15\/franca-em-um-mes-media-movel-de-casos-covid-19-sobe-897\/\" \/>\n<meta property=\"og:site_name\" content=\"VerdadeOn\" \/>\n<meta property=\"article:published_time\" content=\"2022-01-15T16:00:55+00:00\" \/>\n<meta property=\"article:modified_time\" content=\"2022-01-15T16:15:57+00:00\" \/>\n<meta property=\"og:image\" content=\"https:\/\/verdadeon.com.br\/portal\/wp-content\/uploads\/2022\/01\/MEDIA-MOVEL-POSITIVOS-e1642245543666.png\" \/>\n\t<meta property=\"og:image:width\" content=\"1000\" \/>\n\t<meta property=\"og:image:height\" content=\"669\" \/>\n\t<meta property=\"og:image:type\" content=\"image\/png\" \/>\n<meta name=\"author\" content=\"Fernando Lima\" \/>\n<meta name=\"twitter:card\" content=\"summary_large_image\" \/>\n<meta name=\"twitter:label1\" content=\"Escrito por\" \/>\n\t<meta name=\"twitter:data1\" content=\"Fernando Lima\" \/>\n\t<meta name=\"twitter:label2\" content=\"Est. tempo de leitura\" \/>\n\t<meta name=\"twitter:data2\" content=\"3 minutos\" \/>\n<script type=\"application\/ld+json\" class=\"yoast-schema-graph\">{\"@context\":\"https:\/\/schema.org\",\"@graph\":[{\"@type\":\"WebPage\",\"@id\":\"https:\/\/verdadeon.com.br\/portal\/2022\/01\/15\/franca-em-um-mes-media-movel-de-casos-covid-19-sobe-897\/\",\"url\":\"https:\/\/verdadeon.com.br\/portal\/2022\/01\/15\/franca-em-um-mes-media-movel-de-casos-covid-19-sobe-897\/\",\"name\":\"Franca: Em um m\u00eas m\u00e9dia m\u00f3vel de casos Covid-19 sobe 897% - VerdadeOn\",\"isPartOf\":{\"@id\":\"https:\/\/verdadeon.com.br\/portal\/#website\"},\"datePublished\":\"2022-01-15T16:00:55+00:00\",\"dateModified\":\"2022-01-15T16:15:57+00:00\",\"author\":{\"@id\":\"https:\/\/verdadeon.com.br\/portal\/#\/schema\/person\/cc32be22b8e8599387c480bc83e1d11a\"},\"breadcrumb\":{\"@id\":\"https:\/\/verdadeon.com.br\/portal\/2022\/01\/15\/franca-em-um-mes-media-movel-de-casos-covid-19-sobe-897\/#breadcrumb\"},\"inLanguage\":\"pt-BR\",\"potentialAction\":[{\"@type\":\"ReadAction\",\"target\":[\"https:\/\/verdadeon.com.br\/portal\/2022\/01\/15\/franca-em-um-mes-media-movel-de-casos-covid-19-sobe-897\/\"]}]},{\"@type\":\"BreadcrumbList\",\"@id\":\"https:\/\/verdadeon.com.br\/portal\/2022\/01\/15\/franca-em-um-mes-media-movel-de-casos-covid-19-sobe-897\/#breadcrumb\",\"itemListElement\":[{\"@type\":\"ListItem\",\"position\":1,\"name\":\"In\u00edcio\",\"item\":\"https:\/\/verdadeon.com.br\/portal\/\"},{\"@type\":\"ListItem\",\"position\":2,\"name\":\"Franca: Em um m\u00eas m\u00e9dia m\u00f3vel de casos Covid-19 sobe 897%\"}]},{\"@type\":\"WebSite\",\"@id\":\"https:\/\/verdadeon.com.br\/portal\/#website\",\"url\":\"https:\/\/verdadeon.com.br\/portal\/\",\"name\":\"VerdadeOn\",\"description\":\"Not\u00edcias di\u00e1rias sobre Franca, Regi\u00e3o, Esporte, Cultura, Cotidiano, Colunas. Cobertura nos principais eventos da cidade \u00e9 aqui - Verdadeon Franca\",\"potentialAction\":[{\"@type\":\"SearchAction\",\"target\":{\"@type\":\"EntryPoint\",\"urlTemplate\":\"https:\/\/verdadeon.com.br\/portal\/?s={search_term_string}\"},\"query-input\":{\"@type\":\"PropertyValueSpecification\",\"valueRequired\":true,\"valueName\":\"search_term_string\"}}],\"inLanguage\":\"pt-BR\"},{\"@type\":\"Person\",\"@id\":\"https:\/\/verdadeon.com.br\/portal\/#\/schema\/person\/cc32be22b8e8599387c480bc83e1d11a\",\"name\":\"Fernando Lima\",\"image\":{\"@type\":\"ImageObject\",\"inLanguage\":\"pt-BR\",\"@id\":\"https:\/\/verdadeon.com.br\/portal\/#\/schema\/person\/image\/\",\"url\":\"https:\/\/secure.gravatar.com\/avatar\/df4c8e132080d2b3a4841d5d232045464e0eed11a1d6e43115ca0843d48768d3?s=96&d=mm&r=g\",\"contentUrl\":\"https:\/\/secure.gravatar.com\/avatar\/df4c8e132080d2b3a4841d5d232045464e0eed11a1d6e43115ca0843d48768d3?s=96&d=mm&r=g\",\"caption\":\"Fernando Lima\"},\"sameAs\":[\"http:\/\/verdadeon.com.br\/\"],\"url\":\"https:\/\/verdadeon.com.br\/portal\/author\/fernando-lima\/\"}]}<\/script>\n<!-- \/ Yoast SEO plugin. -->","yoast_head_json":{"title":"Franca: Em um m\u00eas m\u00e9dia m\u00f3vel de casos Covid-19 sobe 897% - VerdadeOn","robots":{"index":"index","follow":"follow","max-snippet":"max-snippet:-1","max-image-preview":"max-image-preview:large","max-video-preview":"max-video-preview:-1"},"canonical":"https:\/\/verdadeon.com.br\/portal\/2022\/01\/15\/franca-em-um-mes-media-movel-de-casos-covid-19-sobe-897\/","og_locale":"pt_BR","og_type":"article","og_title":"Franca: Em um m\u00eas m\u00e9dia m\u00f3vel de casos Covid-19 sobe 897% - VerdadeOn","og_description":"Ainda assim a m\u00e9dia m\u00f3vel de mortes permanece abaixo de uma por dia por conta da vacina\u00e7\u00e3o em massa Fernando Lima Do dia 15 de dezembro [\u2026]","og_url":"https:\/\/verdadeon.com.br\/portal\/2022\/01\/15\/franca-em-um-mes-media-movel-de-casos-covid-19-sobe-897\/","og_site_name":"VerdadeOn","article_published_time":"2022-01-15T16:00:55+00:00","article_modified_time":"2022-01-15T16:15:57+00:00","og_image":[{"width":1000,"height":669,"url":"https:\/\/verdadeon.com.br\/portal\/wp-content\/uploads\/2022\/01\/MEDIA-MOVEL-POSITIVOS-e1642245543666.png","type":"image\/png"}],"author":"Fernando Lima","twitter_card":"summary_large_image","twitter_misc":{"Escrito por":"Fernando Lima","Est. tempo de leitura":"3 minutos"},"schema":{"@context":"https:\/\/schema.org","@graph":[{"@type":"WebPage","@id":"https:\/\/verdadeon.com.br\/portal\/2022\/01\/15\/franca-em-um-mes-media-movel-de-casos-covid-19-sobe-897\/","url":"https:\/\/verdadeon.com.br\/portal\/2022\/01\/15\/franca-em-um-mes-media-movel-de-casos-covid-19-sobe-897\/","name":"Franca: Em um m\u00eas m\u00e9dia m\u00f3vel de casos Covid-19 sobe 897% - VerdadeOn","isPartOf":{"@id":"https:\/\/verdadeon.com.br\/portal\/#website"},"datePublished":"2022-01-15T16:00:55+00:00","dateModified":"2022-01-15T16:15:57+00:00","author":{"@id":"https:\/\/verdadeon.com.br\/portal\/#\/schema\/person\/cc32be22b8e8599387c480bc83e1d11a"},"breadcrumb":{"@id":"https:\/\/verdadeon.com.br\/portal\/2022\/01\/15\/franca-em-um-mes-media-movel-de-casos-covid-19-sobe-897\/#breadcrumb"},"inLanguage":"pt-BR","potentialAction":[{"@type":"ReadAction","target":["https:\/\/verdadeon.com.br\/portal\/2022\/01\/15\/franca-em-um-mes-media-movel-de-casos-covid-19-sobe-897\/"]}]},{"@type":"BreadcrumbList","@id":"https:\/\/verdadeon.com.br\/portal\/2022\/01\/15\/franca-em-um-mes-media-movel-de-casos-covid-19-sobe-897\/#breadcrumb","itemListElement":[{"@type":"ListItem","position":1,"name":"In\u00edcio","item":"https:\/\/verdadeon.com.br\/portal\/"},{"@type":"ListItem","position":2,"name":"Franca: Em um m\u00eas m\u00e9dia m\u00f3vel de casos Covid-19 sobe 897%"}]},{"@type":"WebSite","@id":"https:\/\/verdadeon.com.br\/portal\/#website","url":"https:\/\/verdadeon.com.br\/portal\/","name":"VerdadeOn","description":"Not\u00edcias di\u00e1rias sobre Franca, Regi\u00e3o, Esporte, Cultura, Cotidiano, Colunas. Cobertura nos principais eventos da cidade \u00e9 aqui - Verdadeon Franca","potentialAction":[{"@type":"SearchAction","target":{"@type":"EntryPoint","urlTemplate":"https:\/\/verdadeon.com.br\/portal\/?s={search_term_string}"},"query-input":{"@type":"PropertyValueSpecification","valueRequired":true,"valueName":"search_term_string"}}],"inLanguage":"pt-BR"},{"@type":"Person","@id":"https:\/\/verdadeon.com.br\/portal\/#\/schema\/person\/cc32be22b8e8599387c480bc83e1d11a","name":"Fernando Lima","image":{"@type":"ImageObject","inLanguage":"pt-BR","@id":"https:\/\/verdadeon.com.br\/portal\/#\/schema\/person\/image\/","url":"https:\/\/secure.gravatar.com\/avatar\/df4c8e132080d2b3a4841d5d232045464e0eed11a1d6e43115ca0843d48768d3?s=96&d=mm&r=g","contentUrl":"https:\/\/secure.gravatar.com\/avatar\/df4c8e132080d2b3a4841d5d232045464e0eed11a1d6e43115ca0843d48768d3?s=96&d=mm&r=g","caption":"Fernando Lima"},"sameAs":["http:\/\/verdadeon.com.br\/"],"url":"https:\/\/verdadeon.com.br\/portal\/author\/fernando-lima\/"}]}},"jetpack_publicize_connections":[],"jetpack_featured_media_url":"","jetpack_sharing_enabled":true,"_links":{"self":[{"href":"https:\/\/verdadeon.com.br\/portal\/wp-json\/wp\/v2\/posts\/22306","targetHints":{"allow":["GET"]}}],"collection":[{"href":"https:\/\/verdadeon.com.br\/portal\/wp-json\/wp\/v2\/posts"}],"about":[{"href":"https:\/\/verdadeon.com.br\/portal\/wp-json\/wp\/v2\/types\/post"}],"author":[{"embeddable":true,"href":"https:\/\/verdadeon.com.br\/portal\/wp-json\/wp\/v2\/users\/7"}],"replies":[{"embeddable":true,"href":"https:\/\/verdadeon.com.br\/portal\/wp-json\/wp\/v2\/comments?post=22306"}],"version-history":[{"count":2,"href":"https:\/\/verdadeon.com.br\/portal\/wp-json\/wp\/v2\/posts\/22306\/revisions"}],"predecessor-version":[{"id":22323,"href":"https:\/\/verdadeon.com.br\/portal\/wp-json\/wp\/v2\/posts\/22306\/revisions\/22323"}],"wp:attachment":[{"href":"https:\/\/verdadeon.com.br\/portal\/wp-json\/wp\/v2\/media?parent=22306"}],"wp:term":[{"taxonomy":"category","embeddable":true,"href":"https:\/\/verdadeon.com.br\/portal\/wp-json\/wp\/v2\/categories?post=22306"},{"taxonomy":"post_tag","embeddable":true,"href":"https:\/\/verdadeon.com.br\/portal\/wp-json\/wp\/v2\/tags?post=22306"}],"curies":[{"name":"wp","href":"https:\/\/api.w.org\/{rel}","templated":true}]}}