{"id":22266,"date":"2022-01-13T17:45:11","date_gmt":"2022-01-13T20:45:11","guid":{"rendered":"https:\/\/verdadeon.com.br\/portal\/?p=22266"},"modified":"2022-01-13T17:45:11","modified_gmt":"2022-01-13T20:45:11","slug":"tres-unidades-basicas-de-saude-passam-a-atender-casos-suspeitos-de-covid-19","status":"publish","type":"post","link":"https:\/\/verdadeon.com.br\/portal\/2022\/01\/13\/tres-unidades-basicas-de-saude-passam-a-atender-casos-suspeitos-de-covid-19\/","title":{"rendered":"Tr\u00eas unidades B\u00e1sicas de Sa\u00fade passam a atender casos suspeitos de Covid-19"},"content":{"rendered":"<h2>Medida foi anunciada nesta quinta-feira pela Prefeitura de Franca, mudan\u00e7as entram em vigor na segunda-feira<\/h2>\n<p>Fernando Lima<\/p>\n<p>A Prefeitura de Franca anunciou na tarde desta quinta-feira (13), que as Unidades B\u00e1sicas de Sa\u00fade do Brasil\u00e2ndia, Jardim Luiza e Santa Clara, passar\u00e3o a atender os casos suspeitos de contamina\u00e7\u00e3o pela Covid-19 e s\u00edndromes gripais. A medida tem como principal objetivo desafogar o grande fluxo de pacientes no Pronto Socorro Doutor \u00c1lvaro Azzuz, na zona norte da cidade. O local tem vivido dias de verdadeiro colapso, com pessoas esperando at\u00e9 oito horas por atendimento, o que tem resultado em moradores deitados no ch\u00e3o e at\u00e9 mesmo na cal\u00e7ada.<\/p>\n<p>As consultas que estavam marcadas nestas unidades ser\u00e3o transferidas para outra UBS mais pr\u00f3xima, sem altera\u00e7\u00e3o da data da consulta.<\/p>\n<p>\u201cEm dezembro t\u00ednhamos uma m\u00e9dia m\u00f3vel de 18 casos por dia, hoje essa mesma m\u00e9dia \u00e9 de 201 casos, e a cada dia ela vem aumentando, o que pode sobrecarregar ainda mais os servi\u00e7os de sa\u00fade da cidade\u201d, justificou o prefeito Alexandre Ferreira.<\/p>\n<p>As unidades que tamb\u00e9m passam a atender casos gripais v\u00e3o funcionar das 7h at\u00e9 \u00e0s 17h, inclusive com testagem de pacientes. &#8220;Ser\u00e3o testados apenas os que tiverem recomenda\u00e7\u00e3o m\u00e9dica, quem tiver com algum sintoma&#8221;, completou Ferreira.<\/p>\n<h4>Vacina\u00e7\u00e3o<\/h4>\n<p>Na mesma coletiva o prefeito explicou que mais de 70 mil pessoas est\u00e3o com pend\u00eancia na vacina\u00e7\u00e3o em Franca. Segundo os dados da Secretaria de Sa\u00fade, 85% do p\u00fablico alvo j\u00e1 tomou a primeira dose, isso quer dizer que cerca de 15% n\u00e3o compareceram, o que representa um universo de 42 mil pessoas.<\/p>\n<p>J\u00e1 para a segunda dose 77% compareceram, outros 21 mil n\u00e3o completaram o esquema vacinal. Quanto a dose refor\u00e7o apenas 25% da popula\u00e7\u00e3o apta a receber compareceu, o que traz preocupa\u00e7\u00e3o para a Secretaria de Sa\u00fade.<\/p>\n","protected":false},"excerpt":{"rendered":"<p>Medida foi anunciada nesta quinta-feira pela Prefeitura de Franca, mudan\u00e7as entram em vigor na segunda-feira Fernando Lima A Prefeitura de Franca anunciou na tarde desta quinta-feira<span class=\"excerpt-hellip\"> [\u2026]<\/span><\/p>\n","protected":false},"author":7,"featured_media":22063,"comment_status":"open","ping_status":"open","sticky":false,"template":"","format":"standard","meta":{"_jetpack_memberships_contains_paid_content":false,"footnotes":"","jetpack_publicize_message":"","jetpack_publicize_feature_enabled":true,"jetpack_social_post_already_shared":false,"jetpack_social_options":{"image_generator_settings":{"template":"highway","default_image_id":0,"enabled":false},"version":2}},"categories":[28,81],"tags":[],"class_list":["post-22266","post","type-post","status-publish","format-standard","has-post-thumbnail","hentry","category-cotidiano","category-manchete"],"yoast_head":"<!-- This site is optimized with the Yoast SEO plugin v25.6 - https:\/\/yoast.com\/wordpress\/plugins\/seo\/ -->\n<title>Tr\u00eas unidades B\u00e1sicas de Sa\u00fade passam a atender casos suspeitos de Covid-19 - VerdadeOn<\/title>\n<meta name=\"robots\" content=\"index, follow, max-snippet:-1, max-image-preview:large, max-video-preview:-1\" \/>\n<link rel=\"canonical\" href=\"https:\/\/verdadeon.com.br\/portal\/2022\/01\/13\/tres-unidades-basicas-de-saude-passam-a-atender-casos-suspeitos-de-covid-19\/\" \/>\n<meta property=\"og:locale\" content=\"pt_BR\" \/>\n<meta property=\"og:type\" content=\"article\" \/>\n<meta property=\"og:title\" content=\"Tr\u00eas unidades B\u00e1sicas de Sa\u00fade passam a atender casos suspeitos de Covid-19 - VerdadeOn\" \/>\n<meta property=\"og:description\" content=\"Medida foi anunciada nesta quinta-feira pela Prefeitura de Franca, mudan\u00e7as entram em vigor na segunda-feira Fernando Lima A Prefeitura de Franca anunciou na tarde desta quinta-feira [\u2026]\" \/>\n<meta property=\"og:url\" content=\"https:\/\/verdadeon.com.br\/portal\/2022\/01\/13\/tres-unidades-basicas-de-saude-passam-a-atender-casos-suspeitos-de-covid-19\/\" \/>\n<meta property=\"og:site_name\" content=\"VerdadeOn\" \/>\n<meta property=\"article:published_time\" content=\"2022-01-13T20:45:11+00:00\" \/>\n<meta property=\"og:image\" content=\"https:\/\/verdadeon.com.br\/portal\/wp-content\/uploads\/2022\/01\/WhatsApp-Image-2022-01-04-at-17.55.16-e1641329798535.jpeg\" \/>\n\t<meta property=\"og:image:width\" content=\"1000\" \/>\n\t<meta property=\"og:image:height\" content=\"672\" \/>\n\t<meta property=\"og:image:type\" content=\"image\/jpeg\" \/>\n<meta name=\"author\" content=\"Fernando Lima\" \/>\n<meta name=\"twitter:card\" content=\"summary_large_image\" \/>\n<meta name=\"twitter:label1\" content=\"Escrito por\" \/>\n\t<meta name=\"twitter:data1\" content=\"Fernando Lima\" \/>\n\t<meta name=\"twitter:label2\" content=\"Est. tempo de leitura\" \/>\n\t<meta name=\"twitter:data2\" content=\"2 minutos\" \/>\n<script type=\"application\/ld+json\" class=\"yoast-schema-graph\">{\"@context\":\"https:\/\/schema.org\",\"@graph\":[{\"@type\":\"WebPage\",\"@id\":\"https:\/\/verdadeon.com.br\/portal\/2022\/01\/13\/tres-unidades-basicas-de-saude-passam-a-atender-casos-suspeitos-de-covid-19\/\",\"url\":\"https:\/\/verdadeon.com.br\/portal\/2022\/01\/13\/tres-unidades-basicas-de-saude-passam-a-atender-casos-suspeitos-de-covid-19\/\",\"name\":\"Tr\u00eas unidades B\u00e1sicas de Sa\u00fade passam a atender casos suspeitos de Covid-19 - VerdadeOn\",\"isPartOf\":{\"@id\":\"https:\/\/verdadeon.com.br\/portal\/#website\"},\"primaryImageOfPage\":{\"@id\":\"https:\/\/verdadeon.com.br\/portal\/2022\/01\/13\/tres-unidades-basicas-de-saude-passam-a-atender-casos-suspeitos-de-covid-19\/#primaryimage\"},\"image\":{\"@id\":\"https:\/\/verdadeon.com.br\/portal\/2022\/01\/13\/tres-unidades-basicas-de-saude-passam-a-atender-casos-suspeitos-de-covid-19\/#primaryimage\"},\"thumbnailUrl\":\"https:\/\/i0.wp.com\/verdadeon.com.br\/portal\/wp-content\/uploads\/2022\/01\/WhatsApp-Image-2022-01-04-at-17.55.16-e1641329798535.jpeg?fit=1000%2C672&ssl=1\",\"datePublished\":\"2022-01-13T20:45:11+00:00\",\"author\":{\"@id\":\"https:\/\/verdadeon.com.br\/portal\/#\/schema\/person\/cc32be22b8e8599387c480bc83e1d11a\"},\"breadcrumb\":{\"@id\":\"https:\/\/verdadeon.com.br\/portal\/2022\/01\/13\/tres-unidades-basicas-de-saude-passam-a-atender-casos-suspeitos-de-covid-19\/#breadcrumb\"},\"inLanguage\":\"pt-BR\",\"potentialAction\":[{\"@type\":\"ReadAction\",\"target\":[\"https:\/\/verdadeon.com.br\/portal\/2022\/01\/13\/tres-unidades-basicas-de-saude-passam-a-atender-casos-suspeitos-de-covid-19\/\"]}]},{\"@type\":\"ImageObject\",\"inLanguage\":\"pt-BR\",\"@id\":\"https:\/\/verdadeon.com.br\/portal\/2022\/01\/13\/tres-unidades-basicas-de-saude-passam-a-atender-casos-suspeitos-de-covid-19\/#primaryimage\",\"url\":\"https:\/\/i0.wp.com\/verdadeon.com.br\/portal\/wp-content\/uploads\/2022\/01\/WhatsApp-Image-2022-01-04-at-17.55.16-e1641329798535.jpeg?fit=1000%2C672&ssl=1\",\"contentUrl\":\"https:\/\/i0.wp.com\/verdadeon.com.br\/portal\/wp-content\/uploads\/2022\/01\/WhatsApp-Image-2022-01-04-at-17.55.16-e1641329798535.jpeg?fit=1000%2C672&ssl=1\",\"width\":1000,\"height\":672,\"caption\":\"P.S. tem vivido dias de grande lota\u00e7\u00e3o, pacientes chegaram a esperar sentados no ch\u00e3o e do lado de fora, expectativa \u00e9 a de que o local sofra uma queda de procura | Foto: Fernando Lima\"},{\"@type\":\"BreadcrumbList\",\"@id\":\"https:\/\/verdadeon.com.br\/portal\/2022\/01\/13\/tres-unidades-basicas-de-saude-passam-a-atender-casos-suspeitos-de-covid-19\/#breadcrumb\",\"itemListElement\":[{\"@type\":\"ListItem\",\"position\":1,\"name\":\"In\u00edcio\",\"item\":\"https:\/\/verdadeon.com.br\/portal\/\"},{\"@type\":\"ListItem\",\"position\":2,\"name\":\"Tr\u00eas unidades B\u00e1sicas de Sa\u00fade passam a atender casos suspeitos de Covid-19\"}]},{\"@type\":\"WebSite\",\"@id\":\"https:\/\/verdadeon.com.br\/portal\/#website\",\"url\":\"https:\/\/verdadeon.com.br\/portal\/\",\"name\":\"VerdadeOn\",\"description\":\"Not\u00edcias di\u00e1rias sobre Franca, Regi\u00e3o, Esporte, Cultura, Cotidiano, Colunas. Cobertura nos principais eventos da cidade \u00e9 aqui - Verdadeon Franca\",\"potentialAction\":[{\"@type\":\"SearchAction\",\"target\":{\"@type\":\"EntryPoint\",\"urlTemplate\":\"https:\/\/verdadeon.com.br\/portal\/?s={search_term_string}\"},\"query-input\":{\"@type\":\"PropertyValueSpecification\",\"valueRequired\":true,\"valueName\":\"search_term_string\"}}],\"inLanguage\":\"pt-BR\"},{\"@type\":\"Person\",\"@id\":\"https:\/\/verdadeon.com.br\/portal\/#\/schema\/person\/cc32be22b8e8599387c480bc83e1d11a\",\"name\":\"Fernando Lima\",\"image\":{\"@type\":\"ImageObject\",\"inLanguage\":\"pt-BR\",\"@id\":\"https:\/\/verdadeon.com.br\/portal\/#\/schema\/person\/image\/\",\"url\":\"https:\/\/secure.gravatar.com\/avatar\/df4c8e132080d2b3a4841d5d232045464e0eed11a1d6e43115ca0843d48768d3?s=96&d=mm&r=g\",\"contentUrl\":\"https:\/\/secure.gravatar.com\/avatar\/df4c8e132080d2b3a4841d5d232045464e0eed11a1d6e43115ca0843d48768d3?s=96&d=mm&r=g\",\"caption\":\"Fernando Lima\"},\"sameAs\":[\"http:\/\/verdadeon.com.br\/\"],\"url\":\"https:\/\/verdadeon.com.br\/portal\/author\/fernando-lima\/\"}]}<\/script>\n<!-- \/ Yoast SEO plugin. -->","yoast_head_json":{"title":"Tr\u00eas unidades B\u00e1sicas de Sa\u00fade passam a atender casos suspeitos de Covid-19 - VerdadeOn","robots":{"index":"index","follow":"follow","max-snippet":"max-snippet:-1","max-image-preview":"max-image-preview:large","max-video-preview":"max-video-preview:-1"},"canonical":"https:\/\/verdadeon.com.br\/portal\/2022\/01\/13\/tres-unidades-basicas-de-saude-passam-a-atender-casos-suspeitos-de-covid-19\/","og_locale":"pt_BR","og_type":"article","og_title":"Tr\u00eas unidades B\u00e1sicas de Sa\u00fade passam a atender casos suspeitos de Covid-19 - VerdadeOn","og_description":"Medida foi anunciada nesta quinta-feira pela Prefeitura de Franca, mudan\u00e7as entram em vigor na segunda-feira Fernando Lima A Prefeitura de Franca anunciou na tarde desta quinta-feira [\u2026]","og_url":"https:\/\/verdadeon.com.br\/portal\/2022\/01\/13\/tres-unidades-basicas-de-saude-passam-a-atender-casos-suspeitos-de-covid-19\/","og_site_name":"VerdadeOn","article_published_time":"2022-01-13T20:45:11+00:00","og_image":[{"width":1000,"height":672,"url":"https:\/\/verdadeon.com.br\/portal\/wp-content\/uploads\/2022\/01\/WhatsApp-Image-2022-01-04-at-17.55.16-e1641329798535.jpeg","type":"image\/jpeg"}],"author":"Fernando Lima","twitter_card":"summary_large_image","twitter_misc":{"Escrito por":"Fernando Lima","Est. tempo de leitura":"2 minutos"},"schema":{"@context":"https:\/\/schema.org","@graph":[{"@type":"WebPage","@id":"https:\/\/verdadeon.com.br\/portal\/2022\/01\/13\/tres-unidades-basicas-de-saude-passam-a-atender-casos-suspeitos-de-covid-19\/","url":"https:\/\/verdadeon.com.br\/portal\/2022\/01\/13\/tres-unidades-basicas-de-saude-passam-a-atender-casos-suspeitos-de-covid-19\/","name":"Tr\u00eas unidades B\u00e1sicas de Sa\u00fade passam a atender casos suspeitos de Covid-19 - VerdadeOn","isPartOf":{"@id":"https:\/\/verdadeon.com.br\/portal\/#website"},"primaryImageOfPage":{"@id":"https:\/\/verdadeon.com.br\/portal\/2022\/01\/13\/tres-unidades-basicas-de-saude-passam-a-atender-casos-suspeitos-de-covid-19\/#primaryimage"},"image":{"@id":"https:\/\/verdadeon.com.br\/portal\/2022\/01\/13\/tres-unidades-basicas-de-saude-passam-a-atender-casos-suspeitos-de-covid-19\/#primaryimage"},"thumbnailUrl":"https:\/\/i0.wp.com\/verdadeon.com.br\/portal\/wp-content\/uploads\/2022\/01\/WhatsApp-Image-2022-01-04-at-17.55.16-e1641329798535.jpeg?fit=1000%2C672&ssl=1","datePublished":"2022-01-13T20:45:11+00:00","author":{"@id":"https:\/\/verdadeon.com.br\/portal\/#\/schema\/person\/cc32be22b8e8599387c480bc83e1d11a"},"breadcrumb":{"@id":"https:\/\/verdadeon.com.br\/portal\/2022\/01\/13\/tres-unidades-basicas-de-saude-passam-a-atender-casos-suspeitos-de-covid-19\/#breadcrumb"},"inLanguage":"pt-BR","potentialAction":[{"@type":"ReadAction","target":["https:\/\/verdadeon.com.br\/portal\/2022\/01\/13\/tres-unidades-basicas-de-saude-passam-a-atender-casos-suspeitos-de-covid-19\/"]}]},{"@type":"ImageObject","inLanguage":"pt-BR","@id":"https:\/\/verdadeon.com.br\/portal\/2022\/01\/13\/tres-unidades-basicas-de-saude-passam-a-atender-casos-suspeitos-de-covid-19\/#primaryimage","url":"https:\/\/i0.wp.com\/verdadeon.com.br\/portal\/wp-content\/uploads\/2022\/01\/WhatsApp-Image-2022-01-04-at-17.55.16-e1641329798535.jpeg?fit=1000%2C672&ssl=1","contentUrl":"https:\/\/i0.wp.com\/verdadeon.com.br\/portal\/wp-content\/uploads\/2022\/01\/WhatsApp-Image-2022-01-04-at-17.55.16-e1641329798535.jpeg?fit=1000%2C672&ssl=1","width":1000,"height":672,"caption":"P.S. tem vivido dias de grande lota\u00e7\u00e3o, pacientes chegaram a esperar sentados no ch\u00e3o e do lado de fora, expectativa \u00e9 a de que o local sofra uma queda de procura | Foto: Fernando Lima"},{"@type":"BreadcrumbList","@id":"https:\/\/verdadeon.com.br\/portal\/2022\/01\/13\/tres-unidades-basicas-de-saude-passam-a-atender-casos-suspeitos-de-covid-19\/#breadcrumb","itemListElement":[{"@type":"ListItem","position":1,"name":"In\u00edcio","item":"https:\/\/verdadeon.com.br\/portal\/"},{"@type":"ListItem","position":2,"name":"Tr\u00eas unidades B\u00e1sicas de Sa\u00fade passam a atender casos suspeitos de Covid-19"}]},{"@type":"WebSite","@id":"https:\/\/verdadeon.com.br\/portal\/#website","url":"https:\/\/verdadeon.com.br\/portal\/","name":"VerdadeOn","description":"Not\u00edcias di\u00e1rias sobre Franca, Regi\u00e3o, Esporte, Cultura, Cotidiano, Colunas. Cobertura nos principais eventos da cidade \u00e9 aqui - Verdadeon Franca","potentialAction":[{"@type":"SearchAction","target":{"@type":"EntryPoint","urlTemplate":"https:\/\/verdadeon.com.br\/portal\/?s={search_term_string}"},"query-input":{"@type":"PropertyValueSpecification","valueRequired":true,"valueName":"search_term_string"}}],"inLanguage":"pt-BR"},{"@type":"Person","@id":"https:\/\/verdadeon.com.br\/portal\/#\/schema\/person\/cc32be22b8e8599387c480bc83e1d11a","name":"Fernando Lima","image":{"@type":"ImageObject","inLanguage":"pt-BR","@id":"https:\/\/verdadeon.com.br\/portal\/#\/schema\/person\/image\/","url":"https:\/\/secure.gravatar.com\/avatar\/df4c8e132080d2b3a4841d5d232045464e0eed11a1d6e43115ca0843d48768d3?s=96&d=mm&r=g","contentUrl":"https:\/\/secure.gravatar.com\/avatar\/df4c8e132080d2b3a4841d5d232045464e0eed11a1d6e43115ca0843d48768d3?s=96&d=mm&r=g","caption":"Fernando Lima"},"sameAs":["http:\/\/verdadeon.com.br\/"],"url":"https:\/\/verdadeon.com.br\/portal\/author\/fernando-lima\/"}]}},"jetpack_publicize_connections":[],"jetpack_featured_media_url":"https:\/\/i0.wp.com\/verdadeon.com.br\/portal\/wp-content\/uploads\/2022\/01\/WhatsApp-Image-2022-01-04-at-17.55.16-e1641329798535.jpeg?fit=1000%2C672&ssl=1","jetpack_sharing_enabled":true,"_links":{"self":[{"href":"https:\/\/verdadeon.com.br\/portal\/wp-json\/wp\/v2\/posts\/22266","targetHints":{"allow":["GET"]}}],"collection":[{"href":"https:\/\/verdadeon.com.br\/portal\/wp-json\/wp\/v2\/posts"}],"about":[{"href":"https:\/\/verdadeon.com.br\/portal\/wp-json\/wp\/v2\/types\/post"}],"author":[{"embeddable":true,"href":"https:\/\/verdadeon.com.br\/portal\/wp-json\/wp\/v2\/users\/7"}],"replies":[{"embeddable":true,"href":"https:\/\/verdadeon.com.br\/portal\/wp-json\/wp\/v2\/comments?post=22266"}],"version-history":[{"count":1,"href":"https:\/\/verdadeon.com.br\/portal\/wp-json\/wp\/v2\/posts\/22266\/revisions"}],"predecessor-version":[{"id":22267,"href":"https:\/\/verdadeon.com.br\/portal\/wp-json\/wp\/v2\/posts\/22266\/revisions\/22267"}],"wp:featuredmedia":[{"embeddable":true,"href":"https:\/\/verdadeon.com.br\/portal\/wp-json\/wp\/v2\/media\/22063"}],"wp:attachment":[{"href":"https:\/\/verdadeon.com.br\/portal\/wp-json\/wp\/v2\/media?parent=22266"}],"wp:term":[{"taxonomy":"category","embeddable":true,"href":"https:\/\/verdadeon.com.br\/portal\/wp-json\/wp\/v2\/categories?post=22266"},{"taxonomy":"post_tag","embeddable":true,"href":"https:\/\/verdadeon.com.br\/portal\/wp-json\/wp\/v2\/tags?post=22266"}],"curies":[{"name":"wp","href":"https:\/\/api.w.org\/{rel}","templated":true}]}}