{"id":22240,"date":"2022-01-12T18:19:57","date_gmt":"2022-01-12T21:19:57","guid":{"rendered":"https:\/\/verdadeon.com.br\/portal\/?p=22240"},"modified":"2022-01-12T18:19:57","modified_gmt":"2022-01-12T21:19:57","slug":"nao-deu-francana-e-eliminada-pelo-fluminense-na-copinha-2022","status":"publish","type":"post","link":"https:\/\/verdadeon.com.br\/portal\/2022\/01\/12\/nao-deu-francana-e-eliminada-pelo-fluminense-na-copinha-2022\/","title":{"rendered":"N\u00e3o deu! Francana \u00e9 eliminada pelo Fluminense na Copinha 2022"},"content":{"rendered":"<h2>No segundo tempo os francanos chegaram a tentar uma rea\u00e7\u00e3o, mas foram parados pelos cariocas<\/h2>\n<p>Por 3 a 1 o Fluminense derrotou a Francana e garantiu a vaga para a pr\u00f3xima fase da Copinha de 2022. A partida aconteceu na cidade de Mat\u00e3o, na regi\u00e3o de Araraquara. John Kennedy foi o autor de dois gols al\u00e9m de ter dado assist\u00eancia para o terceiro, feito por Matheus Martins.\u00a0O gol de honra da Veterana foi feito por Vitor Mendon\u00e7a.<\/p>\n<p>O primeiro gol do time carioca saiu logo no come\u00e7o da partida, aos sete minutos, o lance teve in\u00edcio com lan\u00e7amento de Marcos Pedro, John Kennedy aproveitou e finalizou de primeira no cantinho, sem dar chances ao goleiro da Francana. At\u00e9 o final do primeiro tempo o Fluminense perdeu diversas chances de ampliar o placar, que terminou em 1 a 0 nos primeiros 45 minutos.<\/p>\n<p>Na volta ao campo, os advers\u00e1rio aproveitaram melhor as chances, e aos oito minutos\u00a0John Kennedy empurrou para o gol ap\u00f3s cobran\u00e7a de Matheus Martins.<\/p>\n<p>A Francana come\u00e7ou a ganhar espa\u00e7o, e aos 14 minutos uma jogada de lateral levou a bola at\u00e9 os p\u00e9s de Vitor Mendon\u00e7a, que caprichou e diminuiu a diferen\u00e7a, 2 a 1. Por\u00e9m 10 minutos depois o Fluminense conseguiu ampliar a diferen\u00e7a abrindo 3 a 1, com gol de Victor Mendon\u00e7a, que aproveitou lance que teve in\u00edcio com Thiago Gon\u00e7alves.<\/p>\n<p>O restante da partida foi sem grandes chances dos dois lados, e ap\u00f3s quatro minutos de acr\u00e9scimos, a partida foi encerrada. A Veterana volta pra Franca na mesma fase em que voltou em 2020, na \u00faltima Copinha disputada.<\/p>\n<p>A campanha do time em 2022 foi positiva, na primeira fase com jogos disputados no Lanch\u00e3o, os francanos fizeram o dever de casa, a primeira partida contra a Ponte Preta terminou em empate, 1 a 1, j\u00e1 no segundo confronto contra o Confian\u00e7a garantiu a vit\u00f3ria por 2 a 0.<\/p>\n<h4>Basquete<\/h4>\n<p>Ainda no setor de esportes, o Sesi Franca Basquete informou nesta quarta-feira (12), que o atleta Lucas Mariano testou positivo para COVID-19 ap\u00f3s o jogo contra o S\u00e3o Paulo. O piv\u00f4, assim como todo o elenco, ser\u00e1 submetido a novos testes para verificar a possibilidade de atuar na primeira partida da Copa Super 8, que acontece no domingo, \u00e0s 12 horas, no Gin\u00e1sio Pedroc\u00e3o.<\/p>\n<p>Ainda de acordo com o comunicado, Lucas est\u00e1 com sintomas leves e em isolamento.<\/p>\n","protected":false},"excerpt":{"rendered":"<p>No segundo tempo os francanos chegaram a tentar uma rea\u00e7\u00e3o, mas foram parados pelos cariocas Por 3 a 1 o Fluminense derrotou a Francana e garantiu<span class=\"excerpt-hellip\"> [\u2026]<\/span><\/p>\n","protected":false},"author":7,"featured_media":22243,"comment_status":"open","ping_status":"open","sticky":false,"template":"","format":"standard","meta":{"_jetpack_memberships_contains_paid_content":false,"footnotes":"","jetpack_publicize_message":"","jetpack_publicize_feature_enabled":true,"jetpack_social_post_already_shared":false,"jetpack_social_options":{"image_generator_settings":{"template":"highway","default_image_id":0,"enabled":false},"version":2}},"categories":[28,81],"tags":[],"class_list":["post-22240","post","type-post","status-publish","format-standard","has-post-thumbnail","hentry","category-cotidiano","category-manchete"],"yoast_head":"<!-- This site is optimized with the Yoast SEO plugin v25.6 - https:\/\/yoast.com\/wordpress\/plugins\/seo\/ -->\n<title>N\u00e3o deu! Francana \u00e9 eliminada pelo Fluminense na Copinha 2022 - VerdadeOn<\/title>\n<meta name=\"robots\" content=\"index, follow, max-snippet:-1, max-image-preview:large, max-video-preview:-1\" \/>\n<link rel=\"canonical\" href=\"https:\/\/verdadeon.com.br\/portal\/2022\/01\/12\/nao-deu-francana-e-eliminada-pelo-fluminense-na-copinha-2022\/\" \/>\n<meta property=\"og:locale\" content=\"pt_BR\" \/>\n<meta property=\"og:type\" content=\"article\" \/>\n<meta property=\"og:title\" content=\"N\u00e3o deu! Francana \u00e9 eliminada pelo Fluminense na Copinha 2022 - VerdadeOn\" \/>\n<meta property=\"og:description\" content=\"No segundo tempo os francanos chegaram a tentar uma rea\u00e7\u00e3o, mas foram parados pelos cariocas Por 3 a 1 o Fluminense derrotou a Francana e garantiu [\u2026]\" \/>\n<meta property=\"og:url\" content=\"https:\/\/verdadeon.com.br\/portal\/2022\/01\/12\/nao-deu-francana-e-eliminada-pelo-fluminense-na-copinha-2022\/\" \/>\n<meta property=\"og:site_name\" content=\"VerdadeOn\" \/>\n<meta property=\"article:published_time\" content=\"2022-01-12T21:19:57+00:00\" \/>\n<meta property=\"og:image\" content=\"https:\/\/verdadeon.com.br\/portal\/wp-content\/uploads\/2022\/01\/WhatsApp-Image-2022-01-12-at-18.16.37.jpeg\" \/>\n\t<meta property=\"og:image:width\" content=\"1000\" \/>\n\t<meta property=\"og:image:height\" content=\"670\" \/>\n\t<meta property=\"og:image:type\" content=\"image\/jpeg\" \/>\n<meta name=\"author\" content=\"Fernando Lima\" \/>\n<meta name=\"twitter:card\" content=\"summary_large_image\" \/>\n<meta name=\"twitter:label1\" content=\"Escrito por\" \/>\n\t<meta name=\"twitter:data1\" content=\"Fernando Lima\" \/>\n\t<meta name=\"twitter:label2\" content=\"Est. tempo de leitura\" \/>\n\t<meta name=\"twitter:data2\" content=\"3 minutos\" \/>\n<script type=\"application\/ld+json\" class=\"yoast-schema-graph\">{\"@context\":\"https:\/\/schema.org\",\"@graph\":[{\"@type\":\"WebPage\",\"@id\":\"https:\/\/verdadeon.com.br\/portal\/2022\/01\/12\/nao-deu-francana-e-eliminada-pelo-fluminense-na-copinha-2022\/\",\"url\":\"https:\/\/verdadeon.com.br\/portal\/2022\/01\/12\/nao-deu-francana-e-eliminada-pelo-fluminense-na-copinha-2022\/\",\"name\":\"N\u00e3o deu! Francana \u00e9 eliminada pelo Fluminense na Copinha 2022 - VerdadeOn\",\"isPartOf\":{\"@id\":\"https:\/\/verdadeon.com.br\/portal\/#website\"},\"primaryImageOfPage\":{\"@id\":\"https:\/\/verdadeon.com.br\/portal\/2022\/01\/12\/nao-deu-francana-e-eliminada-pelo-fluminense-na-copinha-2022\/#primaryimage\"},\"image\":{\"@id\":\"https:\/\/verdadeon.com.br\/portal\/2022\/01\/12\/nao-deu-francana-e-eliminada-pelo-fluminense-na-copinha-2022\/#primaryimage\"},\"thumbnailUrl\":\"https:\/\/i0.wp.com\/verdadeon.com.br\/portal\/wp-content\/uploads\/2022\/01\/WhatsApp-Image-2022-01-12-at-18.16.37.jpeg?fit=1000%2C670&ssl=1\",\"datePublished\":\"2022-01-12T21:19:57+00:00\",\"author\":{\"@id\":\"https:\/\/verdadeon.com.br\/portal\/#\/schema\/person\/cc32be22b8e8599387c480bc83e1d11a\"},\"breadcrumb\":{\"@id\":\"https:\/\/verdadeon.com.br\/portal\/2022\/01\/12\/nao-deu-francana-e-eliminada-pelo-fluminense-na-copinha-2022\/#breadcrumb\"},\"inLanguage\":\"pt-BR\",\"potentialAction\":[{\"@type\":\"ReadAction\",\"target\":[\"https:\/\/verdadeon.com.br\/portal\/2022\/01\/12\/nao-deu-francana-e-eliminada-pelo-fluminense-na-copinha-2022\/\"]}]},{\"@type\":\"ImageObject\",\"inLanguage\":\"pt-BR\",\"@id\":\"https:\/\/verdadeon.com.br\/portal\/2022\/01\/12\/nao-deu-francana-e-eliminada-pelo-fluminense-na-copinha-2022\/#primaryimage\",\"url\":\"https:\/\/i0.wp.com\/verdadeon.com.br\/portal\/wp-content\/uploads\/2022\/01\/WhatsApp-Image-2022-01-12-at-18.16.37.jpeg?fit=1000%2C670&ssl=1\",\"contentUrl\":\"https:\/\/i0.wp.com\/verdadeon.com.br\/portal\/wp-content\/uploads\/2022\/01\/WhatsApp-Image-2022-01-12-at-18.16.37.jpeg?fit=1000%2C670&ssl=1\",\"width\":1000,\"height\":670,\"caption\":\"A partida foi realizada na cidade de Mat\u00e3o, na regi\u00e3o de Araraquara. Francana n\u00e3o conseguiu segurar ataque ofensivo do Fluminense, e foi eliminada da competi\u00e7\u00e3o | Foto: Lukas Porto\"},{\"@type\":\"BreadcrumbList\",\"@id\":\"https:\/\/verdadeon.com.br\/portal\/2022\/01\/12\/nao-deu-francana-e-eliminada-pelo-fluminense-na-copinha-2022\/#breadcrumb\",\"itemListElement\":[{\"@type\":\"ListItem\",\"position\":1,\"name\":\"In\u00edcio\",\"item\":\"https:\/\/verdadeon.com.br\/portal\/\"},{\"@type\":\"ListItem\",\"position\":2,\"name\":\"N\u00e3o deu! Francana \u00e9 eliminada pelo Fluminense na Copinha 2022\"}]},{\"@type\":\"WebSite\",\"@id\":\"https:\/\/verdadeon.com.br\/portal\/#website\",\"url\":\"https:\/\/verdadeon.com.br\/portal\/\",\"name\":\"VerdadeOn\",\"description\":\"Not\u00edcias di\u00e1rias sobre Franca, Regi\u00e3o, Esporte, Cultura, Cotidiano, Colunas. Cobertura nos principais eventos da cidade \u00e9 aqui - Verdadeon Franca\",\"potentialAction\":[{\"@type\":\"SearchAction\",\"target\":{\"@type\":\"EntryPoint\",\"urlTemplate\":\"https:\/\/verdadeon.com.br\/portal\/?s={search_term_string}\"},\"query-input\":{\"@type\":\"PropertyValueSpecification\",\"valueRequired\":true,\"valueName\":\"search_term_string\"}}],\"inLanguage\":\"pt-BR\"},{\"@type\":\"Person\",\"@id\":\"https:\/\/verdadeon.com.br\/portal\/#\/schema\/person\/cc32be22b8e8599387c480bc83e1d11a\",\"name\":\"Fernando Lima\",\"image\":{\"@type\":\"ImageObject\",\"inLanguage\":\"pt-BR\",\"@id\":\"https:\/\/verdadeon.com.br\/portal\/#\/schema\/person\/image\/\",\"url\":\"https:\/\/secure.gravatar.com\/avatar\/df4c8e132080d2b3a4841d5d232045464e0eed11a1d6e43115ca0843d48768d3?s=96&d=mm&r=g\",\"contentUrl\":\"https:\/\/secure.gravatar.com\/avatar\/df4c8e132080d2b3a4841d5d232045464e0eed11a1d6e43115ca0843d48768d3?s=96&d=mm&r=g\",\"caption\":\"Fernando Lima\"},\"sameAs\":[\"http:\/\/verdadeon.com.br\/\"],\"url\":\"https:\/\/verdadeon.com.br\/portal\/author\/fernando-lima\/\"}]}<\/script>\n<!-- \/ Yoast SEO plugin. -->","yoast_head_json":{"title":"N\u00e3o deu! Francana \u00e9 eliminada pelo Fluminense na Copinha 2022 - VerdadeOn","robots":{"index":"index","follow":"follow","max-snippet":"max-snippet:-1","max-image-preview":"max-image-preview:large","max-video-preview":"max-video-preview:-1"},"canonical":"https:\/\/verdadeon.com.br\/portal\/2022\/01\/12\/nao-deu-francana-e-eliminada-pelo-fluminense-na-copinha-2022\/","og_locale":"pt_BR","og_type":"article","og_title":"N\u00e3o deu! Francana \u00e9 eliminada pelo Fluminense na Copinha 2022 - VerdadeOn","og_description":"No segundo tempo os francanos chegaram a tentar uma rea\u00e7\u00e3o, mas foram parados pelos cariocas Por 3 a 1 o Fluminense derrotou a Francana e garantiu [\u2026]","og_url":"https:\/\/verdadeon.com.br\/portal\/2022\/01\/12\/nao-deu-francana-e-eliminada-pelo-fluminense-na-copinha-2022\/","og_site_name":"VerdadeOn","article_published_time":"2022-01-12T21:19:57+00:00","og_image":[{"width":1000,"height":670,"url":"https:\/\/verdadeon.com.br\/portal\/wp-content\/uploads\/2022\/01\/WhatsApp-Image-2022-01-12-at-18.16.37.jpeg","type":"image\/jpeg"}],"author":"Fernando Lima","twitter_card":"summary_large_image","twitter_misc":{"Escrito por":"Fernando Lima","Est. tempo de leitura":"3 minutos"},"schema":{"@context":"https:\/\/schema.org","@graph":[{"@type":"WebPage","@id":"https:\/\/verdadeon.com.br\/portal\/2022\/01\/12\/nao-deu-francana-e-eliminada-pelo-fluminense-na-copinha-2022\/","url":"https:\/\/verdadeon.com.br\/portal\/2022\/01\/12\/nao-deu-francana-e-eliminada-pelo-fluminense-na-copinha-2022\/","name":"N\u00e3o deu! Francana \u00e9 eliminada pelo Fluminense na Copinha 2022 - VerdadeOn","isPartOf":{"@id":"https:\/\/verdadeon.com.br\/portal\/#website"},"primaryImageOfPage":{"@id":"https:\/\/verdadeon.com.br\/portal\/2022\/01\/12\/nao-deu-francana-e-eliminada-pelo-fluminense-na-copinha-2022\/#primaryimage"},"image":{"@id":"https:\/\/verdadeon.com.br\/portal\/2022\/01\/12\/nao-deu-francana-e-eliminada-pelo-fluminense-na-copinha-2022\/#primaryimage"},"thumbnailUrl":"https:\/\/i0.wp.com\/verdadeon.com.br\/portal\/wp-content\/uploads\/2022\/01\/WhatsApp-Image-2022-01-12-at-18.16.37.jpeg?fit=1000%2C670&ssl=1","datePublished":"2022-01-12T21:19:57+00:00","author":{"@id":"https:\/\/verdadeon.com.br\/portal\/#\/schema\/person\/cc32be22b8e8599387c480bc83e1d11a"},"breadcrumb":{"@id":"https:\/\/verdadeon.com.br\/portal\/2022\/01\/12\/nao-deu-francana-e-eliminada-pelo-fluminense-na-copinha-2022\/#breadcrumb"},"inLanguage":"pt-BR","potentialAction":[{"@type":"ReadAction","target":["https:\/\/verdadeon.com.br\/portal\/2022\/01\/12\/nao-deu-francana-e-eliminada-pelo-fluminense-na-copinha-2022\/"]}]},{"@type":"ImageObject","inLanguage":"pt-BR","@id":"https:\/\/verdadeon.com.br\/portal\/2022\/01\/12\/nao-deu-francana-e-eliminada-pelo-fluminense-na-copinha-2022\/#primaryimage","url":"https:\/\/i0.wp.com\/verdadeon.com.br\/portal\/wp-content\/uploads\/2022\/01\/WhatsApp-Image-2022-01-12-at-18.16.37.jpeg?fit=1000%2C670&ssl=1","contentUrl":"https:\/\/i0.wp.com\/verdadeon.com.br\/portal\/wp-content\/uploads\/2022\/01\/WhatsApp-Image-2022-01-12-at-18.16.37.jpeg?fit=1000%2C670&ssl=1","width":1000,"height":670,"caption":"A partida foi realizada na cidade de Mat\u00e3o, na regi\u00e3o de Araraquara. Francana n\u00e3o conseguiu segurar ataque ofensivo do Fluminense, e foi eliminada da competi\u00e7\u00e3o | Foto: Lukas Porto"},{"@type":"BreadcrumbList","@id":"https:\/\/verdadeon.com.br\/portal\/2022\/01\/12\/nao-deu-francana-e-eliminada-pelo-fluminense-na-copinha-2022\/#breadcrumb","itemListElement":[{"@type":"ListItem","position":1,"name":"In\u00edcio","item":"https:\/\/verdadeon.com.br\/portal\/"},{"@type":"ListItem","position":2,"name":"N\u00e3o deu! Francana \u00e9 eliminada pelo Fluminense na Copinha 2022"}]},{"@type":"WebSite","@id":"https:\/\/verdadeon.com.br\/portal\/#website","url":"https:\/\/verdadeon.com.br\/portal\/","name":"VerdadeOn","description":"Not\u00edcias di\u00e1rias sobre Franca, Regi\u00e3o, Esporte, Cultura, Cotidiano, Colunas. Cobertura nos principais eventos da cidade \u00e9 aqui - Verdadeon Franca","potentialAction":[{"@type":"SearchAction","target":{"@type":"EntryPoint","urlTemplate":"https:\/\/verdadeon.com.br\/portal\/?s={search_term_string}"},"query-input":{"@type":"PropertyValueSpecification","valueRequired":true,"valueName":"search_term_string"}}],"inLanguage":"pt-BR"},{"@type":"Person","@id":"https:\/\/verdadeon.com.br\/portal\/#\/schema\/person\/cc32be22b8e8599387c480bc83e1d11a","name":"Fernando Lima","image":{"@type":"ImageObject","inLanguage":"pt-BR","@id":"https:\/\/verdadeon.com.br\/portal\/#\/schema\/person\/image\/","url":"https:\/\/secure.gravatar.com\/avatar\/df4c8e132080d2b3a4841d5d232045464e0eed11a1d6e43115ca0843d48768d3?s=96&d=mm&r=g","contentUrl":"https:\/\/secure.gravatar.com\/avatar\/df4c8e132080d2b3a4841d5d232045464e0eed11a1d6e43115ca0843d48768d3?s=96&d=mm&r=g","caption":"Fernando Lima"},"sameAs":["http:\/\/verdadeon.com.br\/"],"url":"https:\/\/verdadeon.com.br\/portal\/author\/fernando-lima\/"}]}},"jetpack_publicize_connections":[],"jetpack_featured_media_url":"https:\/\/i0.wp.com\/verdadeon.com.br\/portal\/wp-content\/uploads\/2022\/01\/WhatsApp-Image-2022-01-12-at-18.16.37.jpeg?fit=1000%2C670&ssl=1","jetpack_sharing_enabled":true,"_links":{"self":[{"href":"https:\/\/verdadeon.com.br\/portal\/wp-json\/wp\/v2\/posts\/22240","targetHints":{"allow":["GET"]}}],"collection":[{"href":"https:\/\/verdadeon.com.br\/portal\/wp-json\/wp\/v2\/posts"}],"about":[{"href":"https:\/\/verdadeon.com.br\/portal\/wp-json\/wp\/v2\/types\/post"}],"author":[{"embeddable":true,"href":"https:\/\/verdadeon.com.br\/portal\/wp-json\/wp\/v2\/users\/7"}],"replies":[{"embeddable":true,"href":"https:\/\/verdadeon.com.br\/portal\/wp-json\/wp\/v2\/comments?post=22240"}],"version-history":[{"count":1,"href":"https:\/\/verdadeon.com.br\/portal\/wp-json\/wp\/v2\/posts\/22240\/revisions"}],"predecessor-version":[{"id":22244,"href":"https:\/\/verdadeon.com.br\/portal\/wp-json\/wp\/v2\/posts\/22240\/revisions\/22244"}],"wp:featuredmedia":[{"embeddable":true,"href":"https:\/\/verdadeon.com.br\/portal\/wp-json\/wp\/v2\/media\/22243"}],"wp:attachment":[{"href":"https:\/\/verdadeon.com.br\/portal\/wp-json\/wp\/v2\/media?parent=22240"}],"wp:term":[{"taxonomy":"category","embeddable":true,"href":"https:\/\/verdadeon.com.br\/portal\/wp-json\/wp\/v2\/categories?post=22240"},{"taxonomy":"post_tag","embeddable":true,"href":"https:\/\/verdadeon.com.br\/portal\/wp-json\/wp\/v2\/tags?post=22240"}],"curies":[{"name":"wp","href":"https:\/\/api.w.org\/{rel}","templated":true}]}}