{"id":22236,"date":"2022-01-12T17:12:55","date_gmt":"2022-01-12T20:12:55","guid":{"rendered":"https:\/\/verdadeon.com.br\/portal\/?p=22236"},"modified":"2022-01-12T17:12:55","modified_gmt":"2022-01-12T20:12:55","slug":"pre-cadastro-de-criancas-para-vacina-contra-a-covid-19-e-aberto-em-sao-paulo","status":"publish","type":"post","link":"https:\/\/verdadeon.com.br\/portal\/2022\/01\/12\/pre-cadastro-de-criancas-para-vacina-contra-a-covid-19-e-aberto-em-sao-paulo\/","title":{"rendered":"Pr\u00e9-cadastro de crian\u00e7as para vacina contra a Covid-19 \u00e9 aberto em S\u00e3o Paulo"},"content":{"rendered":"<h2>O mesmo \u00e9 feito atrav\u00e9s de preenchimento do formul\u00e1rio online, garantindo agilidade no momento da imuniza\u00e7\u00e3o<\/h2>\n<p>J\u00e1 est\u00e1 dispon\u00edvel o pr\u00e9-cadastro para vacina\u00e7\u00e3o do p\u00fablico infantil, na faixa et\u00e1ria de 5 a 11 anos, contra COVID-19 em S\u00e3o Paulo. Pais e respons\u00e1veis podem realizar a partir desta quarta-feira (12), o cadastramento no site \u201cVacina J\u00e1\u201d. A estimativa \u00e9 de que 4,3 milh\u00f5es de crian\u00e7as comecem a ser vacinadas assim que as doses forem liberadas pelo Minist\u00e9rio da Sa\u00fade.<\/p>\n<p>&#8220;Temos 4,3 milh\u00f5es de crian\u00e7as nessa faixa et\u00e1ria para serem atendidas pelo programa estadual de imuniza\u00e7\u00e3o. J\u00e1 imprimimos e distribu\u00edmos 4,5 milh\u00f5es de carteirinhas de vacina\u00e7\u00e3o para esse p\u00fablico. Al\u00e9m disso, preparamos e treinamos os profissionais que far\u00e3o a log\u00edstica dos mais de 5 mil pontos de vacina\u00e7\u00e3o, al\u00e9m de 268 escolas p\u00fablicas estaduais que tamb\u00e9m estar\u00e3o presentes na imuniza\u00e7\u00e3o de crian\u00e7as entre 5 e 11 anos&#8221;, disse Jo\u00e3o Doria.<\/p>\n<p>O pr\u00e9-cadastro \u00e9 opcional e n\u00e3o \u00e9 um agendamento, mas agiliza o atendimento nos locais de imuniza\u00e7\u00e3o, evitando filas e aglomera\u00e7\u00f5es. Para cadastrar os filhos, os pais ou respons\u00e1veis devem acessar o link clicar no bot\u00e3o &#8220;Crian\u00e7as at\u00e9 11 anos&#8221; e preencher o formul\u00e1rio online.<\/p>\n<p>Caso n\u00e3o consigam realizar o pr\u00e9-cadastro, os pais n\u00e3o precisam se preocupar, pois a vacina\u00e7\u00e3o tamb\u00e9m ser\u00e1 feita mesmo sem ele, com realiza\u00e7\u00e3o do cadastro completo presencialmente na unidade de vacina\u00e7\u00e3o. A prioridade da imuniza\u00e7\u00e3o ser\u00e1 para crian\u00e7as com comorbidades.<\/p>\n<p>&#8220;Estamos prontos para iniciar a campanha de vacina\u00e7\u00e3o do p\u00fablico infantil desde o dia 16 de dezembro. Toda log\u00edstica est\u00e1 organizada, as carteirinhas, seringas e outros materiais j\u00e1 foram distribu\u00eddos para in\u00edcio da imuniza\u00e7\u00e3o de crian\u00e7as entre 5 e 11 anos, com prioridade para as crian\u00e7as com comorbidades. Aguardamos o envio do Minist\u00e9rio da Sa\u00fade, previsto para o dia 13 de janeiro, para 24 horas depois distribuirmos as doses dos imunizantes&#8221;, afirmou a coordenadora do Plano Estadual de Imuniza\u00e7\u00e3o (PEI), Regiane de Paula.<\/p>\n<p>A expectativa do Governo de S\u00e3o Paulo \u00e9 vacinar as 4,3 milh\u00f5es de crian\u00e7as com idades entre 5 e 11 anos no per\u00edodo de tr\u00eas semanas. A capacidade da vacina\u00e7\u00e3o infantil em S\u00e3o Paulo \u00e9 de cerca de 250 mil crian\u00e7as por dia, al\u00e9m dos jovens e adultos que j\u00e1 v\u00eam sendo imunizados nos 645 munic\u00edpios contra a Covid-19.<\/p>\n<h4>Testes<\/h4>\n<p>O estado comprou mais de 2 milh\u00f5es de testes r\u00e1pidos de ant\u00edgenos para COVID-19, eles ser\u00e3o disponibilizados at\u00e9 fevereiro aos munic\u00edpios do Estado. A medida visa ampliar as pol\u00edticas de testagens e o monitoramento de casos de coronav\u00edrus.<\/p>\n<p>\u201cS\u00e3o Paulo liberou R$ 12 milh\u00f5es para a aquisi\u00e7\u00e3o de mais 2 milh\u00f5es de testes r\u00e1pidos que estar\u00e3o dispon\u00edveis na rede at\u00e9 fevereiro. Os testes funcionam como uma b\u00fassola para diagn\u00f3stico r\u00e1pido e a\u00e7\u00e3o efetiva para controle da doen\u00e7a\u201d, disse Jo\u00e3o Doria.<\/p>\n<p>Os testes t\u00eam grau de efetividade de 98% e o resultado sai em 15 minutos. Com investimentos de R$ 12 milh\u00f5es pela Secretaria da Sa\u00fade, os testes ser\u00e3o distribu\u00eddos para os 645 munic\u00edpios de acordo com pactua\u00e7\u00e3o com o Conselho de Secret\u00e1rios Municipais de Sa\u00fade de S\u00e3o Paulo (Cosems).<\/p>\n","protected":false},"excerpt":{"rendered":"<p>O mesmo \u00e9 feito atrav\u00e9s de preenchimento do formul\u00e1rio online, garantindo agilidade no momento da imuniza\u00e7\u00e3o J\u00e1 est\u00e1 dispon\u00edvel o pr\u00e9-cadastro para vacina\u00e7\u00e3o do p\u00fablico infantil,<span class=\"excerpt-hellip\"> [\u2026]<\/span><\/p>\n","protected":false},"author":7,"featured_media":22237,"comment_status":"open","ping_status":"open","sticky":false,"template":"","format":"standard","meta":{"_jetpack_memberships_contains_paid_content":false,"footnotes":"","jetpack_publicize_message":"","jetpack_publicize_feature_enabled":true,"jetpack_social_post_already_shared":false,"jetpack_social_options":{"image_generator_settings":{"template":"highway","default_image_id":0,"enabled":false},"version":2}},"categories":[28,44],"tags":[],"class_list":["post-22236","post","type-post","status-publish","format-standard","has-post-thumbnail","hentry","category-cotidiano","category-noticias"],"yoast_head":"<!-- This site is optimized with the Yoast SEO plugin v25.6 - https:\/\/yoast.com\/wordpress\/plugins\/seo\/ -->\n<title>Pr\u00e9-cadastro de crian\u00e7as para vacina contra a Covid-19 \u00e9 aberto em S\u00e3o Paulo - VerdadeOn<\/title>\n<meta name=\"robots\" content=\"index, follow, max-snippet:-1, max-image-preview:large, max-video-preview:-1\" \/>\n<link rel=\"canonical\" href=\"https:\/\/verdadeon.com.br\/portal\/2022\/01\/12\/pre-cadastro-de-criancas-para-vacina-contra-a-covid-19-e-aberto-em-sao-paulo\/\" \/>\n<meta property=\"og:locale\" content=\"pt_BR\" \/>\n<meta property=\"og:type\" content=\"article\" \/>\n<meta property=\"og:title\" content=\"Pr\u00e9-cadastro de crian\u00e7as para vacina contra a Covid-19 \u00e9 aberto em S\u00e3o Paulo - VerdadeOn\" \/>\n<meta property=\"og:description\" content=\"O mesmo \u00e9 feito atrav\u00e9s de preenchimento do formul\u00e1rio online, garantindo agilidade no momento da imuniza\u00e7\u00e3o J\u00e1 est\u00e1 dispon\u00edvel o pr\u00e9-cadastro para vacina\u00e7\u00e3o do p\u00fablico infantil, [\u2026]\" \/>\n<meta property=\"og:url\" content=\"https:\/\/verdadeon.com.br\/portal\/2022\/01\/12\/pre-cadastro-de-criancas-para-vacina-contra-a-covid-19-e-aberto-em-sao-paulo\/\" \/>\n<meta property=\"og:site_name\" content=\"VerdadeOn\" \/>\n<meta property=\"article:published_time\" content=\"2022-01-12T20:12:55+00:00\" \/>\n<meta property=\"og:image\" content=\"https:\/\/verdadeon.com.br\/portal\/wp-content\/uploads\/2022\/01\/VACINA-CRIANCAS-e1642018016361.jpg\" \/>\n\t<meta property=\"og:image:width\" content=\"1000\" \/>\n\t<meta property=\"og:image:height\" content=\"669\" \/>\n\t<meta property=\"og:image:type\" content=\"image\/jpeg\" \/>\n<meta name=\"author\" content=\"Fernando Lima\" \/>\n<meta name=\"twitter:card\" content=\"summary_large_image\" \/>\n<meta name=\"twitter:label1\" content=\"Escrito por\" \/>\n\t<meta name=\"twitter:data1\" content=\"Fernando Lima\" \/>\n\t<meta name=\"twitter:label2\" content=\"Est. tempo de leitura\" \/>\n\t<meta name=\"twitter:data2\" content=\"3 minutos\" \/>\n<script type=\"application\/ld+json\" class=\"yoast-schema-graph\">{\"@context\":\"https:\/\/schema.org\",\"@graph\":[{\"@type\":\"WebPage\",\"@id\":\"https:\/\/verdadeon.com.br\/portal\/2022\/01\/12\/pre-cadastro-de-criancas-para-vacina-contra-a-covid-19-e-aberto-em-sao-paulo\/\",\"url\":\"https:\/\/verdadeon.com.br\/portal\/2022\/01\/12\/pre-cadastro-de-criancas-para-vacina-contra-a-covid-19-e-aberto-em-sao-paulo\/\",\"name\":\"Pr\u00e9-cadastro de crian\u00e7as para vacina contra a Covid-19 \u00e9 aberto em S\u00e3o Paulo - VerdadeOn\",\"isPartOf\":{\"@id\":\"https:\/\/verdadeon.com.br\/portal\/#website\"},\"primaryImageOfPage\":{\"@id\":\"https:\/\/verdadeon.com.br\/portal\/2022\/01\/12\/pre-cadastro-de-criancas-para-vacina-contra-a-covid-19-e-aberto-em-sao-paulo\/#primaryimage\"},\"image\":{\"@id\":\"https:\/\/verdadeon.com.br\/portal\/2022\/01\/12\/pre-cadastro-de-criancas-para-vacina-contra-a-covid-19-e-aberto-em-sao-paulo\/#primaryimage\"},\"thumbnailUrl\":\"https:\/\/i0.wp.com\/verdadeon.com.br\/portal\/wp-content\/uploads\/2022\/01\/VACINA-CRIANCAS-e1642018016361.jpg?fit=1000%2C669&ssl=1\",\"datePublished\":\"2022-01-12T20:12:55+00:00\",\"author\":{\"@id\":\"https:\/\/verdadeon.com.br\/portal\/#\/schema\/person\/cc32be22b8e8599387c480bc83e1d11a\"},\"breadcrumb\":{\"@id\":\"https:\/\/verdadeon.com.br\/portal\/2022\/01\/12\/pre-cadastro-de-criancas-para-vacina-contra-a-covid-19-e-aberto-em-sao-paulo\/#breadcrumb\"},\"inLanguage\":\"pt-BR\",\"potentialAction\":[{\"@type\":\"ReadAction\",\"target\":[\"https:\/\/verdadeon.com.br\/portal\/2022\/01\/12\/pre-cadastro-de-criancas-para-vacina-contra-a-covid-19-e-aberto-em-sao-paulo\/\"]}]},{\"@type\":\"ImageObject\",\"inLanguage\":\"pt-BR\",\"@id\":\"https:\/\/verdadeon.com.br\/portal\/2022\/01\/12\/pre-cadastro-de-criancas-para-vacina-contra-a-covid-19-e-aberto-em-sao-paulo\/#primaryimage\",\"url\":\"https:\/\/i0.wp.com\/verdadeon.com.br\/portal\/wp-content\/uploads\/2022\/01\/VACINA-CRIANCAS-e1642018016361.jpg?fit=1000%2C669&ssl=1\",\"contentUrl\":\"https:\/\/i0.wp.com\/verdadeon.com.br\/portal\/wp-content\/uploads\/2022\/01\/VACINA-CRIANCAS-e1642018016361.jpg?fit=1000%2C669&ssl=1\",\"width\":1000,\"height\":669,\"caption\":\"A equipe do Laborat\u00f3rio de Pesquisas em Virologia da Faculdade de Medicina de S\u00e3o Jos\u00e9 do Rio Preto (Famerp) analisou retrospectivamente dados de 2.777 pacientes atendidos entre 5 de janeiro e 12 de setembro de 2021 | Foto: Ag\u00eancia Brasil\"},{\"@type\":\"BreadcrumbList\",\"@id\":\"https:\/\/verdadeon.com.br\/portal\/2022\/01\/12\/pre-cadastro-de-criancas-para-vacina-contra-a-covid-19-e-aberto-em-sao-paulo\/#breadcrumb\",\"itemListElement\":[{\"@type\":\"ListItem\",\"position\":1,\"name\":\"In\u00edcio\",\"item\":\"https:\/\/verdadeon.com.br\/portal\/\"},{\"@type\":\"ListItem\",\"position\":2,\"name\":\"Pr\u00e9-cadastro de crian\u00e7as para vacina contra a Covid-19 \u00e9 aberto em S\u00e3o Paulo\"}]},{\"@type\":\"WebSite\",\"@id\":\"https:\/\/verdadeon.com.br\/portal\/#website\",\"url\":\"https:\/\/verdadeon.com.br\/portal\/\",\"name\":\"VerdadeOn\",\"description\":\"Not\u00edcias di\u00e1rias sobre Franca, Regi\u00e3o, Esporte, Cultura, Cotidiano, Colunas. Cobertura nos principais eventos da cidade \u00e9 aqui - Verdadeon Franca\",\"potentialAction\":[{\"@type\":\"SearchAction\",\"target\":{\"@type\":\"EntryPoint\",\"urlTemplate\":\"https:\/\/verdadeon.com.br\/portal\/?s={search_term_string}\"},\"query-input\":{\"@type\":\"PropertyValueSpecification\",\"valueRequired\":true,\"valueName\":\"search_term_string\"}}],\"inLanguage\":\"pt-BR\"},{\"@type\":\"Person\",\"@id\":\"https:\/\/verdadeon.com.br\/portal\/#\/schema\/person\/cc32be22b8e8599387c480bc83e1d11a\",\"name\":\"Fernando Lima\",\"image\":{\"@type\":\"ImageObject\",\"inLanguage\":\"pt-BR\",\"@id\":\"https:\/\/verdadeon.com.br\/portal\/#\/schema\/person\/image\/\",\"url\":\"https:\/\/secure.gravatar.com\/avatar\/df4c8e132080d2b3a4841d5d232045464e0eed11a1d6e43115ca0843d48768d3?s=96&d=mm&r=g\",\"contentUrl\":\"https:\/\/secure.gravatar.com\/avatar\/df4c8e132080d2b3a4841d5d232045464e0eed11a1d6e43115ca0843d48768d3?s=96&d=mm&r=g\",\"caption\":\"Fernando Lima\"},\"sameAs\":[\"http:\/\/verdadeon.com.br\/\"],\"url\":\"https:\/\/verdadeon.com.br\/portal\/author\/fernando-lima\/\"}]}<\/script>\n<!-- \/ Yoast SEO plugin. -->","yoast_head_json":{"title":"Pr\u00e9-cadastro de crian\u00e7as para vacina contra a Covid-19 \u00e9 aberto em S\u00e3o Paulo - VerdadeOn","robots":{"index":"index","follow":"follow","max-snippet":"max-snippet:-1","max-image-preview":"max-image-preview:large","max-video-preview":"max-video-preview:-1"},"canonical":"https:\/\/verdadeon.com.br\/portal\/2022\/01\/12\/pre-cadastro-de-criancas-para-vacina-contra-a-covid-19-e-aberto-em-sao-paulo\/","og_locale":"pt_BR","og_type":"article","og_title":"Pr\u00e9-cadastro de crian\u00e7as para vacina contra a Covid-19 \u00e9 aberto em S\u00e3o Paulo - VerdadeOn","og_description":"O mesmo \u00e9 feito atrav\u00e9s de preenchimento do formul\u00e1rio online, garantindo agilidade no momento da imuniza\u00e7\u00e3o J\u00e1 est\u00e1 dispon\u00edvel o pr\u00e9-cadastro para vacina\u00e7\u00e3o do p\u00fablico infantil, [\u2026]","og_url":"https:\/\/verdadeon.com.br\/portal\/2022\/01\/12\/pre-cadastro-de-criancas-para-vacina-contra-a-covid-19-e-aberto-em-sao-paulo\/","og_site_name":"VerdadeOn","article_published_time":"2022-01-12T20:12:55+00:00","og_image":[{"width":1000,"height":669,"url":"https:\/\/verdadeon.com.br\/portal\/wp-content\/uploads\/2022\/01\/VACINA-CRIANCAS-e1642018016361.jpg","type":"image\/jpeg"}],"author":"Fernando Lima","twitter_card":"summary_large_image","twitter_misc":{"Escrito por":"Fernando Lima","Est. tempo de leitura":"3 minutos"},"schema":{"@context":"https:\/\/schema.org","@graph":[{"@type":"WebPage","@id":"https:\/\/verdadeon.com.br\/portal\/2022\/01\/12\/pre-cadastro-de-criancas-para-vacina-contra-a-covid-19-e-aberto-em-sao-paulo\/","url":"https:\/\/verdadeon.com.br\/portal\/2022\/01\/12\/pre-cadastro-de-criancas-para-vacina-contra-a-covid-19-e-aberto-em-sao-paulo\/","name":"Pr\u00e9-cadastro de crian\u00e7as para vacina contra a Covid-19 \u00e9 aberto em S\u00e3o Paulo - VerdadeOn","isPartOf":{"@id":"https:\/\/verdadeon.com.br\/portal\/#website"},"primaryImageOfPage":{"@id":"https:\/\/verdadeon.com.br\/portal\/2022\/01\/12\/pre-cadastro-de-criancas-para-vacina-contra-a-covid-19-e-aberto-em-sao-paulo\/#primaryimage"},"image":{"@id":"https:\/\/verdadeon.com.br\/portal\/2022\/01\/12\/pre-cadastro-de-criancas-para-vacina-contra-a-covid-19-e-aberto-em-sao-paulo\/#primaryimage"},"thumbnailUrl":"https:\/\/i0.wp.com\/verdadeon.com.br\/portal\/wp-content\/uploads\/2022\/01\/VACINA-CRIANCAS-e1642018016361.jpg?fit=1000%2C669&ssl=1","datePublished":"2022-01-12T20:12:55+00:00","author":{"@id":"https:\/\/verdadeon.com.br\/portal\/#\/schema\/person\/cc32be22b8e8599387c480bc83e1d11a"},"breadcrumb":{"@id":"https:\/\/verdadeon.com.br\/portal\/2022\/01\/12\/pre-cadastro-de-criancas-para-vacina-contra-a-covid-19-e-aberto-em-sao-paulo\/#breadcrumb"},"inLanguage":"pt-BR","potentialAction":[{"@type":"ReadAction","target":["https:\/\/verdadeon.com.br\/portal\/2022\/01\/12\/pre-cadastro-de-criancas-para-vacina-contra-a-covid-19-e-aberto-em-sao-paulo\/"]}]},{"@type":"ImageObject","inLanguage":"pt-BR","@id":"https:\/\/verdadeon.com.br\/portal\/2022\/01\/12\/pre-cadastro-de-criancas-para-vacina-contra-a-covid-19-e-aberto-em-sao-paulo\/#primaryimage","url":"https:\/\/i0.wp.com\/verdadeon.com.br\/portal\/wp-content\/uploads\/2022\/01\/VACINA-CRIANCAS-e1642018016361.jpg?fit=1000%2C669&ssl=1","contentUrl":"https:\/\/i0.wp.com\/verdadeon.com.br\/portal\/wp-content\/uploads\/2022\/01\/VACINA-CRIANCAS-e1642018016361.jpg?fit=1000%2C669&ssl=1","width":1000,"height":669,"caption":"A equipe do Laborat\u00f3rio de Pesquisas em Virologia da Faculdade de Medicina de S\u00e3o Jos\u00e9 do Rio Preto (Famerp) analisou retrospectivamente dados de 2.777 pacientes atendidos entre 5 de janeiro e 12 de setembro de 2021 | Foto: Ag\u00eancia Brasil"},{"@type":"BreadcrumbList","@id":"https:\/\/verdadeon.com.br\/portal\/2022\/01\/12\/pre-cadastro-de-criancas-para-vacina-contra-a-covid-19-e-aberto-em-sao-paulo\/#breadcrumb","itemListElement":[{"@type":"ListItem","position":1,"name":"In\u00edcio","item":"https:\/\/verdadeon.com.br\/portal\/"},{"@type":"ListItem","position":2,"name":"Pr\u00e9-cadastro de crian\u00e7as para vacina contra a Covid-19 \u00e9 aberto em S\u00e3o Paulo"}]},{"@type":"WebSite","@id":"https:\/\/verdadeon.com.br\/portal\/#website","url":"https:\/\/verdadeon.com.br\/portal\/","name":"VerdadeOn","description":"Not\u00edcias di\u00e1rias sobre Franca, Regi\u00e3o, Esporte, Cultura, Cotidiano, Colunas. Cobertura nos principais eventos da cidade \u00e9 aqui - Verdadeon Franca","potentialAction":[{"@type":"SearchAction","target":{"@type":"EntryPoint","urlTemplate":"https:\/\/verdadeon.com.br\/portal\/?s={search_term_string}"},"query-input":{"@type":"PropertyValueSpecification","valueRequired":true,"valueName":"search_term_string"}}],"inLanguage":"pt-BR"},{"@type":"Person","@id":"https:\/\/verdadeon.com.br\/portal\/#\/schema\/person\/cc32be22b8e8599387c480bc83e1d11a","name":"Fernando Lima","image":{"@type":"ImageObject","inLanguage":"pt-BR","@id":"https:\/\/verdadeon.com.br\/portal\/#\/schema\/person\/image\/","url":"https:\/\/secure.gravatar.com\/avatar\/df4c8e132080d2b3a4841d5d232045464e0eed11a1d6e43115ca0843d48768d3?s=96&d=mm&r=g","contentUrl":"https:\/\/secure.gravatar.com\/avatar\/df4c8e132080d2b3a4841d5d232045464e0eed11a1d6e43115ca0843d48768d3?s=96&d=mm&r=g","caption":"Fernando Lima"},"sameAs":["http:\/\/verdadeon.com.br\/"],"url":"https:\/\/verdadeon.com.br\/portal\/author\/fernando-lima\/"}]}},"jetpack_publicize_connections":[],"jetpack_featured_media_url":"https:\/\/i0.wp.com\/verdadeon.com.br\/portal\/wp-content\/uploads\/2022\/01\/VACINA-CRIANCAS-e1642018016361.jpg?fit=1000%2C669&ssl=1","jetpack_sharing_enabled":true,"_links":{"self":[{"href":"https:\/\/verdadeon.com.br\/portal\/wp-json\/wp\/v2\/posts\/22236","targetHints":{"allow":["GET"]}}],"collection":[{"href":"https:\/\/verdadeon.com.br\/portal\/wp-json\/wp\/v2\/posts"}],"about":[{"href":"https:\/\/verdadeon.com.br\/portal\/wp-json\/wp\/v2\/types\/post"}],"author":[{"embeddable":true,"href":"https:\/\/verdadeon.com.br\/portal\/wp-json\/wp\/v2\/users\/7"}],"replies":[{"embeddable":true,"href":"https:\/\/verdadeon.com.br\/portal\/wp-json\/wp\/v2\/comments?post=22236"}],"version-history":[{"count":1,"href":"https:\/\/verdadeon.com.br\/portal\/wp-json\/wp\/v2\/posts\/22236\/revisions"}],"predecessor-version":[{"id":22238,"href":"https:\/\/verdadeon.com.br\/portal\/wp-json\/wp\/v2\/posts\/22236\/revisions\/22238"}],"wp:featuredmedia":[{"embeddable":true,"href":"https:\/\/verdadeon.com.br\/portal\/wp-json\/wp\/v2\/media\/22237"}],"wp:attachment":[{"href":"https:\/\/verdadeon.com.br\/portal\/wp-json\/wp\/v2\/media?parent=22236"}],"wp:term":[{"taxonomy":"category","embeddable":true,"href":"https:\/\/verdadeon.com.br\/portal\/wp-json\/wp\/v2\/categories?post=22236"},{"taxonomy":"post_tag","embeddable":true,"href":"https:\/\/verdadeon.com.br\/portal\/wp-json\/wp\/v2\/tags?post=22236"}],"curies":[{"name":"wp","href":"https:\/\/api.w.org\/{rel}","templated":true}]}}