{"id":22213,"date":"2022-01-11T17:52:53","date_gmt":"2022-01-11T20:52:53","guid":{"rendered":"https:\/\/verdadeon.com.br\/portal\/?p=22213"},"modified":"2022-01-11T17:52:53","modified_gmt":"2022-01-11T20:52:53","slug":"voluntarios-de-ituverava-entregam-mantimentos-para-atingidos-pelas-enchentes-da-bahia","status":"publish","type":"post","link":"https:\/\/verdadeon.com.br\/portal\/2022\/01\/11\/voluntarios-de-ituverava-entregam-mantimentos-para-atingidos-pelas-enchentes-da-bahia\/","title":{"rendered":"Volunt\u00e1rios de Ituverava entregam mantimentos para atingidos pelas enchentes da Bahia"},"content":{"rendered":"<h2>Entrega foi realizada nesta segunda-feira pelos volunt\u00e1rios que sa\u00edram de Ituverava na semana passada<\/h2>\n<p>Os volunt\u00e1rios da Igreja Assembleia de Deus de Ituverava, na regi\u00e3o de Franca, entregaram as mais de 45 toneladas de alimentos e mantimentos para os moradores da cidade de D\u00e1rio Meira, na Bahia, uma das mais atingidas pelas enchentes desde o m\u00eas de dezembro. O caminh\u00e3o que levou os mantimentos saiu de Ituverava na \u00faltima quinta-feira (6), s\u00e3o mais de mil quil\u00f4metros de dist\u00e2ncia entre os munic\u00edpios. A viagem foi uma doa\u00e7\u00e3o de um empres\u00e1rio, centenas de fam\u00edlias foram beneficiadas com a a\u00e7\u00e3o.<\/p>\n<p>O pastor Wallace Moreira contou que foi durante uma ora\u00e7\u00e3o para as pessoas que estavam sofrendo, que ele teve a inspira\u00e7\u00e3o para come\u00e7ar a campanha S.O.S Bahia. \u201cN\u00f3s iniciamos no culto de domingo em um momento de ora\u00e7\u00e3o, em dado momento do culto n\u00f3s come\u00e7amos a pedir a Deus pela Bahia. Deus colocou algo em nosso cora\u00e7\u00e3o pedindo atitude, foi quando come\u00e7amos o projeto S.O.S. Bahia. \u00c9 gratid\u00e3o, quero agradecer a todos que doaram\u201d, explicou.<\/p>\n<p>Uma tenda foi montada em uma das principais avenidas de Ituverava para a arrecada\u00e7\u00e3o desde a \u00faltima segunda-feira (3), desde ent\u00e3o uma mobiliza\u00e7\u00e3o tomou conta da cidade.<\/p>\n<p>Os mantimentos, entre eles cestas b\u00e1sicas, fraldas, m\u00f3veis, produtos de higiene entre outros, foram enviados para a Jequi\u00e9 em uma carreta, o que tamb\u00e9m foi doa\u00e7\u00e3o de um empres\u00e1rio da cidade.<\/p>\n<p>\u201cFoi uma uni\u00e3o de for\u00e7as, um trabalho de formiguinha mesmo. Cada um doou um pouco, e com esse pouco fizemos muito. S\u00e3o 45 toneladas que v\u00e3o sim fazer grande diferen\u00e7a na vida daqueles irm\u00e3os que est\u00e3o precisando\u201d, contou o volunt\u00e1rio Natanael Souto.O Verdade mostrou na semana passada que volunt\u00e1rios da Assembleia de Deus Catedral arrecadaram mais de 45 toneladas de alimentos e mantimentos. &#8220;Eu mobilizei a minha fam\u00edlia toda para ajudarmos, \u00e9 necess\u00e1rio a solidariedade neste momento, para nossos irm\u00e3os da Bahia. \u00c9 de cora\u00e7\u00e3o o que estamos mandando\u201d, contou a dona de casa Sebastiana Tarqueti.<\/p>\n<p>J\u00e1 a faxineira Ros\u00e2ngela Diniz tamb\u00e9m fez um esfor\u00e7o maior, ela levantou mais cedo para fazer a boa a\u00e7\u00e3o. Ela contou que o marido dela sofreu acidente recentemente, e que precisou de ajuda, para ela isso \u00e9 uma maneira de agradecer o que recebeu.<\/p>\n<p>\u201cFoi dif\u00edcil quando ele ficou parado, e recebi muita ajuda. Agora \u00e9 uma maneira de agradecer tamb\u00e9m, ajudando que mais precisa\u201d, contou.<\/p>\n","protected":false},"excerpt":{"rendered":"<p>Entrega foi realizada nesta segunda-feira pelos volunt\u00e1rios que sa\u00edram de Ituverava na semana passada Os volunt\u00e1rios da Igreja Assembleia de Deus de Ituverava, na regi\u00e3o de<span class=\"excerpt-hellip\"> [\u2026]<\/span><\/p>\n","protected":false},"author":7,"featured_media":22217,"comment_status":"open","ping_status":"open","sticky":false,"template":"","format":"standard","meta":{"_jetpack_memberships_contains_paid_content":false,"footnotes":"","jetpack_publicize_message":"","jetpack_publicize_feature_enabled":true,"jetpack_social_post_already_shared":false,"jetpack_social_options":{"image_generator_settings":{"template":"highway","default_image_id":0,"enabled":false},"version":2}},"categories":[28,44],"tags":[],"class_list":["post-22213","post","type-post","status-publish","format-standard","has-post-thumbnail","hentry","category-cotidiano","category-noticias"],"yoast_head":"<!-- This site is optimized with the Yoast SEO plugin v25.6 - https:\/\/yoast.com\/wordpress\/plugins\/seo\/ -->\n<title>Volunt\u00e1rios de Ituverava entregam mantimentos para atingidos pelas enchentes da Bahia - VerdadeOn<\/title>\n<meta name=\"robots\" content=\"index, follow, max-snippet:-1, max-image-preview:large, max-video-preview:-1\" \/>\n<link rel=\"canonical\" href=\"https:\/\/verdadeon.com.br\/portal\/2022\/01\/11\/voluntarios-de-ituverava-entregam-mantimentos-para-atingidos-pelas-enchentes-da-bahia\/\" \/>\n<meta property=\"og:locale\" content=\"pt_BR\" \/>\n<meta property=\"og:type\" content=\"article\" \/>\n<meta property=\"og:title\" content=\"Volunt\u00e1rios de Ituverava entregam mantimentos para atingidos pelas enchentes da Bahia - VerdadeOn\" \/>\n<meta property=\"og:description\" content=\"Entrega foi realizada nesta segunda-feira pelos volunt\u00e1rios que sa\u00edram de Ituverava na semana passada Os volunt\u00e1rios da Igreja Assembleia de Deus de Ituverava, na regi\u00e3o de [\u2026]\" \/>\n<meta property=\"og:url\" content=\"https:\/\/verdadeon.com.br\/portal\/2022\/01\/11\/voluntarios-de-ituverava-entregam-mantimentos-para-atingidos-pelas-enchentes-da-bahia\/\" \/>\n<meta property=\"og:site_name\" content=\"VerdadeOn\" \/>\n<meta property=\"article:published_time\" content=\"2022-01-11T20:52:53+00:00\" \/>\n<meta property=\"og:image\" content=\"https:\/\/verdadeon.com.br\/portal\/wp-content\/uploads\/2022\/01\/WhatsApp-Image-2022-01-11-at-17.47.18.jpeg\" \/>\n\t<meta property=\"og:image:width\" content=\"1080\" \/>\n\t<meta property=\"og:image:height\" content=\"610\" \/>\n\t<meta property=\"og:image:type\" content=\"image\/jpeg\" \/>\n<meta name=\"author\" content=\"Fernando Lima\" \/>\n<meta name=\"twitter:card\" content=\"summary_large_image\" \/>\n<meta name=\"twitter:label1\" content=\"Escrito por\" \/>\n\t<meta name=\"twitter:data1\" content=\"Fernando Lima\" \/>\n\t<meta name=\"twitter:label2\" content=\"Est. tempo de leitura\" \/>\n\t<meta name=\"twitter:data2\" content=\"3 minutos\" \/>\n<script type=\"application\/ld+json\" class=\"yoast-schema-graph\">{\"@context\":\"https:\/\/schema.org\",\"@graph\":[{\"@type\":\"WebPage\",\"@id\":\"https:\/\/verdadeon.com.br\/portal\/2022\/01\/11\/voluntarios-de-ituverava-entregam-mantimentos-para-atingidos-pelas-enchentes-da-bahia\/\",\"url\":\"https:\/\/verdadeon.com.br\/portal\/2022\/01\/11\/voluntarios-de-ituverava-entregam-mantimentos-para-atingidos-pelas-enchentes-da-bahia\/\",\"name\":\"Volunt\u00e1rios de Ituverava entregam mantimentos para atingidos pelas enchentes da Bahia - VerdadeOn\",\"isPartOf\":{\"@id\":\"https:\/\/verdadeon.com.br\/portal\/#website\"},\"primaryImageOfPage\":{\"@id\":\"https:\/\/verdadeon.com.br\/portal\/2022\/01\/11\/voluntarios-de-ituverava-entregam-mantimentos-para-atingidos-pelas-enchentes-da-bahia\/#primaryimage\"},\"image\":{\"@id\":\"https:\/\/verdadeon.com.br\/portal\/2022\/01\/11\/voluntarios-de-ituverava-entregam-mantimentos-para-atingidos-pelas-enchentes-da-bahia\/#primaryimage\"},\"thumbnailUrl\":\"https:\/\/i0.wp.com\/verdadeon.com.br\/portal\/wp-content\/uploads\/2022\/01\/WhatsApp-Image-2022-01-11-at-17.47.18.jpeg?fit=1080%2C610&ssl=1\",\"datePublished\":\"2022-01-11T20:52:53+00:00\",\"author\":{\"@id\":\"https:\/\/verdadeon.com.br\/portal\/#\/schema\/person\/cc32be22b8e8599387c480bc83e1d11a\"},\"breadcrumb\":{\"@id\":\"https:\/\/verdadeon.com.br\/portal\/2022\/01\/11\/voluntarios-de-ituverava-entregam-mantimentos-para-atingidos-pelas-enchentes-da-bahia\/#breadcrumb\"},\"inLanguage\":\"pt-BR\",\"potentialAction\":[{\"@type\":\"ReadAction\",\"target\":[\"https:\/\/verdadeon.com.br\/portal\/2022\/01\/11\/voluntarios-de-ituverava-entregam-mantimentos-para-atingidos-pelas-enchentes-da-bahia\/\"]}]},{\"@type\":\"ImageObject\",\"inLanguage\":\"pt-BR\",\"@id\":\"https:\/\/verdadeon.com.br\/portal\/2022\/01\/11\/voluntarios-de-ituverava-entregam-mantimentos-para-atingidos-pelas-enchentes-da-bahia\/#primaryimage\",\"url\":\"https:\/\/i0.wp.com\/verdadeon.com.br\/portal\/wp-content\/uploads\/2022\/01\/WhatsApp-Image-2022-01-11-at-17.47.18.jpeg?fit=1080%2C610&ssl=1\",\"contentUrl\":\"https:\/\/i0.wp.com\/verdadeon.com.br\/portal\/wp-content\/uploads\/2022\/01\/WhatsApp-Image-2022-01-11-at-17.47.18.jpeg?fit=1080%2C610&ssl=1\",\"width\":1080,\"height\":610,\"caption\":\"Pastor Wallace Moreira esteve a frente das arrecada\u00e7\u00f5es em Ituverava, mantimentos foram entregues para fam\u00edlias atingidas pelas enchentes | Foto: Reprodu\u00e7\u00e3o\"},{\"@type\":\"BreadcrumbList\",\"@id\":\"https:\/\/verdadeon.com.br\/portal\/2022\/01\/11\/voluntarios-de-ituverava-entregam-mantimentos-para-atingidos-pelas-enchentes-da-bahia\/#breadcrumb\",\"itemListElement\":[{\"@type\":\"ListItem\",\"position\":1,\"name\":\"In\u00edcio\",\"item\":\"https:\/\/verdadeon.com.br\/portal\/\"},{\"@type\":\"ListItem\",\"position\":2,\"name\":\"Volunt\u00e1rios de Ituverava entregam mantimentos para atingidos pelas enchentes da Bahia\"}]},{\"@type\":\"WebSite\",\"@id\":\"https:\/\/verdadeon.com.br\/portal\/#website\",\"url\":\"https:\/\/verdadeon.com.br\/portal\/\",\"name\":\"VerdadeOn\",\"description\":\"Not\u00edcias di\u00e1rias sobre Franca, Regi\u00e3o, Esporte, Cultura, Cotidiano, Colunas. Cobertura nos principais eventos da cidade \u00e9 aqui - Verdadeon Franca\",\"potentialAction\":[{\"@type\":\"SearchAction\",\"target\":{\"@type\":\"EntryPoint\",\"urlTemplate\":\"https:\/\/verdadeon.com.br\/portal\/?s={search_term_string}\"},\"query-input\":{\"@type\":\"PropertyValueSpecification\",\"valueRequired\":true,\"valueName\":\"search_term_string\"}}],\"inLanguage\":\"pt-BR\"},{\"@type\":\"Person\",\"@id\":\"https:\/\/verdadeon.com.br\/portal\/#\/schema\/person\/cc32be22b8e8599387c480bc83e1d11a\",\"name\":\"Fernando Lima\",\"image\":{\"@type\":\"ImageObject\",\"inLanguage\":\"pt-BR\",\"@id\":\"https:\/\/verdadeon.com.br\/portal\/#\/schema\/person\/image\/\",\"url\":\"https:\/\/secure.gravatar.com\/avatar\/df4c8e132080d2b3a4841d5d232045464e0eed11a1d6e43115ca0843d48768d3?s=96&d=mm&r=g\",\"contentUrl\":\"https:\/\/secure.gravatar.com\/avatar\/df4c8e132080d2b3a4841d5d232045464e0eed11a1d6e43115ca0843d48768d3?s=96&d=mm&r=g\",\"caption\":\"Fernando Lima\"},\"sameAs\":[\"http:\/\/verdadeon.com.br\/\"],\"url\":\"https:\/\/verdadeon.com.br\/portal\/author\/fernando-lima\/\"}]}<\/script>\n<!-- \/ Yoast SEO plugin. -->","yoast_head_json":{"title":"Volunt\u00e1rios de Ituverava entregam mantimentos para atingidos pelas enchentes da Bahia - VerdadeOn","robots":{"index":"index","follow":"follow","max-snippet":"max-snippet:-1","max-image-preview":"max-image-preview:large","max-video-preview":"max-video-preview:-1"},"canonical":"https:\/\/verdadeon.com.br\/portal\/2022\/01\/11\/voluntarios-de-ituverava-entregam-mantimentos-para-atingidos-pelas-enchentes-da-bahia\/","og_locale":"pt_BR","og_type":"article","og_title":"Volunt\u00e1rios de Ituverava entregam mantimentos para atingidos pelas enchentes da Bahia - VerdadeOn","og_description":"Entrega foi realizada nesta segunda-feira pelos volunt\u00e1rios que sa\u00edram de Ituverava na semana passada Os volunt\u00e1rios da Igreja Assembleia de Deus de Ituverava, na regi\u00e3o de [\u2026]","og_url":"https:\/\/verdadeon.com.br\/portal\/2022\/01\/11\/voluntarios-de-ituverava-entregam-mantimentos-para-atingidos-pelas-enchentes-da-bahia\/","og_site_name":"VerdadeOn","article_published_time":"2022-01-11T20:52:53+00:00","og_image":[{"width":1080,"height":610,"url":"https:\/\/verdadeon.com.br\/portal\/wp-content\/uploads\/2022\/01\/WhatsApp-Image-2022-01-11-at-17.47.18.jpeg","type":"image\/jpeg"}],"author":"Fernando Lima","twitter_card":"summary_large_image","twitter_misc":{"Escrito por":"Fernando Lima","Est. tempo de leitura":"3 minutos"},"schema":{"@context":"https:\/\/schema.org","@graph":[{"@type":"WebPage","@id":"https:\/\/verdadeon.com.br\/portal\/2022\/01\/11\/voluntarios-de-ituverava-entregam-mantimentos-para-atingidos-pelas-enchentes-da-bahia\/","url":"https:\/\/verdadeon.com.br\/portal\/2022\/01\/11\/voluntarios-de-ituverava-entregam-mantimentos-para-atingidos-pelas-enchentes-da-bahia\/","name":"Volunt\u00e1rios de Ituverava entregam mantimentos para atingidos pelas enchentes da Bahia - VerdadeOn","isPartOf":{"@id":"https:\/\/verdadeon.com.br\/portal\/#website"},"primaryImageOfPage":{"@id":"https:\/\/verdadeon.com.br\/portal\/2022\/01\/11\/voluntarios-de-ituverava-entregam-mantimentos-para-atingidos-pelas-enchentes-da-bahia\/#primaryimage"},"image":{"@id":"https:\/\/verdadeon.com.br\/portal\/2022\/01\/11\/voluntarios-de-ituverava-entregam-mantimentos-para-atingidos-pelas-enchentes-da-bahia\/#primaryimage"},"thumbnailUrl":"https:\/\/i0.wp.com\/verdadeon.com.br\/portal\/wp-content\/uploads\/2022\/01\/WhatsApp-Image-2022-01-11-at-17.47.18.jpeg?fit=1080%2C610&ssl=1","datePublished":"2022-01-11T20:52:53+00:00","author":{"@id":"https:\/\/verdadeon.com.br\/portal\/#\/schema\/person\/cc32be22b8e8599387c480bc83e1d11a"},"breadcrumb":{"@id":"https:\/\/verdadeon.com.br\/portal\/2022\/01\/11\/voluntarios-de-ituverava-entregam-mantimentos-para-atingidos-pelas-enchentes-da-bahia\/#breadcrumb"},"inLanguage":"pt-BR","potentialAction":[{"@type":"ReadAction","target":["https:\/\/verdadeon.com.br\/portal\/2022\/01\/11\/voluntarios-de-ituverava-entregam-mantimentos-para-atingidos-pelas-enchentes-da-bahia\/"]}]},{"@type":"ImageObject","inLanguage":"pt-BR","@id":"https:\/\/verdadeon.com.br\/portal\/2022\/01\/11\/voluntarios-de-ituverava-entregam-mantimentos-para-atingidos-pelas-enchentes-da-bahia\/#primaryimage","url":"https:\/\/i0.wp.com\/verdadeon.com.br\/portal\/wp-content\/uploads\/2022\/01\/WhatsApp-Image-2022-01-11-at-17.47.18.jpeg?fit=1080%2C610&ssl=1","contentUrl":"https:\/\/i0.wp.com\/verdadeon.com.br\/portal\/wp-content\/uploads\/2022\/01\/WhatsApp-Image-2022-01-11-at-17.47.18.jpeg?fit=1080%2C610&ssl=1","width":1080,"height":610,"caption":"Pastor Wallace Moreira esteve a frente das arrecada\u00e7\u00f5es em Ituverava, mantimentos foram entregues para fam\u00edlias atingidas pelas enchentes | Foto: Reprodu\u00e7\u00e3o"},{"@type":"BreadcrumbList","@id":"https:\/\/verdadeon.com.br\/portal\/2022\/01\/11\/voluntarios-de-ituverava-entregam-mantimentos-para-atingidos-pelas-enchentes-da-bahia\/#breadcrumb","itemListElement":[{"@type":"ListItem","position":1,"name":"In\u00edcio","item":"https:\/\/verdadeon.com.br\/portal\/"},{"@type":"ListItem","position":2,"name":"Volunt\u00e1rios de Ituverava entregam mantimentos para atingidos pelas enchentes da Bahia"}]},{"@type":"WebSite","@id":"https:\/\/verdadeon.com.br\/portal\/#website","url":"https:\/\/verdadeon.com.br\/portal\/","name":"VerdadeOn","description":"Not\u00edcias di\u00e1rias sobre Franca, Regi\u00e3o, Esporte, Cultura, Cotidiano, Colunas. Cobertura nos principais eventos da cidade \u00e9 aqui - Verdadeon Franca","potentialAction":[{"@type":"SearchAction","target":{"@type":"EntryPoint","urlTemplate":"https:\/\/verdadeon.com.br\/portal\/?s={search_term_string}"},"query-input":{"@type":"PropertyValueSpecification","valueRequired":true,"valueName":"search_term_string"}}],"inLanguage":"pt-BR"},{"@type":"Person","@id":"https:\/\/verdadeon.com.br\/portal\/#\/schema\/person\/cc32be22b8e8599387c480bc83e1d11a","name":"Fernando Lima","image":{"@type":"ImageObject","inLanguage":"pt-BR","@id":"https:\/\/verdadeon.com.br\/portal\/#\/schema\/person\/image\/","url":"https:\/\/secure.gravatar.com\/avatar\/df4c8e132080d2b3a4841d5d232045464e0eed11a1d6e43115ca0843d48768d3?s=96&d=mm&r=g","contentUrl":"https:\/\/secure.gravatar.com\/avatar\/df4c8e132080d2b3a4841d5d232045464e0eed11a1d6e43115ca0843d48768d3?s=96&d=mm&r=g","caption":"Fernando Lima"},"sameAs":["http:\/\/verdadeon.com.br\/"],"url":"https:\/\/verdadeon.com.br\/portal\/author\/fernando-lima\/"}]}},"jetpack_publicize_connections":[],"jetpack_featured_media_url":"https:\/\/i0.wp.com\/verdadeon.com.br\/portal\/wp-content\/uploads\/2022\/01\/WhatsApp-Image-2022-01-11-at-17.47.18.jpeg?fit=1080%2C610&ssl=1","jetpack_sharing_enabled":true,"_links":{"self":[{"href":"https:\/\/verdadeon.com.br\/portal\/wp-json\/wp\/v2\/posts\/22213","targetHints":{"allow":["GET"]}}],"collection":[{"href":"https:\/\/verdadeon.com.br\/portal\/wp-json\/wp\/v2\/posts"}],"about":[{"href":"https:\/\/verdadeon.com.br\/portal\/wp-json\/wp\/v2\/types\/post"}],"author":[{"embeddable":true,"href":"https:\/\/verdadeon.com.br\/portal\/wp-json\/wp\/v2\/users\/7"}],"replies":[{"embeddable":true,"href":"https:\/\/verdadeon.com.br\/portal\/wp-json\/wp\/v2\/comments?post=22213"}],"version-history":[{"count":1,"href":"https:\/\/verdadeon.com.br\/portal\/wp-json\/wp\/v2\/posts\/22213\/revisions"}],"predecessor-version":[{"id":22218,"href":"https:\/\/verdadeon.com.br\/portal\/wp-json\/wp\/v2\/posts\/22213\/revisions\/22218"}],"wp:featuredmedia":[{"embeddable":true,"href":"https:\/\/verdadeon.com.br\/portal\/wp-json\/wp\/v2\/media\/22217"}],"wp:attachment":[{"href":"https:\/\/verdadeon.com.br\/portal\/wp-json\/wp\/v2\/media?parent=22213"}],"wp:term":[{"taxonomy":"category","embeddable":true,"href":"https:\/\/verdadeon.com.br\/portal\/wp-json\/wp\/v2\/categories?post=22213"},{"taxonomy":"post_tag","embeddable":true,"href":"https:\/\/verdadeon.com.br\/portal\/wp-json\/wp\/v2\/tags?post=22213"}],"curies":[{"name":"wp","href":"https:\/\/api.w.org\/{rel}","templated":true}]}}