{"id":22175,"date":"2022-01-10T17:37:25","date_gmt":"2022-01-10T20:37:25","guid":{"rendered":"https:\/\/verdadeon.com.br\/portal\/?p=22175"},"modified":"2022-01-10T17:37:25","modified_gmt":"2022-01-10T20:37:25","slug":"fazendeiro-e-multado-em-mais-de-r-12-mil-por-degradacao-ambiental-em-franca","status":"publish","type":"post","link":"https:\/\/verdadeon.com.br\/portal\/2022\/01\/10\/fazendeiro-e-multado-em-mais-de-r-12-mil-por-degradacao-ambiental-em-franca\/","title":{"rendered":"Fazendeiro \u00e9 multado em mais de R$ 12 mil por degrada\u00e7\u00e3o ambiental em Franca"},"content":{"rendered":"<h2>Segundo a Pol\u00edcia Ambiental as irregularidades foram constatadas atrav\u00e9s de imagens de sat\u00e9lite<\/h2>\n<p>Um fazendeiro de Franca foi multado pela Pol\u00edcia Ambiental em mais de R$ 12 mil, por desmatamento de vegeta\u00e7\u00e3o nativa do Bioma Cerrado. De acordo com os policiais, a equipe durante atendimento de den\u00fancia sobre degrada\u00e7\u00e3o da vegeta\u00e7\u00e3o nativa, constatou por meio de monitoramento de sat\u00e9lite por quadrante, um de campo desmatamento de Cerrado, em est\u00e1gio m\u00e9dio de regenera\u00e7\u00e3o natural em uma \u00e1rea de 1,75 hectares.<\/p>\n<p>&#8220;O valor da autua\u00e7\u00e3o ser\u00e1 de R$ 12.250, considerando que o propriet\u00e1rio n\u00e3o requisitou a autoriza\u00e7\u00e3o do \u00f3rg\u00e3o ambiental competente, CETESB, com base nos termos do art. 49 da Res SIMA 05\/21&#8221;. Por conta disso foi lavrado o Auto de Infra\u00e7\u00e3o Ambiental pertinente e embargo da \u00e1rea autuada. O caso ser\u00e1 remetido via oficio ao Distrito Policial da \u00e1rea para provid\u00eancias penais.<\/p>\n<p>J\u00e1 em Restinga foi registrada uma ocorr\u00eancia semelhante, onde a equipe da Ambiental atendia uma den\u00fancia sobre degrada\u00e7\u00e3o da vegeta\u00e7\u00e3o. Ap\u00f3s constatarem as irregularidades, o propriet\u00e1rio de uma fazenda foi autuado e multado em R$ 12.530, por desmatamento da vegeta\u00e7\u00e3o nativa Cerrado, em uma \u00e1rea correspondente a 1,70 hectare.<\/p>\n<p>Ainda na regi\u00e3o, a Pol\u00edcia Ambiental informou que autuou o propriet\u00e1rio de uma fazendo por destruir vegeta\u00e7\u00e3o nativa em \u00e1rea de preserva\u00e7\u00e3o permanente (APP), sem autoriza\u00e7\u00e3o do \u00f3rg\u00e3o ambiental.\u00a0A fiscaliza\u00e7\u00e3o aconteceu por solicita\u00e7\u00e3o do Minist\u00e9rio P\u00fablico do estado de S\u00e3o Paulo, atrav\u00e9s da Promotoria de Justi\u00e7a, devido ao inqu\u00e9rito civil no qual solicita ado\u00e7\u00e3o de medidas administrativas de todos os ranchos localizados na regi\u00e3o, al\u00e9m do retorno a promotoria de todos os procedimentos adotados.<\/p>\n<p>&#8220;No local constatamos a degrada\u00e7\u00e3o ambiental que ocorreu devido ao corte de \u00e1rvores e limpeza da vegeta\u00e7\u00e3o nativa, destruindo assim a vegeta\u00e7\u00e3o nativa do Bioma Cerrado, fisionomia em est\u00e1gio avan\u00e7ado de regenera\u00e7\u00e3o, cuja \u00e1rea da interven\u00e7\u00e3o \u00e9 correspondente a 0,05 hectares, toda \u00e1rea destru\u00edda se encontra dentro da \u00e1rea de preserva\u00e7\u00e3o permanente (APP). Que se faz por meio da faixa entre o n\u00edvel m\u00e1ximo operativo normal e a cota m\u00e1xima&#8221;, informou.<\/p>\n<p>O propriet\u00e1rio foi autuado por destruir vegeta\u00e7\u00e3o nativa em \u00e1rea considerada de preserva\u00e7\u00e3o permanente, sendo aplicada multa simples de R$2.500 e embargo da \u00e1rea. Al\u00e9m da multa o local ser\u00e1 alvo de demoli\u00e7\u00e3o. &#8220;Lembrando que o autuado foi devidamente orientado sobre o atendimento ambiental na sede da 3\u00aa Companhia de Policiamento Ambiental em Franca&#8221;.<\/p>\n","protected":false},"excerpt":{"rendered":"<p>Segundo a Pol\u00edcia Ambiental as irregularidades foram constatadas atrav\u00e9s de imagens de sat\u00e9lite Um fazendeiro de Franca foi multado pela Pol\u00edcia Ambiental em mais de R$<span class=\"excerpt-hellip\"> [\u2026]<\/span><\/p>\n","protected":false},"author":7,"featured_media":0,"comment_status":"open","ping_status":"open","sticky":false,"template":"","format":"standard","meta":{"_jetpack_memberships_contains_paid_content":false,"footnotes":"","jetpack_publicize_message":"","jetpack_publicize_feature_enabled":true,"jetpack_social_post_already_shared":false,"jetpack_social_options":{"image_generator_settings":{"template":"highway","default_image_id":0,"enabled":false},"version":2}},"categories":[28,44],"tags":[],"class_list":["post-22175","post","type-post","status-publish","format-standard","hentry","category-cotidiano","category-noticias"],"yoast_head":"<!-- This site is optimized with the Yoast SEO plugin v25.6 - https:\/\/yoast.com\/wordpress\/plugins\/seo\/ -->\n<title>Fazendeiro \u00e9 multado em mais de R$ 12 mil por degrada\u00e7\u00e3o ambiental em Franca - VerdadeOn<\/title>\n<meta name=\"robots\" content=\"index, follow, max-snippet:-1, max-image-preview:large, max-video-preview:-1\" \/>\n<link rel=\"canonical\" href=\"https:\/\/verdadeon.com.br\/portal\/2022\/01\/10\/fazendeiro-e-multado-em-mais-de-r-12-mil-por-degradacao-ambiental-em-franca\/\" \/>\n<meta property=\"og:locale\" content=\"pt_BR\" \/>\n<meta property=\"og:type\" content=\"article\" \/>\n<meta property=\"og:title\" content=\"Fazendeiro \u00e9 multado em mais de R$ 12 mil por degrada\u00e7\u00e3o ambiental em Franca - VerdadeOn\" \/>\n<meta property=\"og:description\" content=\"Segundo a Pol\u00edcia Ambiental as irregularidades foram constatadas atrav\u00e9s de imagens de sat\u00e9lite Um fazendeiro de Franca foi multado pela Pol\u00edcia Ambiental em mais de R$ [\u2026]\" \/>\n<meta property=\"og:url\" content=\"https:\/\/verdadeon.com.br\/portal\/2022\/01\/10\/fazendeiro-e-multado-em-mais-de-r-12-mil-por-degradacao-ambiental-em-franca\/\" \/>\n<meta property=\"og:site_name\" content=\"VerdadeOn\" \/>\n<meta property=\"article:published_time\" content=\"2022-01-10T20:37:25+00:00\" \/>\n<meta property=\"og:image\" content=\"https:\/\/verdadeon.com.br\/portal\/wp-content\/uploads\/2022\/01\/Ambiental-e1641846814108.jpg\" \/>\n\t<meta property=\"og:image:width\" content=\"1001\" \/>\n\t<meta property=\"og:image:height\" content=\"668\" \/>\n\t<meta property=\"og:image:type\" content=\"image\/jpeg\" \/>\n<meta name=\"author\" content=\"Fernando Lima\" \/>\n<meta name=\"twitter:card\" content=\"summary_large_image\" \/>\n<meta name=\"twitter:label1\" content=\"Escrito por\" \/>\n\t<meta name=\"twitter:data1\" content=\"Fernando Lima\" \/>\n\t<meta name=\"twitter:label2\" content=\"Est. tempo de leitura\" \/>\n\t<meta name=\"twitter:data2\" content=\"3 minutos\" \/>\n<script type=\"application\/ld+json\" class=\"yoast-schema-graph\">{\"@context\":\"https:\/\/schema.org\",\"@graph\":[{\"@type\":\"WebPage\",\"@id\":\"https:\/\/verdadeon.com.br\/portal\/2022\/01\/10\/fazendeiro-e-multado-em-mais-de-r-12-mil-por-degradacao-ambiental-em-franca\/\",\"url\":\"https:\/\/verdadeon.com.br\/portal\/2022\/01\/10\/fazendeiro-e-multado-em-mais-de-r-12-mil-por-degradacao-ambiental-em-franca\/\",\"name\":\"Fazendeiro \u00e9 multado em mais de R$ 12 mil por degrada\u00e7\u00e3o ambiental em Franca - VerdadeOn\",\"isPartOf\":{\"@id\":\"https:\/\/verdadeon.com.br\/portal\/#website\"},\"datePublished\":\"2022-01-10T20:37:25+00:00\",\"author\":{\"@id\":\"https:\/\/verdadeon.com.br\/portal\/#\/schema\/person\/cc32be22b8e8599387c480bc83e1d11a\"},\"breadcrumb\":{\"@id\":\"https:\/\/verdadeon.com.br\/portal\/2022\/01\/10\/fazendeiro-e-multado-em-mais-de-r-12-mil-por-degradacao-ambiental-em-franca\/#breadcrumb\"},\"inLanguage\":\"pt-BR\",\"potentialAction\":[{\"@type\":\"ReadAction\",\"target\":[\"https:\/\/verdadeon.com.br\/portal\/2022\/01\/10\/fazendeiro-e-multado-em-mais-de-r-12-mil-por-degradacao-ambiental-em-franca\/\"]}]},{\"@type\":\"BreadcrumbList\",\"@id\":\"https:\/\/verdadeon.com.br\/portal\/2022\/01\/10\/fazendeiro-e-multado-em-mais-de-r-12-mil-por-degradacao-ambiental-em-franca\/#breadcrumb\",\"itemListElement\":[{\"@type\":\"ListItem\",\"position\":1,\"name\":\"In\u00edcio\",\"item\":\"https:\/\/verdadeon.com.br\/portal\/\"},{\"@type\":\"ListItem\",\"position\":2,\"name\":\"Fazendeiro \u00e9 multado em mais de R$ 12 mil por degrada\u00e7\u00e3o ambiental em Franca\"}]},{\"@type\":\"WebSite\",\"@id\":\"https:\/\/verdadeon.com.br\/portal\/#website\",\"url\":\"https:\/\/verdadeon.com.br\/portal\/\",\"name\":\"VerdadeOn\",\"description\":\"Not\u00edcias di\u00e1rias sobre Franca, Regi\u00e3o, Esporte, Cultura, Cotidiano, Colunas. Cobertura nos principais eventos da cidade \u00e9 aqui - Verdadeon Franca\",\"potentialAction\":[{\"@type\":\"SearchAction\",\"target\":{\"@type\":\"EntryPoint\",\"urlTemplate\":\"https:\/\/verdadeon.com.br\/portal\/?s={search_term_string}\"},\"query-input\":{\"@type\":\"PropertyValueSpecification\",\"valueRequired\":true,\"valueName\":\"search_term_string\"}}],\"inLanguage\":\"pt-BR\"},{\"@type\":\"Person\",\"@id\":\"https:\/\/verdadeon.com.br\/portal\/#\/schema\/person\/cc32be22b8e8599387c480bc83e1d11a\",\"name\":\"Fernando Lima\",\"image\":{\"@type\":\"ImageObject\",\"inLanguage\":\"pt-BR\",\"@id\":\"https:\/\/verdadeon.com.br\/portal\/#\/schema\/person\/image\/\",\"url\":\"https:\/\/secure.gravatar.com\/avatar\/df4c8e132080d2b3a4841d5d232045464e0eed11a1d6e43115ca0843d48768d3?s=96&d=mm&r=g\",\"contentUrl\":\"https:\/\/secure.gravatar.com\/avatar\/df4c8e132080d2b3a4841d5d232045464e0eed11a1d6e43115ca0843d48768d3?s=96&d=mm&r=g\",\"caption\":\"Fernando Lima\"},\"sameAs\":[\"http:\/\/verdadeon.com.br\/\"],\"url\":\"https:\/\/verdadeon.com.br\/portal\/author\/fernando-lima\/\"}]}<\/script>\n<!-- \/ Yoast SEO plugin. -->","yoast_head_json":{"title":"Fazendeiro \u00e9 multado em mais de R$ 12 mil por degrada\u00e7\u00e3o ambiental em Franca - VerdadeOn","robots":{"index":"index","follow":"follow","max-snippet":"max-snippet:-1","max-image-preview":"max-image-preview:large","max-video-preview":"max-video-preview:-1"},"canonical":"https:\/\/verdadeon.com.br\/portal\/2022\/01\/10\/fazendeiro-e-multado-em-mais-de-r-12-mil-por-degradacao-ambiental-em-franca\/","og_locale":"pt_BR","og_type":"article","og_title":"Fazendeiro \u00e9 multado em mais de R$ 12 mil por degrada\u00e7\u00e3o ambiental em Franca - VerdadeOn","og_description":"Segundo a Pol\u00edcia Ambiental as irregularidades foram constatadas atrav\u00e9s de imagens de sat\u00e9lite Um fazendeiro de Franca foi multado pela Pol\u00edcia Ambiental em mais de R$ [\u2026]","og_url":"https:\/\/verdadeon.com.br\/portal\/2022\/01\/10\/fazendeiro-e-multado-em-mais-de-r-12-mil-por-degradacao-ambiental-em-franca\/","og_site_name":"VerdadeOn","article_published_time":"2022-01-10T20:37:25+00:00","og_image":[{"width":1001,"height":668,"url":"https:\/\/verdadeon.com.br\/portal\/wp-content\/uploads\/2022\/01\/Ambiental-e1641846814108.jpg","type":"image\/jpeg"}],"author":"Fernando Lima","twitter_card":"summary_large_image","twitter_misc":{"Escrito por":"Fernando Lima","Est. tempo de leitura":"3 minutos"},"schema":{"@context":"https:\/\/schema.org","@graph":[{"@type":"WebPage","@id":"https:\/\/verdadeon.com.br\/portal\/2022\/01\/10\/fazendeiro-e-multado-em-mais-de-r-12-mil-por-degradacao-ambiental-em-franca\/","url":"https:\/\/verdadeon.com.br\/portal\/2022\/01\/10\/fazendeiro-e-multado-em-mais-de-r-12-mil-por-degradacao-ambiental-em-franca\/","name":"Fazendeiro \u00e9 multado em mais de R$ 12 mil por degrada\u00e7\u00e3o ambiental em Franca - VerdadeOn","isPartOf":{"@id":"https:\/\/verdadeon.com.br\/portal\/#website"},"datePublished":"2022-01-10T20:37:25+00:00","author":{"@id":"https:\/\/verdadeon.com.br\/portal\/#\/schema\/person\/cc32be22b8e8599387c480bc83e1d11a"},"breadcrumb":{"@id":"https:\/\/verdadeon.com.br\/portal\/2022\/01\/10\/fazendeiro-e-multado-em-mais-de-r-12-mil-por-degradacao-ambiental-em-franca\/#breadcrumb"},"inLanguage":"pt-BR","potentialAction":[{"@type":"ReadAction","target":["https:\/\/verdadeon.com.br\/portal\/2022\/01\/10\/fazendeiro-e-multado-em-mais-de-r-12-mil-por-degradacao-ambiental-em-franca\/"]}]},{"@type":"BreadcrumbList","@id":"https:\/\/verdadeon.com.br\/portal\/2022\/01\/10\/fazendeiro-e-multado-em-mais-de-r-12-mil-por-degradacao-ambiental-em-franca\/#breadcrumb","itemListElement":[{"@type":"ListItem","position":1,"name":"In\u00edcio","item":"https:\/\/verdadeon.com.br\/portal\/"},{"@type":"ListItem","position":2,"name":"Fazendeiro \u00e9 multado em mais de R$ 12 mil por degrada\u00e7\u00e3o ambiental em Franca"}]},{"@type":"WebSite","@id":"https:\/\/verdadeon.com.br\/portal\/#website","url":"https:\/\/verdadeon.com.br\/portal\/","name":"VerdadeOn","description":"Not\u00edcias di\u00e1rias sobre Franca, Regi\u00e3o, Esporte, Cultura, Cotidiano, Colunas. Cobertura nos principais eventos da cidade \u00e9 aqui - Verdadeon Franca","potentialAction":[{"@type":"SearchAction","target":{"@type":"EntryPoint","urlTemplate":"https:\/\/verdadeon.com.br\/portal\/?s={search_term_string}"},"query-input":{"@type":"PropertyValueSpecification","valueRequired":true,"valueName":"search_term_string"}}],"inLanguage":"pt-BR"},{"@type":"Person","@id":"https:\/\/verdadeon.com.br\/portal\/#\/schema\/person\/cc32be22b8e8599387c480bc83e1d11a","name":"Fernando Lima","image":{"@type":"ImageObject","inLanguage":"pt-BR","@id":"https:\/\/verdadeon.com.br\/portal\/#\/schema\/person\/image\/","url":"https:\/\/secure.gravatar.com\/avatar\/df4c8e132080d2b3a4841d5d232045464e0eed11a1d6e43115ca0843d48768d3?s=96&d=mm&r=g","contentUrl":"https:\/\/secure.gravatar.com\/avatar\/df4c8e132080d2b3a4841d5d232045464e0eed11a1d6e43115ca0843d48768d3?s=96&d=mm&r=g","caption":"Fernando Lima"},"sameAs":["http:\/\/verdadeon.com.br\/"],"url":"https:\/\/verdadeon.com.br\/portal\/author\/fernando-lima\/"}]}},"jetpack_publicize_connections":[],"jetpack_featured_media_url":"","jetpack_sharing_enabled":true,"_links":{"self":[{"href":"https:\/\/verdadeon.com.br\/portal\/wp-json\/wp\/v2\/posts\/22175","targetHints":{"allow":["GET"]}}],"collection":[{"href":"https:\/\/verdadeon.com.br\/portal\/wp-json\/wp\/v2\/posts"}],"about":[{"href":"https:\/\/verdadeon.com.br\/portal\/wp-json\/wp\/v2\/types\/post"}],"author":[{"embeddable":true,"href":"https:\/\/verdadeon.com.br\/portal\/wp-json\/wp\/v2\/users\/7"}],"replies":[{"embeddable":true,"href":"https:\/\/verdadeon.com.br\/portal\/wp-json\/wp\/v2\/comments?post=22175"}],"version-history":[{"count":1,"href":"https:\/\/verdadeon.com.br\/portal\/wp-json\/wp\/v2\/posts\/22175\/revisions"}],"predecessor-version":[{"id":22190,"href":"https:\/\/verdadeon.com.br\/portal\/wp-json\/wp\/v2\/posts\/22175\/revisions\/22190"}],"wp:attachment":[{"href":"https:\/\/verdadeon.com.br\/portal\/wp-json\/wp\/v2\/media?parent=22175"}],"wp:term":[{"taxonomy":"category","embeddable":true,"href":"https:\/\/verdadeon.com.br\/portal\/wp-json\/wp\/v2\/categories?post=22175"},{"taxonomy":"post_tag","embeddable":true,"href":"https:\/\/verdadeon.com.br\/portal\/wp-json\/wp\/v2\/tags?post=22175"}],"curies":[{"name":"wp","href":"https:\/\/api.w.org\/{rel}","templated":true}]}}