{"id":22172,"date":"2022-01-10T15:31:58","date_gmt":"2022-01-10T18:31:58","guid":{"rendered":"https:\/\/verdadeon.com.br\/portal\/?p=22172"},"modified":"2022-01-10T15:32:30","modified_gmt":"2022-01-10T18:32:30","slug":"santa-casa-suspende-visitas-e-acompanhantes-prefeitura-descarta-restricoes","status":"publish","type":"post","link":"https:\/\/verdadeon.com.br\/portal\/2022\/01\/10\/santa-casa-suspende-visitas-e-acompanhantes-prefeitura-descarta-restricoes\/","title":{"rendered":"Santa Casa suspende visitas e acompanhantes, Prefeitura descarta restri\u00e7\u00f5es"},"content":{"rendered":"<h2>Medida se deve ao crescimento de casos positivos da Covid-19, lares de idosos tamb\u00e9m seguem mesma decis\u00e3o<\/h2>\n<p>Fernando Lima<\/p>\n<p>O Grupo Santa Casa de Franca anunciou nesta segunda-feira (10), que vai suspender as visitas de pacientes nas unidades, a medida j\u00e1 est\u00e1 em vigor e segue por tempo indeterminado.<\/p>\n<p>Ainda de acordo com o comunicado, na Unidade de Terapia Intensiva (UTI) Adulto, o plantonista ir\u00e1 at\u00e9 a recep\u00e7\u00e3o para o boletim m\u00e9dico aos familiares diariamente, sempre \u00e0s 16h.<\/p>\n<p>Quanto aos acompanhantes, est\u00e1 liberado apenas uma pessoa para maiores de 60 anos, e menores de 18. Os pacientes de fora dessa faixa et\u00e1ria n\u00e3o poder\u00e3o ter acompanhantes.<\/p>\n<p>O comunicado foi emitido na manh\u00e3 desta segunda-feira, a diretoria justificou que ele se deve ao aumento dos casos de Covid-19 e Influenza no munic\u00edpio de Franca. O principal objetivo \u00e9 alterar o intenso fluxo de pessoas, garantindo uma maior seguran\u00e7a para os pacientes e tamb\u00e9m para os funcion\u00e1rios das unidades.<\/p>\n<h4>Lares<\/h4>\n<p>N\u00e3o apenas os hospitais de Franca, mas tamb\u00e9m os lares de longa perman\u00eancia para idosos tamb\u00e9m tomaram medidas para garantir a seguran\u00e7a dos atendidos.<\/p>\n<p>O Presidente da Funda\u00e7\u00e3o Espirita Judas Iscariotes, Cloves Pl\u00e1cido, contou que as visitas tamb\u00e9m foram suspensas nos locais onde os idosos est\u00e3o instalados, no Lar de Of\u00e9lia, nas resid\u00eancias terap\u00eauticas al\u00e9m das resid\u00eancias inclusivas. A iniciativa n\u00e3o tem prazo para terminar.<\/p>\n<p>\u201c\u00c9 tudo uma quest\u00e3o de seguran\u00e7a e necessidade. Felizmente no pico da pandemia em 2020, a gente teve um \u00edndice de mortalidade bem baixo, justamente por conta destes cuidados que tomamos. Decidimos que era hora de tomar de novo, independente de a\u00e7\u00e3o ou recomenda\u00e7\u00e3o do poder p\u00fablico\u201d, explicou.<\/p>\n<p>Ainda de acordo com Cloves, as visitas tinham voltado no in\u00edcio de novembro, quando a maior parte dos atendidos j\u00e1 estavam com o esquema vacinal completo, sempre pensando na seguran\u00e7a deles. \u201cInfelizmente quem vem de fora pra visitar pode trazer muitas coisas para quem est\u00e1 aqui, como gripe e a covid. Ainda assim est\u00e1vamos com visitas bem restritas, por exemplo, s\u00e3o 170 idosos, como vem 170 fam\u00edlias para fazer visitas? A gente dividiu em grupos, sempre usando m\u00e1scaras, \u00e1lcool em gel, mantendo a dist\u00e2ncia, desse jeito conseguimos garantir a baixa mortalidade por aqui\u201d, contou.<\/p>\n<h4>Crescimento<\/h4>\n<p>Ao contr\u00e1rio do que vinha acontecendo no final do ano passado, o n\u00famero de casos positivos em Franca voltou a subir na cidade, mesmo assim as mortes continuam com uma m\u00e9dia baixa, o principal fator decisivo \u00e9 a vacina\u00e7\u00e3o em massa.<\/p>\n<p>Na sexta-feira foram 115 casos positivos, no s\u00e1bado foram 207, e no domingo 158. Isso influenciou diretamente na m\u00e9dia m\u00f3vel de casos positivos, hoje em quase 160 confirma\u00e7\u00f5es di\u00e1rias.<\/p>\n<p>Ao mesmo tempo a ocupa\u00e7\u00e3o de leitos de UTI para o tratamento da Covid-19 cresce em Franca, o \u00faltimo boletim dos 15 leitos do SUS, 10 estavam ocupados, j\u00e1 os particulares eram 18 dispon\u00edveis, sendo 10 em uso, isso deixa a cidade com uma ocupa\u00e7\u00e3o total de 60%.<\/p>\n<p>A Prefeitura de Franca informou que n\u00e3o existe reuni\u00f5es ou planejamento para poss\u00edveis restri\u00e7\u00f5es diante o crescimento de casos.<\/p>\n<p>&nbsp;<\/p>\n","protected":false},"excerpt":{"rendered":"<p>Medida se deve ao crescimento de casos positivos da Covid-19, lares de idosos tamb\u00e9m seguem mesma decis\u00e3o Fernando Lima O Grupo Santa Casa de Franca anunciou<span class=\"excerpt-hellip\"> [\u2026]<\/span><\/p>\n","protected":false},"author":7,"featured_media":15343,"comment_status":"open","ping_status":"open","sticky":false,"template":"","format":"standard","meta":{"_jetpack_memberships_contains_paid_content":false,"footnotes":"","jetpack_publicize_message":"","jetpack_publicize_feature_enabled":true,"jetpack_social_post_already_shared":false,"jetpack_social_options":{"image_generator_settings":{"template":"highway","default_image_id":0,"enabled":false},"version":2}},"categories":[28,81],"tags":[],"class_list":["post-22172","post","type-post","status-publish","format-standard","has-post-thumbnail","hentry","category-cotidiano","category-manchete"],"yoast_head":"<!-- This site is optimized with the Yoast SEO plugin v25.6 - https:\/\/yoast.com\/wordpress\/plugins\/seo\/ -->\n<title>Santa Casa suspende visitas e acompanhantes, Prefeitura descarta restri\u00e7\u00f5es - VerdadeOn<\/title>\n<meta name=\"robots\" content=\"index, follow, max-snippet:-1, max-image-preview:large, max-video-preview:-1\" \/>\n<link rel=\"canonical\" href=\"https:\/\/verdadeon.com.br\/portal\/2022\/01\/10\/santa-casa-suspende-visitas-e-acompanhantes-prefeitura-descarta-restricoes\/\" \/>\n<meta property=\"og:locale\" content=\"pt_BR\" \/>\n<meta property=\"og:type\" content=\"article\" \/>\n<meta property=\"og:title\" content=\"Santa Casa suspende visitas e acompanhantes, Prefeitura descarta restri\u00e7\u00f5es - VerdadeOn\" \/>\n<meta property=\"og:description\" content=\"Medida se deve ao crescimento de casos positivos da Covid-19, lares de idosos tamb\u00e9m seguem mesma decis\u00e3o Fernando Lima O Grupo Santa Casa de Franca anunciou [\u2026]\" \/>\n<meta property=\"og:url\" content=\"https:\/\/verdadeon.com.br\/portal\/2022\/01\/10\/santa-casa-suspende-visitas-e-acompanhantes-prefeitura-descarta-restricoes\/\" \/>\n<meta property=\"og:site_name\" content=\"VerdadeOn\" \/>\n<meta property=\"article:published_time\" content=\"2022-01-10T18:31:58+00:00\" \/>\n<meta property=\"article:modified_time\" content=\"2022-01-10T18:32:30+00:00\" \/>\n<meta property=\"og:image\" content=\"https:\/\/verdadeon.com.br\/portal\/wp-content\/uploads\/2021\/03\/WhatsApp-Image-2021-03-18-at-14.27.47.jpeg\" \/>\n\t<meta property=\"og:image:width\" content=\"1000\" \/>\n\t<meta property=\"og:image:height\" content=\"670\" \/>\n\t<meta property=\"og:image:type\" content=\"image\/jpeg\" \/>\n<meta name=\"author\" content=\"Fernando Lima\" \/>\n<meta name=\"twitter:card\" content=\"summary_large_image\" \/>\n<meta name=\"twitter:label1\" content=\"Escrito por\" \/>\n\t<meta name=\"twitter:data1\" content=\"Fernando Lima\" \/>\n\t<meta name=\"twitter:label2\" content=\"Est. tempo de leitura\" \/>\n\t<meta name=\"twitter:data2\" content=\"3 minutos\" \/>\n<script type=\"application\/ld+json\" class=\"yoast-schema-graph\">{\"@context\":\"https:\/\/schema.org\",\"@graph\":[{\"@type\":\"WebPage\",\"@id\":\"https:\/\/verdadeon.com.br\/portal\/2022\/01\/10\/santa-casa-suspende-visitas-e-acompanhantes-prefeitura-descarta-restricoes\/\",\"url\":\"https:\/\/verdadeon.com.br\/portal\/2022\/01\/10\/santa-casa-suspende-visitas-e-acompanhantes-prefeitura-descarta-restricoes\/\",\"name\":\"Santa Casa suspende visitas e acompanhantes, Prefeitura descarta restri\u00e7\u00f5es - VerdadeOn\",\"isPartOf\":{\"@id\":\"https:\/\/verdadeon.com.br\/portal\/#website\"},\"primaryImageOfPage\":{\"@id\":\"https:\/\/verdadeon.com.br\/portal\/2022\/01\/10\/santa-casa-suspende-visitas-e-acompanhantes-prefeitura-descarta-restricoes\/#primaryimage\"},\"image\":{\"@id\":\"https:\/\/verdadeon.com.br\/portal\/2022\/01\/10\/santa-casa-suspende-visitas-e-acompanhantes-prefeitura-descarta-restricoes\/#primaryimage\"},\"thumbnailUrl\":\"https:\/\/i0.wp.com\/verdadeon.com.br\/portal\/wp-content\/uploads\/2021\/03\/WhatsApp-Image-2021-03-18-at-14.27.47.jpeg?fit=1000%2C670&ssl=1\",\"datePublished\":\"2022-01-10T18:31:58+00:00\",\"dateModified\":\"2022-01-10T18:32:30+00:00\",\"author\":{\"@id\":\"https:\/\/verdadeon.com.br\/portal\/#\/schema\/person\/cc32be22b8e8599387c480bc83e1d11a\"},\"breadcrumb\":{\"@id\":\"https:\/\/verdadeon.com.br\/portal\/2022\/01\/10\/santa-casa-suspende-visitas-e-acompanhantes-prefeitura-descarta-restricoes\/#breadcrumb\"},\"inLanguage\":\"pt-BR\",\"potentialAction\":[{\"@type\":\"ReadAction\",\"target\":[\"https:\/\/verdadeon.com.br\/portal\/2022\/01\/10\/santa-casa-suspende-visitas-e-acompanhantes-prefeitura-descarta-restricoes\/\"]}]},{\"@type\":\"ImageObject\",\"inLanguage\":\"pt-BR\",\"@id\":\"https:\/\/verdadeon.com.br\/portal\/2022\/01\/10\/santa-casa-suspende-visitas-e-acompanhantes-prefeitura-descarta-restricoes\/#primaryimage\",\"url\":\"https:\/\/i0.wp.com\/verdadeon.com.br\/portal\/wp-content\/uploads\/2021\/03\/WhatsApp-Image-2021-03-18-at-14.27.47.jpeg?fit=1000%2C670&ssl=1\",\"contentUrl\":\"https:\/\/i0.wp.com\/verdadeon.com.br\/portal\/wp-content\/uploads\/2021\/03\/WhatsApp-Image-2021-03-18-at-14.27.47.jpeg?fit=1000%2C670&ssl=1\",\"width\":1000,\"height\":670,\"caption\":\"A v\u00edtima foi encaminhada ao hospital com perfura\u00e7\u00f5es no pulm\u00e3o que exigiram drenagem| Foto: Jornal Verdade\"},{\"@type\":\"BreadcrumbList\",\"@id\":\"https:\/\/verdadeon.com.br\/portal\/2022\/01\/10\/santa-casa-suspende-visitas-e-acompanhantes-prefeitura-descarta-restricoes\/#breadcrumb\",\"itemListElement\":[{\"@type\":\"ListItem\",\"position\":1,\"name\":\"In\u00edcio\",\"item\":\"https:\/\/verdadeon.com.br\/portal\/\"},{\"@type\":\"ListItem\",\"position\":2,\"name\":\"Santa Casa suspende visitas e acompanhantes, Prefeitura descarta restri\u00e7\u00f5es\"}]},{\"@type\":\"WebSite\",\"@id\":\"https:\/\/verdadeon.com.br\/portal\/#website\",\"url\":\"https:\/\/verdadeon.com.br\/portal\/\",\"name\":\"VerdadeOn\",\"description\":\"Not\u00edcias di\u00e1rias sobre Franca, Regi\u00e3o, Esporte, Cultura, Cotidiano, Colunas. Cobertura nos principais eventos da cidade \u00e9 aqui - Verdadeon Franca\",\"potentialAction\":[{\"@type\":\"SearchAction\",\"target\":{\"@type\":\"EntryPoint\",\"urlTemplate\":\"https:\/\/verdadeon.com.br\/portal\/?s={search_term_string}\"},\"query-input\":{\"@type\":\"PropertyValueSpecification\",\"valueRequired\":true,\"valueName\":\"search_term_string\"}}],\"inLanguage\":\"pt-BR\"},{\"@type\":\"Person\",\"@id\":\"https:\/\/verdadeon.com.br\/portal\/#\/schema\/person\/cc32be22b8e8599387c480bc83e1d11a\",\"name\":\"Fernando Lima\",\"image\":{\"@type\":\"ImageObject\",\"inLanguage\":\"pt-BR\",\"@id\":\"https:\/\/verdadeon.com.br\/portal\/#\/schema\/person\/image\/\",\"url\":\"https:\/\/secure.gravatar.com\/avatar\/df4c8e132080d2b3a4841d5d232045464e0eed11a1d6e43115ca0843d48768d3?s=96&d=mm&r=g\",\"contentUrl\":\"https:\/\/secure.gravatar.com\/avatar\/df4c8e132080d2b3a4841d5d232045464e0eed11a1d6e43115ca0843d48768d3?s=96&d=mm&r=g\",\"caption\":\"Fernando Lima\"},\"sameAs\":[\"http:\/\/verdadeon.com.br\/\"],\"url\":\"https:\/\/verdadeon.com.br\/portal\/author\/fernando-lima\/\"}]}<\/script>\n<!-- \/ Yoast SEO plugin. -->","yoast_head_json":{"title":"Santa Casa suspende visitas e acompanhantes, Prefeitura descarta restri\u00e7\u00f5es - VerdadeOn","robots":{"index":"index","follow":"follow","max-snippet":"max-snippet:-1","max-image-preview":"max-image-preview:large","max-video-preview":"max-video-preview:-1"},"canonical":"https:\/\/verdadeon.com.br\/portal\/2022\/01\/10\/santa-casa-suspende-visitas-e-acompanhantes-prefeitura-descarta-restricoes\/","og_locale":"pt_BR","og_type":"article","og_title":"Santa Casa suspende visitas e acompanhantes, Prefeitura descarta restri\u00e7\u00f5es - VerdadeOn","og_description":"Medida se deve ao crescimento de casos positivos da Covid-19, lares de idosos tamb\u00e9m seguem mesma decis\u00e3o Fernando Lima O Grupo Santa Casa de Franca anunciou [\u2026]","og_url":"https:\/\/verdadeon.com.br\/portal\/2022\/01\/10\/santa-casa-suspende-visitas-e-acompanhantes-prefeitura-descarta-restricoes\/","og_site_name":"VerdadeOn","article_published_time":"2022-01-10T18:31:58+00:00","article_modified_time":"2022-01-10T18:32:30+00:00","og_image":[{"width":1000,"height":670,"url":"https:\/\/verdadeon.com.br\/portal\/wp-content\/uploads\/2021\/03\/WhatsApp-Image-2021-03-18-at-14.27.47.jpeg","type":"image\/jpeg"}],"author":"Fernando Lima","twitter_card":"summary_large_image","twitter_misc":{"Escrito por":"Fernando Lima","Est. tempo de leitura":"3 minutos"},"schema":{"@context":"https:\/\/schema.org","@graph":[{"@type":"WebPage","@id":"https:\/\/verdadeon.com.br\/portal\/2022\/01\/10\/santa-casa-suspende-visitas-e-acompanhantes-prefeitura-descarta-restricoes\/","url":"https:\/\/verdadeon.com.br\/portal\/2022\/01\/10\/santa-casa-suspende-visitas-e-acompanhantes-prefeitura-descarta-restricoes\/","name":"Santa Casa suspende visitas e acompanhantes, Prefeitura descarta restri\u00e7\u00f5es - VerdadeOn","isPartOf":{"@id":"https:\/\/verdadeon.com.br\/portal\/#website"},"primaryImageOfPage":{"@id":"https:\/\/verdadeon.com.br\/portal\/2022\/01\/10\/santa-casa-suspende-visitas-e-acompanhantes-prefeitura-descarta-restricoes\/#primaryimage"},"image":{"@id":"https:\/\/verdadeon.com.br\/portal\/2022\/01\/10\/santa-casa-suspende-visitas-e-acompanhantes-prefeitura-descarta-restricoes\/#primaryimage"},"thumbnailUrl":"https:\/\/i0.wp.com\/verdadeon.com.br\/portal\/wp-content\/uploads\/2021\/03\/WhatsApp-Image-2021-03-18-at-14.27.47.jpeg?fit=1000%2C670&ssl=1","datePublished":"2022-01-10T18:31:58+00:00","dateModified":"2022-01-10T18:32:30+00:00","author":{"@id":"https:\/\/verdadeon.com.br\/portal\/#\/schema\/person\/cc32be22b8e8599387c480bc83e1d11a"},"breadcrumb":{"@id":"https:\/\/verdadeon.com.br\/portal\/2022\/01\/10\/santa-casa-suspende-visitas-e-acompanhantes-prefeitura-descarta-restricoes\/#breadcrumb"},"inLanguage":"pt-BR","potentialAction":[{"@type":"ReadAction","target":["https:\/\/verdadeon.com.br\/portal\/2022\/01\/10\/santa-casa-suspende-visitas-e-acompanhantes-prefeitura-descarta-restricoes\/"]}]},{"@type":"ImageObject","inLanguage":"pt-BR","@id":"https:\/\/verdadeon.com.br\/portal\/2022\/01\/10\/santa-casa-suspende-visitas-e-acompanhantes-prefeitura-descarta-restricoes\/#primaryimage","url":"https:\/\/i0.wp.com\/verdadeon.com.br\/portal\/wp-content\/uploads\/2021\/03\/WhatsApp-Image-2021-03-18-at-14.27.47.jpeg?fit=1000%2C670&ssl=1","contentUrl":"https:\/\/i0.wp.com\/verdadeon.com.br\/portal\/wp-content\/uploads\/2021\/03\/WhatsApp-Image-2021-03-18-at-14.27.47.jpeg?fit=1000%2C670&ssl=1","width":1000,"height":670,"caption":"A v\u00edtima foi encaminhada ao hospital com perfura\u00e7\u00f5es no pulm\u00e3o que exigiram drenagem| Foto: Jornal Verdade"},{"@type":"BreadcrumbList","@id":"https:\/\/verdadeon.com.br\/portal\/2022\/01\/10\/santa-casa-suspende-visitas-e-acompanhantes-prefeitura-descarta-restricoes\/#breadcrumb","itemListElement":[{"@type":"ListItem","position":1,"name":"In\u00edcio","item":"https:\/\/verdadeon.com.br\/portal\/"},{"@type":"ListItem","position":2,"name":"Santa Casa suspende visitas e acompanhantes, Prefeitura descarta restri\u00e7\u00f5es"}]},{"@type":"WebSite","@id":"https:\/\/verdadeon.com.br\/portal\/#website","url":"https:\/\/verdadeon.com.br\/portal\/","name":"VerdadeOn","description":"Not\u00edcias di\u00e1rias sobre Franca, Regi\u00e3o, Esporte, Cultura, Cotidiano, Colunas. Cobertura nos principais eventos da cidade \u00e9 aqui - Verdadeon Franca","potentialAction":[{"@type":"SearchAction","target":{"@type":"EntryPoint","urlTemplate":"https:\/\/verdadeon.com.br\/portal\/?s={search_term_string}"},"query-input":{"@type":"PropertyValueSpecification","valueRequired":true,"valueName":"search_term_string"}}],"inLanguage":"pt-BR"},{"@type":"Person","@id":"https:\/\/verdadeon.com.br\/portal\/#\/schema\/person\/cc32be22b8e8599387c480bc83e1d11a","name":"Fernando Lima","image":{"@type":"ImageObject","inLanguage":"pt-BR","@id":"https:\/\/verdadeon.com.br\/portal\/#\/schema\/person\/image\/","url":"https:\/\/secure.gravatar.com\/avatar\/df4c8e132080d2b3a4841d5d232045464e0eed11a1d6e43115ca0843d48768d3?s=96&d=mm&r=g","contentUrl":"https:\/\/secure.gravatar.com\/avatar\/df4c8e132080d2b3a4841d5d232045464e0eed11a1d6e43115ca0843d48768d3?s=96&d=mm&r=g","caption":"Fernando Lima"},"sameAs":["http:\/\/verdadeon.com.br\/"],"url":"https:\/\/verdadeon.com.br\/portal\/author\/fernando-lima\/"}]}},"jetpack_publicize_connections":[],"jetpack_featured_media_url":"https:\/\/i0.wp.com\/verdadeon.com.br\/portal\/wp-content\/uploads\/2021\/03\/WhatsApp-Image-2021-03-18-at-14.27.47.jpeg?fit=1000%2C670&ssl=1","jetpack_sharing_enabled":true,"_links":{"self":[{"href":"https:\/\/verdadeon.com.br\/portal\/wp-json\/wp\/v2\/posts\/22172","targetHints":{"allow":["GET"]}}],"collection":[{"href":"https:\/\/verdadeon.com.br\/portal\/wp-json\/wp\/v2\/posts"}],"about":[{"href":"https:\/\/verdadeon.com.br\/portal\/wp-json\/wp\/v2\/types\/post"}],"author":[{"embeddable":true,"href":"https:\/\/verdadeon.com.br\/portal\/wp-json\/wp\/v2\/users\/7"}],"replies":[{"embeddable":true,"href":"https:\/\/verdadeon.com.br\/portal\/wp-json\/wp\/v2\/comments?post=22172"}],"version-history":[{"count":2,"href":"https:\/\/verdadeon.com.br\/portal\/wp-json\/wp\/v2\/posts\/22172\/revisions"}],"predecessor-version":[{"id":22174,"href":"https:\/\/verdadeon.com.br\/portal\/wp-json\/wp\/v2\/posts\/22172\/revisions\/22174"}],"wp:featuredmedia":[{"embeddable":true,"href":"https:\/\/verdadeon.com.br\/portal\/wp-json\/wp\/v2\/media\/15343"}],"wp:attachment":[{"href":"https:\/\/verdadeon.com.br\/portal\/wp-json\/wp\/v2\/media?parent=22172"}],"wp:term":[{"taxonomy":"category","embeddable":true,"href":"https:\/\/verdadeon.com.br\/portal\/wp-json\/wp\/v2\/categories?post=22172"},{"taxonomy":"post_tag","embeddable":true,"href":"https:\/\/verdadeon.com.br\/portal\/wp-json\/wp\/v2\/tags?post=22172"}],"curies":[{"name":"wp","href":"https:\/\/api.w.org\/{rel}","templated":true}]}}