{"id":22158,"date":"2022-01-08T17:23:07","date_gmt":"2022-01-08T20:23:07","guid":{"rendered":"https:\/\/verdadeon.com.br\/portal\/?p=22158"},"modified":"2022-01-08T17:21:30","modified_gmt":"2022-01-08T20:21:30","slug":"copinha-2022-francana-busca-classificacao-em-jogo-contra-juventude-rs-na-segunda-feira","status":"publish","type":"post","link":"https:\/\/verdadeon.com.br\/portal\/2022\/01\/08\/copinha-2022-francana-busca-classificacao-em-jogo-contra-juventude-rs-na-segunda-feira\/","title":{"rendered":"Copinha 2022: Francana busca classifica\u00e7\u00e3o em jogo contra Juventude\/RS na segunda-feira"},"content":{"rendered":"<h2>Partida no Lanch\u00e3o, \u00e0s 20h, tem entrada gratuita, mas torcedores devem cumprir protocolos sanit\u00e1rios contra a Covid<\/h2>\n<p>&nbsp;<\/p>\n<p><span style=\"font-weight: 400;\">A Francana entra em campo na noite desta segunda-feira, 10, \u00e0s 20h, em busca da classifica\u00e7\u00e3o para a fase mata-mata da Copa S\u00e3o Paulo de Futebol J\u00fanior 2022. A equipe esmeraldina vai enfrentar o Juventude\/RS, no Est\u00e1dio Lanch\u00e3o. A partida \u00e9 gratuita e o p\u00fablico poder\u00e1 acompanh\u00e1-la, mas precisa que retirar os ingressos com anteced\u00eancia e cumprir os protocolos exigidos de preven\u00e7\u00e3o \u00e0 Covid-19.<\/span><\/p>\n<p><span style=\"font-weight: 400;\">O time francano estreou na Copinha no \u00faltimo dia, 4, e empatou em 1x 1 com a Ponte Preta. Na segunda partida, venceu <\/span><span style=\"font-weight: 400;\">o Confian\u00e7a\/PB por 2 a 0 na sexta-feira, 7. Franca soma 4 pontos na competi\u00e7\u00e3o e tem chances de avan\u00e7ar para a pr\u00f3xima etapa.<\/span><\/p>\n<p><span style=\"font-weight: 400;\">\u201c<\/span><span style=\"font-weight: 400;\">O jogo de segunda-feira ser\u00e1 de extrema import\u00e2ncia para a A.A. Francana, pois precisa de apenas um empate para a classifica\u00e7\u00e3o \u00e0 pr\u00f3xima fase da Copa S\u00e3o Paulo. Foram meses de prepara\u00e7\u00e3o, iniciado em outubro com aproximadamente 70 jogadores, esse grupo foi diminuindo at\u00e9 chegar em dezembro com os 30 convocados para essa disputa, portanto a classifica\u00e7\u00e3o \u00e9 o desejo dessa comiss\u00e3o t\u00e9cnica que n\u00e3o mede esfor\u00e7os para fazer o melhor a este Clube\u201d, disse Lukas Porto, assessor de imprensa da AA Francana.\u00a0<\/span><\/p>\n<h4><span style=\"font-weight: 400;\">Torcida<\/span><\/h4>\n<p><span style=\"font-weight: 400;\">Franca sediou a Copa <\/span><span style=\"font-weight: 400;\">S\u00e3o Paulo de Futebol J\u00fanior em outros anos e desta vez repete a boa presen\u00e7a do p\u00fablico registrada em edi\u00e7\u00f5es anteriores. \u201c<\/span><span style=\"font-weight: 400;\">Temos na arquibancada nosso 12\u00ba jogador, essa torcida \u00e9 apaixonada por esse clube, portanto \u00e9 de suma import\u00e2ncia essa classifica\u00e7\u00e3o, essa cidade merece essa alegria. Vale lembrar que na primeira rodada tivemos o terceiro melhor p\u00fablico com 3.522 pagantes, perdendo apenas para Corinthians e S\u00e3o Paulo, torcemos para que nesse jogo de suma import\u00e2ncia batemos esse recorde. A inten\u00e7\u00e3o \u00e9 que tenhamos 8000 pessoas no Lanch\u00e3o\u201d, afirmou Lukas.<\/span><\/p>\n<h4>Regras para entrada<\/h4>\n<p><span style=\"font-weight: 400;\">Os ingressos da Copinha ser\u00e3o distribu\u00eddos na segunda-feira, 10, das 9h \u00e0s 19h na loja da Francana anexa ao Est\u00e1dio Jos\u00e9 Lancha Filho.<\/span><\/p>\n<p><span style=\"font-weight: 400;\">Conforme Decreto da Secretaria de Estado da Sa\u00fade de S\u00e3o Paulo, Resolu\u00e7\u00e3o SS N\u00ba 151, de 06 de outubro de 2021, para acessar o Est\u00e1dio Jos\u00e9 Lancha Filho, ser\u00e1 necess\u00e1rio cumprir as seguintes medidas:<\/span><\/p>\n<p><span style=\"font-weight: 400;\">1- Esquema vacinal completo (duas doses ou dose \u00fanica), ou, caso tenha apenas uma dose, obrigat\u00f3rio teste negativo para Covid-19 do tipo PCR, realizado em at\u00e9 48 horas antes do ingresso no estabelecimento, ou do tipo ant\u00edgeno, realizado at\u00e9 24 horas antes do ingresso no estabelecimento\u00a0<\/span><\/p>\n<p><span style=\"font-weight: 400;\">2- Para os n\u00e3o eleg\u00edveis na faixa et\u00e1ria para vacina\u00e7\u00e3o, ou seja, menores de 12 anos, dever\u00e1 ser exigido teste negativo contra a Covid-19 do tipo PCR, realizado at\u00e9 48 horas antes do ingresso no estabelecimento, ou do tipo ant\u00edgeno, realizado at\u00e9 24 horas antes do ingresso no estabelecimento;\u00a0<\/span><\/p>\n<p><span style=\"font-weight: 400;\">3 &#8211; Apresentar documento pessoal com foto;\u00a0<\/span><\/p>\n<p><span style=\"font-weight: 400;\">4 &#8211; Uso obrigat\u00f3rio de m\u00e1scaras de prote\u00e7\u00e3o facial durante toda a perman\u00eancia no recinto.<\/span><\/p>\n<h4>Servi\u00e7o<\/h4>\n<p><b>Copa SP de Futebol 2022<\/b><\/p>\n<p>Francana x Juventude\/RS<\/p>\n<p><span style=\"font-weight: 400;\">Data: 10 de janeiro &#8211; Segunda-feira<\/span><\/p>\n<p><span style=\"font-weight: 400;\">Local: Est\u00e1dio \u201cJos\u00e9 Lancha Filho\u201d (Lanch\u00e3o)<\/span><\/p>\n<p><span style=\"font-weight: 400;\">Hor\u00e1rio: 20h<\/span><\/p>\n","protected":false},"excerpt":{"rendered":"<p>Partida no Lanch\u00e3o, \u00e0s 20h, tem entrada gratuita, mas torcedores devem cumprir protocolos sanit\u00e1rios contra a Covid &nbsp; A Francana entra em campo na noite desta<span class=\"excerpt-hellip\"> [\u2026]<\/span><\/p>\n","protected":false},"author":10,"featured_media":22159,"comment_status":"open","ping_status":"open","sticky":false,"template":"","format":"standard","meta":{"_jetpack_memberships_contains_paid_content":false,"footnotes":"","jetpack_publicize_message":"","jetpack_publicize_feature_enabled":true,"jetpack_social_post_already_shared":false,"jetpack_social_options":{"image_generator_settings":{"template":"highway","default_image_id":0,"enabled":false},"version":2}},"categories":[28,44],"tags":[],"class_list":["post-22158","post","type-post","status-publish","format-standard","has-post-thumbnail","hentry","category-cotidiano","category-noticias"],"yoast_head":"<!-- This site is optimized with the Yoast SEO plugin v25.6 - https:\/\/yoast.com\/wordpress\/plugins\/seo\/ -->\n<title>Copinha 2022: Francana busca classifica\u00e7\u00e3o em jogo contra Juventude\/RS na segunda-feira - VerdadeOn<\/title>\n<meta name=\"robots\" content=\"index, follow, max-snippet:-1, max-image-preview:large, max-video-preview:-1\" \/>\n<link rel=\"canonical\" href=\"https:\/\/verdadeon.com.br\/portal\/2022\/01\/08\/copinha-2022-francana-busca-classificacao-em-jogo-contra-juventude-rs-na-segunda-feira\/\" \/>\n<meta property=\"og:locale\" content=\"pt_BR\" \/>\n<meta property=\"og:type\" content=\"article\" \/>\n<meta property=\"og:title\" content=\"Copinha 2022: Francana busca classifica\u00e7\u00e3o em jogo contra Juventude\/RS na segunda-feira - VerdadeOn\" \/>\n<meta property=\"og:description\" content=\"Partida no Lanch\u00e3o, \u00e0s 20h, tem entrada gratuita, mas torcedores devem cumprir protocolos sanit\u00e1rios contra a Covid &nbsp; A Francana entra em campo na noite desta [\u2026]\" \/>\n<meta property=\"og:url\" content=\"https:\/\/verdadeon.com.br\/portal\/2022\/01\/08\/copinha-2022-francana-busca-classificacao-em-jogo-contra-juventude-rs-na-segunda-feira\/\" \/>\n<meta property=\"og:site_name\" content=\"VerdadeOn\" \/>\n<meta property=\"article:published_time\" content=\"2022-01-08T20:23:07+00:00\" \/>\n<meta property=\"og:image\" content=\"https:\/\/verdadeon.com.br\/portal\/wp-content\/uploads\/2022\/01\/COPINHA-2022-FRANCANA.jpeg\" \/>\n\t<meta property=\"og:image:width\" content=\"1280\" \/>\n\t<meta property=\"og:image:height\" content=\"905\" \/>\n\t<meta property=\"og:image:type\" content=\"image\/jpeg\" \/>\n<meta name=\"author\" content=\"Redacao VerdadeOn\" \/>\n<meta name=\"twitter:card\" content=\"summary_large_image\" \/>\n<meta name=\"twitter:label1\" content=\"Escrito por\" \/>\n\t<meta name=\"twitter:data1\" content=\"Redacao VerdadeOn\" \/>\n\t<meta name=\"twitter:label2\" content=\"Est. tempo de leitura\" \/>\n\t<meta name=\"twitter:data2\" content=\"3 minutos\" \/>\n<script type=\"application\/ld+json\" class=\"yoast-schema-graph\">{\"@context\":\"https:\/\/schema.org\",\"@graph\":[{\"@type\":\"WebPage\",\"@id\":\"https:\/\/verdadeon.com.br\/portal\/2022\/01\/08\/copinha-2022-francana-busca-classificacao-em-jogo-contra-juventude-rs-na-segunda-feira\/\",\"url\":\"https:\/\/verdadeon.com.br\/portal\/2022\/01\/08\/copinha-2022-francana-busca-classificacao-em-jogo-contra-juventude-rs-na-segunda-feira\/\",\"name\":\"Copinha 2022: Francana busca classifica\u00e7\u00e3o em jogo contra Juventude\/RS na segunda-feira - VerdadeOn\",\"isPartOf\":{\"@id\":\"https:\/\/verdadeon.com.br\/portal\/#website\"},\"primaryImageOfPage\":{\"@id\":\"https:\/\/verdadeon.com.br\/portal\/2022\/01\/08\/copinha-2022-francana-busca-classificacao-em-jogo-contra-juventude-rs-na-segunda-feira\/#primaryimage\"},\"image\":{\"@id\":\"https:\/\/verdadeon.com.br\/portal\/2022\/01\/08\/copinha-2022-francana-busca-classificacao-em-jogo-contra-juventude-rs-na-segunda-feira\/#primaryimage\"},\"thumbnailUrl\":\"https:\/\/i0.wp.com\/verdadeon.com.br\/portal\/wp-content\/uploads\/2022\/01\/COPINHA-2022-FRANCANA.jpeg?fit=1280%2C905&ssl=1\",\"datePublished\":\"2022-01-08T20:23:07+00:00\",\"author\":{\"@id\":\"https:\/\/verdadeon.com.br\/portal\/#\/schema\/person\/a5060ad1e9ea3df545188fc93ce43d2f\"},\"breadcrumb\":{\"@id\":\"https:\/\/verdadeon.com.br\/portal\/2022\/01\/08\/copinha-2022-francana-busca-classificacao-em-jogo-contra-juventude-rs-na-segunda-feira\/#breadcrumb\"},\"inLanguage\":\"pt-BR\",\"potentialAction\":[{\"@type\":\"ReadAction\",\"target\":[\"https:\/\/verdadeon.com.br\/portal\/2022\/01\/08\/copinha-2022-francana-busca-classificacao-em-jogo-contra-juventude-rs-na-segunda-feira\/\"]}]},{\"@type\":\"ImageObject\",\"inLanguage\":\"pt-BR\",\"@id\":\"https:\/\/verdadeon.com.br\/portal\/2022\/01\/08\/copinha-2022-francana-busca-classificacao-em-jogo-contra-juventude-rs-na-segunda-feira\/#primaryimage\",\"url\":\"https:\/\/i0.wp.com\/verdadeon.com.br\/portal\/wp-content\/uploads\/2022\/01\/COPINHA-2022-FRANCANA.jpeg?fit=1280%2C905&ssl=1\",\"contentUrl\":\"https:\/\/i0.wp.com\/verdadeon.com.br\/portal\/wp-content\/uploads\/2022\/01\/COPINHA-2022-FRANCANA.jpeg?fit=1280%2C905&ssl=1\",\"width\":1280,\"height\":905,\"caption\":\"Imagem de arquivo mostra time da Francana durante a Copinha 2022 | Foto: Lukas Porto Assessor de Imprensa AA Francana\"},{\"@type\":\"BreadcrumbList\",\"@id\":\"https:\/\/verdadeon.com.br\/portal\/2022\/01\/08\/copinha-2022-francana-busca-classificacao-em-jogo-contra-juventude-rs-na-segunda-feira\/#breadcrumb\",\"itemListElement\":[{\"@type\":\"ListItem\",\"position\":1,\"name\":\"In\u00edcio\",\"item\":\"https:\/\/verdadeon.com.br\/portal\/\"},{\"@type\":\"ListItem\",\"position\":2,\"name\":\"Copinha 2022: Francana busca classifica\u00e7\u00e3o em jogo contra Juventude\/RS na segunda-feira\"}]},{\"@type\":\"WebSite\",\"@id\":\"https:\/\/verdadeon.com.br\/portal\/#website\",\"url\":\"https:\/\/verdadeon.com.br\/portal\/\",\"name\":\"VerdadeOn\",\"description\":\"Not\u00edcias di\u00e1rias sobre Franca, Regi\u00e3o, Esporte, Cultura, Cotidiano, Colunas. Cobertura nos principais eventos da cidade \u00e9 aqui - Verdadeon Franca\",\"potentialAction\":[{\"@type\":\"SearchAction\",\"target\":{\"@type\":\"EntryPoint\",\"urlTemplate\":\"https:\/\/verdadeon.com.br\/portal\/?s={search_term_string}\"},\"query-input\":{\"@type\":\"PropertyValueSpecification\",\"valueRequired\":true,\"valueName\":\"search_term_string\"}}],\"inLanguage\":\"pt-BR\"},{\"@type\":\"Person\",\"@id\":\"https:\/\/verdadeon.com.br\/portal\/#\/schema\/person\/a5060ad1e9ea3df545188fc93ce43d2f\",\"name\":\"Redacao VerdadeOn\",\"image\":{\"@type\":\"ImageObject\",\"inLanguage\":\"pt-BR\",\"@id\":\"https:\/\/verdadeon.com.br\/portal\/#\/schema\/person\/image\/\",\"url\":\"https:\/\/secure.gravatar.com\/avatar\/459a9613caaaf07f582c3d0841eea68bdd66f533e465e6ba8b9cb45619572cf4?s=96&d=mm&r=g\",\"contentUrl\":\"https:\/\/secure.gravatar.com\/avatar\/459a9613caaaf07f582c3d0841eea68bdd66f533e465e6ba8b9cb45619572cf4?s=96&d=mm&r=g\",\"caption\":\"Redacao VerdadeOn\"},\"url\":\"https:\/\/verdadeon.com.br\/portal\/author\/redacao\/\"}]}<\/script>\n<!-- \/ Yoast SEO plugin. -->","yoast_head_json":{"title":"Copinha 2022: Francana busca classifica\u00e7\u00e3o em jogo contra Juventude\/RS na segunda-feira - VerdadeOn","robots":{"index":"index","follow":"follow","max-snippet":"max-snippet:-1","max-image-preview":"max-image-preview:large","max-video-preview":"max-video-preview:-1"},"canonical":"https:\/\/verdadeon.com.br\/portal\/2022\/01\/08\/copinha-2022-francana-busca-classificacao-em-jogo-contra-juventude-rs-na-segunda-feira\/","og_locale":"pt_BR","og_type":"article","og_title":"Copinha 2022: Francana busca classifica\u00e7\u00e3o em jogo contra Juventude\/RS na segunda-feira - VerdadeOn","og_description":"Partida no Lanch\u00e3o, \u00e0s 20h, tem entrada gratuita, mas torcedores devem cumprir protocolos sanit\u00e1rios contra a Covid &nbsp; A Francana entra em campo na noite desta [\u2026]","og_url":"https:\/\/verdadeon.com.br\/portal\/2022\/01\/08\/copinha-2022-francana-busca-classificacao-em-jogo-contra-juventude-rs-na-segunda-feira\/","og_site_name":"VerdadeOn","article_published_time":"2022-01-08T20:23:07+00:00","og_image":[{"width":1280,"height":905,"url":"https:\/\/verdadeon.com.br\/portal\/wp-content\/uploads\/2022\/01\/COPINHA-2022-FRANCANA.jpeg","type":"image\/jpeg"}],"author":"Redacao VerdadeOn","twitter_card":"summary_large_image","twitter_misc":{"Escrito por":"Redacao VerdadeOn","Est. tempo de leitura":"3 minutos"},"schema":{"@context":"https:\/\/schema.org","@graph":[{"@type":"WebPage","@id":"https:\/\/verdadeon.com.br\/portal\/2022\/01\/08\/copinha-2022-francana-busca-classificacao-em-jogo-contra-juventude-rs-na-segunda-feira\/","url":"https:\/\/verdadeon.com.br\/portal\/2022\/01\/08\/copinha-2022-francana-busca-classificacao-em-jogo-contra-juventude-rs-na-segunda-feira\/","name":"Copinha 2022: Francana busca classifica\u00e7\u00e3o em jogo contra Juventude\/RS na segunda-feira - VerdadeOn","isPartOf":{"@id":"https:\/\/verdadeon.com.br\/portal\/#website"},"primaryImageOfPage":{"@id":"https:\/\/verdadeon.com.br\/portal\/2022\/01\/08\/copinha-2022-francana-busca-classificacao-em-jogo-contra-juventude-rs-na-segunda-feira\/#primaryimage"},"image":{"@id":"https:\/\/verdadeon.com.br\/portal\/2022\/01\/08\/copinha-2022-francana-busca-classificacao-em-jogo-contra-juventude-rs-na-segunda-feira\/#primaryimage"},"thumbnailUrl":"https:\/\/i0.wp.com\/verdadeon.com.br\/portal\/wp-content\/uploads\/2022\/01\/COPINHA-2022-FRANCANA.jpeg?fit=1280%2C905&ssl=1","datePublished":"2022-01-08T20:23:07+00:00","author":{"@id":"https:\/\/verdadeon.com.br\/portal\/#\/schema\/person\/a5060ad1e9ea3df545188fc93ce43d2f"},"breadcrumb":{"@id":"https:\/\/verdadeon.com.br\/portal\/2022\/01\/08\/copinha-2022-francana-busca-classificacao-em-jogo-contra-juventude-rs-na-segunda-feira\/#breadcrumb"},"inLanguage":"pt-BR","potentialAction":[{"@type":"ReadAction","target":["https:\/\/verdadeon.com.br\/portal\/2022\/01\/08\/copinha-2022-francana-busca-classificacao-em-jogo-contra-juventude-rs-na-segunda-feira\/"]}]},{"@type":"ImageObject","inLanguage":"pt-BR","@id":"https:\/\/verdadeon.com.br\/portal\/2022\/01\/08\/copinha-2022-francana-busca-classificacao-em-jogo-contra-juventude-rs-na-segunda-feira\/#primaryimage","url":"https:\/\/i0.wp.com\/verdadeon.com.br\/portal\/wp-content\/uploads\/2022\/01\/COPINHA-2022-FRANCANA.jpeg?fit=1280%2C905&ssl=1","contentUrl":"https:\/\/i0.wp.com\/verdadeon.com.br\/portal\/wp-content\/uploads\/2022\/01\/COPINHA-2022-FRANCANA.jpeg?fit=1280%2C905&ssl=1","width":1280,"height":905,"caption":"Imagem de arquivo mostra time da Francana durante a Copinha 2022 | Foto: Lukas Porto Assessor de Imprensa AA Francana"},{"@type":"BreadcrumbList","@id":"https:\/\/verdadeon.com.br\/portal\/2022\/01\/08\/copinha-2022-francana-busca-classificacao-em-jogo-contra-juventude-rs-na-segunda-feira\/#breadcrumb","itemListElement":[{"@type":"ListItem","position":1,"name":"In\u00edcio","item":"https:\/\/verdadeon.com.br\/portal\/"},{"@type":"ListItem","position":2,"name":"Copinha 2022: Francana busca classifica\u00e7\u00e3o em jogo contra Juventude\/RS na segunda-feira"}]},{"@type":"WebSite","@id":"https:\/\/verdadeon.com.br\/portal\/#website","url":"https:\/\/verdadeon.com.br\/portal\/","name":"VerdadeOn","description":"Not\u00edcias di\u00e1rias sobre Franca, Regi\u00e3o, Esporte, Cultura, Cotidiano, Colunas. Cobertura nos principais eventos da cidade \u00e9 aqui - Verdadeon Franca","potentialAction":[{"@type":"SearchAction","target":{"@type":"EntryPoint","urlTemplate":"https:\/\/verdadeon.com.br\/portal\/?s={search_term_string}"},"query-input":{"@type":"PropertyValueSpecification","valueRequired":true,"valueName":"search_term_string"}}],"inLanguage":"pt-BR"},{"@type":"Person","@id":"https:\/\/verdadeon.com.br\/portal\/#\/schema\/person\/a5060ad1e9ea3df545188fc93ce43d2f","name":"Redacao VerdadeOn","image":{"@type":"ImageObject","inLanguage":"pt-BR","@id":"https:\/\/verdadeon.com.br\/portal\/#\/schema\/person\/image\/","url":"https:\/\/secure.gravatar.com\/avatar\/459a9613caaaf07f582c3d0841eea68bdd66f533e465e6ba8b9cb45619572cf4?s=96&d=mm&r=g","contentUrl":"https:\/\/secure.gravatar.com\/avatar\/459a9613caaaf07f582c3d0841eea68bdd66f533e465e6ba8b9cb45619572cf4?s=96&d=mm&r=g","caption":"Redacao VerdadeOn"},"url":"https:\/\/verdadeon.com.br\/portal\/author\/redacao\/"}]}},"jetpack_publicize_connections":[],"jetpack_featured_media_url":"https:\/\/i0.wp.com\/verdadeon.com.br\/portal\/wp-content\/uploads\/2022\/01\/COPINHA-2022-FRANCANA.jpeg?fit=1280%2C905&ssl=1","jetpack_sharing_enabled":true,"_links":{"self":[{"href":"https:\/\/verdadeon.com.br\/portal\/wp-json\/wp\/v2\/posts\/22158","targetHints":{"allow":["GET"]}}],"collection":[{"href":"https:\/\/verdadeon.com.br\/portal\/wp-json\/wp\/v2\/posts"}],"about":[{"href":"https:\/\/verdadeon.com.br\/portal\/wp-json\/wp\/v2\/types\/post"}],"author":[{"embeddable":true,"href":"https:\/\/verdadeon.com.br\/portal\/wp-json\/wp\/v2\/users\/10"}],"replies":[{"embeddable":true,"href":"https:\/\/verdadeon.com.br\/portal\/wp-json\/wp\/v2\/comments?post=22158"}],"version-history":[{"count":1,"href":"https:\/\/verdadeon.com.br\/portal\/wp-json\/wp\/v2\/posts\/22158\/revisions"}],"predecessor-version":[{"id":22162,"href":"https:\/\/verdadeon.com.br\/portal\/wp-json\/wp\/v2\/posts\/22158\/revisions\/22162"}],"wp:featuredmedia":[{"embeddable":true,"href":"https:\/\/verdadeon.com.br\/portal\/wp-json\/wp\/v2\/media\/22159"}],"wp:attachment":[{"href":"https:\/\/verdadeon.com.br\/portal\/wp-json\/wp\/v2\/media?parent=22158"}],"wp:term":[{"taxonomy":"category","embeddable":true,"href":"https:\/\/verdadeon.com.br\/portal\/wp-json\/wp\/v2\/categories?post=22158"},{"taxonomy":"post_tag","embeddable":true,"href":"https:\/\/verdadeon.com.br\/portal\/wp-json\/wp\/v2\/tags?post=22158"}],"curies":[{"name":"wp","href":"https:\/\/api.w.org\/{rel}","templated":true}]}}