{"id":22155,"date":"2022-01-08T16:45:39","date_gmt":"2022-01-08T19:45:39","guid":{"rendered":"https:\/\/verdadeon.com.br\/portal\/?p=22155"},"modified":"2022-01-08T20:06:07","modified_gmt":"2022-01-08T23:06:07","slug":"desabamento-de-rocha-em-capitolio-deixa-pelo-menos-dois-mortos-em-mg","status":"publish","type":"post","link":"https:\/\/verdadeon.com.br\/portal\/2022\/01\/08\/desabamento-de-rocha-em-capitolio-deixa-pelo-menos-dois-mortos-em-mg\/","title":{"rendered":"Desabamento de rocha em Capit\u00f3lio (MG) tem sete mortos confirmados"},"content":{"rendered":"<h3 class=\"col-10 offset-1 animated fadeInDown dealy-900 display-8 display-md-8 alt-font font-italic my-1 text-center\">Os feridos foram levados para hospitais de cidades pr\u00f3ximas, quatro pessoas ainda est\u00e3o desaparecidas<\/h3>\n<p>Sete pessoas morreram depois que uma imensa rocha do c\u00e2nion de Capit\u00f3lio, em Minas Gerais, desabou sobre barcos de turistas na manh\u00e3 deste s\u00e1bado (8). Segundo o Corpo de Bombeiros, pelo menos outras 27 pessoas foram atendidas e liberadas, outras quatro seguem internadas nos hospitais de Piumhi, Passos e S\u00e3o Jos\u00e9 da Barra e ainda existem 4 pessoas desaparecidas.<img data-recalc-dims=\"1\" decoding=\"async\" src=\"https:\/\/i0.wp.com\/agenciabrasil.ebc.com.br\/ebc.png?w=1220&#038;ssl=1\" \/><img data-recalc-dims=\"1\" decoding=\"async\" src=\"https:\/\/i0.wp.com\/agenciabrasil.ebc.com.br\/ebc.gif?w=1220&#038;ssl=1\" \/> De acordo com os bombeiros, pelo menos quatro barcos foram atingidos, dos quais dois afundaram.<\/p>\n<div class=\"dnd-widget-wrapper context-grande_6colunas type-image atom-align-left\">\n<div class=\"dnd-atom-rendered\">\n<div class=\"shadow overflow-hidden rounded-lg d-block zoom-on-hover-sm shadow-hover w-100\"><img data-recalc-dims=\"1\" decoding=\"async\" class=\"flex-fill img-cover\" title=\"Reprodu\u00e7\u00e3o\/Redes Sociais\" src=\"https:\/\/i0.wp.com\/imagens.ebc.com.br\/nMx4ypsxAaY1L7iE98pzeoUi9Pw%3D\/463x0\/smart\/https%3A\/\/agenciabrasil.ebc.com.br\/sites\/default\/files\/thumbnails\/image\/rocha_desaba_sobre_turistas_em_capitolio_reproducao_redes_sociais.jpg?w=1220&#038;ssl=1\" alt=\"rocha_desaba_sobre_turistas_em_capitolio_reproducao_redes_sociais\" \/><\/div>\n<\/div>\n<div class=\"dnd-caption-wrapper\">\n<div class=\"meta\"><strong>Reprodu\u00e7\u00e3o\/Redes Sociais<\/strong><\/div>\n<\/div>\n<\/div>\n<p>A Marinha auxilia o Corpo de Bombeiros com equipes de Busca e Salvamento (SAR). Um inqu\u00e9rito ser\u00e1 instaurado para apurar o incidente.<\/p>\n<p>Por meio de seu perfil no Twitter, o governador de Minas Gerais, Romeu Zema, se pronunciou sobre o acidente: \u201cSofremos hoje a dor de uma trag\u00e9dia em nosso Estado, devido \u00e0s fortes chuvas, que provocaram o desprendimento de um pared\u00e3o de pedras no lago de Furnas, em Capit\u00f3lio. O governo de Minas est\u00e1 presente desde os primeiros momentos atrav\u00e9s da Defesa Civil e Corpo de Bombeiros\u201d.<\/p>\n<p>Logo ap\u00f3s o acidente v\u00e1rios v\u00eddeos come\u00e7aram a circular nas redes sociais, entre eles o que mostra exatamente o momento do acidente. Outros v\u00eddeos mostram ainda que outras pessoas em lanchas, estavam alertando os condutores da lancha sobre o risco do desabamento.<\/p>\n<p>Os bombeiros encerraram as buscas pelos desaparecidos neste s\u00e1bado por volta das 20 horas e devem retomar na manh\u00e3 do domingo.<\/p>\n<p>Atualizado \u00e0s 20:00<\/p>\n<p>&nbsp;<\/p>\n<p><iframe loading=\"lazy\" style=\"border: none; overflow: hidden;\" src=\"https:\/\/www.facebook.com\/plugins\/video.php?height=476&amp;href=https%3A%2F%2Fwww.facebook.com%2Fverdadeon%2Fvideos%2F2911674312464793%2F&amp;show_text=false&amp;width=269&amp;t=0\" width=\"269\" height=\"476\" frameborder=\"0\" scrolling=\"no\" allowfullscreen=\"allowfullscreen\"><\/iframe><\/p>\n","protected":false},"excerpt":{"rendered":"<p>Os feridos foram levados para hospitais de cidades pr\u00f3ximas, quatro pessoas ainda est\u00e3o desaparecidas Sete pessoas morreram depois que uma imensa rocha do c\u00e2nion de Capit\u00f3lio,<span class=\"excerpt-hellip\"> [\u2026]<\/span><\/p>\n","protected":false},"author":4,"featured_media":22156,"comment_status":"open","ping_status":"open","sticky":false,"template":"","format":"standard","meta":{"_jetpack_memberships_contains_paid_content":false,"footnotes":"","jetpack_publicize_message":"","jetpack_publicize_feature_enabled":true,"jetpack_social_post_already_shared":false,"jetpack_social_options":{"image_generator_settings":{"template":"highway","default_image_id":0,"enabled":false},"version":2}},"categories":[28,81],"tags":[],"class_list":["post-22155","post","type-post","status-publish","format-standard","has-post-thumbnail","hentry","category-cotidiano","category-manchete"],"yoast_head":"<!-- This site is optimized with the Yoast SEO plugin v25.6 - https:\/\/yoast.com\/wordpress\/plugins\/seo\/ -->\n<title>Desabamento de rocha em Capit\u00f3lio (MG) tem sete mortos confirmados - VerdadeOn<\/title>\n<meta name=\"robots\" content=\"index, follow, max-snippet:-1, max-image-preview:large, max-video-preview:-1\" \/>\n<link rel=\"canonical\" href=\"https:\/\/verdadeon.com.br\/portal\/2022\/01\/08\/desabamento-de-rocha-em-capitolio-deixa-pelo-menos-dois-mortos-em-mg\/\" \/>\n<meta property=\"og:locale\" content=\"pt_BR\" \/>\n<meta property=\"og:type\" content=\"article\" \/>\n<meta property=\"og:title\" content=\"Desabamento de rocha em Capit\u00f3lio (MG) tem sete mortos confirmados - VerdadeOn\" \/>\n<meta property=\"og:description\" content=\"Os feridos foram levados para hospitais de cidades pr\u00f3ximas, quatro pessoas ainda est\u00e3o desaparecidas Sete pessoas morreram depois que uma imensa rocha do c\u00e2nion de Capit\u00f3lio, [\u2026]\" \/>\n<meta property=\"og:url\" content=\"https:\/\/verdadeon.com.br\/portal\/2022\/01\/08\/desabamento-de-rocha-em-capitolio-deixa-pelo-menos-dois-mortos-em-mg\/\" \/>\n<meta property=\"og:site_name\" content=\"VerdadeOn\" \/>\n<meta property=\"article:published_time\" content=\"2022-01-08T19:45:39+00:00\" \/>\n<meta property=\"article:modified_time\" content=\"2022-01-08T23:06:07+00:00\" \/>\n<meta property=\"og:image\" content=\"https:\/\/verdadeon.com.br\/portal\/wp-content\/uploads\/2022\/01\/WhatsApp-Image-2022-01-08-at-16.40.09.jpeg\" \/>\n\t<meta property=\"og:image:width\" content=\"1000\" \/>\n\t<meta property=\"og:image:height\" content=\"670\" \/>\n\t<meta property=\"og:image:type\" content=\"image\/jpeg\" \/>\n<meta name=\"author\" content=\"Fernando Calixto\" \/>\n<meta name=\"twitter:card\" content=\"summary_large_image\" \/>\n<meta name=\"twitter:label1\" content=\"Escrito por\" \/>\n\t<meta name=\"twitter:data1\" content=\"Fernando Calixto\" \/>\n\t<meta name=\"twitter:label2\" content=\"Est. tempo de leitura\" \/>\n\t<meta name=\"twitter:data2\" content=\"2 minutos\" \/>\n<script type=\"application\/ld+json\" class=\"yoast-schema-graph\">{\"@context\":\"https:\/\/schema.org\",\"@graph\":[{\"@type\":\"WebPage\",\"@id\":\"https:\/\/verdadeon.com.br\/portal\/2022\/01\/08\/desabamento-de-rocha-em-capitolio-deixa-pelo-menos-dois-mortos-em-mg\/\",\"url\":\"https:\/\/verdadeon.com.br\/portal\/2022\/01\/08\/desabamento-de-rocha-em-capitolio-deixa-pelo-menos-dois-mortos-em-mg\/\",\"name\":\"Desabamento de rocha em Capit\u00f3lio (MG) tem sete mortos confirmados - VerdadeOn\",\"isPartOf\":{\"@id\":\"https:\/\/verdadeon.com.br\/portal\/#website\"},\"primaryImageOfPage\":{\"@id\":\"https:\/\/verdadeon.com.br\/portal\/2022\/01\/08\/desabamento-de-rocha-em-capitolio-deixa-pelo-menos-dois-mortos-em-mg\/#primaryimage\"},\"image\":{\"@id\":\"https:\/\/verdadeon.com.br\/portal\/2022\/01\/08\/desabamento-de-rocha-em-capitolio-deixa-pelo-menos-dois-mortos-em-mg\/#primaryimage\"},\"thumbnailUrl\":\"https:\/\/i0.wp.com\/verdadeon.com.br\/portal\/wp-content\/uploads\/2022\/01\/WhatsApp-Image-2022-01-08-at-16.40.09.jpeg?fit=1000%2C670&ssl=1\",\"datePublished\":\"2022-01-08T19:45:39+00:00\",\"dateModified\":\"2022-01-08T23:06:07+00:00\",\"author\":{\"@id\":\"https:\/\/verdadeon.com.br\/portal\/#\/schema\/person\/8994718f49ee62ba5610471e29ca1f62\"},\"breadcrumb\":{\"@id\":\"https:\/\/verdadeon.com.br\/portal\/2022\/01\/08\/desabamento-de-rocha-em-capitolio-deixa-pelo-menos-dois-mortos-em-mg\/#breadcrumb\"},\"inLanguage\":\"pt-BR\",\"potentialAction\":[{\"@type\":\"ReadAction\",\"target\":[\"https:\/\/verdadeon.com.br\/portal\/2022\/01\/08\/desabamento-de-rocha-em-capitolio-deixa-pelo-menos-dois-mortos-em-mg\/\"]}]},{\"@type\":\"ImageObject\",\"inLanguage\":\"pt-BR\",\"@id\":\"https:\/\/verdadeon.com.br\/portal\/2022\/01\/08\/desabamento-de-rocha-em-capitolio-deixa-pelo-menos-dois-mortos-em-mg\/#primaryimage\",\"url\":\"https:\/\/i0.wp.com\/verdadeon.com.br\/portal\/wp-content\/uploads\/2022\/01\/WhatsApp-Image-2022-01-08-at-16.40.09.jpeg?fit=1000%2C670&ssl=1\",\"contentUrl\":\"https:\/\/i0.wp.com\/verdadeon.com.br\/portal\/wp-content\/uploads\/2022\/01\/WhatsApp-Image-2022-01-08-at-16.40.09.jpeg?fit=1000%2C670&ssl=1\",\"width\":1000,\"height\":670},{\"@type\":\"BreadcrumbList\",\"@id\":\"https:\/\/verdadeon.com.br\/portal\/2022\/01\/08\/desabamento-de-rocha-em-capitolio-deixa-pelo-menos-dois-mortos-em-mg\/#breadcrumb\",\"itemListElement\":[{\"@type\":\"ListItem\",\"position\":1,\"name\":\"In\u00edcio\",\"item\":\"https:\/\/verdadeon.com.br\/portal\/\"},{\"@type\":\"ListItem\",\"position\":2,\"name\":\"Desabamento de rocha em Capit\u00f3lio (MG) tem sete mortos confirmados\"}]},{\"@type\":\"WebSite\",\"@id\":\"https:\/\/verdadeon.com.br\/portal\/#website\",\"url\":\"https:\/\/verdadeon.com.br\/portal\/\",\"name\":\"VerdadeOn\",\"description\":\"Not\u00edcias di\u00e1rias sobre Franca, Regi\u00e3o, Esporte, Cultura, Cotidiano, Colunas. Cobertura nos principais eventos da cidade \u00e9 aqui - Verdadeon Franca\",\"potentialAction\":[{\"@type\":\"SearchAction\",\"target\":{\"@type\":\"EntryPoint\",\"urlTemplate\":\"https:\/\/verdadeon.com.br\/portal\/?s={search_term_string}\"},\"query-input\":{\"@type\":\"PropertyValueSpecification\",\"valueRequired\":true,\"valueName\":\"search_term_string\"}}],\"inLanguage\":\"pt-BR\"},{\"@type\":\"Person\",\"@id\":\"https:\/\/verdadeon.com.br\/portal\/#\/schema\/person\/8994718f49ee62ba5610471e29ca1f62\",\"name\":\"Fernando Calixto\",\"image\":{\"@type\":\"ImageObject\",\"inLanguage\":\"pt-BR\",\"@id\":\"https:\/\/verdadeon.com.br\/portal\/#\/schema\/person\/image\/\",\"url\":\"https:\/\/secure.gravatar.com\/avatar\/7578910c24966c0316c340f9dbd601e93ee9f9212e1033968b367af9306bd9fb?s=96&d=mm&r=g\",\"contentUrl\":\"https:\/\/secure.gravatar.com\/avatar\/7578910c24966c0316c340f9dbd601e93ee9f9212e1033968b367af9306bd9fb?s=96&d=mm&r=g\",\"caption\":\"Fernando Calixto\"},\"url\":\"https:\/\/verdadeon.com.br\/portal\/author\/fernando-calixto\/\"}]}<\/script>\n<!-- \/ Yoast SEO plugin. -->","yoast_head_json":{"title":"Desabamento de rocha em Capit\u00f3lio (MG) tem sete mortos confirmados - VerdadeOn","robots":{"index":"index","follow":"follow","max-snippet":"max-snippet:-1","max-image-preview":"max-image-preview:large","max-video-preview":"max-video-preview:-1"},"canonical":"https:\/\/verdadeon.com.br\/portal\/2022\/01\/08\/desabamento-de-rocha-em-capitolio-deixa-pelo-menos-dois-mortos-em-mg\/","og_locale":"pt_BR","og_type":"article","og_title":"Desabamento de rocha em Capit\u00f3lio (MG) tem sete mortos confirmados - VerdadeOn","og_description":"Os feridos foram levados para hospitais de cidades pr\u00f3ximas, quatro pessoas ainda est\u00e3o desaparecidas Sete pessoas morreram depois que uma imensa rocha do c\u00e2nion de Capit\u00f3lio, [\u2026]","og_url":"https:\/\/verdadeon.com.br\/portal\/2022\/01\/08\/desabamento-de-rocha-em-capitolio-deixa-pelo-menos-dois-mortos-em-mg\/","og_site_name":"VerdadeOn","article_published_time":"2022-01-08T19:45:39+00:00","article_modified_time":"2022-01-08T23:06:07+00:00","og_image":[{"width":1000,"height":670,"url":"https:\/\/verdadeon.com.br\/portal\/wp-content\/uploads\/2022\/01\/WhatsApp-Image-2022-01-08-at-16.40.09.jpeg","type":"image\/jpeg"}],"author":"Fernando Calixto","twitter_card":"summary_large_image","twitter_misc":{"Escrito por":"Fernando Calixto","Est. tempo de leitura":"2 minutos"},"schema":{"@context":"https:\/\/schema.org","@graph":[{"@type":"WebPage","@id":"https:\/\/verdadeon.com.br\/portal\/2022\/01\/08\/desabamento-de-rocha-em-capitolio-deixa-pelo-menos-dois-mortos-em-mg\/","url":"https:\/\/verdadeon.com.br\/portal\/2022\/01\/08\/desabamento-de-rocha-em-capitolio-deixa-pelo-menos-dois-mortos-em-mg\/","name":"Desabamento de rocha em Capit\u00f3lio (MG) tem sete mortos confirmados - VerdadeOn","isPartOf":{"@id":"https:\/\/verdadeon.com.br\/portal\/#website"},"primaryImageOfPage":{"@id":"https:\/\/verdadeon.com.br\/portal\/2022\/01\/08\/desabamento-de-rocha-em-capitolio-deixa-pelo-menos-dois-mortos-em-mg\/#primaryimage"},"image":{"@id":"https:\/\/verdadeon.com.br\/portal\/2022\/01\/08\/desabamento-de-rocha-em-capitolio-deixa-pelo-menos-dois-mortos-em-mg\/#primaryimage"},"thumbnailUrl":"https:\/\/i0.wp.com\/verdadeon.com.br\/portal\/wp-content\/uploads\/2022\/01\/WhatsApp-Image-2022-01-08-at-16.40.09.jpeg?fit=1000%2C670&ssl=1","datePublished":"2022-01-08T19:45:39+00:00","dateModified":"2022-01-08T23:06:07+00:00","author":{"@id":"https:\/\/verdadeon.com.br\/portal\/#\/schema\/person\/8994718f49ee62ba5610471e29ca1f62"},"breadcrumb":{"@id":"https:\/\/verdadeon.com.br\/portal\/2022\/01\/08\/desabamento-de-rocha-em-capitolio-deixa-pelo-menos-dois-mortos-em-mg\/#breadcrumb"},"inLanguage":"pt-BR","potentialAction":[{"@type":"ReadAction","target":["https:\/\/verdadeon.com.br\/portal\/2022\/01\/08\/desabamento-de-rocha-em-capitolio-deixa-pelo-menos-dois-mortos-em-mg\/"]}]},{"@type":"ImageObject","inLanguage":"pt-BR","@id":"https:\/\/verdadeon.com.br\/portal\/2022\/01\/08\/desabamento-de-rocha-em-capitolio-deixa-pelo-menos-dois-mortos-em-mg\/#primaryimage","url":"https:\/\/i0.wp.com\/verdadeon.com.br\/portal\/wp-content\/uploads\/2022\/01\/WhatsApp-Image-2022-01-08-at-16.40.09.jpeg?fit=1000%2C670&ssl=1","contentUrl":"https:\/\/i0.wp.com\/verdadeon.com.br\/portal\/wp-content\/uploads\/2022\/01\/WhatsApp-Image-2022-01-08-at-16.40.09.jpeg?fit=1000%2C670&ssl=1","width":1000,"height":670},{"@type":"BreadcrumbList","@id":"https:\/\/verdadeon.com.br\/portal\/2022\/01\/08\/desabamento-de-rocha-em-capitolio-deixa-pelo-menos-dois-mortos-em-mg\/#breadcrumb","itemListElement":[{"@type":"ListItem","position":1,"name":"In\u00edcio","item":"https:\/\/verdadeon.com.br\/portal\/"},{"@type":"ListItem","position":2,"name":"Desabamento de rocha em Capit\u00f3lio (MG) tem sete mortos confirmados"}]},{"@type":"WebSite","@id":"https:\/\/verdadeon.com.br\/portal\/#website","url":"https:\/\/verdadeon.com.br\/portal\/","name":"VerdadeOn","description":"Not\u00edcias di\u00e1rias sobre Franca, Regi\u00e3o, Esporte, Cultura, Cotidiano, Colunas. Cobertura nos principais eventos da cidade \u00e9 aqui - Verdadeon Franca","potentialAction":[{"@type":"SearchAction","target":{"@type":"EntryPoint","urlTemplate":"https:\/\/verdadeon.com.br\/portal\/?s={search_term_string}"},"query-input":{"@type":"PropertyValueSpecification","valueRequired":true,"valueName":"search_term_string"}}],"inLanguage":"pt-BR"},{"@type":"Person","@id":"https:\/\/verdadeon.com.br\/portal\/#\/schema\/person\/8994718f49ee62ba5610471e29ca1f62","name":"Fernando Calixto","image":{"@type":"ImageObject","inLanguage":"pt-BR","@id":"https:\/\/verdadeon.com.br\/portal\/#\/schema\/person\/image\/","url":"https:\/\/secure.gravatar.com\/avatar\/7578910c24966c0316c340f9dbd601e93ee9f9212e1033968b367af9306bd9fb?s=96&d=mm&r=g","contentUrl":"https:\/\/secure.gravatar.com\/avatar\/7578910c24966c0316c340f9dbd601e93ee9f9212e1033968b367af9306bd9fb?s=96&d=mm&r=g","caption":"Fernando Calixto"},"url":"https:\/\/verdadeon.com.br\/portal\/author\/fernando-calixto\/"}]}},"jetpack_publicize_connections":[],"jetpack_featured_media_url":"https:\/\/i0.wp.com\/verdadeon.com.br\/portal\/wp-content\/uploads\/2022\/01\/WhatsApp-Image-2022-01-08-at-16.40.09.jpeg?fit=1000%2C670&ssl=1","jetpack_sharing_enabled":true,"_links":{"self":[{"href":"https:\/\/verdadeon.com.br\/portal\/wp-json\/wp\/v2\/posts\/22155","targetHints":{"allow":["GET"]}}],"collection":[{"href":"https:\/\/verdadeon.com.br\/portal\/wp-json\/wp\/v2\/posts"}],"about":[{"href":"https:\/\/verdadeon.com.br\/portal\/wp-json\/wp\/v2\/types\/post"}],"author":[{"embeddable":true,"href":"https:\/\/verdadeon.com.br\/portal\/wp-json\/wp\/v2\/users\/4"}],"replies":[{"embeddable":true,"href":"https:\/\/verdadeon.com.br\/portal\/wp-json\/wp\/v2\/comments?post=22155"}],"version-history":[{"count":6,"href":"https:\/\/verdadeon.com.br\/portal\/wp-json\/wp\/v2\/posts\/22155\/revisions"}],"predecessor-version":[{"id":22169,"href":"https:\/\/verdadeon.com.br\/portal\/wp-json\/wp\/v2\/posts\/22155\/revisions\/22169"}],"wp:featuredmedia":[{"embeddable":true,"href":"https:\/\/verdadeon.com.br\/portal\/wp-json\/wp\/v2\/media\/22156"}],"wp:attachment":[{"href":"https:\/\/verdadeon.com.br\/portal\/wp-json\/wp\/v2\/media?parent=22155"}],"wp:term":[{"taxonomy":"category","embeddable":true,"href":"https:\/\/verdadeon.com.br\/portal\/wp-json\/wp\/v2\/categories?post=22155"},{"taxonomy":"post_tag","embeddable":true,"href":"https:\/\/verdadeon.com.br\/portal\/wp-json\/wp\/v2\/tags?post=22155"}],"curies":[{"name":"wp","href":"https:\/\/api.w.org\/{rel}","templated":true}]}}