{"id":22139,"date":"2022-01-08T13:00:49","date_gmt":"2022-01-08T16:00:49","guid":{"rendered":"https:\/\/verdadeon.com.br\/portal\/?p=22139"},"modified":"2022-01-08T09:18:34","modified_gmt":"2022-01-08T12:18:34","slug":"apos-nove-dias-franca-volta-a-registrar-mortes-por-covid-e-aumento-na-ocupacao-de-leitos","status":"publish","type":"post","link":"https:\/\/verdadeon.com.br\/portal\/2022\/01\/08\/apos-nove-dias-franca-volta-a-registrar-mortes-por-covid-e-aumento-na-ocupacao-de-leitos\/","title":{"rendered":"Ap\u00f3s nove dias, Franca volta a registrar mortes por covid e aumento na ocupa\u00e7\u00e3o de leitos"},"content":{"rendered":"<h2>Levantamento feito atrav\u00e9s do Boletim da Vigil\u00e2ncia, aponta que m\u00e9dia m\u00f3vel de \u00f3bitos oscilou para baixo<\/h2>\n<p>Fernando Lima<\/p>\n<p>No \u00faltimo boletim da Vigil\u00e2ncia Epidemiol\u00f3gica de Franca desta semana, foram registradas duas mortes causadas pela Covid-19, o que n\u00e3o acontecia desde o \u00faltimo dia 28 de dezembro.<\/p>\n<p>Segundos os dados, tratam-se de duas idosas, uma de 81 e outra de 92, ambas apresentavam comorbidades. A mulher de 92 faleceu no dia 12 de dezembro, mas o \u00f3bito pela doen\u00e7a s\u00f3 foi confirmado nesta sexta-feira (7), ap\u00f3s investiga\u00e7\u00e3o dos \u00f3rg\u00e3os competentes.<\/p>\n<p>As mortes registradas n\u00e3o influenciaram na m\u00e9dia m\u00f3vel de \u00f3bitos, ela caiu de 0,4 para 0,3. Mas como essa m\u00e9dia leva em conta os \u00faltimos sete dias, a tend\u00eancia \u00e9 que haja um pequeno aumento nesse \u00edndice na pr\u00f3xima semana.<\/p>\n<p>At\u00e9 o momento Franca j\u00e1 contabiliza 1.051 mortes pela Covid-19 desde o in\u00edcio da pandemia.<\/p>\n<p>Na \u00faltima atualiza\u00e7\u00e3o foram confirmados tamb\u00e9m 115 novos casos positivos de Covid-19, passando de 46.475 para 46.590 pessoas.<\/p>\n<p>J\u00e1 os casos negativos cresceram de 92.263 para 92.584 pessoas. Os casos suspeitos apresentaram alta de 685 para 777 pessoas, inclusive o Jornal Verdade trouxe essa semana que a procura por testes e atendimento para s\u00edndromes respirat\u00f3rias tem crescido na cidade.<\/p>\n<p>Os casos recuperados tamb\u00e9m subiram, passaram de 44.604 para 44.617 pessoas.<\/p>\n<h4>Leitos<\/h4>\n<p>Al\u00e9m dos casos positivos apresentarem aumento, a alta na ocupa\u00e7\u00e3o de leitos tamb\u00e9m foi um fator presente na \u00faltima semana em Franca. A \u00faltima atualiza\u00e7\u00e3o trouxe que dos 15 leitos de UTI do SUS, tr\u00eas est\u00e3o ocupados, j\u00e1 os particulares s\u00e3o seis dispon\u00edveis dos quais quatro est\u00e3o em uso, o que deixa a cidade com uma taxa geral de ocupa\u00e7\u00e3o de 33%.<\/p>\n<p>O n\u00famero de leitos de Enfermaria (Cl\u00ednicos) est\u00e1 em 7 ocupados de 14 dispon\u00edveis &#8211; ocupa\u00e7\u00e3o de 50%.<\/p>\n","protected":false},"excerpt":{"rendered":"<p>Levantamento feito atrav\u00e9s do Boletim da Vigil\u00e2ncia, aponta que m\u00e9dia m\u00f3vel de \u00f3bitos oscilou para baixo Fernando Lima No \u00faltimo boletim da Vigil\u00e2ncia Epidemiol\u00f3gica de Franca<span class=\"excerpt-hellip\"> [\u2026]<\/span><\/p>\n","protected":false},"author":7,"featured_media":14119,"comment_status":"open","ping_status":"open","sticky":false,"template":"","format":"standard","meta":{"_jetpack_memberships_contains_paid_content":false,"footnotes":"","jetpack_publicize_message":"","jetpack_publicize_feature_enabled":true,"jetpack_social_post_already_shared":false,"jetpack_social_options":{"image_generator_settings":{"template":"highway","default_image_id":0,"enabled":false},"version":2}},"categories":[28,81],"tags":[],"class_list":["post-22139","post","type-post","status-publish","format-standard","has-post-thumbnail","hentry","category-cotidiano","category-manchete"],"yoast_head":"<!-- This site is optimized with the Yoast SEO plugin v25.6 - https:\/\/yoast.com\/wordpress\/plugins\/seo\/ -->\n<title>Ap\u00f3s nove dias, Franca volta a registrar mortes por covid e aumento na ocupa\u00e7\u00e3o de leitos - VerdadeOn<\/title>\n<meta name=\"robots\" content=\"index, follow, max-snippet:-1, max-image-preview:large, max-video-preview:-1\" \/>\n<link rel=\"canonical\" href=\"https:\/\/verdadeon.com.br\/portal\/2022\/01\/08\/apos-nove-dias-franca-volta-a-registrar-mortes-por-covid-e-aumento-na-ocupacao-de-leitos\/\" \/>\n<meta property=\"og:locale\" content=\"pt_BR\" \/>\n<meta property=\"og:type\" content=\"article\" \/>\n<meta property=\"og:title\" content=\"Ap\u00f3s nove dias, Franca volta a registrar mortes por covid e aumento na ocupa\u00e7\u00e3o de leitos - VerdadeOn\" \/>\n<meta property=\"og:description\" content=\"Levantamento feito atrav\u00e9s do Boletim da Vigil\u00e2ncia, aponta que m\u00e9dia m\u00f3vel de \u00f3bitos oscilou para baixo Fernando Lima No \u00faltimo boletim da Vigil\u00e2ncia Epidemiol\u00f3gica de Franca [\u2026]\" \/>\n<meta property=\"og:url\" content=\"https:\/\/verdadeon.com.br\/portal\/2022\/01\/08\/apos-nove-dias-franca-volta-a-registrar-mortes-por-covid-e-aumento-na-ocupacao-de-leitos\/\" \/>\n<meta property=\"og:site_name\" content=\"VerdadeOn\" \/>\n<meta property=\"article:published_time\" content=\"2022-01-08T16:00:49+00:00\" \/>\n<meta property=\"og:image\" content=\"https:\/\/verdadeon.com.br\/portal\/wp-content\/uploads\/2021\/02\/WhatsApp-Image-2021-02-11-at-15.23.31.jpeg\" \/>\n\t<meta property=\"og:image:width\" content=\"1000\" \/>\n\t<meta property=\"og:image:height\" content=\"670\" \/>\n\t<meta property=\"og:image:type\" content=\"image\/jpeg\" \/>\n<meta name=\"author\" content=\"Fernando Lima\" \/>\n<meta name=\"twitter:card\" content=\"summary_large_image\" \/>\n<meta name=\"twitter:label1\" content=\"Escrito por\" \/>\n\t<meta name=\"twitter:data1\" content=\"Fernando Lima\" \/>\n\t<meta name=\"twitter:label2\" content=\"Est. tempo de leitura\" \/>\n\t<meta name=\"twitter:data2\" content=\"2 minutos\" \/>\n<script type=\"application\/ld+json\" class=\"yoast-schema-graph\">{\"@context\":\"https:\/\/schema.org\",\"@graph\":[{\"@type\":\"WebPage\",\"@id\":\"https:\/\/verdadeon.com.br\/portal\/2022\/01\/08\/apos-nove-dias-franca-volta-a-registrar-mortes-por-covid-e-aumento-na-ocupacao-de-leitos\/\",\"url\":\"https:\/\/verdadeon.com.br\/portal\/2022\/01\/08\/apos-nove-dias-franca-volta-a-registrar-mortes-por-covid-e-aumento-na-ocupacao-de-leitos\/\",\"name\":\"Ap\u00f3s nove dias, Franca volta a registrar mortes por covid e aumento na ocupa\u00e7\u00e3o de leitos - VerdadeOn\",\"isPartOf\":{\"@id\":\"https:\/\/verdadeon.com.br\/portal\/#website\"},\"primaryImageOfPage\":{\"@id\":\"https:\/\/verdadeon.com.br\/portal\/2022\/01\/08\/apos-nove-dias-franca-volta-a-registrar-mortes-por-covid-e-aumento-na-ocupacao-de-leitos\/#primaryimage\"},\"image\":{\"@id\":\"https:\/\/verdadeon.com.br\/portal\/2022\/01\/08\/apos-nove-dias-franca-volta-a-registrar-mortes-por-covid-e-aumento-na-ocupacao-de-leitos\/#primaryimage\"},\"thumbnailUrl\":\"https:\/\/i0.wp.com\/verdadeon.com.br\/portal\/wp-content\/uploads\/2021\/02\/WhatsApp-Image-2021-02-11-at-15.23.31.jpeg?fit=1000%2C670&ssl=1\",\"datePublished\":\"2022-01-08T16:00:49+00:00\",\"author\":{\"@id\":\"https:\/\/verdadeon.com.br\/portal\/#\/schema\/person\/cc32be22b8e8599387c480bc83e1d11a\"},\"breadcrumb\":{\"@id\":\"https:\/\/verdadeon.com.br\/portal\/2022\/01\/08\/apos-nove-dias-franca-volta-a-registrar-mortes-por-covid-e-aumento-na-ocupacao-de-leitos\/#breadcrumb\"},\"inLanguage\":\"pt-BR\",\"potentialAction\":[{\"@type\":\"ReadAction\",\"target\":[\"https:\/\/verdadeon.com.br\/portal\/2022\/01\/08\/apos-nove-dias-franca-volta-a-registrar-mortes-por-covid-e-aumento-na-ocupacao-de-leitos\/\"]}]},{\"@type\":\"ImageObject\",\"inLanguage\":\"pt-BR\",\"@id\":\"https:\/\/verdadeon.com.br\/portal\/2022\/01\/08\/apos-nove-dias-franca-volta-a-registrar-mortes-por-covid-e-aumento-na-ocupacao-de-leitos\/#primaryimage\",\"url\":\"https:\/\/i0.wp.com\/verdadeon.com.br\/portal\/wp-content\/uploads\/2021\/02\/WhatsApp-Image-2021-02-11-at-15.23.31.jpeg?fit=1000%2C670&ssl=1\",\"contentUrl\":\"https:\/\/i0.wp.com\/verdadeon.com.br\/portal\/wp-content\/uploads\/2021\/02\/WhatsApp-Image-2021-02-11-at-15.23.31.jpeg?fit=1000%2C670&ssl=1\",\"width\":1000,\"height\":670,\"caption\":\"Em Franca os leitos s\u00e3o administrados pelo Grupo Santa Casa desde o in\u00edcio da pandemia | Foto: Divulga\u00e7\u00e3o\"},{\"@type\":\"BreadcrumbList\",\"@id\":\"https:\/\/verdadeon.com.br\/portal\/2022\/01\/08\/apos-nove-dias-franca-volta-a-registrar-mortes-por-covid-e-aumento-na-ocupacao-de-leitos\/#breadcrumb\",\"itemListElement\":[{\"@type\":\"ListItem\",\"position\":1,\"name\":\"In\u00edcio\",\"item\":\"https:\/\/verdadeon.com.br\/portal\/\"},{\"@type\":\"ListItem\",\"position\":2,\"name\":\"Ap\u00f3s nove dias, Franca volta a registrar mortes por covid e aumento na ocupa\u00e7\u00e3o de leitos\"}]},{\"@type\":\"WebSite\",\"@id\":\"https:\/\/verdadeon.com.br\/portal\/#website\",\"url\":\"https:\/\/verdadeon.com.br\/portal\/\",\"name\":\"VerdadeOn\",\"description\":\"Not\u00edcias di\u00e1rias sobre Franca, Regi\u00e3o, Esporte, Cultura, Cotidiano, Colunas. Cobertura nos principais eventos da cidade \u00e9 aqui - Verdadeon Franca\",\"potentialAction\":[{\"@type\":\"SearchAction\",\"target\":{\"@type\":\"EntryPoint\",\"urlTemplate\":\"https:\/\/verdadeon.com.br\/portal\/?s={search_term_string}\"},\"query-input\":{\"@type\":\"PropertyValueSpecification\",\"valueRequired\":true,\"valueName\":\"search_term_string\"}}],\"inLanguage\":\"pt-BR\"},{\"@type\":\"Person\",\"@id\":\"https:\/\/verdadeon.com.br\/portal\/#\/schema\/person\/cc32be22b8e8599387c480bc83e1d11a\",\"name\":\"Fernando Lima\",\"image\":{\"@type\":\"ImageObject\",\"inLanguage\":\"pt-BR\",\"@id\":\"https:\/\/verdadeon.com.br\/portal\/#\/schema\/person\/image\/\",\"url\":\"https:\/\/secure.gravatar.com\/avatar\/df4c8e132080d2b3a4841d5d232045464e0eed11a1d6e43115ca0843d48768d3?s=96&d=mm&r=g\",\"contentUrl\":\"https:\/\/secure.gravatar.com\/avatar\/df4c8e132080d2b3a4841d5d232045464e0eed11a1d6e43115ca0843d48768d3?s=96&d=mm&r=g\",\"caption\":\"Fernando Lima\"},\"sameAs\":[\"http:\/\/verdadeon.com.br\/\"],\"url\":\"https:\/\/verdadeon.com.br\/portal\/author\/fernando-lima\/\"}]}<\/script>\n<!-- \/ Yoast SEO plugin. -->","yoast_head_json":{"title":"Ap\u00f3s nove dias, Franca volta a registrar mortes por covid e aumento na ocupa\u00e7\u00e3o de leitos - VerdadeOn","robots":{"index":"index","follow":"follow","max-snippet":"max-snippet:-1","max-image-preview":"max-image-preview:large","max-video-preview":"max-video-preview:-1"},"canonical":"https:\/\/verdadeon.com.br\/portal\/2022\/01\/08\/apos-nove-dias-franca-volta-a-registrar-mortes-por-covid-e-aumento-na-ocupacao-de-leitos\/","og_locale":"pt_BR","og_type":"article","og_title":"Ap\u00f3s nove dias, Franca volta a registrar mortes por covid e aumento na ocupa\u00e7\u00e3o de leitos - VerdadeOn","og_description":"Levantamento feito atrav\u00e9s do Boletim da Vigil\u00e2ncia, aponta que m\u00e9dia m\u00f3vel de \u00f3bitos oscilou para baixo Fernando Lima No \u00faltimo boletim da Vigil\u00e2ncia Epidemiol\u00f3gica de Franca [\u2026]","og_url":"https:\/\/verdadeon.com.br\/portal\/2022\/01\/08\/apos-nove-dias-franca-volta-a-registrar-mortes-por-covid-e-aumento-na-ocupacao-de-leitos\/","og_site_name":"VerdadeOn","article_published_time":"2022-01-08T16:00:49+00:00","og_image":[{"width":1000,"height":670,"url":"https:\/\/verdadeon.com.br\/portal\/wp-content\/uploads\/2021\/02\/WhatsApp-Image-2021-02-11-at-15.23.31.jpeg","type":"image\/jpeg"}],"author":"Fernando Lima","twitter_card":"summary_large_image","twitter_misc":{"Escrito por":"Fernando Lima","Est. tempo de leitura":"2 minutos"},"schema":{"@context":"https:\/\/schema.org","@graph":[{"@type":"WebPage","@id":"https:\/\/verdadeon.com.br\/portal\/2022\/01\/08\/apos-nove-dias-franca-volta-a-registrar-mortes-por-covid-e-aumento-na-ocupacao-de-leitos\/","url":"https:\/\/verdadeon.com.br\/portal\/2022\/01\/08\/apos-nove-dias-franca-volta-a-registrar-mortes-por-covid-e-aumento-na-ocupacao-de-leitos\/","name":"Ap\u00f3s nove dias, Franca volta a registrar mortes por covid e aumento na ocupa\u00e7\u00e3o de leitos - VerdadeOn","isPartOf":{"@id":"https:\/\/verdadeon.com.br\/portal\/#website"},"primaryImageOfPage":{"@id":"https:\/\/verdadeon.com.br\/portal\/2022\/01\/08\/apos-nove-dias-franca-volta-a-registrar-mortes-por-covid-e-aumento-na-ocupacao-de-leitos\/#primaryimage"},"image":{"@id":"https:\/\/verdadeon.com.br\/portal\/2022\/01\/08\/apos-nove-dias-franca-volta-a-registrar-mortes-por-covid-e-aumento-na-ocupacao-de-leitos\/#primaryimage"},"thumbnailUrl":"https:\/\/i0.wp.com\/verdadeon.com.br\/portal\/wp-content\/uploads\/2021\/02\/WhatsApp-Image-2021-02-11-at-15.23.31.jpeg?fit=1000%2C670&ssl=1","datePublished":"2022-01-08T16:00:49+00:00","author":{"@id":"https:\/\/verdadeon.com.br\/portal\/#\/schema\/person\/cc32be22b8e8599387c480bc83e1d11a"},"breadcrumb":{"@id":"https:\/\/verdadeon.com.br\/portal\/2022\/01\/08\/apos-nove-dias-franca-volta-a-registrar-mortes-por-covid-e-aumento-na-ocupacao-de-leitos\/#breadcrumb"},"inLanguage":"pt-BR","potentialAction":[{"@type":"ReadAction","target":["https:\/\/verdadeon.com.br\/portal\/2022\/01\/08\/apos-nove-dias-franca-volta-a-registrar-mortes-por-covid-e-aumento-na-ocupacao-de-leitos\/"]}]},{"@type":"ImageObject","inLanguage":"pt-BR","@id":"https:\/\/verdadeon.com.br\/portal\/2022\/01\/08\/apos-nove-dias-franca-volta-a-registrar-mortes-por-covid-e-aumento-na-ocupacao-de-leitos\/#primaryimage","url":"https:\/\/i0.wp.com\/verdadeon.com.br\/portal\/wp-content\/uploads\/2021\/02\/WhatsApp-Image-2021-02-11-at-15.23.31.jpeg?fit=1000%2C670&ssl=1","contentUrl":"https:\/\/i0.wp.com\/verdadeon.com.br\/portal\/wp-content\/uploads\/2021\/02\/WhatsApp-Image-2021-02-11-at-15.23.31.jpeg?fit=1000%2C670&ssl=1","width":1000,"height":670,"caption":"Em Franca os leitos s\u00e3o administrados pelo Grupo Santa Casa desde o in\u00edcio da pandemia | Foto: Divulga\u00e7\u00e3o"},{"@type":"BreadcrumbList","@id":"https:\/\/verdadeon.com.br\/portal\/2022\/01\/08\/apos-nove-dias-franca-volta-a-registrar-mortes-por-covid-e-aumento-na-ocupacao-de-leitos\/#breadcrumb","itemListElement":[{"@type":"ListItem","position":1,"name":"In\u00edcio","item":"https:\/\/verdadeon.com.br\/portal\/"},{"@type":"ListItem","position":2,"name":"Ap\u00f3s nove dias, Franca volta a registrar mortes por covid e aumento na ocupa\u00e7\u00e3o de leitos"}]},{"@type":"WebSite","@id":"https:\/\/verdadeon.com.br\/portal\/#website","url":"https:\/\/verdadeon.com.br\/portal\/","name":"VerdadeOn","description":"Not\u00edcias di\u00e1rias sobre Franca, Regi\u00e3o, Esporte, Cultura, Cotidiano, Colunas. Cobertura nos principais eventos da cidade \u00e9 aqui - Verdadeon Franca","potentialAction":[{"@type":"SearchAction","target":{"@type":"EntryPoint","urlTemplate":"https:\/\/verdadeon.com.br\/portal\/?s={search_term_string}"},"query-input":{"@type":"PropertyValueSpecification","valueRequired":true,"valueName":"search_term_string"}}],"inLanguage":"pt-BR"},{"@type":"Person","@id":"https:\/\/verdadeon.com.br\/portal\/#\/schema\/person\/cc32be22b8e8599387c480bc83e1d11a","name":"Fernando Lima","image":{"@type":"ImageObject","inLanguage":"pt-BR","@id":"https:\/\/verdadeon.com.br\/portal\/#\/schema\/person\/image\/","url":"https:\/\/secure.gravatar.com\/avatar\/df4c8e132080d2b3a4841d5d232045464e0eed11a1d6e43115ca0843d48768d3?s=96&d=mm&r=g","contentUrl":"https:\/\/secure.gravatar.com\/avatar\/df4c8e132080d2b3a4841d5d232045464e0eed11a1d6e43115ca0843d48768d3?s=96&d=mm&r=g","caption":"Fernando Lima"},"sameAs":["http:\/\/verdadeon.com.br\/"],"url":"https:\/\/verdadeon.com.br\/portal\/author\/fernando-lima\/"}]}},"jetpack_publicize_connections":[],"jetpack_featured_media_url":"https:\/\/i0.wp.com\/verdadeon.com.br\/portal\/wp-content\/uploads\/2021\/02\/WhatsApp-Image-2021-02-11-at-15.23.31.jpeg?fit=1000%2C670&ssl=1","jetpack_sharing_enabled":true,"_links":{"self":[{"href":"https:\/\/verdadeon.com.br\/portal\/wp-json\/wp\/v2\/posts\/22139","targetHints":{"allow":["GET"]}}],"collection":[{"href":"https:\/\/verdadeon.com.br\/portal\/wp-json\/wp\/v2\/posts"}],"about":[{"href":"https:\/\/verdadeon.com.br\/portal\/wp-json\/wp\/v2\/types\/post"}],"author":[{"embeddable":true,"href":"https:\/\/verdadeon.com.br\/portal\/wp-json\/wp\/v2\/users\/7"}],"replies":[{"embeddable":true,"href":"https:\/\/verdadeon.com.br\/portal\/wp-json\/wp\/v2\/comments?post=22139"}],"version-history":[{"count":1,"href":"https:\/\/verdadeon.com.br\/portal\/wp-json\/wp\/v2\/posts\/22139\/revisions"}],"predecessor-version":[{"id":22140,"href":"https:\/\/verdadeon.com.br\/portal\/wp-json\/wp\/v2\/posts\/22139\/revisions\/22140"}],"wp:featuredmedia":[{"embeddable":true,"href":"https:\/\/verdadeon.com.br\/portal\/wp-json\/wp\/v2\/media\/14119"}],"wp:attachment":[{"href":"https:\/\/verdadeon.com.br\/portal\/wp-json\/wp\/v2\/media?parent=22139"}],"wp:term":[{"taxonomy":"category","embeddable":true,"href":"https:\/\/verdadeon.com.br\/portal\/wp-json\/wp\/v2\/categories?post=22139"},{"taxonomy":"post_tag","embeddable":true,"href":"https:\/\/verdadeon.com.br\/portal\/wp-json\/wp\/v2\/tags?post=22139"}],"curies":[{"name":"wp","href":"https:\/\/api.w.org\/{rel}","templated":true}]}}