{"id":22134,"date":"2022-01-07T18:43:15","date_gmt":"2022-01-07T21:43:15","guid":{"rendered":"https:\/\/verdadeon.com.br\/portal\/?p=22134"},"modified":"2022-01-07T18:42:24","modified_gmt":"2022-01-07T21:42:24","slug":"tarifa-de-onibus-em-franca-aumentara-para-r-5-na-proxima-semana","status":"publish","type":"post","link":"https:\/\/verdadeon.com.br\/portal\/2022\/01\/07\/tarifa-de-onibus-em-franca-aumentara-para-r-5-na-proxima-semana\/","title":{"rendered":"Tarifa de \u00f4nibus em Franca aumentar\u00e1 para R$ 5 na pr\u00f3xima semana"},"content":{"rendered":"<h2>Pelo valor do reajuste solicitado, passagem iria a R$ 7,25, mas munic\u00edpio n\u00e3o autorizou esse valor<\/h2>\n<p>&nbsp;<\/p>\n<p><span style=\"font-weight: 400;\">O transporte coletivo de Franca ter\u00e1 nova tarifa, no valor de R$ 5, a partir da pr\u00f3xima semana. A Prefeitura publicar\u00e1 neste s\u00e1bado, 8, decreto no Di\u00e1rio Oficial do Munic\u00edpio que fixar\u00e1 o valor da passagem reajustado. A vig\u00eancia come\u00e7a cinco dias ap\u00f3s a publica\u00e7\u00e3o. As gratuidades existentes permanecer\u00e3o inalteradas.<\/span><\/p>\n<p><span style=\"font-weight: 400;\">O prefeito Alexandre Ferreira participou nesta sexta-feira, 7, da reuni\u00e3o extraordin\u00e1ria, on-line, convocada pelo Conselho Municipal de Tr\u00e2nsito e Transportes para a discuss\u00e3o da tarifa do transporte coletivo urbano.\u00a0<\/span><\/p>\n<p><span style=\"font-weight: 400;\">A Prefeitura descartou aplicar o reajuste apontado pelo estudo t\u00e9cnico para R$ 7,25. Os conselheiros ainda discutiram com o chefe do Executivo formas de compensa\u00e7\u00e3o tarif\u00e1ria, como a possibilidade do pagamento de subs\u00eddio, por parte do Poder P\u00fablico, e a reposi\u00e7\u00e3o da infla\u00e7\u00e3o do per\u00edodo, o que elevaria a tarifa para cerca de R$ 5,40.<\/span><\/p>\n<p><span style=\"font-weight: 400;\">Os participantes foram informados sobre os entraves jur\u00eddicos que impedem que a Prefeitura invista em subs\u00eddio para o complemento da tarifa.<\/span><\/p>\n<p><span style=\"font-weight: 400;\">Ap\u00f3s discuss\u00f5es sobre valores j\u00e1 reajustados nos \u00faltimos dias por outras cidades, como Araraquara, que anunciou nesta semana o aumento da tarifa para R$ 5, houve consenso de que o reajuste era inevit\u00e1vel, mas que o valor praticado deveria estar dentro dos par\u00e2metros aplicados pelos demais munic\u00edpios.<\/span><\/p>\n<h4><span style=\"font-weight: 400;\">An\u00e1lises<\/span><\/h4>\n<p><span style=\"font-weight: 400;\">O Conselho Municipal de Tr\u00e2nsito e Transportes encaminhou \u00e0 Prefeitura e \u00e0 C\u00e2mara Municipal, no final do ano passado, um estudo indicando que a tarifa t\u00e9cnica deveria ser reajustada para R$ 7,25, conforme o \u00edndice oficial da Ag\u00eancia Nacional de Transporte P\u00fablico (ANTP), alterando o valor atual de R$ 4,30.\u00a0<\/span><\/p>\n<p><span style=\"font-weight: 400;\">Ap\u00f3s o levantamento, o colegiado prop\u00f4s alternativas sobre o desequil\u00edbrio econ\u00f4mico-financeiro, ocasionado pelos reajustes dos insumos, combust\u00edvel, redu\u00e7\u00e3o na quantidade de passageiros e pandemia da Covid-19. O \u00faltimo reajuste da tarifa foi parcial e ocorreu em 2019. Cerca 45% dos passageiros transportados possuem algum tipo de isen\u00e7\u00e3o ou redu\u00e7\u00e3o no valor da passagem. <\/span><\/p>\n","protected":false},"excerpt":{"rendered":"<p>Pelo valor do reajuste solicitado, passagem iria a R$ 7,25, mas munic\u00edpio n\u00e3o autorizou esse valor &nbsp; O transporte coletivo de Franca ter\u00e1 nova tarifa, no<span class=\"excerpt-hellip\"> [\u2026]<\/span><\/p>\n","protected":false},"author":10,"featured_media":17527,"comment_status":"open","ping_status":"open","sticky":false,"template":"","format":"standard","meta":{"_jetpack_memberships_contains_paid_content":false,"footnotes":"","jetpack_publicize_message":"","jetpack_publicize_feature_enabled":true,"jetpack_social_post_already_shared":false,"jetpack_social_options":{"image_generator_settings":{"template":"highway","default_image_id":0,"enabled":false},"version":2}},"categories":[28,44],"tags":[],"class_list":["post-22134","post","type-post","status-publish","format-standard","has-post-thumbnail","hentry","category-cotidiano","category-noticias"],"yoast_head":"<!-- This site is optimized with the Yoast SEO plugin v25.6 - https:\/\/yoast.com\/wordpress\/plugins\/seo\/ -->\n<title>Tarifa de \u00f4nibus em Franca aumentar\u00e1 para R$ 5 na pr\u00f3xima semana - VerdadeOn<\/title>\n<meta name=\"robots\" content=\"index, follow, max-snippet:-1, max-image-preview:large, max-video-preview:-1\" \/>\n<link rel=\"canonical\" href=\"https:\/\/verdadeon.com.br\/portal\/2022\/01\/07\/tarifa-de-onibus-em-franca-aumentara-para-r-5-na-proxima-semana\/\" \/>\n<meta property=\"og:locale\" content=\"pt_BR\" \/>\n<meta property=\"og:type\" content=\"article\" \/>\n<meta property=\"og:title\" content=\"Tarifa de \u00f4nibus em Franca aumentar\u00e1 para R$ 5 na pr\u00f3xima semana - VerdadeOn\" \/>\n<meta property=\"og:description\" content=\"Pelo valor do reajuste solicitado, passagem iria a R$ 7,25, mas munic\u00edpio n\u00e3o autorizou esse valor &nbsp; O transporte coletivo de Franca ter\u00e1 nova tarifa, no [\u2026]\" \/>\n<meta property=\"og:url\" content=\"https:\/\/verdadeon.com.br\/portal\/2022\/01\/07\/tarifa-de-onibus-em-franca-aumentara-para-r-5-na-proxima-semana\/\" \/>\n<meta property=\"og:site_name\" content=\"VerdadeOn\" \/>\n<meta property=\"article:published_time\" content=\"2022-01-07T21:43:15+00:00\" \/>\n<meta property=\"og:image\" content=\"https:\/\/verdadeon.com.br\/portal\/wp-content\/uploads\/2021\/06\/SAO-JOSE.jpeg\" \/>\n\t<meta property=\"og:image:width\" content=\"1000\" \/>\n\t<meta property=\"og:image:height\" content=\"670\" \/>\n\t<meta property=\"og:image:type\" content=\"image\/jpeg\" \/>\n<meta name=\"author\" content=\"Redacao VerdadeOn\" \/>\n<meta name=\"twitter:card\" content=\"summary_large_image\" \/>\n<meta name=\"twitter:label1\" content=\"Escrito por\" \/>\n\t<meta name=\"twitter:data1\" content=\"Redacao VerdadeOn\" \/>\n\t<meta name=\"twitter:label2\" content=\"Est. tempo de leitura\" \/>\n\t<meta name=\"twitter:data2\" content=\"2 minutos\" \/>\n<script type=\"application\/ld+json\" class=\"yoast-schema-graph\">{\"@context\":\"https:\/\/schema.org\",\"@graph\":[{\"@type\":\"WebPage\",\"@id\":\"https:\/\/verdadeon.com.br\/portal\/2022\/01\/07\/tarifa-de-onibus-em-franca-aumentara-para-r-5-na-proxima-semana\/\",\"url\":\"https:\/\/verdadeon.com.br\/portal\/2022\/01\/07\/tarifa-de-onibus-em-franca-aumentara-para-r-5-na-proxima-semana\/\",\"name\":\"Tarifa de \u00f4nibus em Franca aumentar\u00e1 para R$ 5 na pr\u00f3xima semana - VerdadeOn\",\"isPartOf\":{\"@id\":\"https:\/\/verdadeon.com.br\/portal\/#website\"},\"primaryImageOfPage\":{\"@id\":\"https:\/\/verdadeon.com.br\/portal\/2022\/01\/07\/tarifa-de-onibus-em-franca-aumentara-para-r-5-na-proxima-semana\/#primaryimage\"},\"image\":{\"@id\":\"https:\/\/verdadeon.com.br\/portal\/2022\/01\/07\/tarifa-de-onibus-em-franca-aumentara-para-r-5-na-proxima-semana\/#primaryimage\"},\"thumbnailUrl\":\"https:\/\/i0.wp.com\/verdadeon.com.br\/portal\/wp-content\/uploads\/2021\/06\/SAO-JOSE.jpeg?fit=1000%2C670&ssl=1\",\"datePublished\":\"2022-01-07T21:43:15+00:00\",\"author\":{\"@id\":\"https:\/\/verdadeon.com.br\/portal\/#\/schema\/person\/a5060ad1e9ea3df545188fc93ce43d2f\"},\"breadcrumb\":{\"@id\":\"https:\/\/verdadeon.com.br\/portal\/2022\/01\/07\/tarifa-de-onibus-em-franca-aumentara-para-r-5-na-proxima-semana\/#breadcrumb\"},\"inLanguage\":\"pt-BR\",\"potentialAction\":[{\"@type\":\"ReadAction\",\"target\":[\"https:\/\/verdadeon.com.br\/portal\/2022\/01\/07\/tarifa-de-onibus-em-franca-aumentara-para-r-5-na-proxima-semana\/\"]}]},{\"@type\":\"ImageObject\",\"inLanguage\":\"pt-BR\",\"@id\":\"https:\/\/verdadeon.com.br\/portal\/2022\/01\/07\/tarifa-de-onibus-em-franca-aumentara-para-r-5-na-proxima-semana\/#primaryimage\",\"url\":\"https:\/\/i0.wp.com\/verdadeon.com.br\/portal\/wp-content\/uploads\/2021\/06\/SAO-JOSE.jpeg?fit=1000%2C670&ssl=1\",\"contentUrl\":\"https:\/\/i0.wp.com\/verdadeon.com.br\/portal\/wp-content\/uploads\/2021\/06\/SAO-JOSE.jpeg?fit=1000%2C670&ssl=1\",\"width\":1000,\"height\":670,\"caption\":\"Usu\u00e1rios do transporte coletivo em Franca ter\u00e3o mudan\u00e7as da Empresa S\u00e3o Jos\u00e9 a partir do dia 7 de fevereiro | Foto: Divulga\u00e7\u00e3o\"},{\"@type\":\"BreadcrumbList\",\"@id\":\"https:\/\/verdadeon.com.br\/portal\/2022\/01\/07\/tarifa-de-onibus-em-franca-aumentara-para-r-5-na-proxima-semana\/#breadcrumb\",\"itemListElement\":[{\"@type\":\"ListItem\",\"position\":1,\"name\":\"In\u00edcio\",\"item\":\"https:\/\/verdadeon.com.br\/portal\/\"},{\"@type\":\"ListItem\",\"position\":2,\"name\":\"Tarifa de \u00f4nibus em Franca aumentar\u00e1 para R$ 5 na pr\u00f3xima semana\"}]},{\"@type\":\"WebSite\",\"@id\":\"https:\/\/verdadeon.com.br\/portal\/#website\",\"url\":\"https:\/\/verdadeon.com.br\/portal\/\",\"name\":\"VerdadeOn\",\"description\":\"Not\u00edcias di\u00e1rias sobre Franca, Regi\u00e3o, Esporte, Cultura, Cotidiano, Colunas. Cobertura nos principais eventos da cidade \u00e9 aqui - Verdadeon Franca\",\"potentialAction\":[{\"@type\":\"SearchAction\",\"target\":{\"@type\":\"EntryPoint\",\"urlTemplate\":\"https:\/\/verdadeon.com.br\/portal\/?s={search_term_string}\"},\"query-input\":{\"@type\":\"PropertyValueSpecification\",\"valueRequired\":true,\"valueName\":\"search_term_string\"}}],\"inLanguage\":\"pt-BR\"},{\"@type\":\"Person\",\"@id\":\"https:\/\/verdadeon.com.br\/portal\/#\/schema\/person\/a5060ad1e9ea3df545188fc93ce43d2f\",\"name\":\"Redacao VerdadeOn\",\"image\":{\"@type\":\"ImageObject\",\"inLanguage\":\"pt-BR\",\"@id\":\"https:\/\/verdadeon.com.br\/portal\/#\/schema\/person\/image\/\",\"url\":\"https:\/\/secure.gravatar.com\/avatar\/459a9613caaaf07f582c3d0841eea68bdd66f533e465e6ba8b9cb45619572cf4?s=96&d=mm&r=g\",\"contentUrl\":\"https:\/\/secure.gravatar.com\/avatar\/459a9613caaaf07f582c3d0841eea68bdd66f533e465e6ba8b9cb45619572cf4?s=96&d=mm&r=g\",\"caption\":\"Redacao VerdadeOn\"},\"url\":\"https:\/\/verdadeon.com.br\/portal\/author\/redacao\/\"}]}<\/script>\n<!-- \/ Yoast SEO plugin. -->","yoast_head_json":{"title":"Tarifa de \u00f4nibus em Franca aumentar\u00e1 para R$ 5 na pr\u00f3xima semana - VerdadeOn","robots":{"index":"index","follow":"follow","max-snippet":"max-snippet:-1","max-image-preview":"max-image-preview:large","max-video-preview":"max-video-preview:-1"},"canonical":"https:\/\/verdadeon.com.br\/portal\/2022\/01\/07\/tarifa-de-onibus-em-franca-aumentara-para-r-5-na-proxima-semana\/","og_locale":"pt_BR","og_type":"article","og_title":"Tarifa de \u00f4nibus em Franca aumentar\u00e1 para R$ 5 na pr\u00f3xima semana - VerdadeOn","og_description":"Pelo valor do reajuste solicitado, passagem iria a R$ 7,25, mas munic\u00edpio n\u00e3o autorizou esse valor &nbsp; O transporte coletivo de Franca ter\u00e1 nova tarifa, no [\u2026]","og_url":"https:\/\/verdadeon.com.br\/portal\/2022\/01\/07\/tarifa-de-onibus-em-franca-aumentara-para-r-5-na-proxima-semana\/","og_site_name":"VerdadeOn","article_published_time":"2022-01-07T21:43:15+00:00","og_image":[{"width":1000,"height":670,"url":"https:\/\/verdadeon.com.br\/portal\/wp-content\/uploads\/2021\/06\/SAO-JOSE.jpeg","type":"image\/jpeg"}],"author":"Redacao VerdadeOn","twitter_card":"summary_large_image","twitter_misc":{"Escrito por":"Redacao VerdadeOn","Est. tempo de leitura":"2 minutos"},"schema":{"@context":"https:\/\/schema.org","@graph":[{"@type":"WebPage","@id":"https:\/\/verdadeon.com.br\/portal\/2022\/01\/07\/tarifa-de-onibus-em-franca-aumentara-para-r-5-na-proxima-semana\/","url":"https:\/\/verdadeon.com.br\/portal\/2022\/01\/07\/tarifa-de-onibus-em-franca-aumentara-para-r-5-na-proxima-semana\/","name":"Tarifa de \u00f4nibus em Franca aumentar\u00e1 para R$ 5 na pr\u00f3xima semana - VerdadeOn","isPartOf":{"@id":"https:\/\/verdadeon.com.br\/portal\/#website"},"primaryImageOfPage":{"@id":"https:\/\/verdadeon.com.br\/portal\/2022\/01\/07\/tarifa-de-onibus-em-franca-aumentara-para-r-5-na-proxima-semana\/#primaryimage"},"image":{"@id":"https:\/\/verdadeon.com.br\/portal\/2022\/01\/07\/tarifa-de-onibus-em-franca-aumentara-para-r-5-na-proxima-semana\/#primaryimage"},"thumbnailUrl":"https:\/\/i0.wp.com\/verdadeon.com.br\/portal\/wp-content\/uploads\/2021\/06\/SAO-JOSE.jpeg?fit=1000%2C670&ssl=1","datePublished":"2022-01-07T21:43:15+00:00","author":{"@id":"https:\/\/verdadeon.com.br\/portal\/#\/schema\/person\/a5060ad1e9ea3df545188fc93ce43d2f"},"breadcrumb":{"@id":"https:\/\/verdadeon.com.br\/portal\/2022\/01\/07\/tarifa-de-onibus-em-franca-aumentara-para-r-5-na-proxima-semana\/#breadcrumb"},"inLanguage":"pt-BR","potentialAction":[{"@type":"ReadAction","target":["https:\/\/verdadeon.com.br\/portal\/2022\/01\/07\/tarifa-de-onibus-em-franca-aumentara-para-r-5-na-proxima-semana\/"]}]},{"@type":"ImageObject","inLanguage":"pt-BR","@id":"https:\/\/verdadeon.com.br\/portal\/2022\/01\/07\/tarifa-de-onibus-em-franca-aumentara-para-r-5-na-proxima-semana\/#primaryimage","url":"https:\/\/i0.wp.com\/verdadeon.com.br\/portal\/wp-content\/uploads\/2021\/06\/SAO-JOSE.jpeg?fit=1000%2C670&ssl=1","contentUrl":"https:\/\/i0.wp.com\/verdadeon.com.br\/portal\/wp-content\/uploads\/2021\/06\/SAO-JOSE.jpeg?fit=1000%2C670&ssl=1","width":1000,"height":670,"caption":"Usu\u00e1rios do transporte coletivo em Franca ter\u00e3o mudan\u00e7as da Empresa S\u00e3o Jos\u00e9 a partir do dia 7 de fevereiro | Foto: Divulga\u00e7\u00e3o"},{"@type":"BreadcrumbList","@id":"https:\/\/verdadeon.com.br\/portal\/2022\/01\/07\/tarifa-de-onibus-em-franca-aumentara-para-r-5-na-proxima-semana\/#breadcrumb","itemListElement":[{"@type":"ListItem","position":1,"name":"In\u00edcio","item":"https:\/\/verdadeon.com.br\/portal\/"},{"@type":"ListItem","position":2,"name":"Tarifa de \u00f4nibus em Franca aumentar\u00e1 para R$ 5 na pr\u00f3xima semana"}]},{"@type":"WebSite","@id":"https:\/\/verdadeon.com.br\/portal\/#website","url":"https:\/\/verdadeon.com.br\/portal\/","name":"VerdadeOn","description":"Not\u00edcias di\u00e1rias sobre Franca, Regi\u00e3o, Esporte, Cultura, Cotidiano, Colunas. Cobertura nos principais eventos da cidade \u00e9 aqui - Verdadeon Franca","potentialAction":[{"@type":"SearchAction","target":{"@type":"EntryPoint","urlTemplate":"https:\/\/verdadeon.com.br\/portal\/?s={search_term_string}"},"query-input":{"@type":"PropertyValueSpecification","valueRequired":true,"valueName":"search_term_string"}}],"inLanguage":"pt-BR"},{"@type":"Person","@id":"https:\/\/verdadeon.com.br\/portal\/#\/schema\/person\/a5060ad1e9ea3df545188fc93ce43d2f","name":"Redacao VerdadeOn","image":{"@type":"ImageObject","inLanguage":"pt-BR","@id":"https:\/\/verdadeon.com.br\/portal\/#\/schema\/person\/image\/","url":"https:\/\/secure.gravatar.com\/avatar\/459a9613caaaf07f582c3d0841eea68bdd66f533e465e6ba8b9cb45619572cf4?s=96&d=mm&r=g","contentUrl":"https:\/\/secure.gravatar.com\/avatar\/459a9613caaaf07f582c3d0841eea68bdd66f533e465e6ba8b9cb45619572cf4?s=96&d=mm&r=g","caption":"Redacao VerdadeOn"},"url":"https:\/\/verdadeon.com.br\/portal\/author\/redacao\/"}]}},"jetpack_publicize_connections":[],"jetpack_featured_media_url":"https:\/\/i0.wp.com\/verdadeon.com.br\/portal\/wp-content\/uploads\/2021\/06\/SAO-JOSE.jpeg?fit=1000%2C670&ssl=1","jetpack_sharing_enabled":true,"_links":{"self":[{"href":"https:\/\/verdadeon.com.br\/portal\/wp-json\/wp\/v2\/posts\/22134","targetHints":{"allow":["GET"]}}],"collection":[{"href":"https:\/\/verdadeon.com.br\/portal\/wp-json\/wp\/v2\/posts"}],"about":[{"href":"https:\/\/verdadeon.com.br\/portal\/wp-json\/wp\/v2\/types\/post"}],"author":[{"embeddable":true,"href":"https:\/\/verdadeon.com.br\/portal\/wp-json\/wp\/v2\/users\/10"}],"replies":[{"embeddable":true,"href":"https:\/\/verdadeon.com.br\/portal\/wp-json\/wp\/v2\/comments?post=22134"}],"version-history":[{"count":1,"href":"https:\/\/verdadeon.com.br\/portal\/wp-json\/wp\/v2\/posts\/22134\/revisions"}],"predecessor-version":[{"id":22135,"href":"https:\/\/verdadeon.com.br\/portal\/wp-json\/wp\/v2\/posts\/22134\/revisions\/22135"}],"wp:featuredmedia":[{"embeddable":true,"href":"https:\/\/verdadeon.com.br\/portal\/wp-json\/wp\/v2\/media\/17527"}],"wp:attachment":[{"href":"https:\/\/verdadeon.com.br\/portal\/wp-json\/wp\/v2\/media?parent=22134"}],"wp:term":[{"taxonomy":"category","embeddable":true,"href":"https:\/\/verdadeon.com.br\/portal\/wp-json\/wp\/v2\/categories?post=22134"},{"taxonomy":"post_tag","embeddable":true,"href":"https:\/\/verdadeon.com.br\/portal\/wp-json\/wp\/v2\/tags?post=22134"}],"curies":[{"name":"wp","href":"https:\/\/api.w.org\/{rel}","templated":true}]}}