{"id":22114,"date":"2022-01-06T19:17:14","date_gmt":"2022-01-06T22:17:14","guid":{"rendered":"https:\/\/verdadeon.com.br\/portal\/?p=22114"},"modified":"2022-01-06T19:16:26","modified_gmt":"2022-01-06T22:16:26","slug":"sete-medicos-da-linha-de-frente-contra-a-covid-testam-positivo-e-sao-afastados","status":"publish","type":"post","link":"https:\/\/verdadeon.com.br\/portal\/2022\/01\/06\/sete-medicos-da-linha-de-frente-contra-a-covid-testam-positivo-e-sao-afastados\/","title":{"rendered":"Sete m\u00e9dicos da linha de frente contra a Covid testam positivo e s\u00e3o afastados"},"content":{"rendered":"<h2>Afastamento ocorre em momento cr\u00edtico na Sa\u00fade, com avan\u00e7o dos casos de coronav\u00edrus e alta procura por atendimento<\/h2>\n<p>&nbsp;<\/p>\n<p>&nbsp;<\/p>\n<p><span style=\"font-weight: 400;\">As unidades de urg\u00eancia e emerg\u00eancia da rede municipal de sa\u00fade de Franca sofreram baixa de sete m\u00e9dicos nesta quinta-feira, 6. Os profissionais atuavam na linha de frente dos atendimentos emergenciais e foram afastados ap\u00f3s serem diagnosticados com Covid-19. O afastamento ocorre em um momento delicado para a \u00e1rea da Sa\u00fade, que sofreu intenso aumento na demanda nos \u00faltimos dias. Em apenas um dia, na \u00faltima segunda-feira, 3, o Pronto Socorro &#8220;\u00c1lvaro Azzuz&#8221; teve pico de pacientes, com 1.290 atendimentos.<\/span><\/p>\n<p><span style=\"font-weight: 400;\">Somente na quarta-feira, Franca teve a confirma\u00e7\u00e3o de 209 novos casos de coronav\u00edrus, o que demonstra que a cidade tende a enfrentar novo pico da pandemia. A mudan\u00e7a de cen\u00e1rio da Covid-19 \u00e9 reflexo das festas de final de ano.<\/span><\/p>\n<p><span style=\"font-weight: 400;\">Novas medidas j\u00e1 foram adotadas pelo munic\u00edpio diante do aumento dos casos da doen\u00e7a. Desde quarta-feira, o <\/span><span style=\"font-weight: 400;\">Pronto-Socorro \u201cDr. \u00c1lvaro Azzuz\u201d voltou a ser polo exclusivo para o atendimento a pacientes com sintomas de S\u00edndromes Gripais, enquanto que os casos de emerg\u00eancia de cl\u00ednica geral passaram a ser atendidos pelas UPAS (Unidades de Pronto-Atendimento) dos Jardins Aeroporto e Anita.<\/span><\/p>\n<p><span style=\"font-weight: 400;\">Al\u00e9m de voltar a concentrar os atendimentos para doen\u00e7as respirat\u00f3rias e Covid, com o refor\u00e7o das equipes de enfermagem, duas tendas com tamanho 10&#215;10, come\u00e7aram a ser instaladas, em \u00e1rea anexa ao estacionamento do pronto-socorro nesta quinta-feira para a realiza\u00e7\u00e3o de testes de Covid.\u00a0<\/span><\/p>\n<p><span style=\"font-weight: 400;\">A nova estrutura vai possibilitar a composi\u00e7\u00e3o de 8 salas para a coleta de exames contra a Covid-19, al\u00e9m da sala de espera para os pacientes aguardarem a realiza\u00e7\u00e3o do procedimento. A previs\u00e3o \u00e9 que a nova estrutura entre em funcionamento a partir da pr\u00f3xima segunda-feira, 10, com funcionamento das 7 \u00e0s 19h. Os exames ser\u00e3o coletados ap\u00f3s avalia\u00e7\u00e3o do m\u00e9dico no pronto-socorro, conforme o quadro cl\u00ednico do paciente.<\/span><\/p>\n<h4><span style=\"font-weight: 400;\">Lar de idosos<\/span><\/h4>\n<p><span style=\"font-weight: 400;\">A Prefeitura vai recomendar \u00e0s entidades conveniadas respons\u00e1veis pelas Institui\u00e7\u00f5es de Longa Perman\u00eancia (Lares), que atendem idoso a restringir visitas nos locais para garantir a seguran\u00e7a dos idosos.<\/span><\/p>\n<h4>Estat\u00edsticas de atendimento<\/h4>\n<p><span style=\"font-weight: 400;\">A Secretaria de Sa\u00fade divulgou nesta quinta-feira, 6, um levantamento com as estat\u00edsticas de atendimento nas unidades de urg\u00eancia, entre 20 de dezembro e quarta-feira, 5. Durante este per\u00edodo, os dois prontos-socorros e as unidades de pronto-atendimento prestaram, juntos, 36.300 atendimentos, sendo 16.545 procedimentos para pacientes que apresentaram sintomas de S\u00edndromes Gripais.\u00a0<\/span><\/p>\n<p><span style=\"font-weight: 400;\">O Pronto-Socorro &#8220;Dr \u00c1lvaro Azzuz&#8221; foi a unidade que prestou a maior quantidade de atendimentos neste per\u00edodo, com 16.951 procedimentos, sendo que destes, 9.605 foram registrados para S\u00edndrome Gripal. A \u00faltima segunda-feira foi o dia de maior movimento no PS, com 1.290 atendimentos prestados.\u00a0\u00a0<\/span><\/p>\n<p><span style=\"font-weight: 400;\">O Pronto-Socorro Infantil contabilizou nestes 17 dias 5.760 atendimentos, sendo 3.642 para doen\u00e7as respirat\u00f3rias. As UPAS dos Jardins Aeroporto e Anita somaram 13.589 atendimentos e desta quantidade, 3.298 foram para doen\u00e7as respirat\u00f3rias.<\/span><\/p>\n","protected":false},"excerpt":{"rendered":"<p>Afastamento ocorre em momento cr\u00edtico na Sa\u00fade, com avan\u00e7o dos casos de coronav\u00edrus e alta procura por atendimento &nbsp; &nbsp; As unidades de urg\u00eancia e emerg\u00eancia<span class=\"excerpt-hellip\"> [\u2026]<\/span><\/p>\n","protected":false},"author":10,"featured_media":16464,"comment_status":"open","ping_status":"open","sticky":false,"template":"","format":"standard","meta":{"_jetpack_memberships_contains_paid_content":false,"footnotes":"","jetpack_publicize_message":"","jetpack_publicize_feature_enabled":true,"jetpack_social_post_already_shared":false,"jetpack_social_options":{"image_generator_settings":{"template":"highway","default_image_id":0,"enabled":false},"version":2}},"categories":[28,44],"tags":[],"class_list":["post-22114","post","type-post","status-publish","format-standard","has-post-thumbnail","hentry","category-cotidiano","category-noticias"],"yoast_head":"<!-- This site is optimized with the Yoast SEO plugin v25.6 - https:\/\/yoast.com\/wordpress\/plugins\/seo\/ -->\n<title>Sete m\u00e9dicos da linha de frente contra a Covid testam positivo e s\u00e3o afastados - VerdadeOn<\/title>\n<meta name=\"robots\" content=\"index, follow, max-snippet:-1, max-image-preview:large, max-video-preview:-1\" \/>\n<link rel=\"canonical\" href=\"https:\/\/verdadeon.com.br\/portal\/2022\/01\/06\/sete-medicos-da-linha-de-frente-contra-a-covid-testam-positivo-e-sao-afastados\/\" \/>\n<meta property=\"og:locale\" content=\"pt_BR\" \/>\n<meta property=\"og:type\" content=\"article\" \/>\n<meta property=\"og:title\" content=\"Sete m\u00e9dicos da linha de frente contra a Covid testam positivo e s\u00e3o afastados - VerdadeOn\" \/>\n<meta property=\"og:description\" content=\"Afastamento ocorre em momento cr\u00edtico na Sa\u00fade, com avan\u00e7o dos casos de coronav\u00edrus e alta procura por atendimento &nbsp; &nbsp; As unidades de urg\u00eancia e emerg\u00eancia [\u2026]\" \/>\n<meta property=\"og:url\" content=\"https:\/\/verdadeon.com.br\/portal\/2022\/01\/06\/sete-medicos-da-linha-de-frente-contra-a-covid-testam-positivo-e-sao-afastados\/\" \/>\n<meta property=\"og:site_name\" content=\"VerdadeOn\" \/>\n<meta property=\"article:published_time\" content=\"2022-01-06T22:17:14+00:00\" \/>\n<meta property=\"og:image\" content=\"https:\/\/verdadeon.com.br\/portal\/wp-content\/uploads\/2021\/05\/WhatsApp-Image-2021-05-03-at-17.27.47.jpeg\" \/>\n\t<meta property=\"og:image:width\" content=\"1000\" \/>\n\t<meta property=\"og:image:height\" content=\"670\" \/>\n\t<meta property=\"og:image:type\" content=\"image\/jpeg\" \/>\n<meta name=\"author\" content=\"Redacao VerdadeOn\" \/>\n<meta name=\"twitter:card\" content=\"summary_large_image\" \/>\n<meta name=\"twitter:label1\" content=\"Escrito por\" \/>\n\t<meta name=\"twitter:data1\" content=\"Redacao VerdadeOn\" \/>\n\t<meta name=\"twitter:label2\" content=\"Est. tempo de leitura\" \/>\n\t<meta name=\"twitter:data2\" content=\"3 minutos\" \/>\n<script type=\"application\/ld+json\" class=\"yoast-schema-graph\">{\"@context\":\"https:\/\/schema.org\",\"@graph\":[{\"@type\":\"WebPage\",\"@id\":\"https:\/\/verdadeon.com.br\/portal\/2022\/01\/06\/sete-medicos-da-linha-de-frente-contra-a-covid-testam-positivo-e-sao-afastados\/\",\"url\":\"https:\/\/verdadeon.com.br\/portal\/2022\/01\/06\/sete-medicos-da-linha-de-frente-contra-a-covid-testam-positivo-e-sao-afastados\/\",\"name\":\"Sete m\u00e9dicos da linha de frente contra a Covid testam positivo e s\u00e3o afastados - VerdadeOn\",\"isPartOf\":{\"@id\":\"https:\/\/verdadeon.com.br\/portal\/#website\"},\"primaryImageOfPage\":{\"@id\":\"https:\/\/verdadeon.com.br\/portal\/2022\/01\/06\/sete-medicos-da-linha-de-frente-contra-a-covid-testam-positivo-e-sao-afastados\/#primaryimage\"},\"image\":{\"@id\":\"https:\/\/verdadeon.com.br\/portal\/2022\/01\/06\/sete-medicos-da-linha-de-frente-contra-a-covid-testam-positivo-e-sao-afastados\/#primaryimage\"},\"thumbnailUrl\":\"https:\/\/i0.wp.com\/verdadeon.com.br\/portal\/wp-content\/uploads\/2021\/05\/WhatsApp-Image-2021-05-03-at-17.27.47.jpeg?fit=1000%2C670&ssl=1\",\"datePublished\":\"2022-01-06T22:17:14+00:00\",\"author\":{\"@id\":\"https:\/\/verdadeon.com.br\/portal\/#\/schema\/person\/a5060ad1e9ea3df545188fc93ce43d2f\"},\"breadcrumb\":{\"@id\":\"https:\/\/verdadeon.com.br\/portal\/2022\/01\/06\/sete-medicos-da-linha-de-frente-contra-a-covid-testam-positivo-e-sao-afastados\/#breadcrumb\"},\"inLanguage\":\"pt-BR\",\"potentialAction\":[{\"@type\":\"ReadAction\",\"target\":[\"https:\/\/verdadeon.com.br\/portal\/2022\/01\/06\/sete-medicos-da-linha-de-frente-contra-a-covid-testam-positivo-e-sao-afastados\/\"]}]},{\"@type\":\"ImageObject\",\"inLanguage\":\"pt-BR\",\"@id\":\"https:\/\/verdadeon.com.br\/portal\/2022\/01\/06\/sete-medicos-da-linha-de-frente-contra-a-covid-testam-positivo-e-sao-afastados\/#primaryimage\",\"url\":\"https:\/\/i0.wp.com\/verdadeon.com.br\/portal\/wp-content\/uploads\/2021\/05\/WhatsApp-Image-2021-05-03-at-17.27.47.jpeg?fit=1000%2C670&ssl=1\",\"contentUrl\":\"https:\/\/i0.wp.com\/verdadeon.com.br\/portal\/wp-content\/uploads\/2021\/05\/WhatsApp-Image-2021-05-03-at-17.27.47.jpeg?fit=1000%2C670&ssl=1\",\"width\":1000,\"height\":670,\"caption\":\"\u00a0 As milhares de pessoas que passam pelo PS ter\u00e3o mais conforto enquanto esperam para serem atendidas\"},{\"@type\":\"BreadcrumbList\",\"@id\":\"https:\/\/verdadeon.com.br\/portal\/2022\/01\/06\/sete-medicos-da-linha-de-frente-contra-a-covid-testam-positivo-e-sao-afastados\/#breadcrumb\",\"itemListElement\":[{\"@type\":\"ListItem\",\"position\":1,\"name\":\"In\u00edcio\",\"item\":\"https:\/\/verdadeon.com.br\/portal\/\"},{\"@type\":\"ListItem\",\"position\":2,\"name\":\"Sete m\u00e9dicos da linha de frente contra a Covid testam positivo e s\u00e3o afastados\"}]},{\"@type\":\"WebSite\",\"@id\":\"https:\/\/verdadeon.com.br\/portal\/#website\",\"url\":\"https:\/\/verdadeon.com.br\/portal\/\",\"name\":\"VerdadeOn\",\"description\":\"Not\u00edcias di\u00e1rias sobre Franca, Regi\u00e3o, Esporte, Cultura, Cotidiano, Colunas. Cobertura nos principais eventos da cidade \u00e9 aqui - Verdadeon Franca\",\"potentialAction\":[{\"@type\":\"SearchAction\",\"target\":{\"@type\":\"EntryPoint\",\"urlTemplate\":\"https:\/\/verdadeon.com.br\/portal\/?s={search_term_string}\"},\"query-input\":{\"@type\":\"PropertyValueSpecification\",\"valueRequired\":true,\"valueName\":\"search_term_string\"}}],\"inLanguage\":\"pt-BR\"},{\"@type\":\"Person\",\"@id\":\"https:\/\/verdadeon.com.br\/portal\/#\/schema\/person\/a5060ad1e9ea3df545188fc93ce43d2f\",\"name\":\"Redacao VerdadeOn\",\"image\":{\"@type\":\"ImageObject\",\"inLanguage\":\"pt-BR\",\"@id\":\"https:\/\/verdadeon.com.br\/portal\/#\/schema\/person\/image\/\",\"url\":\"https:\/\/secure.gravatar.com\/avatar\/459a9613caaaf07f582c3d0841eea68bdd66f533e465e6ba8b9cb45619572cf4?s=96&d=mm&r=g\",\"contentUrl\":\"https:\/\/secure.gravatar.com\/avatar\/459a9613caaaf07f582c3d0841eea68bdd66f533e465e6ba8b9cb45619572cf4?s=96&d=mm&r=g\",\"caption\":\"Redacao VerdadeOn\"},\"url\":\"https:\/\/verdadeon.com.br\/portal\/author\/redacao\/\"}]}<\/script>\n<!-- \/ Yoast SEO plugin. -->","yoast_head_json":{"title":"Sete m\u00e9dicos da linha de frente contra a Covid testam positivo e s\u00e3o afastados - VerdadeOn","robots":{"index":"index","follow":"follow","max-snippet":"max-snippet:-1","max-image-preview":"max-image-preview:large","max-video-preview":"max-video-preview:-1"},"canonical":"https:\/\/verdadeon.com.br\/portal\/2022\/01\/06\/sete-medicos-da-linha-de-frente-contra-a-covid-testam-positivo-e-sao-afastados\/","og_locale":"pt_BR","og_type":"article","og_title":"Sete m\u00e9dicos da linha de frente contra a Covid testam positivo e s\u00e3o afastados - VerdadeOn","og_description":"Afastamento ocorre em momento cr\u00edtico na Sa\u00fade, com avan\u00e7o dos casos de coronav\u00edrus e alta procura por atendimento &nbsp; &nbsp; As unidades de urg\u00eancia e emerg\u00eancia [\u2026]","og_url":"https:\/\/verdadeon.com.br\/portal\/2022\/01\/06\/sete-medicos-da-linha-de-frente-contra-a-covid-testam-positivo-e-sao-afastados\/","og_site_name":"VerdadeOn","article_published_time":"2022-01-06T22:17:14+00:00","og_image":[{"width":1000,"height":670,"url":"https:\/\/verdadeon.com.br\/portal\/wp-content\/uploads\/2021\/05\/WhatsApp-Image-2021-05-03-at-17.27.47.jpeg","type":"image\/jpeg"}],"author":"Redacao VerdadeOn","twitter_card":"summary_large_image","twitter_misc":{"Escrito por":"Redacao VerdadeOn","Est. tempo de leitura":"3 minutos"},"schema":{"@context":"https:\/\/schema.org","@graph":[{"@type":"WebPage","@id":"https:\/\/verdadeon.com.br\/portal\/2022\/01\/06\/sete-medicos-da-linha-de-frente-contra-a-covid-testam-positivo-e-sao-afastados\/","url":"https:\/\/verdadeon.com.br\/portal\/2022\/01\/06\/sete-medicos-da-linha-de-frente-contra-a-covid-testam-positivo-e-sao-afastados\/","name":"Sete m\u00e9dicos da linha de frente contra a Covid testam positivo e s\u00e3o afastados - VerdadeOn","isPartOf":{"@id":"https:\/\/verdadeon.com.br\/portal\/#website"},"primaryImageOfPage":{"@id":"https:\/\/verdadeon.com.br\/portal\/2022\/01\/06\/sete-medicos-da-linha-de-frente-contra-a-covid-testam-positivo-e-sao-afastados\/#primaryimage"},"image":{"@id":"https:\/\/verdadeon.com.br\/portal\/2022\/01\/06\/sete-medicos-da-linha-de-frente-contra-a-covid-testam-positivo-e-sao-afastados\/#primaryimage"},"thumbnailUrl":"https:\/\/i0.wp.com\/verdadeon.com.br\/portal\/wp-content\/uploads\/2021\/05\/WhatsApp-Image-2021-05-03-at-17.27.47.jpeg?fit=1000%2C670&ssl=1","datePublished":"2022-01-06T22:17:14+00:00","author":{"@id":"https:\/\/verdadeon.com.br\/portal\/#\/schema\/person\/a5060ad1e9ea3df545188fc93ce43d2f"},"breadcrumb":{"@id":"https:\/\/verdadeon.com.br\/portal\/2022\/01\/06\/sete-medicos-da-linha-de-frente-contra-a-covid-testam-positivo-e-sao-afastados\/#breadcrumb"},"inLanguage":"pt-BR","potentialAction":[{"@type":"ReadAction","target":["https:\/\/verdadeon.com.br\/portal\/2022\/01\/06\/sete-medicos-da-linha-de-frente-contra-a-covid-testam-positivo-e-sao-afastados\/"]}]},{"@type":"ImageObject","inLanguage":"pt-BR","@id":"https:\/\/verdadeon.com.br\/portal\/2022\/01\/06\/sete-medicos-da-linha-de-frente-contra-a-covid-testam-positivo-e-sao-afastados\/#primaryimage","url":"https:\/\/i0.wp.com\/verdadeon.com.br\/portal\/wp-content\/uploads\/2021\/05\/WhatsApp-Image-2021-05-03-at-17.27.47.jpeg?fit=1000%2C670&ssl=1","contentUrl":"https:\/\/i0.wp.com\/verdadeon.com.br\/portal\/wp-content\/uploads\/2021\/05\/WhatsApp-Image-2021-05-03-at-17.27.47.jpeg?fit=1000%2C670&ssl=1","width":1000,"height":670,"caption":"\u00a0 As milhares de pessoas que passam pelo PS ter\u00e3o mais conforto enquanto esperam para serem atendidas"},{"@type":"BreadcrumbList","@id":"https:\/\/verdadeon.com.br\/portal\/2022\/01\/06\/sete-medicos-da-linha-de-frente-contra-a-covid-testam-positivo-e-sao-afastados\/#breadcrumb","itemListElement":[{"@type":"ListItem","position":1,"name":"In\u00edcio","item":"https:\/\/verdadeon.com.br\/portal\/"},{"@type":"ListItem","position":2,"name":"Sete m\u00e9dicos da linha de frente contra a Covid testam positivo e s\u00e3o afastados"}]},{"@type":"WebSite","@id":"https:\/\/verdadeon.com.br\/portal\/#website","url":"https:\/\/verdadeon.com.br\/portal\/","name":"VerdadeOn","description":"Not\u00edcias di\u00e1rias sobre Franca, Regi\u00e3o, Esporte, Cultura, Cotidiano, Colunas. Cobertura nos principais eventos da cidade \u00e9 aqui - Verdadeon Franca","potentialAction":[{"@type":"SearchAction","target":{"@type":"EntryPoint","urlTemplate":"https:\/\/verdadeon.com.br\/portal\/?s={search_term_string}"},"query-input":{"@type":"PropertyValueSpecification","valueRequired":true,"valueName":"search_term_string"}}],"inLanguage":"pt-BR"},{"@type":"Person","@id":"https:\/\/verdadeon.com.br\/portal\/#\/schema\/person\/a5060ad1e9ea3df545188fc93ce43d2f","name":"Redacao VerdadeOn","image":{"@type":"ImageObject","inLanguage":"pt-BR","@id":"https:\/\/verdadeon.com.br\/portal\/#\/schema\/person\/image\/","url":"https:\/\/secure.gravatar.com\/avatar\/459a9613caaaf07f582c3d0841eea68bdd66f533e465e6ba8b9cb45619572cf4?s=96&d=mm&r=g","contentUrl":"https:\/\/secure.gravatar.com\/avatar\/459a9613caaaf07f582c3d0841eea68bdd66f533e465e6ba8b9cb45619572cf4?s=96&d=mm&r=g","caption":"Redacao VerdadeOn"},"url":"https:\/\/verdadeon.com.br\/portal\/author\/redacao\/"}]}},"jetpack_publicize_connections":[],"jetpack_featured_media_url":"https:\/\/i0.wp.com\/verdadeon.com.br\/portal\/wp-content\/uploads\/2021\/05\/WhatsApp-Image-2021-05-03-at-17.27.47.jpeg?fit=1000%2C670&ssl=1","jetpack_sharing_enabled":true,"_links":{"self":[{"href":"https:\/\/verdadeon.com.br\/portal\/wp-json\/wp\/v2\/posts\/22114","targetHints":{"allow":["GET"]}}],"collection":[{"href":"https:\/\/verdadeon.com.br\/portal\/wp-json\/wp\/v2\/posts"}],"about":[{"href":"https:\/\/verdadeon.com.br\/portal\/wp-json\/wp\/v2\/types\/post"}],"author":[{"embeddable":true,"href":"https:\/\/verdadeon.com.br\/portal\/wp-json\/wp\/v2\/users\/10"}],"replies":[{"embeddable":true,"href":"https:\/\/verdadeon.com.br\/portal\/wp-json\/wp\/v2\/comments?post=22114"}],"version-history":[{"count":1,"href":"https:\/\/verdadeon.com.br\/portal\/wp-json\/wp\/v2\/posts\/22114\/revisions"}],"predecessor-version":[{"id":22116,"href":"https:\/\/verdadeon.com.br\/portal\/wp-json\/wp\/v2\/posts\/22114\/revisions\/22116"}],"wp:featuredmedia":[{"embeddable":true,"href":"https:\/\/verdadeon.com.br\/portal\/wp-json\/wp\/v2\/media\/16464"}],"wp:attachment":[{"href":"https:\/\/verdadeon.com.br\/portal\/wp-json\/wp\/v2\/media?parent=22114"}],"wp:term":[{"taxonomy":"category","embeddable":true,"href":"https:\/\/verdadeon.com.br\/portal\/wp-json\/wp\/v2\/categories?post=22114"},{"taxonomy":"post_tag","embeddable":true,"href":"https:\/\/verdadeon.com.br\/portal\/wp-json\/wp\/v2\/tags?post=22114"}],"curies":[{"name":"wp","href":"https:\/\/api.w.org\/{rel}","templated":true}]}}