{"id":22110,"date":"2022-01-06T17:51:24","date_gmt":"2022-01-06T20:51:24","guid":{"rendered":"https:\/\/verdadeon.com.br\/portal\/?p=22110"},"modified":"2022-01-06T17:51:24","modified_gmt":"2022-01-06T20:51:24","slug":"em-um-ano-arrastao-da-limpeza-retira-200-toneladas-de-lixo-das-ruas","status":"publish","type":"post","link":"https:\/\/verdadeon.com.br\/portal\/2022\/01\/06\/em-um-ano-arrastao-da-limpeza-retira-200-toneladas-de-lixo-das-ruas\/","title":{"rendered":"Em um ano, \u2018Arrast\u00e3o da Limpeza\u2019 retira 200 toneladas de lixo das ruas"},"content":{"rendered":"<h2>Secretaria do Meio Ambiente prepara primeiro Arrast\u00e3o de 2022 para este s\u00e1bado, em 12 bairros da regi\u00e3o Sul<\/h2>\n<p>&nbsp;<\/p>\n<p><span style=\"font-weight: 400;\">O Arrast\u00e3o da Limpeza costuma percorrer dezenas de bairros uma vez por m\u00eas para recolher m\u00f3veis velhos, pneus e materiais inserv\u00edveis para evitar o descarte irregular e dar destina\u00e7\u00e3o adequada aos objetos. Em 2021, a Secretaria de Meio Ambiente realizou 12 edi\u00e7\u00f5es do programa, em todas as regi\u00f5es da cidade, com um saldo de 203 toneladas de lixo recolhidas.<\/span><\/p>\n<p><span style=\"font-weight: 400;\">O trabalho \u00e9 uma forma de evitar que os moradores descartem os materiais em terrenos baldios, canteiros centrais de avenidas ou outros locais impr\u00f3prios e tamb\u00e9m que fiquem expostos e acumulem \u00e1gua, se tornando potenciais criadouros do mosquito transmissor da dengue.<\/span><\/p>\n<p><span style=\"font-weight: 400;\">\u201cOs arrast\u00f5es de limpeza t\u00eam se mostrado de fundamental import\u00e2ncia para a quest\u00e3o ambiental e de sa\u00fade p\u00fablica no munic\u00edpio. Ao mitigar os efeitos do\u00a0 descarte irregular de inserv\u00edveis, contribui para melhorar tanto o aspecto visual de limpeza da cidade como tamb\u00e9m a diminui\u00e7\u00e3o da prolifera\u00e7\u00e3o de insetos e animais pe\u00e7onhentos que o descarte irregular prop\u00edcia\u201d, afirmou \u00c9der Braz\u00e3o, secret\u00e1rio de Meio Ambiente, ao destacar que \u201ca popula\u00e7\u00e3o tem se mostrado consciente quanto \u00e0 import\u00e2ncia desse servi\u00e7o e tem aderido de maneira bastante consistente a ele\u201d.<\/span><\/p>\n<p><span style=\"font-weight: 400;\">O primeiro Arrast\u00e3o da Limpeza deste ano ser\u00e1 realizado neste s\u00e1bado, 8, a partir das 7h30, abrangendo 12 bairros da regi\u00e3o Sul, do Residencial Morada do Verde at\u00e9 o prolongamento do Jardim Santa B\u00e1rbara. Os moradores devem fazer a separa\u00e7\u00e3o pr\u00e9via dos materiais que desejam descartar e os caminh\u00f5es e equipes percorrer\u00e3o as ruas recolhendo os objetos deixados nas cal\u00e7adas, m\u00f3veis velhos e utens\u00edlios em geral. Entulhos de constru\u00e7\u00e3o e lixo dom\u00e9stico n\u00e3o ser\u00e3o coletados.\u00a0<\/span><\/p>\n<p><span style=\"font-weight: 400;\">\u00a0<\/span><b>Confira os bairros do Arrast\u00e3o da Limpeza:<\/b><\/p>\n<p><span style=\"font-weight: 400;\">\u00a0\u00a0\u00a0\u00a0\u00a01) \u00a0 Morada do Verde<\/span><\/p>\n<p><span style=\"font-weight: 400;\">\u00a0\u00a0\u00a0\u00a0\u00a02) \u00a0 Vale da Lua Azul<\/span><\/p>\n<p><span style=\"font-weight: 400;\">\u00a0\u00a0\u00a0\u00a0\u00a03) \u00a0 Jardim Alvorada (anexo ao Parque Novo Mundo)<\/span><\/p>\n<p><span style=\"font-weight: 400;\">\u00a0\u00a0\u00a0\u00a0\u00a04) \u00a0 Parque Mundo Novo\u00a0<\/span><\/p>\n<p><span style=\"font-weight: 400;\">\u00a0\u00a0\u00a0\u00a0\u00a05) \u00a0 Jardim Primavera<\/span><\/p>\n<p><span style=\"font-weight: 400;\">\u00a0\u00a0\u00a0\u00a0\u00a06) \u00a0 Parque das \u00c1rvores<\/span><\/p>\n<p><span style=\"font-weight: 400;\">\u00a0\u00a0\u00a0\u00a0\u00a07) \u00a0 Jardim Aeroporto I<\/span><\/p>\n<p><span style=\"font-weight: 400;\">\u00a0\u00a0\u00a0\u00a0\u00a08) \u00a0 Jardim Aeroporto II<\/span><\/p>\n<p><span style=\"font-weight: 400;\">\u00a0\u00a0\u00a0\u00a0\u00a09) \u00a0 Jardim Aeroporto III<\/span><\/p>\n<p><span style=\"font-weight: 400;\">\u00a0\u00a0\u00a0\u00a010) Jardim Aeroporto IV<\/span><\/p>\n<p><span style=\"font-weight: 400;\">\u00a0\u00a0\u00a0\u00a011) Jardim Avia\u00e7\u00e3o<\/span><\/p>\n<p><span style=\"font-weight: 400;\">\u00a0\u00a0\u00a0\u00a012) Jardim Santa B\u00e1rbara e Prolongamento<\/span><\/p>\n","protected":false},"excerpt":{"rendered":"<p>Secretaria do Meio Ambiente prepara primeiro Arrast\u00e3o de 2022 para este s\u00e1bado, em 12 bairros da regi\u00e3o Sul &nbsp; O Arrast\u00e3o da Limpeza costuma percorrer dezenas<span class=\"excerpt-hellip\"> [\u2026]<\/span><\/p>\n","protected":false},"author":12,"featured_media":19022,"comment_status":"open","ping_status":"open","sticky":false,"template":"","format":"standard","meta":{"_jetpack_memberships_contains_paid_content":false,"footnotes":"","jetpack_publicize_message":"","jetpack_publicize_feature_enabled":true,"jetpack_social_post_already_shared":false,"jetpack_social_options":{"image_generator_settings":{"template":"highway","default_image_id":0,"enabled":false},"version":2}},"categories":[28,81],"tags":[],"class_list":["post-22110","post","type-post","status-publish","format-standard","has-post-thumbnail","hentry","category-cotidiano","category-manchete"],"yoast_head":"<!-- This site is optimized with the Yoast SEO plugin v25.6 - https:\/\/yoast.com\/wordpress\/plugins\/seo\/ -->\n<title>Em um ano, \u2018Arrast\u00e3o da Limpeza\u2019 retira 200 toneladas de lixo das ruas - VerdadeOn<\/title>\n<meta name=\"robots\" content=\"index, follow, max-snippet:-1, max-image-preview:large, max-video-preview:-1\" \/>\n<link rel=\"canonical\" href=\"https:\/\/verdadeon.com.br\/portal\/2022\/01\/06\/em-um-ano-arrastao-da-limpeza-retira-200-toneladas-de-lixo-das-ruas\/\" \/>\n<meta property=\"og:locale\" content=\"pt_BR\" \/>\n<meta property=\"og:type\" content=\"article\" \/>\n<meta property=\"og:title\" content=\"Em um ano, \u2018Arrast\u00e3o da Limpeza\u2019 retira 200 toneladas de lixo das ruas - VerdadeOn\" \/>\n<meta property=\"og:description\" content=\"Secretaria do Meio Ambiente prepara primeiro Arrast\u00e3o de 2022 para este s\u00e1bado, em 12 bairros da regi\u00e3o Sul &nbsp; O Arrast\u00e3o da Limpeza costuma percorrer dezenas [\u2026]\" \/>\n<meta property=\"og:url\" content=\"https:\/\/verdadeon.com.br\/portal\/2022\/01\/06\/em-um-ano-arrastao-da-limpeza-retira-200-toneladas-de-lixo-das-ruas\/\" \/>\n<meta property=\"og:site_name\" content=\"VerdadeOn\" \/>\n<meta property=\"article:published_time\" content=\"2022-01-06T20:51:24+00:00\" \/>\n<meta property=\"og:image\" content=\"https:\/\/verdadeon.com.br\/portal\/wp-content\/uploads\/2021\/08\/Arrastao-da-Limpeza-1.jpeg\" \/>\n\t<meta property=\"og:image:width\" content=\"1000\" \/>\n\t<meta property=\"og:image:height\" content=\"670\" \/>\n\t<meta property=\"og:image:type\" content=\"image\/jpeg\" \/>\n<meta name=\"author\" content=\"Nelise Luques\" \/>\n<meta name=\"twitter:card\" content=\"summary_large_image\" \/>\n<meta name=\"twitter:label1\" content=\"Escrito por\" \/>\n\t<meta name=\"twitter:data1\" content=\"Nelise Luques\" \/>\n\t<meta name=\"twitter:label2\" content=\"Est. tempo de leitura\" \/>\n\t<meta name=\"twitter:data2\" content=\"2 minutos\" \/>\n<script type=\"application\/ld+json\" class=\"yoast-schema-graph\">{\"@context\":\"https:\/\/schema.org\",\"@graph\":[{\"@type\":\"WebPage\",\"@id\":\"https:\/\/verdadeon.com.br\/portal\/2022\/01\/06\/em-um-ano-arrastao-da-limpeza-retira-200-toneladas-de-lixo-das-ruas\/\",\"url\":\"https:\/\/verdadeon.com.br\/portal\/2022\/01\/06\/em-um-ano-arrastao-da-limpeza-retira-200-toneladas-de-lixo-das-ruas\/\",\"name\":\"Em um ano, \u2018Arrast\u00e3o da Limpeza\u2019 retira 200 toneladas de lixo das ruas - VerdadeOn\",\"isPartOf\":{\"@id\":\"https:\/\/verdadeon.com.br\/portal\/#website\"},\"primaryImageOfPage\":{\"@id\":\"https:\/\/verdadeon.com.br\/portal\/2022\/01\/06\/em-um-ano-arrastao-da-limpeza-retira-200-toneladas-de-lixo-das-ruas\/#primaryimage\"},\"image\":{\"@id\":\"https:\/\/verdadeon.com.br\/portal\/2022\/01\/06\/em-um-ano-arrastao-da-limpeza-retira-200-toneladas-de-lixo-das-ruas\/#primaryimage\"},\"thumbnailUrl\":\"https:\/\/i0.wp.com\/verdadeon.com.br\/portal\/wp-content\/uploads\/2021\/08\/Arrastao-da-Limpeza-1.jpeg?fit=1000%2C670&ssl=1\",\"datePublished\":\"2022-01-06T20:51:24+00:00\",\"author\":{\"@id\":\"https:\/\/verdadeon.com.br\/portal\/#\/schema\/person\/8248726d36015c1916636fabb175d972\"},\"breadcrumb\":{\"@id\":\"https:\/\/verdadeon.com.br\/portal\/2022\/01\/06\/em-um-ano-arrastao-da-limpeza-retira-200-toneladas-de-lixo-das-ruas\/#breadcrumb\"},\"inLanguage\":\"pt-BR\",\"potentialAction\":[{\"@type\":\"ReadAction\",\"target\":[\"https:\/\/verdadeon.com.br\/portal\/2022\/01\/06\/em-um-ano-arrastao-da-limpeza-retira-200-toneladas-de-lixo-das-ruas\/\"]}]},{\"@type\":\"ImageObject\",\"inLanguage\":\"pt-BR\",\"@id\":\"https:\/\/verdadeon.com.br\/portal\/2022\/01\/06\/em-um-ano-arrastao-da-limpeza-retira-200-toneladas-de-lixo-das-ruas\/#primaryimage\",\"url\":\"https:\/\/i0.wp.com\/verdadeon.com.br\/portal\/wp-content\/uploads\/2021\/08\/Arrastao-da-Limpeza-1.jpeg?fit=1000%2C670&ssl=1\",\"contentUrl\":\"https:\/\/i0.wp.com\/verdadeon.com.br\/portal\/wp-content\/uploads\/2021\/08\/Arrastao-da-Limpeza-1.jpeg?fit=1000%2C670&ssl=1\",\"width\":1000,\"height\":670,\"caption\":\"O Arrast\u00e3o da Limpeza recolhe m\u00f3veis velhos, pneus e outros objetos sem uso para evitar descarte inadequado em vias p\u00fablicas e outras \u00e1reas proibidas | Foto: Divulga\u00e7\u00e3o\"},{\"@type\":\"BreadcrumbList\",\"@id\":\"https:\/\/verdadeon.com.br\/portal\/2022\/01\/06\/em-um-ano-arrastao-da-limpeza-retira-200-toneladas-de-lixo-das-ruas\/#breadcrumb\",\"itemListElement\":[{\"@type\":\"ListItem\",\"position\":1,\"name\":\"In\u00edcio\",\"item\":\"https:\/\/verdadeon.com.br\/portal\/\"},{\"@type\":\"ListItem\",\"position\":2,\"name\":\"Em um ano, \u2018Arrast\u00e3o da Limpeza\u2019 retira 200 toneladas de lixo das ruas\"}]},{\"@type\":\"WebSite\",\"@id\":\"https:\/\/verdadeon.com.br\/portal\/#website\",\"url\":\"https:\/\/verdadeon.com.br\/portal\/\",\"name\":\"VerdadeOn\",\"description\":\"Not\u00edcias di\u00e1rias sobre Franca, Regi\u00e3o, Esporte, Cultura, Cotidiano, Colunas. Cobertura nos principais eventos da cidade \u00e9 aqui - Verdadeon Franca\",\"potentialAction\":[{\"@type\":\"SearchAction\",\"target\":{\"@type\":\"EntryPoint\",\"urlTemplate\":\"https:\/\/verdadeon.com.br\/portal\/?s={search_term_string}\"},\"query-input\":{\"@type\":\"PropertyValueSpecification\",\"valueRequired\":true,\"valueName\":\"search_term_string\"}}],\"inLanguage\":\"pt-BR\"},{\"@type\":\"Person\",\"@id\":\"https:\/\/verdadeon.com.br\/portal\/#\/schema\/person\/8248726d36015c1916636fabb175d972\",\"name\":\"Nelise Luques\",\"image\":{\"@type\":\"ImageObject\",\"inLanguage\":\"pt-BR\",\"@id\":\"https:\/\/verdadeon.com.br\/portal\/#\/schema\/person\/image\/\",\"url\":\"https:\/\/secure.gravatar.com\/avatar\/29b2a17f5bcadeb827411b66f48ac13c3e0ecaf5906c0f5745ecc5d41c24eada?s=96&d=mm&r=g\",\"contentUrl\":\"https:\/\/secure.gravatar.com\/avatar\/29b2a17f5bcadeb827411b66f48ac13c3e0ecaf5906c0f5745ecc5d41c24eada?s=96&d=mm&r=g\",\"caption\":\"Nelise Luques\"},\"url\":\"https:\/\/verdadeon.com.br\/portal\/author\/verdade\/\"}]}<\/script>\n<!-- \/ Yoast SEO plugin. -->","yoast_head_json":{"title":"Em um ano, \u2018Arrast\u00e3o da Limpeza\u2019 retira 200 toneladas de lixo das ruas - VerdadeOn","robots":{"index":"index","follow":"follow","max-snippet":"max-snippet:-1","max-image-preview":"max-image-preview:large","max-video-preview":"max-video-preview:-1"},"canonical":"https:\/\/verdadeon.com.br\/portal\/2022\/01\/06\/em-um-ano-arrastao-da-limpeza-retira-200-toneladas-de-lixo-das-ruas\/","og_locale":"pt_BR","og_type":"article","og_title":"Em um ano, \u2018Arrast\u00e3o da Limpeza\u2019 retira 200 toneladas de lixo das ruas - VerdadeOn","og_description":"Secretaria do Meio Ambiente prepara primeiro Arrast\u00e3o de 2022 para este s\u00e1bado, em 12 bairros da regi\u00e3o Sul &nbsp; O Arrast\u00e3o da Limpeza costuma percorrer dezenas [\u2026]","og_url":"https:\/\/verdadeon.com.br\/portal\/2022\/01\/06\/em-um-ano-arrastao-da-limpeza-retira-200-toneladas-de-lixo-das-ruas\/","og_site_name":"VerdadeOn","article_published_time":"2022-01-06T20:51:24+00:00","og_image":[{"width":1000,"height":670,"url":"https:\/\/verdadeon.com.br\/portal\/wp-content\/uploads\/2021\/08\/Arrastao-da-Limpeza-1.jpeg","type":"image\/jpeg"}],"author":"Nelise Luques","twitter_card":"summary_large_image","twitter_misc":{"Escrito por":"Nelise Luques","Est. tempo de leitura":"2 minutos"},"schema":{"@context":"https:\/\/schema.org","@graph":[{"@type":"WebPage","@id":"https:\/\/verdadeon.com.br\/portal\/2022\/01\/06\/em-um-ano-arrastao-da-limpeza-retira-200-toneladas-de-lixo-das-ruas\/","url":"https:\/\/verdadeon.com.br\/portal\/2022\/01\/06\/em-um-ano-arrastao-da-limpeza-retira-200-toneladas-de-lixo-das-ruas\/","name":"Em um ano, \u2018Arrast\u00e3o da Limpeza\u2019 retira 200 toneladas de lixo das ruas - VerdadeOn","isPartOf":{"@id":"https:\/\/verdadeon.com.br\/portal\/#website"},"primaryImageOfPage":{"@id":"https:\/\/verdadeon.com.br\/portal\/2022\/01\/06\/em-um-ano-arrastao-da-limpeza-retira-200-toneladas-de-lixo-das-ruas\/#primaryimage"},"image":{"@id":"https:\/\/verdadeon.com.br\/portal\/2022\/01\/06\/em-um-ano-arrastao-da-limpeza-retira-200-toneladas-de-lixo-das-ruas\/#primaryimage"},"thumbnailUrl":"https:\/\/i0.wp.com\/verdadeon.com.br\/portal\/wp-content\/uploads\/2021\/08\/Arrastao-da-Limpeza-1.jpeg?fit=1000%2C670&ssl=1","datePublished":"2022-01-06T20:51:24+00:00","author":{"@id":"https:\/\/verdadeon.com.br\/portal\/#\/schema\/person\/8248726d36015c1916636fabb175d972"},"breadcrumb":{"@id":"https:\/\/verdadeon.com.br\/portal\/2022\/01\/06\/em-um-ano-arrastao-da-limpeza-retira-200-toneladas-de-lixo-das-ruas\/#breadcrumb"},"inLanguage":"pt-BR","potentialAction":[{"@type":"ReadAction","target":["https:\/\/verdadeon.com.br\/portal\/2022\/01\/06\/em-um-ano-arrastao-da-limpeza-retira-200-toneladas-de-lixo-das-ruas\/"]}]},{"@type":"ImageObject","inLanguage":"pt-BR","@id":"https:\/\/verdadeon.com.br\/portal\/2022\/01\/06\/em-um-ano-arrastao-da-limpeza-retira-200-toneladas-de-lixo-das-ruas\/#primaryimage","url":"https:\/\/i0.wp.com\/verdadeon.com.br\/portal\/wp-content\/uploads\/2021\/08\/Arrastao-da-Limpeza-1.jpeg?fit=1000%2C670&ssl=1","contentUrl":"https:\/\/i0.wp.com\/verdadeon.com.br\/portal\/wp-content\/uploads\/2021\/08\/Arrastao-da-Limpeza-1.jpeg?fit=1000%2C670&ssl=1","width":1000,"height":670,"caption":"O Arrast\u00e3o da Limpeza recolhe m\u00f3veis velhos, pneus e outros objetos sem uso para evitar descarte inadequado em vias p\u00fablicas e outras \u00e1reas proibidas | Foto: Divulga\u00e7\u00e3o"},{"@type":"BreadcrumbList","@id":"https:\/\/verdadeon.com.br\/portal\/2022\/01\/06\/em-um-ano-arrastao-da-limpeza-retira-200-toneladas-de-lixo-das-ruas\/#breadcrumb","itemListElement":[{"@type":"ListItem","position":1,"name":"In\u00edcio","item":"https:\/\/verdadeon.com.br\/portal\/"},{"@type":"ListItem","position":2,"name":"Em um ano, \u2018Arrast\u00e3o da Limpeza\u2019 retira 200 toneladas de lixo das ruas"}]},{"@type":"WebSite","@id":"https:\/\/verdadeon.com.br\/portal\/#website","url":"https:\/\/verdadeon.com.br\/portal\/","name":"VerdadeOn","description":"Not\u00edcias di\u00e1rias sobre Franca, Regi\u00e3o, Esporte, Cultura, Cotidiano, Colunas. Cobertura nos principais eventos da cidade \u00e9 aqui - Verdadeon Franca","potentialAction":[{"@type":"SearchAction","target":{"@type":"EntryPoint","urlTemplate":"https:\/\/verdadeon.com.br\/portal\/?s={search_term_string}"},"query-input":{"@type":"PropertyValueSpecification","valueRequired":true,"valueName":"search_term_string"}}],"inLanguage":"pt-BR"},{"@type":"Person","@id":"https:\/\/verdadeon.com.br\/portal\/#\/schema\/person\/8248726d36015c1916636fabb175d972","name":"Nelise Luques","image":{"@type":"ImageObject","inLanguage":"pt-BR","@id":"https:\/\/verdadeon.com.br\/portal\/#\/schema\/person\/image\/","url":"https:\/\/secure.gravatar.com\/avatar\/29b2a17f5bcadeb827411b66f48ac13c3e0ecaf5906c0f5745ecc5d41c24eada?s=96&d=mm&r=g","contentUrl":"https:\/\/secure.gravatar.com\/avatar\/29b2a17f5bcadeb827411b66f48ac13c3e0ecaf5906c0f5745ecc5d41c24eada?s=96&d=mm&r=g","caption":"Nelise Luques"},"url":"https:\/\/verdadeon.com.br\/portal\/author\/verdade\/"}]}},"jetpack_publicize_connections":[],"jetpack_featured_media_url":"https:\/\/i0.wp.com\/verdadeon.com.br\/portal\/wp-content\/uploads\/2021\/08\/Arrastao-da-Limpeza-1.jpeg?fit=1000%2C670&ssl=1","jetpack_sharing_enabled":true,"_links":{"self":[{"href":"https:\/\/verdadeon.com.br\/portal\/wp-json\/wp\/v2\/posts\/22110","targetHints":{"allow":["GET"]}}],"collection":[{"href":"https:\/\/verdadeon.com.br\/portal\/wp-json\/wp\/v2\/posts"}],"about":[{"href":"https:\/\/verdadeon.com.br\/portal\/wp-json\/wp\/v2\/types\/post"}],"author":[{"embeddable":true,"href":"https:\/\/verdadeon.com.br\/portal\/wp-json\/wp\/v2\/users\/12"}],"replies":[{"embeddable":true,"href":"https:\/\/verdadeon.com.br\/portal\/wp-json\/wp\/v2\/comments?post=22110"}],"version-history":[{"count":1,"href":"https:\/\/verdadeon.com.br\/portal\/wp-json\/wp\/v2\/posts\/22110\/revisions"}],"predecessor-version":[{"id":22111,"href":"https:\/\/verdadeon.com.br\/portal\/wp-json\/wp\/v2\/posts\/22110\/revisions\/22111"}],"wp:featuredmedia":[{"embeddable":true,"href":"https:\/\/verdadeon.com.br\/portal\/wp-json\/wp\/v2\/media\/19022"}],"wp:attachment":[{"href":"https:\/\/verdadeon.com.br\/portal\/wp-json\/wp\/v2\/media?parent=22110"}],"wp:term":[{"taxonomy":"category","embeddable":true,"href":"https:\/\/verdadeon.com.br\/portal\/wp-json\/wp\/v2\/categories?post=22110"},{"taxonomy":"post_tag","embeddable":true,"href":"https:\/\/verdadeon.com.br\/portal\/wp-json\/wp\/v2\/tags?post=22110"}],"curies":[{"name":"wp","href":"https:\/\/api.w.org\/{rel}","templated":true}]}}