{"id":22107,"date":"2022-01-06T18:06:46","date_gmt":"2022-01-06T21:06:46","guid":{"rendered":"https:\/\/verdadeon.com.br\/portal\/?p=22107"},"modified":"2022-01-06T18:05:58","modified_gmt":"2022-01-06T21:05:58","slug":"medo-da-covid-19-provoca-corrida-por-vacinas-em-franca","status":"publish","type":"post","link":"https:\/\/verdadeon.com.br\/portal\/2022\/01\/06\/medo-da-covid-19-provoca-corrida-por-vacinas-em-franca\/","title":{"rendered":"Medo da Covid-19 provoca &#8216;corrida&#8217; por vacinas em Franca"},"content":{"rendered":"<h2><span style=\"font-weight: 400;\">Secretaria de Sa\u00fade tem aplicado em m\u00e9dia 2.800 doses por dia nesta semana, 30% a mais que em dezembro<\/span><\/h2>\n<p>&nbsp;<\/p>\n<p><strong>Nelise Luques<\/strong><\/p>\n<p><span style=\"font-weight: 400;\">O aumento dos casos de Covid &#8211; foram mais de 200 novas confirma\u00e7\u00f5es em apenas um dia em Franca &#8211; elevou a procura pelas vacinas contra o coronav\u00edrus nos postos de imuniza\u00e7\u00e3o disponibilizados na cidade. A Secretaria de Sa\u00fade registra aumento de 30% desde o come\u00e7o de janeiro na compara\u00e7\u00e3o com dezembro. No m\u00eas passado eram aplicadas em m\u00e9dia 2.100 vacinas por dia, e agora este n\u00famero subiu para 2.800.<\/span><\/p>\n<p><span style=\"font-weight: 400;\">Lucas Souza, secret\u00e1rio de Sa\u00fade, afirma que, como em outros munic\u00edpios, a ades\u00e3o \u00e0 campanha de vacina\u00e7\u00e3o intensificou porque as pessoas voltaram a se preocupar com a doen\u00e7a. A procura maior \u00e9 para as doses de refor\u00e7o &#8211; segunda e terceira doses.<\/span><\/p>\n<p><span style=\"font-weight: 400;\">Segundo ele, a pasta alterou a log\u00edstica de distribui\u00e7\u00e3o dos imunizantes para atender toda a demanda. \u201cNormalmente mandamos 400 doses para os postos de vacina\u00e7\u00e3o por dia e j\u00e1 aumentamos para 500\u201d, afirmou Lucas, ao informar que n\u00e3o tem ocorrido falta de vacinas em Franca. \u201cAs vacinas precisam ficar armazenadas na c\u00e2mara fria, que fica na Vigil\u00e2ncia Epidemiol\u00f3gica, por isso enviamos aos postos uma quantidade que n\u00e3o necessita ficar sendo recolhida no fim da tarde, com risco de comprometer a validade do imunizante. O atendimento \u00e0 demanda tem sido feito de acordo com o hor\u00e1rio de funcionamento dos locais de vacina\u00e7\u00e3o\u201d.<\/span><\/p>\n<h4><span style=\"font-weight: 400;\">Balan\u00e7o<\/span><\/h4>\n<p><span style=\"font-weight: 400;\">A Campanha de Vacina\u00e7\u00e3o contra o Coronav\u00edrus teve in\u00edcio em Franca h\u00e1 um ano, em janeiro de 2021, e de acordo com o secret\u00e1rio, do total da popula\u00e7\u00e3o francana (inclusive crian\u00e7as abaixo de 12 anos, que ainda n\u00e3o est\u00e3o inclu\u00eddas na campanha), 85% das pessoas est\u00e3o imunizadas com a primeira dose, 76% com a segunda dose e 20% com a terceira.<\/span><\/p>\n<p><span style=\"font-weight: 400;\">\u201cA ades\u00e3o \u00e0 vacina\u00e7\u00e3o em Franca, de certa forma, \u00e9 boa. Estamos com imuniza\u00e7\u00e3o acima da m\u00e9dia nacional e dentro da estadual. Percebemos que a queda do n\u00famero de casos de Covid-19 e de interna\u00e7\u00f5es teve reduziu a procura, as pessoas pararam de tomar as doses de refor\u00e7o e est\u00e3o voltando agora\u201d.<\/span><\/p>\n<p><span style=\"font-weight: 400;\">\u00c9 importante refor\u00e7ar que mesmo quem se vacinou pode ser contaminado pelo coronav\u00edrus, mas est\u00e1 comprovado que a doen\u00e7a costuma ser de forma mais leve e a ocorr\u00eancia de interna\u00e7\u00f5es menor entre os imunizados que testam positivo para a Covid-19.<\/span><\/p>\n<p><span style=\"font-weight: 400;\">O secret\u00e1rio de Sa\u00fade alerta as pessoas para que fiquem atentas e al\u00e9m de completar o esquema vacinal, mantenham o uso correto das m\u00e1scaras e higienize as m\u00e3os com \u00e1lcool em gel ou \u00e1gua e sab\u00e3o com frequ\u00eancia.<\/span><\/p>\n","protected":false},"excerpt":{"rendered":"<p>Secretaria de Sa\u00fade tem aplicado em m\u00e9dia 2.800 doses por dia nesta semana, 30% a mais que em dezembro &nbsp; Nelise Luques O aumento dos casos<span class=\"excerpt-hellip\"> [\u2026]<\/span><\/p>\n","protected":false},"author":12,"featured_media":16011,"comment_status":"open","ping_status":"open","sticky":false,"template":"","format":"standard","meta":{"_jetpack_memberships_contains_paid_content":false,"footnotes":"","jetpack_publicize_message":"","jetpack_publicize_feature_enabled":true,"jetpack_social_post_already_shared":false,"jetpack_social_options":{"image_generator_settings":{"template":"highway","default_image_id":0,"enabled":false},"version":2}},"categories":[28,81],"tags":[],"class_list":["post-22107","post","type-post","status-publish","format-standard","has-post-thumbnail","hentry","category-cotidiano","category-manchete"],"yoast_head":"<!-- This site is optimized with the Yoast SEO plugin v25.6 - https:\/\/yoast.com\/wordpress\/plugins\/seo\/ -->\n<title>Medo da Covid-19 provoca &#039;corrida&#039; por vacinas em Franca - VerdadeOn<\/title>\n<meta name=\"robots\" content=\"index, follow, max-snippet:-1, max-image-preview:large, max-video-preview:-1\" \/>\n<link rel=\"canonical\" href=\"https:\/\/verdadeon.com.br\/portal\/2022\/01\/06\/medo-da-covid-19-provoca-corrida-por-vacinas-em-franca\/\" \/>\n<meta property=\"og:locale\" content=\"pt_BR\" \/>\n<meta property=\"og:type\" content=\"article\" \/>\n<meta property=\"og:title\" content=\"Medo da Covid-19 provoca &#039;corrida&#039; por vacinas em Franca - VerdadeOn\" \/>\n<meta property=\"og:description\" content=\"Secretaria de Sa\u00fade tem aplicado em m\u00e9dia 2.800 doses por dia nesta semana, 30% a mais que em dezembro &nbsp; Nelise Luques O aumento dos casos [\u2026]\" \/>\n<meta property=\"og:url\" content=\"https:\/\/verdadeon.com.br\/portal\/2022\/01\/06\/medo-da-covid-19-provoca-corrida-por-vacinas-em-franca\/\" \/>\n<meta property=\"og:site_name\" content=\"VerdadeOn\" \/>\n<meta property=\"article:published_time\" content=\"2022-01-06T21:06:46+00:00\" \/>\n<meta property=\"og:image\" content=\"https:\/\/verdadeon.com.br\/portal\/wp-content\/uploads\/2021\/04\/WhatsApp-Image-2021-04-12-at-17.25.11.jpeg\" \/>\n\t<meta property=\"og:image:width\" content=\"1000\" \/>\n\t<meta property=\"og:image:height\" content=\"670\" \/>\n\t<meta property=\"og:image:type\" content=\"image\/jpeg\" \/>\n<meta name=\"author\" content=\"Nelise Luques\" \/>\n<meta name=\"twitter:card\" content=\"summary_large_image\" \/>\n<meta name=\"twitter:label1\" content=\"Escrito por\" \/>\n\t<meta name=\"twitter:data1\" content=\"Nelise Luques\" \/>\n\t<meta name=\"twitter:label2\" content=\"Est. tempo de leitura\" \/>\n\t<meta name=\"twitter:data2\" content=\"2 minutos\" \/>\n<script type=\"application\/ld+json\" class=\"yoast-schema-graph\">{\"@context\":\"https:\/\/schema.org\",\"@graph\":[{\"@type\":\"WebPage\",\"@id\":\"https:\/\/verdadeon.com.br\/portal\/2022\/01\/06\/medo-da-covid-19-provoca-corrida-por-vacinas-em-franca\/\",\"url\":\"https:\/\/verdadeon.com.br\/portal\/2022\/01\/06\/medo-da-covid-19-provoca-corrida-por-vacinas-em-franca\/\",\"name\":\"Medo da Covid-19 provoca 'corrida' por vacinas em Franca - VerdadeOn\",\"isPartOf\":{\"@id\":\"https:\/\/verdadeon.com.br\/portal\/#website\"},\"primaryImageOfPage\":{\"@id\":\"https:\/\/verdadeon.com.br\/portal\/2022\/01\/06\/medo-da-covid-19-provoca-corrida-por-vacinas-em-franca\/#primaryimage\"},\"image\":{\"@id\":\"https:\/\/verdadeon.com.br\/portal\/2022\/01\/06\/medo-da-covid-19-provoca-corrida-por-vacinas-em-franca\/#primaryimage\"},\"thumbnailUrl\":\"https:\/\/i0.wp.com\/verdadeon.com.br\/portal\/wp-content\/uploads\/2021\/04\/WhatsApp-Image-2021-04-12-at-17.25.11.jpeg?fit=1000%2C670&ssl=1\",\"datePublished\":\"2022-01-06T21:06:46+00:00\",\"author\":{\"@id\":\"https:\/\/verdadeon.com.br\/portal\/#\/schema\/person\/8248726d36015c1916636fabb175d972\"},\"breadcrumb\":{\"@id\":\"https:\/\/verdadeon.com.br\/portal\/2022\/01\/06\/medo-da-covid-19-provoca-corrida-por-vacinas-em-franca\/#breadcrumb\"},\"inLanguage\":\"pt-BR\",\"potentialAction\":[{\"@type\":\"ReadAction\",\"target\":[\"https:\/\/verdadeon.com.br\/portal\/2022\/01\/06\/medo-da-covid-19-provoca-corrida-por-vacinas-em-franca\/\"]}]},{\"@type\":\"ImageObject\",\"inLanguage\":\"pt-BR\",\"@id\":\"https:\/\/verdadeon.com.br\/portal\/2022\/01\/06\/medo-da-covid-19-provoca-corrida-por-vacinas-em-franca\/#primaryimage\",\"url\":\"https:\/\/i0.wp.com\/verdadeon.com.br\/portal\/wp-content\/uploads\/2021\/04\/WhatsApp-Image-2021-04-12-at-17.25.11.jpeg?fit=1000%2C670&ssl=1\",\"contentUrl\":\"https:\/\/i0.wp.com\/verdadeon.com.br\/portal\/wp-content\/uploads\/2021\/04\/WhatsApp-Image-2021-04-12-at-17.25.11.jpeg?fit=1000%2C670&ssl=1\",\"width\":1000,\"height\":670,\"caption\":\"A Campanha de Vacina\u00e7\u00e3o contra a Covid-19 em Franca teve in\u00edcio h\u00e1 um ano. At\u00e9 o momento, 85% da popula\u00e7\u00e3o tem pelo menos a primeira dose | Foto: Jornal Verdade\"},{\"@type\":\"BreadcrumbList\",\"@id\":\"https:\/\/verdadeon.com.br\/portal\/2022\/01\/06\/medo-da-covid-19-provoca-corrida-por-vacinas-em-franca\/#breadcrumb\",\"itemListElement\":[{\"@type\":\"ListItem\",\"position\":1,\"name\":\"In\u00edcio\",\"item\":\"https:\/\/verdadeon.com.br\/portal\/\"},{\"@type\":\"ListItem\",\"position\":2,\"name\":\"Medo da Covid-19 provoca &#8216;corrida&#8217; por vacinas em Franca\"}]},{\"@type\":\"WebSite\",\"@id\":\"https:\/\/verdadeon.com.br\/portal\/#website\",\"url\":\"https:\/\/verdadeon.com.br\/portal\/\",\"name\":\"VerdadeOn\",\"description\":\"Not\u00edcias di\u00e1rias sobre Franca, Regi\u00e3o, Esporte, Cultura, Cotidiano, Colunas. Cobertura nos principais eventos da cidade \u00e9 aqui - Verdadeon Franca\",\"potentialAction\":[{\"@type\":\"SearchAction\",\"target\":{\"@type\":\"EntryPoint\",\"urlTemplate\":\"https:\/\/verdadeon.com.br\/portal\/?s={search_term_string}\"},\"query-input\":{\"@type\":\"PropertyValueSpecification\",\"valueRequired\":true,\"valueName\":\"search_term_string\"}}],\"inLanguage\":\"pt-BR\"},{\"@type\":\"Person\",\"@id\":\"https:\/\/verdadeon.com.br\/portal\/#\/schema\/person\/8248726d36015c1916636fabb175d972\",\"name\":\"Nelise Luques\",\"image\":{\"@type\":\"ImageObject\",\"inLanguage\":\"pt-BR\",\"@id\":\"https:\/\/verdadeon.com.br\/portal\/#\/schema\/person\/image\/\",\"url\":\"https:\/\/secure.gravatar.com\/avatar\/29b2a17f5bcadeb827411b66f48ac13c3e0ecaf5906c0f5745ecc5d41c24eada?s=96&d=mm&r=g\",\"contentUrl\":\"https:\/\/secure.gravatar.com\/avatar\/29b2a17f5bcadeb827411b66f48ac13c3e0ecaf5906c0f5745ecc5d41c24eada?s=96&d=mm&r=g\",\"caption\":\"Nelise Luques\"},\"url\":\"https:\/\/verdadeon.com.br\/portal\/author\/verdade\/\"}]}<\/script>\n<!-- \/ Yoast SEO plugin. -->","yoast_head_json":{"title":"Medo da Covid-19 provoca 'corrida' por vacinas em Franca - VerdadeOn","robots":{"index":"index","follow":"follow","max-snippet":"max-snippet:-1","max-image-preview":"max-image-preview:large","max-video-preview":"max-video-preview:-1"},"canonical":"https:\/\/verdadeon.com.br\/portal\/2022\/01\/06\/medo-da-covid-19-provoca-corrida-por-vacinas-em-franca\/","og_locale":"pt_BR","og_type":"article","og_title":"Medo da Covid-19 provoca 'corrida' por vacinas em Franca - VerdadeOn","og_description":"Secretaria de Sa\u00fade tem aplicado em m\u00e9dia 2.800 doses por dia nesta semana, 30% a mais que em dezembro &nbsp; Nelise Luques O aumento dos casos [\u2026]","og_url":"https:\/\/verdadeon.com.br\/portal\/2022\/01\/06\/medo-da-covid-19-provoca-corrida-por-vacinas-em-franca\/","og_site_name":"VerdadeOn","article_published_time":"2022-01-06T21:06:46+00:00","og_image":[{"width":1000,"height":670,"url":"https:\/\/verdadeon.com.br\/portal\/wp-content\/uploads\/2021\/04\/WhatsApp-Image-2021-04-12-at-17.25.11.jpeg","type":"image\/jpeg"}],"author":"Nelise Luques","twitter_card":"summary_large_image","twitter_misc":{"Escrito por":"Nelise Luques","Est. tempo de leitura":"2 minutos"},"schema":{"@context":"https:\/\/schema.org","@graph":[{"@type":"WebPage","@id":"https:\/\/verdadeon.com.br\/portal\/2022\/01\/06\/medo-da-covid-19-provoca-corrida-por-vacinas-em-franca\/","url":"https:\/\/verdadeon.com.br\/portal\/2022\/01\/06\/medo-da-covid-19-provoca-corrida-por-vacinas-em-franca\/","name":"Medo da Covid-19 provoca 'corrida' por vacinas em Franca - VerdadeOn","isPartOf":{"@id":"https:\/\/verdadeon.com.br\/portal\/#website"},"primaryImageOfPage":{"@id":"https:\/\/verdadeon.com.br\/portal\/2022\/01\/06\/medo-da-covid-19-provoca-corrida-por-vacinas-em-franca\/#primaryimage"},"image":{"@id":"https:\/\/verdadeon.com.br\/portal\/2022\/01\/06\/medo-da-covid-19-provoca-corrida-por-vacinas-em-franca\/#primaryimage"},"thumbnailUrl":"https:\/\/i0.wp.com\/verdadeon.com.br\/portal\/wp-content\/uploads\/2021\/04\/WhatsApp-Image-2021-04-12-at-17.25.11.jpeg?fit=1000%2C670&ssl=1","datePublished":"2022-01-06T21:06:46+00:00","author":{"@id":"https:\/\/verdadeon.com.br\/portal\/#\/schema\/person\/8248726d36015c1916636fabb175d972"},"breadcrumb":{"@id":"https:\/\/verdadeon.com.br\/portal\/2022\/01\/06\/medo-da-covid-19-provoca-corrida-por-vacinas-em-franca\/#breadcrumb"},"inLanguage":"pt-BR","potentialAction":[{"@type":"ReadAction","target":["https:\/\/verdadeon.com.br\/portal\/2022\/01\/06\/medo-da-covid-19-provoca-corrida-por-vacinas-em-franca\/"]}]},{"@type":"ImageObject","inLanguage":"pt-BR","@id":"https:\/\/verdadeon.com.br\/portal\/2022\/01\/06\/medo-da-covid-19-provoca-corrida-por-vacinas-em-franca\/#primaryimage","url":"https:\/\/i0.wp.com\/verdadeon.com.br\/portal\/wp-content\/uploads\/2021\/04\/WhatsApp-Image-2021-04-12-at-17.25.11.jpeg?fit=1000%2C670&ssl=1","contentUrl":"https:\/\/i0.wp.com\/verdadeon.com.br\/portal\/wp-content\/uploads\/2021\/04\/WhatsApp-Image-2021-04-12-at-17.25.11.jpeg?fit=1000%2C670&ssl=1","width":1000,"height":670,"caption":"A Campanha de Vacina\u00e7\u00e3o contra a Covid-19 em Franca teve in\u00edcio h\u00e1 um ano. At\u00e9 o momento, 85% da popula\u00e7\u00e3o tem pelo menos a primeira dose | Foto: Jornal Verdade"},{"@type":"BreadcrumbList","@id":"https:\/\/verdadeon.com.br\/portal\/2022\/01\/06\/medo-da-covid-19-provoca-corrida-por-vacinas-em-franca\/#breadcrumb","itemListElement":[{"@type":"ListItem","position":1,"name":"In\u00edcio","item":"https:\/\/verdadeon.com.br\/portal\/"},{"@type":"ListItem","position":2,"name":"Medo da Covid-19 provoca &#8216;corrida&#8217; por vacinas em Franca"}]},{"@type":"WebSite","@id":"https:\/\/verdadeon.com.br\/portal\/#website","url":"https:\/\/verdadeon.com.br\/portal\/","name":"VerdadeOn","description":"Not\u00edcias di\u00e1rias sobre Franca, Regi\u00e3o, Esporte, Cultura, Cotidiano, Colunas. Cobertura nos principais eventos da cidade \u00e9 aqui - Verdadeon Franca","potentialAction":[{"@type":"SearchAction","target":{"@type":"EntryPoint","urlTemplate":"https:\/\/verdadeon.com.br\/portal\/?s={search_term_string}"},"query-input":{"@type":"PropertyValueSpecification","valueRequired":true,"valueName":"search_term_string"}}],"inLanguage":"pt-BR"},{"@type":"Person","@id":"https:\/\/verdadeon.com.br\/portal\/#\/schema\/person\/8248726d36015c1916636fabb175d972","name":"Nelise Luques","image":{"@type":"ImageObject","inLanguage":"pt-BR","@id":"https:\/\/verdadeon.com.br\/portal\/#\/schema\/person\/image\/","url":"https:\/\/secure.gravatar.com\/avatar\/29b2a17f5bcadeb827411b66f48ac13c3e0ecaf5906c0f5745ecc5d41c24eada?s=96&d=mm&r=g","contentUrl":"https:\/\/secure.gravatar.com\/avatar\/29b2a17f5bcadeb827411b66f48ac13c3e0ecaf5906c0f5745ecc5d41c24eada?s=96&d=mm&r=g","caption":"Nelise Luques"},"url":"https:\/\/verdadeon.com.br\/portal\/author\/verdade\/"}]}},"jetpack_publicize_connections":[],"jetpack_featured_media_url":"https:\/\/i0.wp.com\/verdadeon.com.br\/portal\/wp-content\/uploads\/2021\/04\/WhatsApp-Image-2021-04-12-at-17.25.11.jpeg?fit=1000%2C670&ssl=1","jetpack_sharing_enabled":true,"_links":{"self":[{"href":"https:\/\/verdadeon.com.br\/portal\/wp-json\/wp\/v2\/posts\/22107","targetHints":{"allow":["GET"]}}],"collection":[{"href":"https:\/\/verdadeon.com.br\/portal\/wp-json\/wp\/v2\/posts"}],"about":[{"href":"https:\/\/verdadeon.com.br\/portal\/wp-json\/wp\/v2\/types\/post"}],"author":[{"embeddable":true,"href":"https:\/\/verdadeon.com.br\/portal\/wp-json\/wp\/v2\/users\/12"}],"replies":[{"embeddable":true,"href":"https:\/\/verdadeon.com.br\/portal\/wp-json\/wp\/v2\/comments?post=22107"}],"version-history":[{"count":1,"href":"https:\/\/verdadeon.com.br\/portal\/wp-json\/wp\/v2\/posts\/22107\/revisions"}],"predecessor-version":[{"id":22108,"href":"https:\/\/verdadeon.com.br\/portal\/wp-json\/wp\/v2\/posts\/22107\/revisions\/22108"}],"wp:featuredmedia":[{"embeddable":true,"href":"https:\/\/verdadeon.com.br\/portal\/wp-json\/wp\/v2\/media\/16011"}],"wp:attachment":[{"href":"https:\/\/verdadeon.com.br\/portal\/wp-json\/wp\/v2\/media?parent=22107"}],"wp:term":[{"taxonomy":"category","embeddable":true,"href":"https:\/\/verdadeon.com.br\/portal\/wp-json\/wp\/v2\/categories?post=22107"},{"taxonomy":"post_tag","embeddable":true,"href":"https:\/\/verdadeon.com.br\/portal\/wp-json\/wp\/v2\/tags?post=22107"}],"curies":[{"name":"wp","href":"https:\/\/api.w.org\/{rel}","templated":true}]}}