{"id":22101,"date":"2022-01-07T10:00:47","date_gmt":"2022-01-07T13:00:47","guid":{"rendered":"https:\/\/verdadeon.com.br\/portal\/?p=22101"},"modified":"2022-01-06T15:57:00","modified_gmt":"2022-01-06T18:57:00","slug":"e-possivel-fechar-as-contas-de-janeiro-no-azul-garante-economista","status":"publish","type":"post","link":"https:\/\/verdadeon.com.br\/portal\/2022\/01\/07\/e-possivel-fechar-as-contas-de-janeiro-no-azul-garante-economista\/","title":{"rendered":"&#8216;\u00c9 poss\u00edvel fechar as contas de janeiro no azul&#8217;, garante economista"},"content":{"rendered":"<h2>Em entrevista o economista Adnan Jebailey deu dicas para o leitor enfrentar o m\u00eas de janeiro, vil\u00e3o das contas<\/h2>\n<p>Fernando Lima<\/p>\n<p>IPTU, IPVA, material escolar, reajustes e d\u00e9bitos de dezembro, a conta n\u00e3o fecha. Mesmo com tudo na ponta do l\u00e1pis \u00e9 necess\u00e1rio suar a camisa e fazer praticamente um contorcionismo para dar conta de tudo. Ainda assim o economista Adnan Jebailey garantiu que com planejamento e estrat\u00e9gias, \u00e9 poss\u00edvel sair no azul em janeiro.<\/p>\n<p>&#8220;\u00c9 poss\u00edvel, at\u00e9 porque essas contas que surgem em janeiro s\u00e3o negoci\u00e1veis, parcel\u00e1veis sem acarretar juros ao consumidor, como \u00e9 o caso do IPVA e do IPTU. S\u00e3o d\u00edvidas que voc\u00ea pode parcelar e pagar ao longo desse primeiro semestre de 2022. N\u00e3o s\u00e3o d\u00edvidas que s\u00e3o muito engessadas que tem que pagar \u00e0 vista. Ent\u00e3o d\u00e1 tranquilo pra fechar no azul. Para isso \u00e9 preciso definir prioridades, quanto voc\u00ea tem de dinheiro na sua conta? Essa \u00e9 a primeira pergunta&#8221;, explicou.<\/p>\n<p>Jebailey destacou que pouco dinheiro guardado \u00e9 quando voc\u00ea tem uma quantia, mas se der qualquer emerg\u00eancia voc\u00ea vai precisar sacar aquele dinheiro para gastar. &#8220;Quando se tem muito dinheiro guardado \u00e9 quando voc\u00ea tem uma quantidade suficiente na conta para se acontecer alguma emerg\u00eancia voc\u00ea sacar uma parte e ainda sobrar dinheiro pra voc\u00ea gastar depois. Ent\u00e3o essa dicotomia que existe a\u00ed&#8221;.<\/p>\n<h4>A vista ou parcelado?<\/h4>\n<p>O economista explicou que a partir desta an\u00e1lise \u00e9 que se parte para os itens a serem pagos. Ele conta que o desconto de 9% em janeiro para o IPVA a vista compensa, mas deixar para quitar a vista em fevereiro j\u00e1 n\u00e3o \u00e9 positivo, isso porque o desconto de 5% \u00e9 o mesmo caso fosse parcelado. &#8220;O IPVA s\u00f3 compensa a vista se for pago em janeiro. Se voc\u00ea tiver uma frota de carro muito grande, a\u00ed sim o desconto no final das contas sai. Mas pra quem tem apenas um carro, que \u00e9 a realidade da maioria, a\u00ed n\u00e3o compensa pagar \u00e0 vista. Idem ao caso do IPTU, tamb\u00e9m voc\u00ea tem um desconto, pagamento \u00e0 vista, de dez por cento em janeiro, no caso de Franca especificamente. E de cinco por cento no pagamento de fevereiro.<\/p>\n<h4>Material escolar<\/h4>\n<p>Na avalia\u00e7\u00e3o de Adnan no caso do material escolar o pagamento a vista \u00e9 a melhor op\u00e7\u00e3o, isso porque as \u00faltimas pesquisas do Procon, apontaram que a diferen\u00e7a de pre\u00e7os entre papelarias pode chegar a at\u00e9 150%. &#8220;Ent\u00e3o voc\u00ea tem que ter o dinheiro em m\u00e3os pra poder pesquisar os pre\u00e7os e pagar da melhor maneira. Se por exemplo comprar o material escolar e pagar parcelado no cart\u00e3o de cr\u00e9dito, para isso tem que fazer uma compra grande num \u00fanico estabelecimento, o que pode acabar resultando em preju\u00edzo&#8221;.<\/p>\n<p>Sobre o 13\u00b0, Adnan explicou que ele seria uma boa op\u00e7\u00e3o para pagar essas contas, mas a maioria n\u00e3o tem mais essa quantia. &#8220;Se sobrou depois do natal e do ano novo, voc\u00ea \u00e9 um soldado muito valente, a\u00ed sim voc\u00ea pode utilizar para pagar as contas, mas tente canalizar ele para o material escolar, se voc\u00ea tem filhos obviamente, sen\u00e3o a\u00ed a op\u00e7\u00e3o paga o IPTU j\u00e1 que ele tem um percentual de desconto maior do que o IPVA&#8221;.<\/p>\n<h4>Infla\u00e7\u00e3o<\/h4>\n<p>Ao que tudo indica a infla\u00e7\u00e3o vai continuar alta em 2022, isso quer dizer que todos os pre\u00e7os v\u00e3o continuar subindo, mas o IPTU e o IPVA s\u00e3o parcelas fixas, s\u00e3o pr\u00e9-determinadas isso significa que a infla\u00e7\u00e3o n\u00e3o vai ter nenhuma influ\u00eancia sobre essas parcelas. &#8220;No caso do material escolar pode preparar o bolso porque a infla\u00e7\u00e3o vai impactar sim na na compra do material escolar, porque a defini\u00e7\u00e3o t\u00e9cnica de infla\u00e7\u00e3o \u00e9 o aumento cont\u00ednuo e generalizado de todos os pre\u00e7os, ou seja, tudo sobe o tempo todo, o material escolar tamb\u00e9m sobe&#8221;.<br \/>\nMesmo com todas as contas o economista avalia que pedir empr\u00e9stimos n\u00e3o \u00e9 uma boa op\u00e7\u00e3o, j\u00e1 que neste ano os juros v\u00e3o continuar altos. &#8220;N\u00e3o vai ser um ano de voc\u00ea comprar a sua casa financiada e nem tirar seu carro financiado. A taxa b\u00e1sica de juros est\u00e1 alta, vai subir e deve chegar a dois d\u00edgitos em 2022. Quando a taxa b\u00e1sica de juros sobe, todos os juros relativos da economia tamb\u00e9m sobem. Ent\u00e3o pedir empr\u00e9stimo est\u00e1 ficando cada vez mais caro, cheque especial mais caro, rotativo do cart\u00e3o mais caro, todos os tipos de empr\u00e9stimo de tomada de dinheiro com os bancos est\u00e3o ficando cada vez mais caros&#8221;.<\/p>\n","protected":false},"excerpt":{"rendered":"<p>Em entrevista o economista Adnan Jebailey deu dicas para o leitor enfrentar o m\u00eas de janeiro, vil\u00e3o das contas Fernando Lima IPTU, IPVA, material escolar, reajustes<span class=\"excerpt-hellip\"> [\u2026]<\/span><\/p>\n","protected":false},"author":7,"featured_media":13941,"comment_status":"open","ping_status":"open","sticky":false,"template":"","format":"standard","meta":{"_jetpack_memberships_contains_paid_content":false,"footnotes":"","jetpack_publicize_message":"","jetpack_publicize_feature_enabled":true,"jetpack_social_post_already_shared":false,"jetpack_social_options":{"image_generator_settings":{"template":"highway","default_image_id":0,"enabled":false},"version":2}},"categories":[28,81],"tags":[],"class_list":["post-22101","post","type-post","status-publish","format-standard","has-post-thumbnail","hentry","category-cotidiano","category-manchete"],"yoast_head":"<!-- This site is optimized with the Yoast SEO plugin v25.6 - https:\/\/yoast.com\/wordpress\/plugins\/seo\/ -->\n<title>&#039;\u00c9 poss\u00edvel fechar as contas de janeiro no azul&#039;, garante economista - VerdadeOn<\/title>\n<meta name=\"robots\" content=\"index, follow, max-snippet:-1, max-image-preview:large, max-video-preview:-1\" \/>\n<link rel=\"canonical\" href=\"https:\/\/verdadeon.com.br\/portal\/2022\/01\/07\/e-possivel-fechar-as-contas-de-janeiro-no-azul-garante-economista\/\" \/>\n<meta property=\"og:locale\" content=\"pt_BR\" \/>\n<meta property=\"og:type\" content=\"article\" \/>\n<meta property=\"og:title\" content=\"&#039;\u00c9 poss\u00edvel fechar as contas de janeiro no azul&#039;, garante economista - VerdadeOn\" \/>\n<meta property=\"og:description\" content=\"Em entrevista o economista Adnan Jebailey deu dicas para o leitor enfrentar o m\u00eas de janeiro, vil\u00e3o das contas Fernando Lima IPTU, IPVA, material escolar, reajustes [\u2026]\" \/>\n<meta property=\"og:url\" content=\"https:\/\/verdadeon.com.br\/portal\/2022\/01\/07\/e-possivel-fechar-as-contas-de-janeiro-no-azul-garante-economista\/\" \/>\n<meta property=\"og:site_name\" content=\"VerdadeOn\" \/>\n<meta property=\"article:published_time\" content=\"2022-01-07T13:00:47+00:00\" \/>\n<meta property=\"og:image\" content=\"https:\/\/verdadeon.com.br\/portal\/wp-content\/uploads\/2021\/02\/material-escolar-1.-WhatsApp-Image-2020-01-29-at-5.10.46-PM.jpeg\" \/>\n\t<meta property=\"og:image:width\" content=\"1000\" \/>\n\t<meta property=\"og:image:height\" content=\"670\" \/>\n\t<meta property=\"og:image:type\" content=\"image\/jpeg\" \/>\n<meta name=\"author\" content=\"Fernando Lima\" \/>\n<meta name=\"twitter:card\" content=\"summary_large_image\" \/>\n<meta name=\"twitter:label1\" content=\"Escrito por\" \/>\n\t<meta name=\"twitter:data1\" content=\"Fernando Lima\" \/>\n\t<meta name=\"twitter:label2\" content=\"Est. tempo de leitura\" \/>\n\t<meta name=\"twitter:data2\" content=\"4 minutos\" \/>\n<script type=\"application\/ld+json\" class=\"yoast-schema-graph\">{\"@context\":\"https:\/\/schema.org\",\"@graph\":[{\"@type\":\"WebPage\",\"@id\":\"https:\/\/verdadeon.com.br\/portal\/2022\/01\/07\/e-possivel-fechar-as-contas-de-janeiro-no-azul-garante-economista\/\",\"url\":\"https:\/\/verdadeon.com.br\/portal\/2022\/01\/07\/e-possivel-fechar-as-contas-de-janeiro-no-azul-garante-economista\/\",\"name\":\"'\u00c9 poss\u00edvel fechar as contas de janeiro no azul', garante economista - VerdadeOn\",\"isPartOf\":{\"@id\":\"https:\/\/verdadeon.com.br\/portal\/#website\"},\"primaryImageOfPage\":{\"@id\":\"https:\/\/verdadeon.com.br\/portal\/2022\/01\/07\/e-possivel-fechar-as-contas-de-janeiro-no-azul-garante-economista\/#primaryimage\"},\"image\":{\"@id\":\"https:\/\/verdadeon.com.br\/portal\/2022\/01\/07\/e-possivel-fechar-as-contas-de-janeiro-no-azul-garante-economista\/#primaryimage\"},\"thumbnailUrl\":\"https:\/\/i0.wp.com\/verdadeon.com.br\/portal\/wp-content\/uploads\/2021\/02\/material-escolar-1.-WhatsApp-Image-2020-01-29-at-5.10.46-PM.jpeg?fit=1000%2C670&ssl=1\",\"datePublished\":\"2022-01-07T13:00:47+00:00\",\"author\":{\"@id\":\"https:\/\/verdadeon.com.br\/portal\/#\/schema\/person\/cc32be22b8e8599387c480bc83e1d11a\"},\"breadcrumb\":{\"@id\":\"https:\/\/verdadeon.com.br\/portal\/2022\/01\/07\/e-possivel-fechar-as-contas-de-janeiro-no-azul-garante-economista\/#breadcrumb\"},\"inLanguage\":\"pt-BR\",\"potentialAction\":[{\"@type\":\"ReadAction\",\"target\":[\"https:\/\/verdadeon.com.br\/portal\/2022\/01\/07\/e-possivel-fechar-as-contas-de-janeiro-no-azul-garante-economista\/\"]}]},{\"@type\":\"ImageObject\",\"inLanguage\":\"pt-BR\",\"@id\":\"https:\/\/verdadeon.com.br\/portal\/2022\/01\/07\/e-possivel-fechar-as-contas-de-janeiro-no-azul-garante-economista\/#primaryimage\",\"url\":\"https:\/\/i0.wp.com\/verdadeon.com.br\/portal\/wp-content\/uploads\/2021\/02\/material-escolar-1.-WhatsApp-Image-2020-01-29-at-5.10.46-PM.jpeg?fit=1000%2C670&ssl=1\",\"contentUrl\":\"https:\/\/i0.wp.com\/verdadeon.com.br\/portal\/wp-content\/uploads\/2021\/02\/material-escolar-1.-WhatsApp-Image-2020-01-29-at-5.10.46-PM.jpeg?fit=1000%2C670&ssl=1\",\"width\":1000,\"height\":670,\"caption\":\"Levantamento do IPC Maps demonstra crescimento nos gastos com Educa\u00e7\u00e3o pelas fam\u00edlias brasileiras (\u00a9Jornal Verdade)\"},{\"@type\":\"BreadcrumbList\",\"@id\":\"https:\/\/verdadeon.com.br\/portal\/2022\/01\/07\/e-possivel-fechar-as-contas-de-janeiro-no-azul-garante-economista\/#breadcrumb\",\"itemListElement\":[{\"@type\":\"ListItem\",\"position\":1,\"name\":\"In\u00edcio\",\"item\":\"https:\/\/verdadeon.com.br\/portal\/\"},{\"@type\":\"ListItem\",\"position\":2,\"name\":\"&#8216;\u00c9 poss\u00edvel fechar as contas de janeiro no azul&#8217;, garante economista\"}]},{\"@type\":\"WebSite\",\"@id\":\"https:\/\/verdadeon.com.br\/portal\/#website\",\"url\":\"https:\/\/verdadeon.com.br\/portal\/\",\"name\":\"VerdadeOn\",\"description\":\"Not\u00edcias di\u00e1rias sobre Franca, Regi\u00e3o, Esporte, Cultura, Cotidiano, Colunas. Cobertura nos principais eventos da cidade \u00e9 aqui - Verdadeon Franca\",\"potentialAction\":[{\"@type\":\"SearchAction\",\"target\":{\"@type\":\"EntryPoint\",\"urlTemplate\":\"https:\/\/verdadeon.com.br\/portal\/?s={search_term_string}\"},\"query-input\":{\"@type\":\"PropertyValueSpecification\",\"valueRequired\":true,\"valueName\":\"search_term_string\"}}],\"inLanguage\":\"pt-BR\"},{\"@type\":\"Person\",\"@id\":\"https:\/\/verdadeon.com.br\/portal\/#\/schema\/person\/cc32be22b8e8599387c480bc83e1d11a\",\"name\":\"Fernando Lima\",\"image\":{\"@type\":\"ImageObject\",\"inLanguage\":\"pt-BR\",\"@id\":\"https:\/\/verdadeon.com.br\/portal\/#\/schema\/person\/image\/\",\"url\":\"https:\/\/secure.gravatar.com\/avatar\/df4c8e132080d2b3a4841d5d232045464e0eed11a1d6e43115ca0843d48768d3?s=96&d=mm&r=g\",\"contentUrl\":\"https:\/\/secure.gravatar.com\/avatar\/df4c8e132080d2b3a4841d5d232045464e0eed11a1d6e43115ca0843d48768d3?s=96&d=mm&r=g\",\"caption\":\"Fernando Lima\"},\"sameAs\":[\"http:\/\/verdadeon.com.br\/\"],\"url\":\"https:\/\/verdadeon.com.br\/portal\/author\/fernando-lima\/\"}]}<\/script>\n<!-- \/ Yoast SEO plugin. -->","yoast_head_json":{"title":"'\u00c9 poss\u00edvel fechar as contas de janeiro no azul', garante economista - VerdadeOn","robots":{"index":"index","follow":"follow","max-snippet":"max-snippet:-1","max-image-preview":"max-image-preview:large","max-video-preview":"max-video-preview:-1"},"canonical":"https:\/\/verdadeon.com.br\/portal\/2022\/01\/07\/e-possivel-fechar-as-contas-de-janeiro-no-azul-garante-economista\/","og_locale":"pt_BR","og_type":"article","og_title":"'\u00c9 poss\u00edvel fechar as contas de janeiro no azul', garante economista - VerdadeOn","og_description":"Em entrevista o economista Adnan Jebailey deu dicas para o leitor enfrentar o m\u00eas de janeiro, vil\u00e3o das contas Fernando Lima IPTU, IPVA, material escolar, reajustes [\u2026]","og_url":"https:\/\/verdadeon.com.br\/portal\/2022\/01\/07\/e-possivel-fechar-as-contas-de-janeiro-no-azul-garante-economista\/","og_site_name":"VerdadeOn","article_published_time":"2022-01-07T13:00:47+00:00","og_image":[{"width":1000,"height":670,"url":"https:\/\/verdadeon.com.br\/portal\/wp-content\/uploads\/2021\/02\/material-escolar-1.-WhatsApp-Image-2020-01-29-at-5.10.46-PM.jpeg","type":"image\/jpeg"}],"author":"Fernando Lima","twitter_card":"summary_large_image","twitter_misc":{"Escrito por":"Fernando Lima","Est. tempo de leitura":"4 minutos"},"schema":{"@context":"https:\/\/schema.org","@graph":[{"@type":"WebPage","@id":"https:\/\/verdadeon.com.br\/portal\/2022\/01\/07\/e-possivel-fechar-as-contas-de-janeiro-no-azul-garante-economista\/","url":"https:\/\/verdadeon.com.br\/portal\/2022\/01\/07\/e-possivel-fechar-as-contas-de-janeiro-no-azul-garante-economista\/","name":"'\u00c9 poss\u00edvel fechar as contas de janeiro no azul', garante economista - VerdadeOn","isPartOf":{"@id":"https:\/\/verdadeon.com.br\/portal\/#website"},"primaryImageOfPage":{"@id":"https:\/\/verdadeon.com.br\/portal\/2022\/01\/07\/e-possivel-fechar-as-contas-de-janeiro-no-azul-garante-economista\/#primaryimage"},"image":{"@id":"https:\/\/verdadeon.com.br\/portal\/2022\/01\/07\/e-possivel-fechar-as-contas-de-janeiro-no-azul-garante-economista\/#primaryimage"},"thumbnailUrl":"https:\/\/i0.wp.com\/verdadeon.com.br\/portal\/wp-content\/uploads\/2021\/02\/material-escolar-1.-WhatsApp-Image-2020-01-29-at-5.10.46-PM.jpeg?fit=1000%2C670&ssl=1","datePublished":"2022-01-07T13:00:47+00:00","author":{"@id":"https:\/\/verdadeon.com.br\/portal\/#\/schema\/person\/cc32be22b8e8599387c480bc83e1d11a"},"breadcrumb":{"@id":"https:\/\/verdadeon.com.br\/portal\/2022\/01\/07\/e-possivel-fechar-as-contas-de-janeiro-no-azul-garante-economista\/#breadcrumb"},"inLanguage":"pt-BR","potentialAction":[{"@type":"ReadAction","target":["https:\/\/verdadeon.com.br\/portal\/2022\/01\/07\/e-possivel-fechar-as-contas-de-janeiro-no-azul-garante-economista\/"]}]},{"@type":"ImageObject","inLanguage":"pt-BR","@id":"https:\/\/verdadeon.com.br\/portal\/2022\/01\/07\/e-possivel-fechar-as-contas-de-janeiro-no-azul-garante-economista\/#primaryimage","url":"https:\/\/i0.wp.com\/verdadeon.com.br\/portal\/wp-content\/uploads\/2021\/02\/material-escolar-1.-WhatsApp-Image-2020-01-29-at-5.10.46-PM.jpeg?fit=1000%2C670&ssl=1","contentUrl":"https:\/\/i0.wp.com\/verdadeon.com.br\/portal\/wp-content\/uploads\/2021\/02\/material-escolar-1.-WhatsApp-Image-2020-01-29-at-5.10.46-PM.jpeg?fit=1000%2C670&ssl=1","width":1000,"height":670,"caption":"Levantamento do IPC Maps demonstra crescimento nos gastos com Educa\u00e7\u00e3o pelas fam\u00edlias brasileiras (\u00a9Jornal Verdade)"},{"@type":"BreadcrumbList","@id":"https:\/\/verdadeon.com.br\/portal\/2022\/01\/07\/e-possivel-fechar-as-contas-de-janeiro-no-azul-garante-economista\/#breadcrumb","itemListElement":[{"@type":"ListItem","position":1,"name":"In\u00edcio","item":"https:\/\/verdadeon.com.br\/portal\/"},{"@type":"ListItem","position":2,"name":"&#8216;\u00c9 poss\u00edvel fechar as contas de janeiro no azul&#8217;, garante economista"}]},{"@type":"WebSite","@id":"https:\/\/verdadeon.com.br\/portal\/#website","url":"https:\/\/verdadeon.com.br\/portal\/","name":"VerdadeOn","description":"Not\u00edcias di\u00e1rias sobre Franca, Regi\u00e3o, Esporte, Cultura, Cotidiano, Colunas. Cobertura nos principais eventos da cidade \u00e9 aqui - Verdadeon Franca","potentialAction":[{"@type":"SearchAction","target":{"@type":"EntryPoint","urlTemplate":"https:\/\/verdadeon.com.br\/portal\/?s={search_term_string}"},"query-input":{"@type":"PropertyValueSpecification","valueRequired":true,"valueName":"search_term_string"}}],"inLanguage":"pt-BR"},{"@type":"Person","@id":"https:\/\/verdadeon.com.br\/portal\/#\/schema\/person\/cc32be22b8e8599387c480bc83e1d11a","name":"Fernando Lima","image":{"@type":"ImageObject","inLanguage":"pt-BR","@id":"https:\/\/verdadeon.com.br\/portal\/#\/schema\/person\/image\/","url":"https:\/\/secure.gravatar.com\/avatar\/df4c8e132080d2b3a4841d5d232045464e0eed11a1d6e43115ca0843d48768d3?s=96&d=mm&r=g","contentUrl":"https:\/\/secure.gravatar.com\/avatar\/df4c8e132080d2b3a4841d5d232045464e0eed11a1d6e43115ca0843d48768d3?s=96&d=mm&r=g","caption":"Fernando Lima"},"sameAs":["http:\/\/verdadeon.com.br\/"],"url":"https:\/\/verdadeon.com.br\/portal\/author\/fernando-lima\/"}]}},"jetpack_publicize_connections":[],"jetpack_featured_media_url":"https:\/\/i0.wp.com\/verdadeon.com.br\/portal\/wp-content\/uploads\/2021\/02\/material-escolar-1.-WhatsApp-Image-2020-01-29-at-5.10.46-PM.jpeg?fit=1000%2C670&ssl=1","jetpack_sharing_enabled":true,"_links":{"self":[{"href":"https:\/\/verdadeon.com.br\/portal\/wp-json\/wp\/v2\/posts\/22101","targetHints":{"allow":["GET"]}}],"collection":[{"href":"https:\/\/verdadeon.com.br\/portal\/wp-json\/wp\/v2\/posts"}],"about":[{"href":"https:\/\/verdadeon.com.br\/portal\/wp-json\/wp\/v2\/types\/post"}],"author":[{"embeddable":true,"href":"https:\/\/verdadeon.com.br\/portal\/wp-json\/wp\/v2\/users\/7"}],"replies":[{"embeddable":true,"href":"https:\/\/verdadeon.com.br\/portal\/wp-json\/wp\/v2\/comments?post=22101"}],"version-history":[{"count":1,"href":"https:\/\/verdadeon.com.br\/portal\/wp-json\/wp\/v2\/posts\/22101\/revisions"}],"predecessor-version":[{"id":22102,"href":"https:\/\/verdadeon.com.br\/portal\/wp-json\/wp\/v2\/posts\/22101\/revisions\/22102"}],"wp:featuredmedia":[{"embeddable":true,"href":"https:\/\/verdadeon.com.br\/portal\/wp-json\/wp\/v2\/media\/13941"}],"wp:attachment":[{"href":"https:\/\/verdadeon.com.br\/portal\/wp-json\/wp\/v2\/media?parent=22101"}],"wp:term":[{"taxonomy":"category","embeddable":true,"href":"https:\/\/verdadeon.com.br\/portal\/wp-json\/wp\/v2\/categories?post=22101"},{"taxonomy":"post_tag","embeddable":true,"href":"https:\/\/verdadeon.com.br\/portal\/wp-json\/wp\/v2\/tags?post=22101"}],"curies":[{"name":"wp","href":"https:\/\/api.w.org\/{rel}","templated":true}]}}