{"id":22089,"date":"2022-01-05T18:26:14","date_gmt":"2022-01-05T21:26:14","guid":{"rendered":"https:\/\/verdadeon.com.br\/portal\/?p=22089"},"modified":"2022-01-05T18:25:43","modified_gmt":"2022-01-05T21:25:43","slug":"sp-apresenta-plano-para-vacinar-todas-as-criancas-do-estado-em-3-semanas","status":"publish","type":"post","link":"https:\/\/verdadeon.com.br\/portal\/2022\/01\/05\/sp-apresenta-plano-para-vacinar-todas-as-criancas-do-estado-em-3-semanas\/","title":{"rendered":"SP apresenta plano para vacinar todas as crian\u00e7as do Estado em 3 semanas"},"content":{"rendered":"<h2><span style=\"font-weight: 400;\">Estado tem capacidade para imunizar 250 mil crian\u00e7as por dia contra a Covid-19; p\u00fablico-alvo da campanha \u00e9 de 4,3 milh\u00f5es<\/span><\/h2>\n<p>&nbsp;<\/p>\n<p><span style=\"font-weight: 400;\">O Governo de S\u00e3o Paulo anunciou nesta quarta-feira, 5, que o Estado est\u00e1 pronto para iniciar a vacina\u00e7\u00e3o das crian\u00e7as entre 5 e 11 anos de idade contra a Covid-19. A capacidade de imuniza\u00e7\u00e3o estadual permite que todas as 4,3 milh\u00f5es de crian\u00e7as com idade entre 5 e 11 anos tomem pelo menos uma dose em, no m\u00e1ximo, tr\u00eas semanas.<\/span><\/p>\n<p><span style=\"font-weight: 400;\">\u201cO Governo de S\u00e3o Paulo j\u00e1 definiu e tem pronto o seu plano para vacinar todas as crian\u00e7as do estado entre 5 e 11 anos&#8221;, afirmou o governador Jo\u00e3o Doria. \u201cTemos a vacina infantil contra a Covid-19 aprovada h\u00e1 quase um m\u00eas pela Anvisa. Por a\u00e7\u00f5es deliberadamente protelat\u00f3rias, o Minist\u00e9rio da Sa\u00fade ainda n\u00e3o disponibilizou a vacina para que as crian\u00e7as possam ser imunizadas\u201d, refor\u00e7ou.<\/span><\/p>\n<p><span style=\"font-weight: 400;\">A capacidade da vacina\u00e7\u00e3o infantil em S\u00e3o Paulo \u00e9 de cerca de 250 mil crian\u00e7as por dia, al\u00e9m dos jovens e adultos que j\u00e1 v\u00eam sendo imunizados nos 645 munic\u00edpios contra a Covid-19. H\u00e1 5,2 mil locais de vacina\u00e7\u00e3o dispon\u00edveis em todo o estado, n\u00famero que dever\u00e1 ser ampliado com postos volantes em escolas da rede estadual.<\/span><\/p>\n<p><span style=\"font-weight: 400;\">Toda a log\u00edstica e infraestrutura da Secretaria de Estado da Sa\u00fade est\u00e1 preparada para o in\u00edcio imediato da campanha para proteger crian\u00e7as contra o coronav\u00edrus. S\u00e3o Paulo aguarda o envio de imunizantes pedi\u00e1tricos da Pfizer por parte do Minist\u00e9rio da Sa\u00fade, aprovado desde 16 de dezembro pela Anvisa (Ag\u00eancia Nacional de Vigil\u00e2ncia Sanit\u00e1ria).<\/span><\/p>\n<h4><span style=\"font-weight: 400;\">Prioridades<\/span><\/h4>\n<p><span style=\"font-weight: 400;\">A meta de S\u00e3o Paulo \u00e9 vacinar 4,3 milh\u00f5es de crian\u00e7as, com prioridade para 850 mil delas com comorbidades, defici\u00eancias, ind\u00edgenas e quilombolas. O Governo do Estado tamb\u00e9m aguarda resposta da Anvisa ao novo pedido do Instituto Butantan para uso da Coronavac na imuniza\u00e7\u00e3o infantil. H\u00e1 12 milh\u00f5es de doses desta vacina prontas para uso na campanha.<\/span><\/p>\n<p><span style=\"font-weight: 400;\">A Secretaria de Estado da Sa\u00fade tamb\u00e9m j\u00e1 adquiriu 9 milh\u00f5es de seringas e agulhas que ser\u00e3o usadas na vacina\u00e7\u00e3o infantil. O Estado tamb\u00e9m iniciou a distribui\u00e7\u00e3o de 4,5 milh\u00f5es de cart\u00f5es de vacina\u00e7\u00e3o espec\u00edficos para o p\u00fablico com idade entre 5 e 11 anos.<\/span><\/p>\n<p><span style=\"font-weight: 400;\">\u201cDesde o dia 16 de dezembro, se tiv\u00e9ssemos iniciado a vacina\u00e7\u00e3o por conta do envio de doses pelo Minist\u00e9rio da Sa\u00fade, mais de 90% de nossas crian\u00e7as j\u00e1 teriam recebido pelo menos uma dose\u201d, afirmou o Secret\u00e1rio Executivo de Sa\u00fade do Estado, Eduardo Ribeiro. \u201c\u00c9 um momento de muita expectativa do Governo de S\u00e3o Paulo pelo imediato envio de doses suficientes por parte do Minist\u00e9rio da Sa\u00fade.\u201d<\/span><\/p>\n","protected":false},"excerpt":{"rendered":"<p>Estado tem capacidade para imunizar 250 mil crian\u00e7as por dia contra a Covid-19; p\u00fablico-alvo da campanha \u00e9 de 4,3 milh\u00f5es &nbsp; O Governo de S\u00e3o Paulo<span class=\"excerpt-hellip\"> [\u2026]<\/span><\/p>\n","protected":false},"author":10,"featured_media":22090,"comment_status":"open","ping_status":"open","sticky":false,"template":"","format":"standard","meta":{"_jetpack_memberships_contains_paid_content":false,"footnotes":"","jetpack_publicize_message":"","jetpack_publicize_feature_enabled":true,"jetpack_social_post_already_shared":false,"jetpack_social_options":{"image_generator_settings":{"template":"highway","default_image_id":0,"enabled":false},"version":2}},"categories":[28,81],"tags":[],"class_list":["post-22089","post","type-post","status-publish","format-standard","has-post-thumbnail","hentry","category-cotidiano","category-manchete"],"yoast_head":"<!-- This site is optimized with the Yoast SEO plugin v25.6 - https:\/\/yoast.com\/wordpress\/plugins\/seo\/ -->\n<title>SP apresenta plano para vacinar todas as crian\u00e7as do Estado em 3 semanas - VerdadeOn<\/title>\n<meta name=\"robots\" content=\"index, follow, max-snippet:-1, max-image-preview:large, max-video-preview:-1\" \/>\n<link rel=\"canonical\" href=\"https:\/\/verdadeon.com.br\/portal\/2022\/01\/05\/sp-apresenta-plano-para-vacinar-todas-as-criancas-do-estado-em-3-semanas\/\" \/>\n<meta property=\"og:locale\" content=\"pt_BR\" \/>\n<meta property=\"og:type\" content=\"article\" \/>\n<meta property=\"og:title\" content=\"SP apresenta plano para vacinar todas as crian\u00e7as do Estado em 3 semanas - VerdadeOn\" \/>\n<meta property=\"og:description\" content=\"Estado tem capacidade para imunizar 250 mil crian\u00e7as por dia contra a Covid-19; p\u00fablico-alvo da campanha \u00e9 de 4,3 milh\u00f5es &nbsp; O Governo de S\u00e3o Paulo [\u2026]\" \/>\n<meta property=\"og:url\" content=\"https:\/\/verdadeon.com.br\/portal\/2022\/01\/05\/sp-apresenta-plano-para-vacinar-todas-as-criancas-do-estado-em-3-semanas\/\" \/>\n<meta property=\"og:site_name\" content=\"VerdadeOn\" \/>\n<meta property=\"article:published_time\" content=\"2022-01-05T21:26:14+00:00\" \/>\n<meta property=\"og:image\" content=\"https:\/\/verdadeon.com.br\/portal\/wp-content\/uploads\/2022\/01\/CARTEIRINHA-DE-VACINACAO-INFANTIL-ESTADO-DE-SP.jpeg\" \/>\n\t<meta property=\"og:image:width\" content=\"1000\" \/>\n\t<meta property=\"og:image:height\" content=\"670\" \/>\n\t<meta property=\"og:image:type\" content=\"image\/jpeg\" \/>\n<meta name=\"author\" content=\"Redacao VerdadeOn\" \/>\n<meta name=\"twitter:card\" content=\"summary_large_image\" \/>\n<meta name=\"twitter:label1\" content=\"Escrito por\" \/>\n\t<meta name=\"twitter:data1\" content=\"Redacao VerdadeOn\" \/>\n\t<meta name=\"twitter:label2\" content=\"Est. tempo de leitura\" \/>\n\t<meta name=\"twitter:data2\" content=\"2 minutos\" \/>\n<script type=\"application\/ld+json\" class=\"yoast-schema-graph\">{\"@context\":\"https:\/\/schema.org\",\"@graph\":[{\"@type\":\"WebPage\",\"@id\":\"https:\/\/verdadeon.com.br\/portal\/2022\/01\/05\/sp-apresenta-plano-para-vacinar-todas-as-criancas-do-estado-em-3-semanas\/\",\"url\":\"https:\/\/verdadeon.com.br\/portal\/2022\/01\/05\/sp-apresenta-plano-para-vacinar-todas-as-criancas-do-estado-em-3-semanas\/\",\"name\":\"SP apresenta plano para vacinar todas as crian\u00e7as do Estado em 3 semanas - VerdadeOn\",\"isPartOf\":{\"@id\":\"https:\/\/verdadeon.com.br\/portal\/#website\"},\"primaryImageOfPage\":{\"@id\":\"https:\/\/verdadeon.com.br\/portal\/2022\/01\/05\/sp-apresenta-plano-para-vacinar-todas-as-criancas-do-estado-em-3-semanas\/#primaryimage\"},\"image\":{\"@id\":\"https:\/\/verdadeon.com.br\/portal\/2022\/01\/05\/sp-apresenta-plano-para-vacinar-todas-as-criancas-do-estado-em-3-semanas\/#primaryimage\"},\"thumbnailUrl\":\"https:\/\/i0.wp.com\/verdadeon.com.br\/portal\/wp-content\/uploads\/2022\/01\/CARTEIRINHA-DE-VACINACAO-INFANTIL-ESTADO-DE-SP.jpeg?fit=1000%2C670&ssl=1\",\"datePublished\":\"2022-01-05T21:26:14+00:00\",\"author\":{\"@id\":\"https:\/\/verdadeon.com.br\/portal\/#\/schema\/person\/a5060ad1e9ea3df545188fc93ce43d2f\"},\"breadcrumb\":{\"@id\":\"https:\/\/verdadeon.com.br\/portal\/2022\/01\/05\/sp-apresenta-plano-para-vacinar-todas-as-criancas-do-estado-em-3-semanas\/#breadcrumb\"},\"inLanguage\":\"pt-BR\",\"potentialAction\":[{\"@type\":\"ReadAction\",\"target\":[\"https:\/\/verdadeon.com.br\/portal\/2022\/01\/05\/sp-apresenta-plano-para-vacinar-todas-as-criancas-do-estado-em-3-semanas\/\"]}]},{\"@type\":\"ImageObject\",\"inLanguage\":\"pt-BR\",\"@id\":\"https:\/\/verdadeon.com.br\/portal\/2022\/01\/05\/sp-apresenta-plano-para-vacinar-todas-as-criancas-do-estado-em-3-semanas\/#primaryimage\",\"url\":\"https:\/\/i0.wp.com\/verdadeon.com.br\/portal\/wp-content\/uploads\/2022\/01\/CARTEIRINHA-DE-VACINACAO-INFANTIL-ESTADO-DE-SP.jpeg?fit=1000%2C670&ssl=1\",\"contentUrl\":\"https:\/\/i0.wp.com\/verdadeon.com.br\/portal\/wp-content\/uploads\/2022\/01\/CARTEIRINHA-DE-VACINACAO-INFANTIL-ESTADO-DE-SP.jpeg?fit=1000%2C670&ssl=1\",\"width\":1000,\"height\":670,\"caption\":\"Com cart\u00e3o de vacina\u00e7\u00e3o especial, crian\u00e7as de 5 a 11 anos podem ser imunizadas contra a Covid-19 em Franca durante mutir\u00e3o neste s\u00e1bado | Foto: Divulga\u00e7\u00e3o\"},{\"@type\":\"BreadcrumbList\",\"@id\":\"https:\/\/verdadeon.com.br\/portal\/2022\/01\/05\/sp-apresenta-plano-para-vacinar-todas-as-criancas-do-estado-em-3-semanas\/#breadcrumb\",\"itemListElement\":[{\"@type\":\"ListItem\",\"position\":1,\"name\":\"In\u00edcio\",\"item\":\"https:\/\/verdadeon.com.br\/portal\/\"},{\"@type\":\"ListItem\",\"position\":2,\"name\":\"SP apresenta plano para vacinar todas as crian\u00e7as do Estado em 3 semanas\"}]},{\"@type\":\"WebSite\",\"@id\":\"https:\/\/verdadeon.com.br\/portal\/#website\",\"url\":\"https:\/\/verdadeon.com.br\/portal\/\",\"name\":\"VerdadeOn\",\"description\":\"Not\u00edcias di\u00e1rias sobre Franca, Regi\u00e3o, Esporte, Cultura, Cotidiano, Colunas. Cobertura nos principais eventos da cidade \u00e9 aqui - Verdadeon Franca\",\"potentialAction\":[{\"@type\":\"SearchAction\",\"target\":{\"@type\":\"EntryPoint\",\"urlTemplate\":\"https:\/\/verdadeon.com.br\/portal\/?s={search_term_string}\"},\"query-input\":{\"@type\":\"PropertyValueSpecification\",\"valueRequired\":true,\"valueName\":\"search_term_string\"}}],\"inLanguage\":\"pt-BR\"},{\"@type\":\"Person\",\"@id\":\"https:\/\/verdadeon.com.br\/portal\/#\/schema\/person\/a5060ad1e9ea3df545188fc93ce43d2f\",\"name\":\"Redacao VerdadeOn\",\"image\":{\"@type\":\"ImageObject\",\"inLanguage\":\"pt-BR\",\"@id\":\"https:\/\/verdadeon.com.br\/portal\/#\/schema\/person\/image\/\",\"url\":\"https:\/\/secure.gravatar.com\/avatar\/459a9613caaaf07f582c3d0841eea68bdd66f533e465e6ba8b9cb45619572cf4?s=96&d=mm&r=g\",\"contentUrl\":\"https:\/\/secure.gravatar.com\/avatar\/459a9613caaaf07f582c3d0841eea68bdd66f533e465e6ba8b9cb45619572cf4?s=96&d=mm&r=g\",\"caption\":\"Redacao VerdadeOn\"},\"url\":\"https:\/\/verdadeon.com.br\/portal\/author\/redacao\/\"}]}<\/script>\n<!-- \/ Yoast SEO plugin. -->","yoast_head_json":{"title":"SP apresenta plano para vacinar todas as crian\u00e7as do Estado em 3 semanas - VerdadeOn","robots":{"index":"index","follow":"follow","max-snippet":"max-snippet:-1","max-image-preview":"max-image-preview:large","max-video-preview":"max-video-preview:-1"},"canonical":"https:\/\/verdadeon.com.br\/portal\/2022\/01\/05\/sp-apresenta-plano-para-vacinar-todas-as-criancas-do-estado-em-3-semanas\/","og_locale":"pt_BR","og_type":"article","og_title":"SP apresenta plano para vacinar todas as crian\u00e7as do Estado em 3 semanas - VerdadeOn","og_description":"Estado tem capacidade para imunizar 250 mil crian\u00e7as por dia contra a Covid-19; p\u00fablico-alvo da campanha \u00e9 de 4,3 milh\u00f5es &nbsp; O Governo de S\u00e3o Paulo [\u2026]","og_url":"https:\/\/verdadeon.com.br\/portal\/2022\/01\/05\/sp-apresenta-plano-para-vacinar-todas-as-criancas-do-estado-em-3-semanas\/","og_site_name":"VerdadeOn","article_published_time":"2022-01-05T21:26:14+00:00","og_image":[{"width":1000,"height":670,"url":"https:\/\/verdadeon.com.br\/portal\/wp-content\/uploads\/2022\/01\/CARTEIRINHA-DE-VACINACAO-INFANTIL-ESTADO-DE-SP.jpeg","type":"image\/jpeg"}],"author":"Redacao VerdadeOn","twitter_card":"summary_large_image","twitter_misc":{"Escrito por":"Redacao VerdadeOn","Est. tempo de leitura":"2 minutos"},"schema":{"@context":"https:\/\/schema.org","@graph":[{"@type":"WebPage","@id":"https:\/\/verdadeon.com.br\/portal\/2022\/01\/05\/sp-apresenta-plano-para-vacinar-todas-as-criancas-do-estado-em-3-semanas\/","url":"https:\/\/verdadeon.com.br\/portal\/2022\/01\/05\/sp-apresenta-plano-para-vacinar-todas-as-criancas-do-estado-em-3-semanas\/","name":"SP apresenta plano para vacinar todas as crian\u00e7as do Estado em 3 semanas - VerdadeOn","isPartOf":{"@id":"https:\/\/verdadeon.com.br\/portal\/#website"},"primaryImageOfPage":{"@id":"https:\/\/verdadeon.com.br\/portal\/2022\/01\/05\/sp-apresenta-plano-para-vacinar-todas-as-criancas-do-estado-em-3-semanas\/#primaryimage"},"image":{"@id":"https:\/\/verdadeon.com.br\/portal\/2022\/01\/05\/sp-apresenta-plano-para-vacinar-todas-as-criancas-do-estado-em-3-semanas\/#primaryimage"},"thumbnailUrl":"https:\/\/i0.wp.com\/verdadeon.com.br\/portal\/wp-content\/uploads\/2022\/01\/CARTEIRINHA-DE-VACINACAO-INFANTIL-ESTADO-DE-SP.jpeg?fit=1000%2C670&ssl=1","datePublished":"2022-01-05T21:26:14+00:00","author":{"@id":"https:\/\/verdadeon.com.br\/portal\/#\/schema\/person\/a5060ad1e9ea3df545188fc93ce43d2f"},"breadcrumb":{"@id":"https:\/\/verdadeon.com.br\/portal\/2022\/01\/05\/sp-apresenta-plano-para-vacinar-todas-as-criancas-do-estado-em-3-semanas\/#breadcrumb"},"inLanguage":"pt-BR","potentialAction":[{"@type":"ReadAction","target":["https:\/\/verdadeon.com.br\/portal\/2022\/01\/05\/sp-apresenta-plano-para-vacinar-todas-as-criancas-do-estado-em-3-semanas\/"]}]},{"@type":"ImageObject","inLanguage":"pt-BR","@id":"https:\/\/verdadeon.com.br\/portal\/2022\/01\/05\/sp-apresenta-plano-para-vacinar-todas-as-criancas-do-estado-em-3-semanas\/#primaryimage","url":"https:\/\/i0.wp.com\/verdadeon.com.br\/portal\/wp-content\/uploads\/2022\/01\/CARTEIRINHA-DE-VACINACAO-INFANTIL-ESTADO-DE-SP.jpeg?fit=1000%2C670&ssl=1","contentUrl":"https:\/\/i0.wp.com\/verdadeon.com.br\/portal\/wp-content\/uploads\/2022\/01\/CARTEIRINHA-DE-VACINACAO-INFANTIL-ESTADO-DE-SP.jpeg?fit=1000%2C670&ssl=1","width":1000,"height":670,"caption":"Com cart\u00e3o de vacina\u00e7\u00e3o especial, crian\u00e7as de 5 a 11 anos podem ser imunizadas contra a Covid-19 em Franca durante mutir\u00e3o neste s\u00e1bado | Foto: Divulga\u00e7\u00e3o"},{"@type":"BreadcrumbList","@id":"https:\/\/verdadeon.com.br\/portal\/2022\/01\/05\/sp-apresenta-plano-para-vacinar-todas-as-criancas-do-estado-em-3-semanas\/#breadcrumb","itemListElement":[{"@type":"ListItem","position":1,"name":"In\u00edcio","item":"https:\/\/verdadeon.com.br\/portal\/"},{"@type":"ListItem","position":2,"name":"SP apresenta plano para vacinar todas as crian\u00e7as do Estado em 3 semanas"}]},{"@type":"WebSite","@id":"https:\/\/verdadeon.com.br\/portal\/#website","url":"https:\/\/verdadeon.com.br\/portal\/","name":"VerdadeOn","description":"Not\u00edcias di\u00e1rias sobre Franca, Regi\u00e3o, Esporte, Cultura, Cotidiano, Colunas. Cobertura nos principais eventos da cidade \u00e9 aqui - Verdadeon Franca","potentialAction":[{"@type":"SearchAction","target":{"@type":"EntryPoint","urlTemplate":"https:\/\/verdadeon.com.br\/portal\/?s={search_term_string}"},"query-input":{"@type":"PropertyValueSpecification","valueRequired":true,"valueName":"search_term_string"}}],"inLanguage":"pt-BR"},{"@type":"Person","@id":"https:\/\/verdadeon.com.br\/portal\/#\/schema\/person\/a5060ad1e9ea3df545188fc93ce43d2f","name":"Redacao VerdadeOn","image":{"@type":"ImageObject","inLanguage":"pt-BR","@id":"https:\/\/verdadeon.com.br\/portal\/#\/schema\/person\/image\/","url":"https:\/\/secure.gravatar.com\/avatar\/459a9613caaaf07f582c3d0841eea68bdd66f533e465e6ba8b9cb45619572cf4?s=96&d=mm&r=g","contentUrl":"https:\/\/secure.gravatar.com\/avatar\/459a9613caaaf07f582c3d0841eea68bdd66f533e465e6ba8b9cb45619572cf4?s=96&d=mm&r=g","caption":"Redacao VerdadeOn"},"url":"https:\/\/verdadeon.com.br\/portal\/author\/redacao\/"}]}},"jetpack_publicize_connections":[],"jetpack_featured_media_url":"https:\/\/i0.wp.com\/verdadeon.com.br\/portal\/wp-content\/uploads\/2022\/01\/CARTEIRINHA-DE-VACINACAO-INFANTIL-ESTADO-DE-SP.jpeg?fit=1000%2C670&ssl=1","jetpack_sharing_enabled":true,"_links":{"self":[{"href":"https:\/\/verdadeon.com.br\/portal\/wp-json\/wp\/v2\/posts\/22089","targetHints":{"allow":["GET"]}}],"collection":[{"href":"https:\/\/verdadeon.com.br\/portal\/wp-json\/wp\/v2\/posts"}],"about":[{"href":"https:\/\/verdadeon.com.br\/portal\/wp-json\/wp\/v2\/types\/post"}],"author":[{"embeddable":true,"href":"https:\/\/verdadeon.com.br\/portal\/wp-json\/wp\/v2\/users\/10"}],"replies":[{"embeddable":true,"href":"https:\/\/verdadeon.com.br\/portal\/wp-json\/wp\/v2\/comments?post=22089"}],"version-history":[{"count":1,"href":"https:\/\/verdadeon.com.br\/portal\/wp-json\/wp\/v2\/posts\/22089\/revisions"}],"predecessor-version":[{"id":22091,"href":"https:\/\/verdadeon.com.br\/portal\/wp-json\/wp\/v2\/posts\/22089\/revisions\/22091"}],"wp:featuredmedia":[{"embeddable":true,"href":"https:\/\/verdadeon.com.br\/portal\/wp-json\/wp\/v2\/media\/22090"}],"wp:attachment":[{"href":"https:\/\/verdadeon.com.br\/portal\/wp-json\/wp\/v2\/media?parent=22089"}],"wp:term":[{"taxonomy":"category","embeddable":true,"href":"https:\/\/verdadeon.com.br\/portal\/wp-json\/wp\/v2\/categories?post=22089"},{"taxonomy":"post_tag","embeddable":true,"href":"https:\/\/verdadeon.com.br\/portal\/wp-json\/wp\/v2\/tags?post=22089"}],"curies":[{"name":"wp","href":"https:\/\/api.w.org\/{rel}","templated":true}]}}