{"id":22078,"date":"2022-01-05T18:49:51","date_gmt":"2022-01-05T21:49:51","guid":{"rendered":"https:\/\/verdadeon.com.br\/portal\/?p=22078"},"modified":"2022-01-05T18:48:57","modified_gmt":"2022-01-05T21:48:57","slug":"tempestades-devem-atingir-franca-ate-sabado-defesa-civil-alerta-para-raios-e-granizo","status":"publish","type":"post","link":"https:\/\/verdadeon.com.br\/portal\/2022\/01\/05\/tempestades-devem-atingir-franca-ate-sabado-defesa-civil-alerta-para-raios-e-granizo\/","title":{"rendered":"Tempestades devem atingir Franca at\u00e9 s\u00e1bado, Defesa Civil alerta para raios e granizo"},"content":{"rendered":"<h2>Muita \u00e1gua: Aviso meteorol\u00f3gico \u00e9 v\u00e1lido por quatro dias, at\u00e9 dia 8, e a cidade pode ter at\u00e9 175 mm de chuva neste per\u00edodo<\/h2>\n<p>&nbsp;<\/p>\n<p><span style=\"font-weight: 400;\">O clima chuvoso deve continuar em Franca pelo menos at\u00e9 o pr\u00f3ximo s\u00e1bado, 8, e h\u00e1 risco de tempestades, seguidas por raios, ventos e granizo nas regi\u00f5es de Franca, Ribeir\u00e3o Preto e Barretos. A Defesa Civil do Estado emitiu alerta de chuvas fortes com previs\u00e3o de chover entre 145 e 175 mil\u00edmetros de 5 a 8 de janeiro.<\/span><\/p>\n<p><span style=\"font-weight: 400;\">Segundo o aviso, \u201ccomo h\u00e1 grande volume de \u00e1gua caindo em um espa\u00e7o curto de tempo, existe risco de transtornos, como deslizamentos, desabamentos, alagamentos, enchentes e ocorr\u00eancias relacionadas a raios e ventos\u201d.<\/span><\/p>\n<p><span style=\"font-weight: 400;\">Franca tamb\u00e9m est\u00e1 na rota de alertas do Inmet (Instituto Nacional de Meteorologia) para chuvas intensas, na faixa laranja, que representa perigo. Pelo aviso, at\u00e9 esta quinta-feira, 6, pode haver na cidade chuva entre 30 e 60 mm\/h ou 50 e 100 mm\/dia, ventos intensos (60-100 km\/h), al\u00e9m do risco de corte de energia el\u00e9trica, queda de galhos de \u00e1rvores, alagamentos e de descargas el\u00e9tricas.<\/span><\/p>\n<p><span style=\"font-weight: 400;\">No comunicado, o Inmet orienta em casos de rajadas de ventos para n\u00e3o se abrigar debaixo de \u00e1rvores, pois h\u00e1 risco de queda e descargas el\u00e9tricas; n\u00e3o estacionar ve\u00edculos pr\u00f3ximos a torres de transmiss\u00e3o e placas de propagandas e, se poss\u00edvel, desligar aparelhos el\u00e9tricos e quadro geral de energia.<\/span><\/p>\n<h4><span style=\"font-weight: 400;\">Socorro<\/span><\/h4>\n<p><span style=\"font-weight: 400;\">Em caso de emerg\u00eancias, deve-se acionar a Defesa Civil pelo telefone 199, ou o Corpo de Bombeiros, pelo 193.<\/span><\/p>\n<p><span style=\"font-weight: 400;\">Para receber alertas meteorol\u00f3gicos, a Defesa Civil disponibiliza \u00e0 popula\u00e7\u00e3o canais telef\u00f4nico e nas redes sociais (defesacivilsp). Os interessados podem enviar o pedido por SMS informando o CEP para o n\u00famero 40199 para receber os comunicados gratuitamente.<\/span><\/p>\n<h4><span style=\"font-weight: 400;\">Balan\u00e7o<\/span><\/h4>\n<p><span style=\"font-weight: 400;\">Segundo dados da Somar Meteorologia, a m\u00e9dia climatol\u00f3gica para Franca \u00e9 de 323,2 mil\u00edmetros de chuva no m\u00eas de janeiro. Em cinco dias, j\u00e1 choveu na cidade 50 mil\u00edmetros.<\/span><\/p>\n","protected":false},"excerpt":{"rendered":"<p>Muita \u00e1gua: Aviso meteorol\u00f3gico \u00e9 v\u00e1lido por quatro dias, at\u00e9 dia 8, e a cidade pode ter at\u00e9 175 mm de chuva neste per\u00edodo &nbsp; O<span class=\"excerpt-hellip\"> [\u2026]<\/span><\/p>\n","protected":false},"author":12,"featured_media":19938,"comment_status":"open","ping_status":"open","sticky":false,"template":"","format":"standard","meta":{"_jetpack_memberships_contains_paid_content":false,"footnotes":"","jetpack_publicize_message":"","jetpack_publicize_feature_enabled":true,"jetpack_social_post_already_shared":false,"jetpack_social_options":{"image_generator_settings":{"template":"highway","default_image_id":0,"enabled":false},"version":2}},"categories":[28,81],"tags":[],"class_list":["post-22078","post","type-post","status-publish","format-standard","has-post-thumbnail","hentry","category-cotidiano","category-manchete"],"yoast_head":"<!-- This site is optimized with the Yoast SEO plugin v25.6 - https:\/\/yoast.com\/wordpress\/plugins\/seo\/ -->\n<title>Tempestades devem atingir Franca at\u00e9 s\u00e1bado, Defesa Civil alerta para raios e granizo - VerdadeOn<\/title>\n<meta name=\"robots\" content=\"index, follow, max-snippet:-1, max-image-preview:large, max-video-preview:-1\" \/>\n<link rel=\"canonical\" href=\"https:\/\/verdadeon.com.br\/portal\/2022\/01\/05\/tempestades-devem-atingir-franca-ate-sabado-defesa-civil-alerta-para-raios-e-granizo\/\" \/>\n<meta property=\"og:locale\" content=\"pt_BR\" \/>\n<meta property=\"og:type\" content=\"article\" \/>\n<meta property=\"og:title\" content=\"Tempestades devem atingir Franca at\u00e9 s\u00e1bado, Defesa Civil alerta para raios e granizo - VerdadeOn\" \/>\n<meta property=\"og:description\" content=\"Muita \u00e1gua: Aviso meteorol\u00f3gico \u00e9 v\u00e1lido por quatro dias, at\u00e9 dia 8, e a cidade pode ter at\u00e9 175 mm de chuva neste per\u00edodo &nbsp; O [\u2026]\" \/>\n<meta property=\"og:url\" content=\"https:\/\/verdadeon.com.br\/portal\/2022\/01\/05\/tempestades-devem-atingir-franca-ate-sabado-defesa-civil-alerta-para-raios-e-granizo\/\" \/>\n<meta property=\"og:site_name\" content=\"VerdadeOn\" \/>\n<meta property=\"article:published_time\" content=\"2022-01-05T21:49:51+00:00\" \/>\n<meta property=\"og:image\" content=\"https:\/\/verdadeon.com.br\/portal\/wp-content\/uploads\/2021\/09\/CHUVA-EM-FRANCA-DIA-26-DE-SETEMBRO-APOS-TEMPESTADE-DE-AREIA-ASSOLAR-A-CIDADE-FOTO-NELISE-LUQUES-JORNAL-VERDADE-e1632783092817.jpeg\" \/>\n\t<meta property=\"og:image:width\" content=\"1001\" \/>\n\t<meta property=\"og:image:height\" content=\"620\" \/>\n\t<meta property=\"og:image:type\" content=\"image\/jpeg\" \/>\n<meta name=\"author\" content=\"Nelise Luques\" \/>\n<meta name=\"twitter:card\" content=\"summary_large_image\" \/>\n<meta name=\"twitter:label1\" content=\"Escrito por\" \/>\n\t<meta name=\"twitter:data1\" content=\"Nelise Luques\" \/>\n\t<meta name=\"twitter:label2\" content=\"Est. tempo de leitura\" \/>\n\t<meta name=\"twitter:data2\" content=\"2 minutos\" \/>\n<script type=\"application\/ld+json\" class=\"yoast-schema-graph\">{\"@context\":\"https:\/\/schema.org\",\"@graph\":[{\"@type\":\"WebPage\",\"@id\":\"https:\/\/verdadeon.com.br\/portal\/2022\/01\/05\/tempestades-devem-atingir-franca-ate-sabado-defesa-civil-alerta-para-raios-e-granizo\/\",\"url\":\"https:\/\/verdadeon.com.br\/portal\/2022\/01\/05\/tempestades-devem-atingir-franca-ate-sabado-defesa-civil-alerta-para-raios-e-granizo\/\",\"name\":\"Tempestades devem atingir Franca at\u00e9 s\u00e1bado, Defesa Civil alerta para raios e granizo - VerdadeOn\",\"isPartOf\":{\"@id\":\"https:\/\/verdadeon.com.br\/portal\/#website\"},\"primaryImageOfPage\":{\"@id\":\"https:\/\/verdadeon.com.br\/portal\/2022\/01\/05\/tempestades-devem-atingir-franca-ate-sabado-defesa-civil-alerta-para-raios-e-granizo\/#primaryimage\"},\"image\":{\"@id\":\"https:\/\/verdadeon.com.br\/portal\/2022\/01\/05\/tempestades-devem-atingir-franca-ate-sabado-defesa-civil-alerta-para-raios-e-granizo\/#primaryimage\"},\"thumbnailUrl\":\"https:\/\/i0.wp.com\/verdadeon.com.br\/portal\/wp-content\/uploads\/2021\/09\/CHUVA-EM-FRANCA-DIA-26-DE-SETEMBRO-APOS-TEMPESTADE-DE-AREIA-ASSOLAR-A-CIDADE-FOTO-NELISE-LUQUES-JORNAL-VERDADE-e1632783092817.jpeg?fit=1001%2C620&ssl=1\",\"datePublished\":\"2022-01-05T21:49:51+00:00\",\"author\":{\"@id\":\"https:\/\/verdadeon.com.br\/portal\/#\/schema\/person\/8248726d36015c1916636fabb175d972\"},\"breadcrumb\":{\"@id\":\"https:\/\/verdadeon.com.br\/portal\/2022\/01\/05\/tempestades-devem-atingir-franca-ate-sabado-defesa-civil-alerta-para-raios-e-granizo\/#breadcrumb\"},\"inLanguage\":\"pt-BR\",\"potentialAction\":[{\"@type\":\"ReadAction\",\"target\":[\"https:\/\/verdadeon.com.br\/portal\/2022\/01\/05\/tempestades-devem-atingir-franca-ate-sabado-defesa-civil-alerta-para-raios-e-granizo\/\"]}]},{\"@type\":\"ImageObject\",\"inLanguage\":\"pt-BR\",\"@id\":\"https:\/\/verdadeon.com.br\/portal\/2022\/01\/05\/tempestades-devem-atingir-franca-ate-sabado-defesa-civil-alerta-para-raios-e-granizo\/#primaryimage\",\"url\":\"https:\/\/i0.wp.com\/verdadeon.com.br\/portal\/wp-content\/uploads\/2021\/09\/CHUVA-EM-FRANCA-DIA-26-DE-SETEMBRO-APOS-TEMPESTADE-DE-AREIA-ASSOLAR-A-CIDADE-FOTO-NELISE-LUQUES-JORNAL-VERDADE-e1632783092817.jpeg?fit=1001%2C620&ssl=1\",\"contentUrl\":\"https:\/\/i0.wp.com\/verdadeon.com.br\/portal\/wp-content\/uploads\/2021\/09\/CHUVA-EM-FRANCA-DIA-26-DE-SETEMBRO-APOS-TEMPESTADE-DE-AREIA-ASSOLAR-A-CIDADE-FOTO-NELISE-LUQUES-JORNAL-VERDADE-e1632783092817.jpeg?fit=1001%2C620&ssl=1\",\"width\":1001,\"height\":620,\"caption\":\"Fim de semana em Franca deve registrar m\u00e1ximas superiores a 30\u00b0C (\u00a9Jornal Verdade)\"},{\"@type\":\"BreadcrumbList\",\"@id\":\"https:\/\/verdadeon.com.br\/portal\/2022\/01\/05\/tempestades-devem-atingir-franca-ate-sabado-defesa-civil-alerta-para-raios-e-granizo\/#breadcrumb\",\"itemListElement\":[{\"@type\":\"ListItem\",\"position\":1,\"name\":\"In\u00edcio\",\"item\":\"https:\/\/verdadeon.com.br\/portal\/\"},{\"@type\":\"ListItem\",\"position\":2,\"name\":\"Tempestades devem atingir Franca at\u00e9 s\u00e1bado, Defesa Civil alerta para raios e granizo\"}]},{\"@type\":\"WebSite\",\"@id\":\"https:\/\/verdadeon.com.br\/portal\/#website\",\"url\":\"https:\/\/verdadeon.com.br\/portal\/\",\"name\":\"VerdadeOn\",\"description\":\"Not\u00edcias di\u00e1rias sobre Franca, Regi\u00e3o, Esporte, Cultura, Cotidiano, Colunas. Cobertura nos principais eventos da cidade \u00e9 aqui - Verdadeon Franca\",\"potentialAction\":[{\"@type\":\"SearchAction\",\"target\":{\"@type\":\"EntryPoint\",\"urlTemplate\":\"https:\/\/verdadeon.com.br\/portal\/?s={search_term_string}\"},\"query-input\":{\"@type\":\"PropertyValueSpecification\",\"valueRequired\":true,\"valueName\":\"search_term_string\"}}],\"inLanguage\":\"pt-BR\"},{\"@type\":\"Person\",\"@id\":\"https:\/\/verdadeon.com.br\/portal\/#\/schema\/person\/8248726d36015c1916636fabb175d972\",\"name\":\"Nelise Luques\",\"image\":{\"@type\":\"ImageObject\",\"inLanguage\":\"pt-BR\",\"@id\":\"https:\/\/verdadeon.com.br\/portal\/#\/schema\/person\/image\/\",\"url\":\"https:\/\/secure.gravatar.com\/avatar\/29b2a17f5bcadeb827411b66f48ac13c3e0ecaf5906c0f5745ecc5d41c24eada?s=96&d=mm&r=g\",\"contentUrl\":\"https:\/\/secure.gravatar.com\/avatar\/29b2a17f5bcadeb827411b66f48ac13c3e0ecaf5906c0f5745ecc5d41c24eada?s=96&d=mm&r=g\",\"caption\":\"Nelise Luques\"},\"url\":\"https:\/\/verdadeon.com.br\/portal\/author\/verdade\/\"}]}<\/script>\n<!-- \/ Yoast SEO plugin. -->","yoast_head_json":{"title":"Tempestades devem atingir Franca at\u00e9 s\u00e1bado, Defesa Civil alerta para raios e granizo - VerdadeOn","robots":{"index":"index","follow":"follow","max-snippet":"max-snippet:-1","max-image-preview":"max-image-preview:large","max-video-preview":"max-video-preview:-1"},"canonical":"https:\/\/verdadeon.com.br\/portal\/2022\/01\/05\/tempestades-devem-atingir-franca-ate-sabado-defesa-civil-alerta-para-raios-e-granizo\/","og_locale":"pt_BR","og_type":"article","og_title":"Tempestades devem atingir Franca at\u00e9 s\u00e1bado, Defesa Civil alerta para raios e granizo - VerdadeOn","og_description":"Muita \u00e1gua: Aviso meteorol\u00f3gico \u00e9 v\u00e1lido por quatro dias, at\u00e9 dia 8, e a cidade pode ter at\u00e9 175 mm de chuva neste per\u00edodo &nbsp; O [\u2026]","og_url":"https:\/\/verdadeon.com.br\/portal\/2022\/01\/05\/tempestades-devem-atingir-franca-ate-sabado-defesa-civil-alerta-para-raios-e-granizo\/","og_site_name":"VerdadeOn","article_published_time":"2022-01-05T21:49:51+00:00","og_image":[{"width":1001,"height":620,"url":"https:\/\/verdadeon.com.br\/portal\/wp-content\/uploads\/2021\/09\/CHUVA-EM-FRANCA-DIA-26-DE-SETEMBRO-APOS-TEMPESTADE-DE-AREIA-ASSOLAR-A-CIDADE-FOTO-NELISE-LUQUES-JORNAL-VERDADE-e1632783092817.jpeg","type":"image\/jpeg"}],"author":"Nelise Luques","twitter_card":"summary_large_image","twitter_misc":{"Escrito por":"Nelise Luques","Est. tempo de leitura":"2 minutos"},"schema":{"@context":"https:\/\/schema.org","@graph":[{"@type":"WebPage","@id":"https:\/\/verdadeon.com.br\/portal\/2022\/01\/05\/tempestades-devem-atingir-franca-ate-sabado-defesa-civil-alerta-para-raios-e-granizo\/","url":"https:\/\/verdadeon.com.br\/portal\/2022\/01\/05\/tempestades-devem-atingir-franca-ate-sabado-defesa-civil-alerta-para-raios-e-granizo\/","name":"Tempestades devem atingir Franca at\u00e9 s\u00e1bado, Defesa Civil alerta para raios e granizo - VerdadeOn","isPartOf":{"@id":"https:\/\/verdadeon.com.br\/portal\/#website"},"primaryImageOfPage":{"@id":"https:\/\/verdadeon.com.br\/portal\/2022\/01\/05\/tempestades-devem-atingir-franca-ate-sabado-defesa-civil-alerta-para-raios-e-granizo\/#primaryimage"},"image":{"@id":"https:\/\/verdadeon.com.br\/portal\/2022\/01\/05\/tempestades-devem-atingir-franca-ate-sabado-defesa-civil-alerta-para-raios-e-granizo\/#primaryimage"},"thumbnailUrl":"https:\/\/i0.wp.com\/verdadeon.com.br\/portal\/wp-content\/uploads\/2021\/09\/CHUVA-EM-FRANCA-DIA-26-DE-SETEMBRO-APOS-TEMPESTADE-DE-AREIA-ASSOLAR-A-CIDADE-FOTO-NELISE-LUQUES-JORNAL-VERDADE-e1632783092817.jpeg?fit=1001%2C620&ssl=1","datePublished":"2022-01-05T21:49:51+00:00","author":{"@id":"https:\/\/verdadeon.com.br\/portal\/#\/schema\/person\/8248726d36015c1916636fabb175d972"},"breadcrumb":{"@id":"https:\/\/verdadeon.com.br\/portal\/2022\/01\/05\/tempestades-devem-atingir-franca-ate-sabado-defesa-civil-alerta-para-raios-e-granizo\/#breadcrumb"},"inLanguage":"pt-BR","potentialAction":[{"@type":"ReadAction","target":["https:\/\/verdadeon.com.br\/portal\/2022\/01\/05\/tempestades-devem-atingir-franca-ate-sabado-defesa-civil-alerta-para-raios-e-granizo\/"]}]},{"@type":"ImageObject","inLanguage":"pt-BR","@id":"https:\/\/verdadeon.com.br\/portal\/2022\/01\/05\/tempestades-devem-atingir-franca-ate-sabado-defesa-civil-alerta-para-raios-e-granizo\/#primaryimage","url":"https:\/\/i0.wp.com\/verdadeon.com.br\/portal\/wp-content\/uploads\/2021\/09\/CHUVA-EM-FRANCA-DIA-26-DE-SETEMBRO-APOS-TEMPESTADE-DE-AREIA-ASSOLAR-A-CIDADE-FOTO-NELISE-LUQUES-JORNAL-VERDADE-e1632783092817.jpeg?fit=1001%2C620&ssl=1","contentUrl":"https:\/\/i0.wp.com\/verdadeon.com.br\/portal\/wp-content\/uploads\/2021\/09\/CHUVA-EM-FRANCA-DIA-26-DE-SETEMBRO-APOS-TEMPESTADE-DE-AREIA-ASSOLAR-A-CIDADE-FOTO-NELISE-LUQUES-JORNAL-VERDADE-e1632783092817.jpeg?fit=1001%2C620&ssl=1","width":1001,"height":620,"caption":"Fim de semana em Franca deve registrar m\u00e1ximas superiores a 30\u00b0C (\u00a9Jornal Verdade)"},{"@type":"BreadcrumbList","@id":"https:\/\/verdadeon.com.br\/portal\/2022\/01\/05\/tempestades-devem-atingir-franca-ate-sabado-defesa-civil-alerta-para-raios-e-granizo\/#breadcrumb","itemListElement":[{"@type":"ListItem","position":1,"name":"In\u00edcio","item":"https:\/\/verdadeon.com.br\/portal\/"},{"@type":"ListItem","position":2,"name":"Tempestades devem atingir Franca at\u00e9 s\u00e1bado, Defesa Civil alerta para raios e granizo"}]},{"@type":"WebSite","@id":"https:\/\/verdadeon.com.br\/portal\/#website","url":"https:\/\/verdadeon.com.br\/portal\/","name":"VerdadeOn","description":"Not\u00edcias di\u00e1rias sobre Franca, Regi\u00e3o, Esporte, Cultura, Cotidiano, Colunas. Cobertura nos principais eventos da cidade \u00e9 aqui - Verdadeon Franca","potentialAction":[{"@type":"SearchAction","target":{"@type":"EntryPoint","urlTemplate":"https:\/\/verdadeon.com.br\/portal\/?s={search_term_string}"},"query-input":{"@type":"PropertyValueSpecification","valueRequired":true,"valueName":"search_term_string"}}],"inLanguage":"pt-BR"},{"@type":"Person","@id":"https:\/\/verdadeon.com.br\/portal\/#\/schema\/person\/8248726d36015c1916636fabb175d972","name":"Nelise Luques","image":{"@type":"ImageObject","inLanguage":"pt-BR","@id":"https:\/\/verdadeon.com.br\/portal\/#\/schema\/person\/image\/","url":"https:\/\/secure.gravatar.com\/avatar\/29b2a17f5bcadeb827411b66f48ac13c3e0ecaf5906c0f5745ecc5d41c24eada?s=96&d=mm&r=g","contentUrl":"https:\/\/secure.gravatar.com\/avatar\/29b2a17f5bcadeb827411b66f48ac13c3e0ecaf5906c0f5745ecc5d41c24eada?s=96&d=mm&r=g","caption":"Nelise Luques"},"url":"https:\/\/verdadeon.com.br\/portal\/author\/verdade\/"}]}},"jetpack_publicize_connections":[],"jetpack_featured_media_url":"https:\/\/i0.wp.com\/verdadeon.com.br\/portal\/wp-content\/uploads\/2021\/09\/CHUVA-EM-FRANCA-DIA-26-DE-SETEMBRO-APOS-TEMPESTADE-DE-AREIA-ASSOLAR-A-CIDADE-FOTO-NELISE-LUQUES-JORNAL-VERDADE-e1632783092817.jpeg?fit=1001%2C620&ssl=1","jetpack_sharing_enabled":true,"_links":{"self":[{"href":"https:\/\/verdadeon.com.br\/portal\/wp-json\/wp\/v2\/posts\/22078","targetHints":{"allow":["GET"]}}],"collection":[{"href":"https:\/\/verdadeon.com.br\/portal\/wp-json\/wp\/v2\/posts"}],"about":[{"href":"https:\/\/verdadeon.com.br\/portal\/wp-json\/wp\/v2\/types\/post"}],"author":[{"embeddable":true,"href":"https:\/\/verdadeon.com.br\/portal\/wp-json\/wp\/v2\/users\/12"}],"replies":[{"embeddable":true,"href":"https:\/\/verdadeon.com.br\/portal\/wp-json\/wp\/v2\/comments?post=22078"}],"version-history":[{"count":1,"href":"https:\/\/verdadeon.com.br\/portal\/wp-json\/wp\/v2\/posts\/22078\/revisions"}],"predecessor-version":[{"id":22080,"href":"https:\/\/verdadeon.com.br\/portal\/wp-json\/wp\/v2\/posts\/22078\/revisions\/22080"}],"wp:featuredmedia":[{"embeddable":true,"href":"https:\/\/verdadeon.com.br\/portal\/wp-json\/wp\/v2\/media\/19938"}],"wp:attachment":[{"href":"https:\/\/verdadeon.com.br\/portal\/wp-json\/wp\/v2\/media?parent=22078"}],"wp:term":[{"taxonomy":"category","embeddable":true,"href":"https:\/\/verdadeon.com.br\/portal\/wp-json\/wp\/v2\/categories?post=22078"},{"taxonomy":"post_tag","embeddable":true,"href":"https:\/\/verdadeon.com.br\/portal\/wp-json\/wp\/v2\/tags?post=22078"}],"curies":[{"name":"wp","href":"https:\/\/api.w.org\/{rel}","templated":true}]}}