{"id":22072,"date":"2022-01-05T13:52:58","date_gmt":"2022-01-05T16:52:58","guid":{"rendered":"https:\/\/verdadeon.com.br\/portal\/?p=22072"},"modified":"2022-01-05T13:52:58","modified_gmt":"2022-01-05T16:52:58","slug":"hospital-do-cancer-de-franca-20-anos-acolhendo-a-populacao-de-franca-e-regiao","status":"publish","type":"post","link":"https:\/\/verdadeon.com.br\/portal\/2022\/01\/05\/hospital-do-cancer-de-franca-20-anos-acolhendo-a-populacao-de-franca-e-regiao\/","title":{"rendered":"Hospital do C\u00e2ncer de Franca &#8211; 20 anos acolhendo a popula\u00e7\u00e3o de Franca e regi\u00e3o"},"content":{"rendered":"<h2>Este ano, para comemorar a data t\u00e3o significativa de duas d\u00e9cadas, haver\u00e1 um cronograma de atividades realizadas junto aos parceiros do hospital<\/h2>\n<p>O Hospital do C\u00e2ncer de Franca completa nesta quinta-feira, 6 de janeiro, 20 anos de hist\u00f3ria no atendimento \u00e0 comunidade francana. Al\u00e9m de Franca, outras 20 cidades da regi\u00e3o s\u00e3o atendidas pelo hospital, que registra mais de 40 mil atendimentos anuais entre consultas, procedimentos e sess\u00f5es de radioterapia, quimioterapia, hormonioterapia, entre outros &#8211; recebendo desde rec\u00e9m-nascidos at\u00e9 adultos \u2013 com tratamentos de alto n\u00edvel t\u00e9cnico.<br \/>\nEste ano, para comemorar a data t\u00e3o significativa de duas d\u00e9cadas, haver\u00e1 um cronograma de atividades realizadas junto aos parceiros do hospital &#8211; entre elas uma homenagem especial \u00e0 eterna benem\u00e9rita do Hospital do C\u00e2ncer, a saudosa colunista social Patr\u00edcia (S\u00f4nia Pizzo) que aniversariava no mesmo dia da nossa institui\u00e7\u00e3o. Em breve ser\u00e1 divulgado o cronograma dessas atividades para participa\u00e7\u00e3o de parceiros, imprensa, contribuintes, colaboradores e da popula\u00e7\u00e3o em geral. Contamos com sua participa\u00e7\u00e3o!<br \/>\nTony Graciano, presidente volunt\u00e1rio do Grupo Santa Casa de Franca, do qual o Hospital do C\u00e2ncer \u00e9 unidade integrante, comenta: \u201cPara n\u00f3s \u00e9 um orgulho e imensa satisfa\u00e7\u00e3o podermos comemorar esta data junto de nossos colaboradores, pacientes e a comunidade, pois esta institui\u00e7\u00e3o \u00e9 um patrim\u00f4nio mantido pela sociedade e por ela administrada, atrav\u00e9s de nossos diretores, que s\u00e3o cidad\u00e3os que se voluntariam para doar seu tempo e conhecimentos em prol da realiza\u00e7\u00e3o de uma gest\u00e3o que mant\u00e9m o hospital em constante melhoria e evolu\u00e7\u00e3o, com excel\u00eancia no atendimento \u00e0 nossa popula\u00e7\u00e3o. Por isso hoje, quem merece os parab\u00e9ns \u00e9 o povo de Franca e regi\u00e3o!\u201d, concluiu o presidente.<\/p>\n<p>Hist\u00f3ria do Hospital<br \/>\nO Hospital do C\u00e2ncer de Franca \u00e9 fruto do sonho e empenho de pessoas como os empres\u00e1rios Onofre de Paula Trajano, Pelegrino Donato e Luiza Helena Trajano Donato, que sensibilizados com as dificuldades enfrentadas pelos cidad\u00e3os de Franca e regi\u00e3o ao se deslocarem para outras cidades a fim de buscarem tratamento, resolveram que a cidade necessitava urgentemente de um hospital para atender a estas demandas. Assim, estes tr\u00eas benem\u00e9ritos mobilizaram v\u00e1rios outros empres\u00e1rios da cidade para que juntos levassem adiante este grande projeto, que se concretizou com a funda\u00e7\u00e3o em 6 de janeiro de 2002.<br \/>\nHoje, o hospital \u00e9 a Unidade Oncol\u00f3gica que faz parte do Grupo Santa Casa de Franca \u2013 que engloba ainda a Santa Casa (Hospital Geral de Alta Complexidade), o Hospital do Cora\u00e7\u00e3o (Unidade Coronariana) e administra os AMES (Ambulat\u00f3rios M\u00e9dicos de Especialidades do Governo de S\u00e3o Paulo) das cidades de Franca, Taquaritinga, Casa Branca, Campinas e Vale do Jurumirim\/Avar\u00e9 &#8211; visando oferecer tratamentos espec\u00edficos e mais comodidade para pacientes que sofrem com o c\u00e2ncer.<br \/>\nOs primeiros equipamentos foram doados pelo grupo Magazine Luiza, por Pelegrino Jos\u00e9 Donato e os irm\u00e3os Luiza Trajano Donato e Onofre de Paula Trajano. Na \u00e9poca, o hospital atendia cerca de 120 pacientes por m\u00eas \u2013 e atualmente mant\u00e9m mais de 1,5 mil pacientes em tratamento.<\/p>\n<p>&nbsp;<\/p>\n<p><img data-recalc-dims=\"1\" loading=\"lazy\" decoding=\"async\" class=\"alignnone wp-image-22075 size-full\" src=\"https:\/\/i0.wp.com\/verdadeon.com.br\/portal\/wp-content\/uploads\/2022\/01\/DSC01777.jpg?resize=1220%2C751&#038;ssl=1\" alt=\"\" width=\"1220\" height=\"751\" \/><\/p>\n<p>Tecnologia<br \/>\nConstru\u00eddo inicialmente numa \u00e1rea de 1.300 metros quadrados, o Hospital do C\u00e2ncer de Franca precisou ampliar rapidamente suas instala\u00e7\u00f5es, para continuar proporcionando um tratamento digno aos seus pacientes, e hoje \u00e9 refer\u00eancia entre os grandes centros oncol\u00f3gicos do pa\u00eds.<br \/>\nMantendo um corpo cl\u00ednico competente e especializado, bem como equipes multiprofissional e t\u00e9cnica altamente capacitadas, o Hospital do C\u00e2ncer atende a popula\u00e7\u00e3o com servi\u00e7os de excel\u00eancia em Quimioterapia, Radioterapia (acelerador linear com tecnologia de ponta Multileafs, uma das primeiras unidades adquiridas no Brasil, que proporciona maior precis\u00e3o na aplica\u00e7\u00e3o de radia\u00e7\u00e3o e melhor qualidade de vida para o paciente), Braquiterapia (radioterapia invasiva), Hormonioterapia, Eclipse (ou Sistema de Planejamento Conformacional) e o Aparelho de Ortovoltagem, entre outros, proporcionando um tratamento digno aos seus pacientes. Disp\u00f5e ainda de uma estrutura de apoio multiprofissional nas \u00e1reas de psicologia, servi\u00e7o social, nutri\u00e7\u00e3o, medicina nuclear e reabilita\u00e7\u00e3o, que envolve amplo trabalho na \u00e1rea de fisioterapia, essencial \u00e0 plena recupera\u00e7\u00e3o do paciente nas etapas do p\u00f3s-operat\u00f3rio e durante o pr\u00f3prio tratamento. Ap\u00f3s diversas amplia\u00e7\u00f5es conta hoje com uma infraestrutura moderna e bem equipada, organizada em v\u00e1rias alas como Quimioterapia (Pavilh\u00e3o Rionegro &amp; Solim\u00f5es), Radioterapia (Pavilh\u00e3o Luiza Trajano Donato), alas do Centro de Reabilita\u00e7\u00e3o e de Educa\u00e7\u00e3o e Promo\u00e7\u00e3o Social (Pavilh\u00e3o Onofre de Paula Trajano).<\/p>\n<p>&nbsp;<\/p>\n<p><img data-recalc-dims=\"1\" loading=\"lazy\" decoding=\"async\" class=\"alignnone wp-image-22074 size-full\" src=\"https:\/\/i0.wp.com\/verdadeon.com.br\/portal\/wp-content\/uploads\/2022\/01\/Maquete-3D-Projeto-do-Novo-Complexo-Hospitalar-2-1.jpg?resize=1185%2C517&#038;ssl=1\" alt=\"\" width=\"1185\" height=\"517\" \/><\/p>\n<p>Planos futuros<br \/>\nAs metas futuras miram sempre o aumento e aprimoramento da estrutura para atender a popula\u00e7\u00e3o de Franca e dos 21 munic\u00edpios adjacentes que dependem fundamentalmente do Hospital do C\u00e2ncer de Franca e do Grupo Santa Casa de Franca, que \u00e9 um grande patrim\u00f4nio da sociedade, pois constantemente recebe apoio da comunidade em suas campanhas para capta\u00e7\u00e3o de recursos que s\u00e3o investidos sempre na melhoria cont\u00ednua da institui\u00e7\u00e3o. Ainda, \u00e9 de grande import\u00e2ncia o apoio oriundo de emendas parlamentares federais, estaduais e municipais \u2013 e de parcerias junto ao munic\u00edpio para e concretiza\u00e7\u00e3o do Plano Diretor para um conglomerado hospitalar de 400 leitos (imagem acima).<br \/>\nAl\u00e9m da verba repassada pelo SUS, o Hospital do C\u00e2ncer de Franca mant\u00e9m seu sustento atrav\u00e9s de campanhas realizadas durante todo o ano na cidade, com apoio de empresas parceiras solid\u00e1rias \u00e0 causa, como o Grande Leil\u00e3o (da JP Leil\u00f5es), Estrela Solid\u00e1ria (da Padaria Estrela), Assescofran (Associa\u00e7\u00e3o das Empresas Cont\u00e1beis), Baile da Ma\u00e7onaria (das Lojas Ma\u00e7\u00f4nicas de Franca), Lions Club Franca, Rotary Club de Franca, entre outras &#8211; al\u00e9m de doa\u00e7\u00f5es particulares de cerca de 15 mil pessoas que contribuem mensalmente com a Central de Doa\u00e7\u00f5es, pelos telefones (16) 3712-3093 ou (16) 99998-8781 \u2013 ou ainda pelo site www.santacasadefranca.com.br.<\/p>\n<p>&nbsp;<\/p>\n","protected":false},"excerpt":{"rendered":"<p>Este ano, para comemorar a data t\u00e3o significativa de duas d\u00e9cadas, haver\u00e1 um cronograma de atividades realizadas junto aos parceiros do hospital O Hospital do C\u00e2ncer<span class=\"excerpt-hellip\"> [\u2026]<\/span><\/p>\n","protected":false},"author":4,"featured_media":22073,"comment_status":"open","ping_status":"open","sticky":false,"template":"","format":"standard","meta":{"_jetpack_memberships_contains_paid_content":false,"footnotes":"","jetpack_publicize_message":"","jetpack_publicize_feature_enabled":true,"jetpack_social_post_already_shared":false,"jetpack_social_options":{"image_generator_settings":{"template":"highway","default_image_id":0,"enabled":false},"version":2}},"categories":[28],"tags":[],"class_list":["post-22072","post","type-post","status-publish","format-standard","has-post-thumbnail","hentry","category-cotidiano"],"yoast_head":"<!-- This site is optimized with the Yoast SEO plugin v25.6 - https:\/\/yoast.com\/wordpress\/plugins\/seo\/ -->\n<title>Hospital do C\u00e2ncer de Franca - 20 anos acolhendo a popula\u00e7\u00e3o de Franca e regi\u00e3o - VerdadeOn<\/title>\n<meta name=\"robots\" content=\"index, follow, max-snippet:-1, max-image-preview:large, max-video-preview:-1\" \/>\n<link rel=\"canonical\" href=\"https:\/\/verdadeon.com.br\/portal\/2022\/01\/05\/hospital-do-cancer-de-franca-20-anos-acolhendo-a-populacao-de-franca-e-regiao\/\" \/>\n<meta property=\"og:locale\" content=\"pt_BR\" \/>\n<meta property=\"og:type\" content=\"article\" \/>\n<meta property=\"og:title\" content=\"Hospital do C\u00e2ncer de Franca - 20 anos acolhendo a popula\u00e7\u00e3o de Franca e regi\u00e3o - VerdadeOn\" \/>\n<meta property=\"og:description\" content=\"Este ano, para comemorar a data t\u00e3o significativa de duas d\u00e9cadas, haver\u00e1 um cronograma de atividades realizadas junto aos parceiros do hospital O Hospital do C\u00e2ncer [\u2026]\" \/>\n<meta property=\"og:url\" content=\"https:\/\/verdadeon.com.br\/portal\/2022\/01\/05\/hospital-do-cancer-de-franca-20-anos-acolhendo-a-populacao-de-franca-e-regiao\/\" \/>\n<meta property=\"og:site_name\" content=\"VerdadeOn\" \/>\n<meta property=\"article:published_time\" content=\"2022-01-05T16:52:58+00:00\" \/>\n<meta property=\"og:image\" content=\"https:\/\/verdadeon.com.br\/portal\/wp-content\/uploads\/2022\/01\/Hospital-do-Cancer-Fachada.jpg\" \/>\n\t<meta property=\"og:image:width\" content=\"1000\" \/>\n\t<meta property=\"og:image:height\" content=\"670\" \/>\n\t<meta property=\"og:image:type\" content=\"image\/jpeg\" \/>\n<meta name=\"author\" content=\"Fernando Calixto\" \/>\n<meta name=\"twitter:card\" content=\"summary_large_image\" \/>\n<meta name=\"twitter:label1\" content=\"Escrito por\" \/>\n\t<meta name=\"twitter:data1\" content=\"Fernando Calixto\" \/>\n\t<meta name=\"twitter:label2\" content=\"Est. tempo de leitura\" \/>\n\t<meta name=\"twitter:data2\" content=\"5 minutos\" \/>\n<script type=\"application\/ld+json\" class=\"yoast-schema-graph\">{\"@context\":\"https:\/\/schema.org\",\"@graph\":[{\"@type\":\"WebPage\",\"@id\":\"https:\/\/verdadeon.com.br\/portal\/2022\/01\/05\/hospital-do-cancer-de-franca-20-anos-acolhendo-a-populacao-de-franca-e-regiao\/\",\"url\":\"https:\/\/verdadeon.com.br\/portal\/2022\/01\/05\/hospital-do-cancer-de-franca-20-anos-acolhendo-a-populacao-de-franca-e-regiao\/\",\"name\":\"Hospital do C\u00e2ncer de Franca - 20 anos acolhendo a popula\u00e7\u00e3o de Franca e regi\u00e3o - VerdadeOn\",\"isPartOf\":{\"@id\":\"https:\/\/verdadeon.com.br\/portal\/#website\"},\"primaryImageOfPage\":{\"@id\":\"https:\/\/verdadeon.com.br\/portal\/2022\/01\/05\/hospital-do-cancer-de-franca-20-anos-acolhendo-a-populacao-de-franca-e-regiao\/#primaryimage\"},\"image\":{\"@id\":\"https:\/\/verdadeon.com.br\/portal\/2022\/01\/05\/hospital-do-cancer-de-franca-20-anos-acolhendo-a-populacao-de-franca-e-regiao\/#primaryimage\"},\"thumbnailUrl\":\"https:\/\/i0.wp.com\/verdadeon.com.br\/portal\/wp-content\/uploads\/2022\/01\/Hospital-do-Cancer-Fachada.jpg?fit=1000%2C670&ssl=1\",\"datePublished\":\"2022-01-05T16:52:58+00:00\",\"author\":{\"@id\":\"https:\/\/verdadeon.com.br\/portal\/#\/schema\/person\/8994718f49ee62ba5610471e29ca1f62\"},\"breadcrumb\":{\"@id\":\"https:\/\/verdadeon.com.br\/portal\/2022\/01\/05\/hospital-do-cancer-de-franca-20-anos-acolhendo-a-populacao-de-franca-e-regiao\/#breadcrumb\"},\"inLanguage\":\"pt-BR\",\"potentialAction\":[{\"@type\":\"ReadAction\",\"target\":[\"https:\/\/verdadeon.com.br\/portal\/2022\/01\/05\/hospital-do-cancer-de-franca-20-anos-acolhendo-a-populacao-de-franca-e-regiao\/\"]}]},{\"@type\":\"ImageObject\",\"inLanguage\":\"pt-BR\",\"@id\":\"https:\/\/verdadeon.com.br\/portal\/2022\/01\/05\/hospital-do-cancer-de-franca-20-anos-acolhendo-a-populacao-de-franca-e-regiao\/#primaryimage\",\"url\":\"https:\/\/i0.wp.com\/verdadeon.com.br\/portal\/wp-content\/uploads\/2022\/01\/Hospital-do-Cancer-Fachada.jpg?fit=1000%2C670&ssl=1\",\"contentUrl\":\"https:\/\/i0.wp.com\/verdadeon.com.br\/portal\/wp-content\/uploads\/2022\/01\/Hospital-do-Cancer-Fachada.jpg?fit=1000%2C670&ssl=1\",\"width\":1000,\"height\":670,\"caption\":\"A\u00e7\u00e3o do McDonalds, McDia Feliz arrecadou mais de R$123 mil (cento e vinte e tr\u00eas mil reais) ao Hospital do C\u00e2ncer de Franca. (\u00a9Divulga\u00e7\u00e3o)\"},{\"@type\":\"BreadcrumbList\",\"@id\":\"https:\/\/verdadeon.com.br\/portal\/2022\/01\/05\/hospital-do-cancer-de-franca-20-anos-acolhendo-a-populacao-de-franca-e-regiao\/#breadcrumb\",\"itemListElement\":[{\"@type\":\"ListItem\",\"position\":1,\"name\":\"In\u00edcio\",\"item\":\"https:\/\/verdadeon.com.br\/portal\/\"},{\"@type\":\"ListItem\",\"position\":2,\"name\":\"Hospital do C\u00e2ncer de Franca &#8211; 20 anos acolhendo a popula\u00e7\u00e3o de Franca e regi\u00e3o\"}]},{\"@type\":\"WebSite\",\"@id\":\"https:\/\/verdadeon.com.br\/portal\/#website\",\"url\":\"https:\/\/verdadeon.com.br\/portal\/\",\"name\":\"VerdadeOn\",\"description\":\"Not\u00edcias di\u00e1rias sobre Franca, Regi\u00e3o, Esporte, Cultura, Cotidiano, Colunas. Cobertura nos principais eventos da cidade \u00e9 aqui - Verdadeon Franca\",\"potentialAction\":[{\"@type\":\"SearchAction\",\"target\":{\"@type\":\"EntryPoint\",\"urlTemplate\":\"https:\/\/verdadeon.com.br\/portal\/?s={search_term_string}\"},\"query-input\":{\"@type\":\"PropertyValueSpecification\",\"valueRequired\":true,\"valueName\":\"search_term_string\"}}],\"inLanguage\":\"pt-BR\"},{\"@type\":\"Person\",\"@id\":\"https:\/\/verdadeon.com.br\/portal\/#\/schema\/person\/8994718f49ee62ba5610471e29ca1f62\",\"name\":\"Fernando Calixto\",\"image\":{\"@type\":\"ImageObject\",\"inLanguage\":\"pt-BR\",\"@id\":\"https:\/\/verdadeon.com.br\/portal\/#\/schema\/person\/image\/\",\"url\":\"https:\/\/secure.gravatar.com\/avatar\/7578910c24966c0316c340f9dbd601e93ee9f9212e1033968b367af9306bd9fb?s=96&d=mm&r=g\",\"contentUrl\":\"https:\/\/secure.gravatar.com\/avatar\/7578910c24966c0316c340f9dbd601e93ee9f9212e1033968b367af9306bd9fb?s=96&d=mm&r=g\",\"caption\":\"Fernando Calixto\"},\"url\":\"https:\/\/verdadeon.com.br\/portal\/author\/fernando-calixto\/\"}]}<\/script>\n<!-- \/ Yoast SEO plugin. -->","yoast_head_json":{"title":"Hospital do C\u00e2ncer de Franca - 20 anos acolhendo a popula\u00e7\u00e3o de Franca e regi\u00e3o - VerdadeOn","robots":{"index":"index","follow":"follow","max-snippet":"max-snippet:-1","max-image-preview":"max-image-preview:large","max-video-preview":"max-video-preview:-1"},"canonical":"https:\/\/verdadeon.com.br\/portal\/2022\/01\/05\/hospital-do-cancer-de-franca-20-anos-acolhendo-a-populacao-de-franca-e-regiao\/","og_locale":"pt_BR","og_type":"article","og_title":"Hospital do C\u00e2ncer de Franca - 20 anos acolhendo a popula\u00e7\u00e3o de Franca e regi\u00e3o - VerdadeOn","og_description":"Este ano, para comemorar a data t\u00e3o significativa de duas d\u00e9cadas, haver\u00e1 um cronograma de atividades realizadas junto aos parceiros do hospital O Hospital do C\u00e2ncer [\u2026]","og_url":"https:\/\/verdadeon.com.br\/portal\/2022\/01\/05\/hospital-do-cancer-de-franca-20-anos-acolhendo-a-populacao-de-franca-e-regiao\/","og_site_name":"VerdadeOn","article_published_time":"2022-01-05T16:52:58+00:00","og_image":[{"width":1000,"height":670,"url":"https:\/\/verdadeon.com.br\/portal\/wp-content\/uploads\/2022\/01\/Hospital-do-Cancer-Fachada.jpg","type":"image\/jpeg"}],"author":"Fernando Calixto","twitter_card":"summary_large_image","twitter_misc":{"Escrito por":"Fernando Calixto","Est. tempo de leitura":"5 minutos"},"schema":{"@context":"https:\/\/schema.org","@graph":[{"@type":"WebPage","@id":"https:\/\/verdadeon.com.br\/portal\/2022\/01\/05\/hospital-do-cancer-de-franca-20-anos-acolhendo-a-populacao-de-franca-e-regiao\/","url":"https:\/\/verdadeon.com.br\/portal\/2022\/01\/05\/hospital-do-cancer-de-franca-20-anos-acolhendo-a-populacao-de-franca-e-regiao\/","name":"Hospital do C\u00e2ncer de Franca - 20 anos acolhendo a popula\u00e7\u00e3o de Franca e regi\u00e3o - VerdadeOn","isPartOf":{"@id":"https:\/\/verdadeon.com.br\/portal\/#website"},"primaryImageOfPage":{"@id":"https:\/\/verdadeon.com.br\/portal\/2022\/01\/05\/hospital-do-cancer-de-franca-20-anos-acolhendo-a-populacao-de-franca-e-regiao\/#primaryimage"},"image":{"@id":"https:\/\/verdadeon.com.br\/portal\/2022\/01\/05\/hospital-do-cancer-de-franca-20-anos-acolhendo-a-populacao-de-franca-e-regiao\/#primaryimage"},"thumbnailUrl":"https:\/\/i0.wp.com\/verdadeon.com.br\/portal\/wp-content\/uploads\/2022\/01\/Hospital-do-Cancer-Fachada.jpg?fit=1000%2C670&ssl=1","datePublished":"2022-01-05T16:52:58+00:00","author":{"@id":"https:\/\/verdadeon.com.br\/portal\/#\/schema\/person\/8994718f49ee62ba5610471e29ca1f62"},"breadcrumb":{"@id":"https:\/\/verdadeon.com.br\/portal\/2022\/01\/05\/hospital-do-cancer-de-franca-20-anos-acolhendo-a-populacao-de-franca-e-regiao\/#breadcrumb"},"inLanguage":"pt-BR","potentialAction":[{"@type":"ReadAction","target":["https:\/\/verdadeon.com.br\/portal\/2022\/01\/05\/hospital-do-cancer-de-franca-20-anos-acolhendo-a-populacao-de-franca-e-regiao\/"]}]},{"@type":"ImageObject","inLanguage":"pt-BR","@id":"https:\/\/verdadeon.com.br\/portal\/2022\/01\/05\/hospital-do-cancer-de-franca-20-anos-acolhendo-a-populacao-de-franca-e-regiao\/#primaryimage","url":"https:\/\/i0.wp.com\/verdadeon.com.br\/portal\/wp-content\/uploads\/2022\/01\/Hospital-do-Cancer-Fachada.jpg?fit=1000%2C670&ssl=1","contentUrl":"https:\/\/i0.wp.com\/verdadeon.com.br\/portal\/wp-content\/uploads\/2022\/01\/Hospital-do-Cancer-Fachada.jpg?fit=1000%2C670&ssl=1","width":1000,"height":670,"caption":"A\u00e7\u00e3o do McDonalds, McDia Feliz arrecadou mais de R$123 mil (cento e vinte e tr\u00eas mil reais) ao Hospital do C\u00e2ncer de Franca. (\u00a9Divulga\u00e7\u00e3o)"},{"@type":"BreadcrumbList","@id":"https:\/\/verdadeon.com.br\/portal\/2022\/01\/05\/hospital-do-cancer-de-franca-20-anos-acolhendo-a-populacao-de-franca-e-regiao\/#breadcrumb","itemListElement":[{"@type":"ListItem","position":1,"name":"In\u00edcio","item":"https:\/\/verdadeon.com.br\/portal\/"},{"@type":"ListItem","position":2,"name":"Hospital do C\u00e2ncer de Franca &#8211; 20 anos acolhendo a popula\u00e7\u00e3o de Franca e regi\u00e3o"}]},{"@type":"WebSite","@id":"https:\/\/verdadeon.com.br\/portal\/#website","url":"https:\/\/verdadeon.com.br\/portal\/","name":"VerdadeOn","description":"Not\u00edcias di\u00e1rias sobre Franca, Regi\u00e3o, Esporte, Cultura, Cotidiano, Colunas. Cobertura nos principais eventos da cidade \u00e9 aqui - Verdadeon Franca","potentialAction":[{"@type":"SearchAction","target":{"@type":"EntryPoint","urlTemplate":"https:\/\/verdadeon.com.br\/portal\/?s={search_term_string}"},"query-input":{"@type":"PropertyValueSpecification","valueRequired":true,"valueName":"search_term_string"}}],"inLanguage":"pt-BR"},{"@type":"Person","@id":"https:\/\/verdadeon.com.br\/portal\/#\/schema\/person\/8994718f49ee62ba5610471e29ca1f62","name":"Fernando Calixto","image":{"@type":"ImageObject","inLanguage":"pt-BR","@id":"https:\/\/verdadeon.com.br\/portal\/#\/schema\/person\/image\/","url":"https:\/\/secure.gravatar.com\/avatar\/7578910c24966c0316c340f9dbd601e93ee9f9212e1033968b367af9306bd9fb?s=96&d=mm&r=g","contentUrl":"https:\/\/secure.gravatar.com\/avatar\/7578910c24966c0316c340f9dbd601e93ee9f9212e1033968b367af9306bd9fb?s=96&d=mm&r=g","caption":"Fernando Calixto"},"url":"https:\/\/verdadeon.com.br\/portal\/author\/fernando-calixto\/"}]}},"jetpack_publicize_connections":[],"jetpack_featured_media_url":"https:\/\/i0.wp.com\/verdadeon.com.br\/portal\/wp-content\/uploads\/2022\/01\/Hospital-do-Cancer-Fachada.jpg?fit=1000%2C670&ssl=1","jetpack_sharing_enabled":true,"_links":{"self":[{"href":"https:\/\/verdadeon.com.br\/portal\/wp-json\/wp\/v2\/posts\/22072","targetHints":{"allow":["GET"]}}],"collection":[{"href":"https:\/\/verdadeon.com.br\/portal\/wp-json\/wp\/v2\/posts"}],"about":[{"href":"https:\/\/verdadeon.com.br\/portal\/wp-json\/wp\/v2\/types\/post"}],"author":[{"embeddable":true,"href":"https:\/\/verdadeon.com.br\/portal\/wp-json\/wp\/v2\/users\/4"}],"replies":[{"embeddable":true,"href":"https:\/\/verdadeon.com.br\/portal\/wp-json\/wp\/v2\/comments?post=22072"}],"version-history":[{"count":1,"href":"https:\/\/verdadeon.com.br\/portal\/wp-json\/wp\/v2\/posts\/22072\/revisions"}],"predecessor-version":[{"id":22076,"href":"https:\/\/verdadeon.com.br\/portal\/wp-json\/wp\/v2\/posts\/22072\/revisions\/22076"}],"wp:featuredmedia":[{"embeddable":true,"href":"https:\/\/verdadeon.com.br\/portal\/wp-json\/wp\/v2\/media\/22073"}],"wp:attachment":[{"href":"https:\/\/verdadeon.com.br\/portal\/wp-json\/wp\/v2\/media?parent=22072"}],"wp:term":[{"taxonomy":"category","embeddable":true,"href":"https:\/\/verdadeon.com.br\/portal\/wp-json\/wp\/v2\/categories?post=22072"},{"taxonomy":"post_tag","embeddable":true,"href":"https:\/\/verdadeon.com.br\/portal\/wp-json\/wp\/v2\/tags?post=22072"}],"curies":[{"name":"wp","href":"https:\/\/api.w.org\/{rel}","templated":true}]}}