{"id":22070,"date":"2022-01-05T13:18:35","date_gmt":"2022-01-05T16:18:35","guid":{"rendered":"https:\/\/verdadeon.com.br\/portal\/?p=22070"},"modified":"2022-01-05T13:18:35","modified_gmt":"2022-01-05T16:18:35","slug":"edital-de-convocacao-para-assembleia-extraordinaria","status":"publish","type":"post","link":"https:\/\/verdadeon.com.br\/portal\/2022\/01\/05\/edital-de-convocacao-para-assembleia-extraordinaria\/","title":{"rendered":"EDITAL DE CONVOCACAO PARA ASSEMBLEIA EXTRAORDINARIA"},"content":{"rendered":"<p>COINESAFRA COOPERATIVA INDEPENDENTE<br \/>\nDOS ENSACADORES DE FRANCA<br \/>\nCNPJ: 29.331.273\/0001-09<br \/>\nRUA PADRE CONRADO, 585 \u2013 VILA SANTOS DUMONT<br \/>\n&#8211; FRANCA\/SP &#8211;<\/p>\n<p>O vice-presidente em exerc\u00edcio da Coinesafra Sr. Marcelo dos Santos, em fun\u00e7\u00e3o do falecimento do presidente Sr. Jose de Oliveira e no uso de suas atribui\u00e7\u00f5es que lhe confere o artigo 38 da Lei 5.764\/71, convoca os s\u00f3cios que nesta data somam 20 (vinte), para reunir-se em Assembleia Geral Extraordin\u00e1ria, a ser realizada no dia 21 de janeiro de 2022 na sede desta Cooperativa na Rua Padre Conrado, 585, Bairro: Vila Santos Dumont, \u00e0s 19:30 horas em primeira convoca\u00e7\u00e3o, necessitando a presen\u00e7a de metade mais um de seus associados e \u00e0s 20:00 horas em segunda convoca\u00e7\u00e3o com a presen\u00e7a de metade mais um de seus associados, e \u00e0s 20:30 horas em terceira e \u00faltima convoca\u00e7\u00e3o com a presen\u00e7a de no m\u00ednimo 10 (dez) associados para deliberarem sobre as seguintes ordens do dia:<br \/>\n1) Elei\u00e7\u00e3o e posse da nova diretoria 2021\/2022;<br \/>\n2) Presta\u00e7\u00e3o de contas do Ano 2019\/2020;<br \/>\n3) Altera\u00e7\u00e3o de endere\u00e7o da sede;<br \/>\n4) Assuntos Gerais.<\/p>\n<p>Franca\/SP, 05 de janeiro de 2022<\/p>\n<p>_________________________________<br \/>\nMarcelo dos Santos<\/p>\n","protected":false},"excerpt":{"rendered":"<p>COINESAFRA COOPERATIVA INDEPENDENTE DOS ENSACADORES DE FRANCA CNPJ: 29.331.273\/0001-09 RUA PADRE CONRADO, 585 \u2013 VILA SANTOS DUMONT &#8211; FRANCA\/SP &#8211; O vice-presidente em exerc\u00edcio da Coinesafra<span class=\"excerpt-hellip\"> [\u2026]<\/span><\/p>\n","protected":false},"author":4,"featured_media":0,"comment_status":"open","ping_status":"open","sticky":false,"template":"","format":"standard","meta":{"_jetpack_memberships_contains_paid_content":false,"footnotes":"","jetpack_publicize_message":"","jetpack_publicize_feature_enabled":true,"jetpack_social_post_already_shared":false,"jetpack_social_options":{"image_generator_settings":{"template":"highway","default_image_id":0,"enabled":false},"version":2}},"categories":[122],"tags":[],"class_list":["post-22070","post","type-post","status-publish","format-standard","hentry","category-editais"],"yoast_head":"<!-- This site is optimized with the Yoast SEO plugin v25.6 - https:\/\/yoast.com\/wordpress\/plugins\/seo\/ -->\n<title>EDITAL DE CONVOCACAO PARA ASSEMBLEIA EXTRAORDINARIA - VerdadeOn<\/title>\n<meta name=\"robots\" content=\"index, follow, max-snippet:-1, max-image-preview:large, max-video-preview:-1\" \/>\n<link rel=\"canonical\" href=\"https:\/\/verdadeon.com.br\/portal\/2022\/01\/05\/edital-de-convocacao-para-assembleia-extraordinaria\/\" \/>\n<meta property=\"og:locale\" content=\"pt_BR\" \/>\n<meta property=\"og:type\" content=\"article\" \/>\n<meta property=\"og:title\" content=\"EDITAL DE CONVOCACAO PARA ASSEMBLEIA EXTRAORDINARIA - VerdadeOn\" \/>\n<meta property=\"og:description\" content=\"COINESAFRA COOPERATIVA INDEPENDENTE DOS ENSACADORES DE FRANCA CNPJ: 29.331.273\/0001-09 RUA PADRE CONRADO, 585 \u2013 VILA SANTOS DUMONT &#8211; FRANCA\/SP &#8211; O vice-presidente em exerc\u00edcio da Coinesafra [\u2026]\" \/>\n<meta property=\"og:url\" content=\"https:\/\/verdadeon.com.br\/portal\/2022\/01\/05\/edital-de-convocacao-para-assembleia-extraordinaria\/\" \/>\n<meta property=\"og:site_name\" content=\"VerdadeOn\" \/>\n<meta property=\"article:published_time\" content=\"2022-01-05T16:18:35+00:00\" \/>\n<meta name=\"author\" content=\"Fernando Calixto\" \/>\n<meta name=\"twitter:card\" content=\"summary_large_image\" \/>\n<meta name=\"twitter:label1\" content=\"Escrito por\" \/>\n\t<meta name=\"twitter:data1\" content=\"Fernando Calixto\" \/>\n\t<meta name=\"twitter:label2\" content=\"Est. tempo de leitura\" \/>\n\t<meta name=\"twitter:data2\" content=\"1 minuto\" \/>\n<script type=\"application\/ld+json\" class=\"yoast-schema-graph\">{\"@context\":\"https:\/\/schema.org\",\"@graph\":[{\"@type\":\"WebPage\",\"@id\":\"https:\/\/verdadeon.com.br\/portal\/2022\/01\/05\/edital-de-convocacao-para-assembleia-extraordinaria\/\",\"url\":\"https:\/\/verdadeon.com.br\/portal\/2022\/01\/05\/edital-de-convocacao-para-assembleia-extraordinaria\/\",\"name\":\"EDITAL DE CONVOCACAO PARA ASSEMBLEIA EXTRAORDINARIA - VerdadeOn\",\"isPartOf\":{\"@id\":\"https:\/\/verdadeon.com.br\/portal\/#website\"},\"datePublished\":\"2022-01-05T16:18:35+00:00\",\"author\":{\"@id\":\"https:\/\/verdadeon.com.br\/portal\/#\/schema\/person\/8994718f49ee62ba5610471e29ca1f62\"},\"breadcrumb\":{\"@id\":\"https:\/\/verdadeon.com.br\/portal\/2022\/01\/05\/edital-de-convocacao-para-assembleia-extraordinaria\/#breadcrumb\"},\"inLanguage\":\"pt-BR\",\"potentialAction\":[{\"@type\":\"ReadAction\",\"target\":[\"https:\/\/verdadeon.com.br\/portal\/2022\/01\/05\/edital-de-convocacao-para-assembleia-extraordinaria\/\"]}]},{\"@type\":\"BreadcrumbList\",\"@id\":\"https:\/\/verdadeon.com.br\/portal\/2022\/01\/05\/edital-de-convocacao-para-assembleia-extraordinaria\/#breadcrumb\",\"itemListElement\":[{\"@type\":\"ListItem\",\"position\":1,\"name\":\"In\u00edcio\",\"item\":\"https:\/\/verdadeon.com.br\/portal\/\"},{\"@type\":\"ListItem\",\"position\":2,\"name\":\"EDITAL DE CONVOCACAO PARA ASSEMBLEIA EXTRAORDINARIA\"}]},{\"@type\":\"WebSite\",\"@id\":\"https:\/\/verdadeon.com.br\/portal\/#website\",\"url\":\"https:\/\/verdadeon.com.br\/portal\/\",\"name\":\"VerdadeOn\",\"description\":\"Not\u00edcias di\u00e1rias sobre Franca, Regi\u00e3o, Esporte, Cultura, Cotidiano, Colunas. Cobertura nos principais eventos da cidade \u00e9 aqui - Verdadeon Franca\",\"potentialAction\":[{\"@type\":\"SearchAction\",\"target\":{\"@type\":\"EntryPoint\",\"urlTemplate\":\"https:\/\/verdadeon.com.br\/portal\/?s={search_term_string}\"},\"query-input\":{\"@type\":\"PropertyValueSpecification\",\"valueRequired\":true,\"valueName\":\"search_term_string\"}}],\"inLanguage\":\"pt-BR\"},{\"@type\":\"Person\",\"@id\":\"https:\/\/verdadeon.com.br\/portal\/#\/schema\/person\/8994718f49ee62ba5610471e29ca1f62\",\"name\":\"Fernando Calixto\",\"image\":{\"@type\":\"ImageObject\",\"inLanguage\":\"pt-BR\",\"@id\":\"https:\/\/verdadeon.com.br\/portal\/#\/schema\/person\/image\/\",\"url\":\"https:\/\/secure.gravatar.com\/avatar\/7578910c24966c0316c340f9dbd601e93ee9f9212e1033968b367af9306bd9fb?s=96&d=mm&r=g\",\"contentUrl\":\"https:\/\/secure.gravatar.com\/avatar\/7578910c24966c0316c340f9dbd601e93ee9f9212e1033968b367af9306bd9fb?s=96&d=mm&r=g\",\"caption\":\"Fernando Calixto\"},\"url\":\"https:\/\/verdadeon.com.br\/portal\/author\/fernando-calixto\/\"}]}<\/script>\n<!-- \/ Yoast SEO plugin. -->","yoast_head_json":{"title":"EDITAL DE CONVOCACAO PARA ASSEMBLEIA EXTRAORDINARIA - VerdadeOn","robots":{"index":"index","follow":"follow","max-snippet":"max-snippet:-1","max-image-preview":"max-image-preview:large","max-video-preview":"max-video-preview:-1"},"canonical":"https:\/\/verdadeon.com.br\/portal\/2022\/01\/05\/edital-de-convocacao-para-assembleia-extraordinaria\/","og_locale":"pt_BR","og_type":"article","og_title":"EDITAL DE CONVOCACAO PARA ASSEMBLEIA EXTRAORDINARIA - VerdadeOn","og_description":"COINESAFRA COOPERATIVA INDEPENDENTE DOS ENSACADORES DE FRANCA CNPJ: 29.331.273\/0001-09 RUA PADRE CONRADO, 585 \u2013 VILA SANTOS DUMONT &#8211; FRANCA\/SP &#8211; O vice-presidente em exerc\u00edcio da Coinesafra [\u2026]","og_url":"https:\/\/verdadeon.com.br\/portal\/2022\/01\/05\/edital-de-convocacao-para-assembleia-extraordinaria\/","og_site_name":"VerdadeOn","article_published_time":"2022-01-05T16:18:35+00:00","author":"Fernando Calixto","twitter_card":"summary_large_image","twitter_misc":{"Escrito por":"Fernando Calixto","Est. tempo de leitura":"1 minuto"},"schema":{"@context":"https:\/\/schema.org","@graph":[{"@type":"WebPage","@id":"https:\/\/verdadeon.com.br\/portal\/2022\/01\/05\/edital-de-convocacao-para-assembleia-extraordinaria\/","url":"https:\/\/verdadeon.com.br\/portal\/2022\/01\/05\/edital-de-convocacao-para-assembleia-extraordinaria\/","name":"EDITAL DE CONVOCACAO PARA ASSEMBLEIA EXTRAORDINARIA - VerdadeOn","isPartOf":{"@id":"https:\/\/verdadeon.com.br\/portal\/#website"},"datePublished":"2022-01-05T16:18:35+00:00","author":{"@id":"https:\/\/verdadeon.com.br\/portal\/#\/schema\/person\/8994718f49ee62ba5610471e29ca1f62"},"breadcrumb":{"@id":"https:\/\/verdadeon.com.br\/portal\/2022\/01\/05\/edital-de-convocacao-para-assembleia-extraordinaria\/#breadcrumb"},"inLanguage":"pt-BR","potentialAction":[{"@type":"ReadAction","target":["https:\/\/verdadeon.com.br\/portal\/2022\/01\/05\/edital-de-convocacao-para-assembleia-extraordinaria\/"]}]},{"@type":"BreadcrumbList","@id":"https:\/\/verdadeon.com.br\/portal\/2022\/01\/05\/edital-de-convocacao-para-assembleia-extraordinaria\/#breadcrumb","itemListElement":[{"@type":"ListItem","position":1,"name":"In\u00edcio","item":"https:\/\/verdadeon.com.br\/portal\/"},{"@type":"ListItem","position":2,"name":"EDITAL DE CONVOCACAO PARA ASSEMBLEIA EXTRAORDINARIA"}]},{"@type":"WebSite","@id":"https:\/\/verdadeon.com.br\/portal\/#website","url":"https:\/\/verdadeon.com.br\/portal\/","name":"VerdadeOn","description":"Not\u00edcias di\u00e1rias sobre Franca, Regi\u00e3o, Esporte, Cultura, Cotidiano, Colunas. Cobertura nos principais eventos da cidade \u00e9 aqui - Verdadeon Franca","potentialAction":[{"@type":"SearchAction","target":{"@type":"EntryPoint","urlTemplate":"https:\/\/verdadeon.com.br\/portal\/?s={search_term_string}"},"query-input":{"@type":"PropertyValueSpecification","valueRequired":true,"valueName":"search_term_string"}}],"inLanguage":"pt-BR"},{"@type":"Person","@id":"https:\/\/verdadeon.com.br\/portal\/#\/schema\/person\/8994718f49ee62ba5610471e29ca1f62","name":"Fernando Calixto","image":{"@type":"ImageObject","inLanguage":"pt-BR","@id":"https:\/\/verdadeon.com.br\/portal\/#\/schema\/person\/image\/","url":"https:\/\/secure.gravatar.com\/avatar\/7578910c24966c0316c340f9dbd601e93ee9f9212e1033968b367af9306bd9fb?s=96&d=mm&r=g","contentUrl":"https:\/\/secure.gravatar.com\/avatar\/7578910c24966c0316c340f9dbd601e93ee9f9212e1033968b367af9306bd9fb?s=96&d=mm&r=g","caption":"Fernando Calixto"},"url":"https:\/\/verdadeon.com.br\/portal\/author\/fernando-calixto\/"}]}},"jetpack_publicize_connections":[],"jetpack_featured_media_url":"","jetpack_sharing_enabled":true,"_links":{"self":[{"href":"https:\/\/verdadeon.com.br\/portal\/wp-json\/wp\/v2\/posts\/22070","targetHints":{"allow":["GET"]}}],"collection":[{"href":"https:\/\/verdadeon.com.br\/portal\/wp-json\/wp\/v2\/posts"}],"about":[{"href":"https:\/\/verdadeon.com.br\/portal\/wp-json\/wp\/v2\/types\/post"}],"author":[{"embeddable":true,"href":"https:\/\/verdadeon.com.br\/portal\/wp-json\/wp\/v2\/users\/4"}],"replies":[{"embeddable":true,"href":"https:\/\/verdadeon.com.br\/portal\/wp-json\/wp\/v2\/comments?post=22070"}],"version-history":[{"count":1,"href":"https:\/\/verdadeon.com.br\/portal\/wp-json\/wp\/v2\/posts\/22070\/revisions"}],"predecessor-version":[{"id":22071,"href":"https:\/\/verdadeon.com.br\/portal\/wp-json\/wp\/v2\/posts\/22070\/revisions\/22071"}],"wp:attachment":[{"href":"https:\/\/verdadeon.com.br\/portal\/wp-json\/wp\/v2\/media?parent=22070"}],"wp:term":[{"taxonomy":"category","embeddable":true,"href":"https:\/\/verdadeon.com.br\/portal\/wp-json\/wp\/v2\/categories?post=22070"},{"taxonomy":"post_tag","embeddable":true,"href":"https:\/\/verdadeon.com.br\/portal\/wp-json\/wp\/v2\/tags?post=22070"}],"curies":[{"name":"wp","href":"https:\/\/api.w.org\/{rel}","templated":true}]}}