{"id":22060,"date":"2022-01-04T17:31:29","date_gmt":"2022-01-04T20:31:29","guid":{"rendered":"https:\/\/verdadeon.com.br\/portal\/?p=22060"},"modified":"2022-01-04T17:29:56","modified_gmt":"2022-01-04T20:29:56","slug":"acif-programa-cursos-sobre-vendas-rh-financas-e-lideranca","status":"publish","type":"post","link":"https:\/\/verdadeon.com.br\/portal\/2022\/01\/04\/acif-programa-cursos-sobre-vendas-rh-financas-e-lideranca\/","title":{"rendered":"Acif programa cursos sobre vendas, RH, finan\u00e7as e lideran\u00e7a"},"content":{"rendered":"<h2><span style=\"font-weight: 400;\">Associa\u00e7\u00e3o divulgou calend\u00e1rio de cursos para o 1\u00ba trimestre de 2022; in<\/span><span style=\"font-weight: 400;\">scri\u00e7\u00f5es est\u00e3o abertas<\/span><span style=\"font-weight: 400;\">\u00a0<\/span><\/h2>\n<p>&nbsp;<\/p>\n<p><span style=\"font-weight: 400;\">A Acif (Associa\u00e7\u00e3o do Com\u00e9rcio e Ind\u00fastria de Franca), por meio de seu Departamento de Desenvolvimento Empresarial, divulgou um calend\u00e1rio de cursos para o 1\u00ba trimestre de 2022 e as inscri\u00e7\u00f5es j\u00e1 est\u00e3o abertas. \u201cTeremos treinamentos abertos a lideran\u00e7as, vendas, para as \u00e1reas de RH, atendimento, finan\u00e7as\u201d, conta a coordenadora de Desenvolvimento Empresarial da Acif, Danila Sart\u00f3rio. \u201cSe voc\u00ea quer come\u00e7ar o ano de uma forma diferente, se qualificando e se preparando para um mercado que tende a se aquecer, venha falar com gente\u201d, diz.<\/span><\/p>\n<p><span style=\"font-weight: 400;\">As oportunidades contemplam as Escolas \u201cPr\u00e1tica de Neg\u00f3cios\u201d, \u201cde L\u00edderes\u201d e \u201cde Vendas\u201d, al\u00e9m de forma\u00e7\u00e3o de consultores, RH e muito mais. Confira:<\/span><\/p>\n<p><b>Forma\u00e7\u00e3o de consultores \u2013<\/b><span style=\"font-weight: 400;\"> O curso oferece qualifica\u00e7\u00e3o para quem deseja se tornar um consultor empresarial e facilitador de treinamentos. Sua grade conta com conte\u00fados voltados para as compet\u00eancias fundamentais, mapeamento do ambiente de consultoria, identifica\u00e7\u00e3o de cliente em potencial, prepara\u00e7\u00e3o de reuni\u00f5es de impacto e etc. A carga hor\u00e1ria \u00e9 de 24h e as aulas ter\u00e3o in\u00edcio em 10 de janeiro.<\/span><\/p>\n<p><b>RH na Pr\u00e1tica &#8211;<\/b><span style=\"font-weight: 400;\"> Voltado para profissionais de RH, lideran\u00e7as em geral, estudantes, psic\u00f3logos organizacionais e pessoas interessadas no tema, o curso visa oferecer as ferramentas necess\u00e1rias para a implanta\u00e7\u00e3o ou reestrutura\u00e7\u00e3o da \u00e1rea de recursos humanos na empresa, como: pesquisa de clima, manual do colaborador, organograma, descritivo de cargos e fun\u00e7\u00f5es e muito mais. A carga hor\u00e1ria \u00e9 de 22h e as aulas ter\u00e3o in\u00edcio em 25 de janeiro.<\/span><\/p>\n<p><b>Gest\u00e3o Financeira \u2013<\/b><span style=\"font-weight: 400;\"> A qualifica\u00e7\u00e3o vai abordar o nivelamento da gest\u00e3o financeira, investimentos, oportunidades, al\u00e9m de organiza\u00e7\u00e3o das finan\u00e7as empresariais e pessoais, bem como redu\u00e7\u00e3o de custos e perspectivas para 2022. A carga hor\u00e1ria \u00e9 de 8h e as aulas ter\u00e3o in\u00edcio em 7 de fevereiro.<\/span><\/p>\n<p><b>Escola de Vendas &#8211;<\/b><span style=\"font-weight: 400;\"> curso de extens\u00e3o realizado em parceria com o Senac e que conta com proposta inovadora voltado para as \u00e1reas de atendimento e vendas. Sua grade de conte\u00fados abrange ferramentas e habilidades como o Funil de Vendas, etapas do processo de vendas, jornada do cliente e experi\u00eancia de compra, bem como comunica\u00e7\u00e3o assertiva. A carga hor\u00e1ria \u00e9 de 48 horas e as aulas ter\u00e3o in\u00edcio em 14 de fevereiro.<\/span><\/p>\n<p><b>Orat\u00f3ria \u2013<\/b><span style=\"font-weight: 400;\"> A proposta \u00e9 qualificar empres\u00e1rios, lideran\u00e7as, colaboradores e demais interessados em aprender a lidar com o medo de falar em p\u00fablico, com o \u201cbranco\u201d, bem como entender como usar corretamente o corpo e a voz, a se preparar para as apresenta\u00e7\u00f5es, dentre outras ferramentas. A carga hor\u00e1ria \u00e9 de 24h e as aulas ter\u00e3o in\u00edcio em 21 de fevereiro.<\/span><\/p>\n<p><b>Escola de L\u00edderes<\/b> <b>&#8211; <\/b><span style=\"font-weight: 400;\">curso de extens\u00e3o realizado em parceria com o Uni-Facef voltado para profissionais em cargos estrat\u00e9gicos que conta com grade extensa sobre gest\u00e3o de vendas, m\u00eddias digitais e inova\u00e7\u00e3o. O conte\u00fado abranger\u00e1 temas como estrutura geral da venda (compra, pre\u00e7o, exposi\u00e7\u00e3o at\u00e9 o p\u00f3s vendas), planejamento, t\u00e9cnicas para vendas f\u00edsicas e online e muito mais. A carga hor\u00e1ria \u00e9 de 48 horas e as aulas ter\u00e3o in\u00edcio em 15 de mar\u00e7o.<\/span><\/p>\n<p><b>Escola Pr\u00e1tica de Neg\u00f3cios &#8211;<\/b><span style=\"font-weight: 400;\"> forma\u00e7\u00e3o educacional estruturada pela Acif e Uni-Facef voltada para gest\u00e3o empresarial. Aprovado pelo MEC, o curso \u00e9 ministrado por mestres e doutores e pode ser cursado por quem j\u00e1 tem gradua\u00e7\u00e3o, bem como por quem n\u00e3o tem. A diferen\u00e7a \u00e9 que, no primeiro caso, o aluno recebe um certificado em p\u00f3s-gradua\u00e7\u00e3o e, no segundo, de conclus\u00e3o do curso. As aulas ter\u00e3o in\u00edcio em 16 de mar\u00e7o.<\/span><\/p>\n<p><span style=\"font-weight: 400;\">Os interessados em se inscreverem nos cursos apresentados ou obter mais informa\u00e7\u00f5es devem entrar em contato com a Acif pelos telefones (16) 3711-1722 e 9 9187-6239. As vagas s\u00e3o limitadas.<\/span><\/p>\n","protected":false},"excerpt":{"rendered":"<p>Associa\u00e7\u00e3o divulgou calend\u00e1rio de cursos para o 1\u00ba trimestre de 2022; inscri\u00e7\u00f5es est\u00e3o abertas\u00a0 &nbsp; A Acif (Associa\u00e7\u00e3o do Com\u00e9rcio e Ind\u00fastria de Franca), por meio<span class=\"excerpt-hellip\"> [\u2026]<\/span><\/p>\n","protected":false},"author":10,"featured_media":0,"comment_status":"open","ping_status":"open","sticky":false,"template":"","format":"standard","meta":{"_jetpack_memberships_contains_paid_content":false,"footnotes":"","jetpack_publicize_message":"","jetpack_publicize_feature_enabled":true,"jetpack_social_post_already_shared":false,"jetpack_social_options":{"image_generator_settings":{"template":"highway","default_image_id":0,"enabled":false},"version":2}},"categories":[28,44],"tags":[],"class_list":["post-22060","post","type-post","status-publish","format-standard","hentry","category-cotidiano","category-noticias"],"yoast_head":"<!-- This site is optimized with the Yoast SEO plugin v25.6 - https:\/\/yoast.com\/wordpress\/plugins\/seo\/ -->\n<title>Acif programa cursos sobre vendas, RH, finan\u00e7as e lideran\u00e7a - VerdadeOn<\/title>\n<meta name=\"robots\" content=\"index, follow, max-snippet:-1, max-image-preview:large, max-video-preview:-1\" \/>\n<link rel=\"canonical\" href=\"https:\/\/verdadeon.com.br\/portal\/2022\/01\/04\/acif-programa-cursos-sobre-vendas-rh-financas-e-lideranca\/\" \/>\n<meta property=\"og:locale\" content=\"pt_BR\" \/>\n<meta property=\"og:type\" content=\"article\" \/>\n<meta property=\"og:title\" content=\"Acif programa cursos sobre vendas, RH, finan\u00e7as e lideran\u00e7a - VerdadeOn\" \/>\n<meta property=\"og:description\" content=\"Associa\u00e7\u00e3o divulgou calend\u00e1rio de cursos para o 1\u00ba trimestre de 2022; inscri\u00e7\u00f5es est\u00e3o abertas\u00a0 &nbsp; A Acif (Associa\u00e7\u00e3o do Com\u00e9rcio e Ind\u00fastria de Franca), por meio [\u2026]\" \/>\n<meta property=\"og:url\" content=\"https:\/\/verdadeon.com.br\/portal\/2022\/01\/04\/acif-programa-cursos-sobre-vendas-rh-financas-e-lideranca\/\" \/>\n<meta property=\"og:site_name\" content=\"VerdadeOn\" \/>\n<meta property=\"article:published_time\" content=\"2022-01-04T20:31:29+00:00\" \/>\n<meta property=\"og:image\" content=\"https:\/\/verdadeon.com.br\/portal\/wp-content\/uploads\/2022\/01\/Danila-Sartorio-01.png\" \/>\n\t<meta property=\"og:image:width\" content=\"1000\" \/>\n\t<meta property=\"og:image:height\" content=\"670\" \/>\n\t<meta property=\"og:image:type\" content=\"image\/png\" \/>\n<meta name=\"author\" content=\"Redacao VerdadeOn\" \/>\n<meta name=\"twitter:card\" content=\"summary_large_image\" \/>\n<meta name=\"twitter:label1\" content=\"Escrito por\" \/>\n\t<meta name=\"twitter:data1\" content=\"Redacao VerdadeOn\" \/>\n\t<meta name=\"twitter:label2\" content=\"Est. tempo de leitura\" \/>\n\t<meta name=\"twitter:data2\" content=\"3 minutos\" \/>\n<script type=\"application\/ld+json\" class=\"yoast-schema-graph\">{\"@context\":\"https:\/\/schema.org\",\"@graph\":[{\"@type\":\"WebPage\",\"@id\":\"https:\/\/verdadeon.com.br\/portal\/2022\/01\/04\/acif-programa-cursos-sobre-vendas-rh-financas-e-lideranca\/\",\"url\":\"https:\/\/verdadeon.com.br\/portal\/2022\/01\/04\/acif-programa-cursos-sobre-vendas-rh-financas-e-lideranca\/\",\"name\":\"Acif programa cursos sobre vendas, RH, finan\u00e7as e lideran\u00e7a - VerdadeOn\",\"isPartOf\":{\"@id\":\"https:\/\/verdadeon.com.br\/portal\/#website\"},\"datePublished\":\"2022-01-04T20:31:29+00:00\",\"author\":{\"@id\":\"https:\/\/verdadeon.com.br\/portal\/#\/schema\/person\/a5060ad1e9ea3df545188fc93ce43d2f\"},\"breadcrumb\":{\"@id\":\"https:\/\/verdadeon.com.br\/portal\/2022\/01\/04\/acif-programa-cursos-sobre-vendas-rh-financas-e-lideranca\/#breadcrumb\"},\"inLanguage\":\"pt-BR\",\"potentialAction\":[{\"@type\":\"ReadAction\",\"target\":[\"https:\/\/verdadeon.com.br\/portal\/2022\/01\/04\/acif-programa-cursos-sobre-vendas-rh-financas-e-lideranca\/\"]}]},{\"@type\":\"BreadcrumbList\",\"@id\":\"https:\/\/verdadeon.com.br\/portal\/2022\/01\/04\/acif-programa-cursos-sobre-vendas-rh-financas-e-lideranca\/#breadcrumb\",\"itemListElement\":[{\"@type\":\"ListItem\",\"position\":1,\"name\":\"In\u00edcio\",\"item\":\"https:\/\/verdadeon.com.br\/portal\/\"},{\"@type\":\"ListItem\",\"position\":2,\"name\":\"Acif programa cursos sobre vendas, RH, finan\u00e7as e lideran\u00e7a\"}]},{\"@type\":\"WebSite\",\"@id\":\"https:\/\/verdadeon.com.br\/portal\/#website\",\"url\":\"https:\/\/verdadeon.com.br\/portal\/\",\"name\":\"VerdadeOn\",\"description\":\"Not\u00edcias di\u00e1rias sobre Franca, Regi\u00e3o, Esporte, Cultura, Cotidiano, Colunas. Cobertura nos principais eventos da cidade \u00e9 aqui - Verdadeon Franca\",\"potentialAction\":[{\"@type\":\"SearchAction\",\"target\":{\"@type\":\"EntryPoint\",\"urlTemplate\":\"https:\/\/verdadeon.com.br\/portal\/?s={search_term_string}\"},\"query-input\":{\"@type\":\"PropertyValueSpecification\",\"valueRequired\":true,\"valueName\":\"search_term_string\"}}],\"inLanguage\":\"pt-BR\"},{\"@type\":\"Person\",\"@id\":\"https:\/\/verdadeon.com.br\/portal\/#\/schema\/person\/a5060ad1e9ea3df545188fc93ce43d2f\",\"name\":\"Redacao VerdadeOn\",\"image\":{\"@type\":\"ImageObject\",\"inLanguage\":\"pt-BR\",\"@id\":\"https:\/\/verdadeon.com.br\/portal\/#\/schema\/person\/image\/\",\"url\":\"https:\/\/secure.gravatar.com\/avatar\/459a9613caaaf07f582c3d0841eea68bdd66f533e465e6ba8b9cb45619572cf4?s=96&d=mm&r=g\",\"contentUrl\":\"https:\/\/secure.gravatar.com\/avatar\/459a9613caaaf07f582c3d0841eea68bdd66f533e465e6ba8b9cb45619572cf4?s=96&d=mm&r=g\",\"caption\":\"Redacao VerdadeOn\"},\"url\":\"https:\/\/verdadeon.com.br\/portal\/author\/redacao\/\"}]}<\/script>\n<!-- \/ Yoast SEO plugin. -->","yoast_head_json":{"title":"Acif programa cursos sobre vendas, RH, finan\u00e7as e lideran\u00e7a - VerdadeOn","robots":{"index":"index","follow":"follow","max-snippet":"max-snippet:-1","max-image-preview":"max-image-preview:large","max-video-preview":"max-video-preview:-1"},"canonical":"https:\/\/verdadeon.com.br\/portal\/2022\/01\/04\/acif-programa-cursos-sobre-vendas-rh-financas-e-lideranca\/","og_locale":"pt_BR","og_type":"article","og_title":"Acif programa cursos sobre vendas, RH, finan\u00e7as e lideran\u00e7a - VerdadeOn","og_description":"Associa\u00e7\u00e3o divulgou calend\u00e1rio de cursos para o 1\u00ba trimestre de 2022; inscri\u00e7\u00f5es est\u00e3o abertas\u00a0 &nbsp; A Acif (Associa\u00e7\u00e3o do Com\u00e9rcio e Ind\u00fastria de Franca), por meio [\u2026]","og_url":"https:\/\/verdadeon.com.br\/portal\/2022\/01\/04\/acif-programa-cursos-sobre-vendas-rh-financas-e-lideranca\/","og_site_name":"VerdadeOn","article_published_time":"2022-01-04T20:31:29+00:00","og_image":[{"width":1000,"height":670,"url":"https:\/\/verdadeon.com.br\/portal\/wp-content\/uploads\/2022\/01\/Danila-Sartorio-01.png","type":"image\/png"}],"author":"Redacao VerdadeOn","twitter_card":"summary_large_image","twitter_misc":{"Escrito por":"Redacao VerdadeOn","Est. tempo de leitura":"3 minutos"},"schema":{"@context":"https:\/\/schema.org","@graph":[{"@type":"WebPage","@id":"https:\/\/verdadeon.com.br\/portal\/2022\/01\/04\/acif-programa-cursos-sobre-vendas-rh-financas-e-lideranca\/","url":"https:\/\/verdadeon.com.br\/portal\/2022\/01\/04\/acif-programa-cursos-sobre-vendas-rh-financas-e-lideranca\/","name":"Acif programa cursos sobre vendas, RH, finan\u00e7as e lideran\u00e7a - VerdadeOn","isPartOf":{"@id":"https:\/\/verdadeon.com.br\/portal\/#website"},"datePublished":"2022-01-04T20:31:29+00:00","author":{"@id":"https:\/\/verdadeon.com.br\/portal\/#\/schema\/person\/a5060ad1e9ea3df545188fc93ce43d2f"},"breadcrumb":{"@id":"https:\/\/verdadeon.com.br\/portal\/2022\/01\/04\/acif-programa-cursos-sobre-vendas-rh-financas-e-lideranca\/#breadcrumb"},"inLanguage":"pt-BR","potentialAction":[{"@type":"ReadAction","target":["https:\/\/verdadeon.com.br\/portal\/2022\/01\/04\/acif-programa-cursos-sobre-vendas-rh-financas-e-lideranca\/"]}]},{"@type":"BreadcrumbList","@id":"https:\/\/verdadeon.com.br\/portal\/2022\/01\/04\/acif-programa-cursos-sobre-vendas-rh-financas-e-lideranca\/#breadcrumb","itemListElement":[{"@type":"ListItem","position":1,"name":"In\u00edcio","item":"https:\/\/verdadeon.com.br\/portal\/"},{"@type":"ListItem","position":2,"name":"Acif programa cursos sobre vendas, RH, finan\u00e7as e lideran\u00e7a"}]},{"@type":"WebSite","@id":"https:\/\/verdadeon.com.br\/portal\/#website","url":"https:\/\/verdadeon.com.br\/portal\/","name":"VerdadeOn","description":"Not\u00edcias di\u00e1rias sobre Franca, Regi\u00e3o, Esporte, Cultura, Cotidiano, Colunas. Cobertura nos principais eventos da cidade \u00e9 aqui - Verdadeon Franca","potentialAction":[{"@type":"SearchAction","target":{"@type":"EntryPoint","urlTemplate":"https:\/\/verdadeon.com.br\/portal\/?s={search_term_string}"},"query-input":{"@type":"PropertyValueSpecification","valueRequired":true,"valueName":"search_term_string"}}],"inLanguage":"pt-BR"},{"@type":"Person","@id":"https:\/\/verdadeon.com.br\/portal\/#\/schema\/person\/a5060ad1e9ea3df545188fc93ce43d2f","name":"Redacao VerdadeOn","image":{"@type":"ImageObject","inLanguage":"pt-BR","@id":"https:\/\/verdadeon.com.br\/portal\/#\/schema\/person\/image\/","url":"https:\/\/secure.gravatar.com\/avatar\/459a9613caaaf07f582c3d0841eea68bdd66f533e465e6ba8b9cb45619572cf4?s=96&d=mm&r=g","contentUrl":"https:\/\/secure.gravatar.com\/avatar\/459a9613caaaf07f582c3d0841eea68bdd66f533e465e6ba8b9cb45619572cf4?s=96&d=mm&r=g","caption":"Redacao VerdadeOn"},"url":"https:\/\/verdadeon.com.br\/portal\/author\/redacao\/"}]}},"jetpack_publicize_connections":[],"jetpack_featured_media_url":"","jetpack_sharing_enabled":true,"_links":{"self":[{"href":"https:\/\/verdadeon.com.br\/portal\/wp-json\/wp\/v2\/posts\/22060","targetHints":{"allow":["GET"]}}],"collection":[{"href":"https:\/\/verdadeon.com.br\/portal\/wp-json\/wp\/v2\/posts"}],"about":[{"href":"https:\/\/verdadeon.com.br\/portal\/wp-json\/wp\/v2\/types\/post"}],"author":[{"embeddable":true,"href":"https:\/\/verdadeon.com.br\/portal\/wp-json\/wp\/v2\/users\/10"}],"replies":[{"embeddable":true,"href":"https:\/\/verdadeon.com.br\/portal\/wp-json\/wp\/v2\/comments?post=22060"}],"version-history":[{"count":1,"href":"https:\/\/verdadeon.com.br\/portal\/wp-json\/wp\/v2\/posts\/22060\/revisions"}],"predecessor-version":[{"id":22062,"href":"https:\/\/verdadeon.com.br\/portal\/wp-json\/wp\/v2\/posts\/22060\/revisions\/22062"}],"wp:attachment":[{"href":"https:\/\/verdadeon.com.br\/portal\/wp-json\/wp\/v2\/media?parent=22060"}],"wp:term":[{"taxonomy":"category","embeddable":true,"href":"https:\/\/verdadeon.com.br\/portal\/wp-json\/wp\/v2\/categories?post=22060"},{"taxonomy":"post_tag","embeddable":true,"href":"https:\/\/verdadeon.com.br\/portal\/wp-json\/wp\/v2\/tags?post=22060"}],"curies":[{"name":"wp","href":"https:\/\/api.w.org\/{rel}","templated":true}]}}