{"id":22057,"date":"2022-01-04T14:00:18","date_gmt":"2022-01-04T17:00:18","guid":{"rendered":"https:\/\/verdadeon.com.br\/portal\/?p=22057"},"modified":"2022-01-04T16:54:22","modified_gmt":"2022-01-04T19:54:22","slug":"entenda-as-principais-mudancas-na-aposentadoria-em-2022","status":"publish","type":"post","link":"https:\/\/verdadeon.com.br\/portal\/2022\/01\/04\/entenda-as-principais-mudancas-na-aposentadoria-em-2022\/","title":{"rendered":"Entenda as principais mudan\u00e7as na aposentadoria em 2022"},"content":{"rendered":"<h2><span style=\"font-weight: 400;\">Reforma da Previd\u00eancia estabelece regras autom\u00e1ticas de transi\u00e7\u00e3o<\/span><\/h2>\n<p>&nbsp;<\/p>\n<p><span style=\"font-weight: 400;\">Quem est\u00e1 prestes a se aposentar precisa estar atento. A reforma da Previd\u00eancia estabeleceu regras autom\u00e1ticas de transi\u00e7\u00e3o, que mudam a concess\u00e3o de benef\u00edcios a cada ano.<\/span><\/p>\n<p><span style=\"font-weight: 400;\">A pontua\u00e7\u00e3o para a aposentadoria por tempo de contribui\u00e7\u00e3o e por idade sofreu altera\u00e7\u00f5es. Confira abaixo as mudan\u00e7as que come\u00e7am a vigorar neste ano.<\/span><\/p>\n<h4><span style=\"font-weight: 400;\">Aposentadoria por idade<\/span><\/h4>\n<p><span style=\"font-weight: 400;\">A regra de transi\u00e7\u00e3o estabelece o acr\u00e9scimo de seis meses a cada ano para as mulheres, at\u00e9 chegar a 62 anos em 2023. Na promulga\u00e7\u00e3o da reforma da Previd\u00eancia, em novembro de 2019, a idade m\u00ednima estava em 60 anos, passando para 60 anos e meio em janeiro de 2020. Em janeiro de 2021, a idade m\u00ednima para aposentadoria das mulheres aumentou para 61 anos. Agora, est\u00e1 em 61 anos e meio em 2022.<\/span><\/p>\n<p><span style=\"font-weight: 400;\">Para homens, a idade m\u00ednima est\u00e1 fixada em 65 anos desde 2019. Para ambos os sexos, o tempo m\u00ednimo de contribui\u00e7\u00e3o exigido est\u00e1 em 15 anos.<\/span><\/p>\n<h4><span style=\"font-weight: 400;\">Aposentadoria por tempo de contribui\u00e7\u00e3o<\/span><\/h4>\n<p><span style=\"font-weight: 400;\">A reforma da Previd\u00eancia estabeleceu quatro regras de transi\u00e7\u00e3o, das quais duas previram modifica\u00e7\u00f5es na virada de 2021 para 2022. Na primeira regra, que estabelece um cronograma de transi\u00e7\u00e3o para a regra 86\/96, a pontua\u00e7\u00e3o composta pela soma da idade e dos anos de contribui\u00e7\u00e3o subiu em janeiro: para 89 pontos (mulheres) e 99 pontos (homens).<\/span><\/p>\n<p><span style=\"font-weight: 400;\">Na segunda regra, que prev\u00ea idade m\u00ednima mais baixa para quem tem longo tempo de contribui\u00e7\u00e3o, a idade m\u00ednima para requerer o benef\u00edcio passou para 57 anos e meio (mulheres) e 62 anos e meio (homens). A reforma da Previd\u00eancia acrescenta seis meses \u00e0s idades m\u00ednimas a cada ano at\u00e9 atingirem 62 anos (mulheres) e 65 anos (homens) em 2031. Nos dois casos, o tempo m\u00ednimo de contribui\u00e7\u00e3o exigido \u00e9 30 anos para as mulheres e 35 anos para homens.<\/span><\/p>\n<h4><span style=\"font-weight: 400;\">Pens\u00e3o por morte<\/span><\/h4>\n<p><span style=\"font-weight: 400;\">Depois de mudar em 2021, o tempo de recebimento do benef\u00edcio ficar\u00e1 inalterado em 2022. Segundo a <\/span><a href=\"http:\/\/www.planalto.gov.br\/ccivil_03\/_ato2015-2018\/2015\/lei\/l13135.htm\"><b>Lei 13.135<\/b><\/a><span style=\"font-weight: 400;\">, de 2015, a cada tr\u00eas anos, um ano \u00e9 acrescido nas faixas et\u00e1rias estabelecidas por portaria do governo federal editada em 2015. Como a \u00faltima altera\u00e7\u00e3o ocorreu em 2021, as idades m\u00ednimas dos pensionistas s\u00f3 voltar\u00e3o a aumentar em 2024.<\/span><\/p>\n<p><span style=\"font-weight: 400;\">Atualmente, o pensionista com menos de 22 anos de idade receber\u00e1 a pens\u00e3o por at\u00e9 tr\u00eas anos. O intervalo sobe para seis anos para pensionistas de 22 a 27 anos, 10 anos para pensionistas de 28 a 30 anos, 15 anos para pensionistas de 31 a 41 anos e 20 anos para pensionistas de 42 a 44 anos. Somente a partir de 45 anos, a pens\u00e3o passa a ser vital\u00edcia.<\/span><\/p>\n<p><span style=\"font-weight: 400;\">A medida vale para os novos pensionistas. Benefici\u00e1rios antigos est\u00e3o com direito adquirido.<\/span><\/p>\n<p>&nbsp;<\/p>\n<p><span style=\"font-weight: 400;\">Fonte: Ag\u00eancia Brasil<\/span><\/p>\n","protected":false},"excerpt":{"rendered":"<p>Reforma da Previd\u00eancia estabelece regras autom\u00e1ticas de transi\u00e7\u00e3o &nbsp; Quem est\u00e1 prestes a se aposentar precisa estar atento. A reforma da Previd\u00eancia estabeleceu regras autom\u00e1ticas de<span class=\"excerpt-hellip\"> [\u2026]<\/span><\/p>\n","protected":false},"author":10,"featured_media":22058,"comment_status":"open","ping_status":"open","sticky":false,"template":"","format":"standard","meta":{"_jetpack_memberships_contains_paid_content":false,"footnotes":"","jetpack_publicize_message":"","jetpack_publicize_feature_enabled":true,"jetpack_social_post_already_shared":false,"jetpack_social_options":{"image_generator_settings":{"template":"highway","default_image_id":0,"enabled":false},"version":2}},"categories":[28,81],"tags":[],"class_list":["post-22057","post","type-post","status-publish","format-standard","has-post-thumbnail","hentry","category-cotidiano","category-manchete"],"yoast_head":"<!-- This site is optimized with the Yoast SEO plugin v25.6 - https:\/\/yoast.com\/wordpress\/plugins\/seo\/ -->\n<title>Entenda as principais mudan\u00e7as na aposentadoria em 2022 - VerdadeOn<\/title>\n<meta name=\"robots\" content=\"index, follow, max-snippet:-1, max-image-preview:large, max-video-preview:-1\" \/>\n<link rel=\"canonical\" href=\"https:\/\/verdadeon.com.br\/portal\/2022\/01\/04\/entenda-as-principais-mudancas-na-aposentadoria-em-2022\/\" \/>\n<meta property=\"og:locale\" content=\"pt_BR\" \/>\n<meta property=\"og:type\" content=\"article\" \/>\n<meta property=\"og:title\" content=\"Entenda as principais mudan\u00e7as na aposentadoria em 2022 - VerdadeOn\" \/>\n<meta property=\"og:description\" content=\"Reforma da Previd\u00eancia estabelece regras autom\u00e1ticas de transi\u00e7\u00e3o &nbsp; Quem est\u00e1 prestes a se aposentar precisa estar atento. A reforma da Previd\u00eancia estabeleceu regras autom\u00e1ticas de [\u2026]\" \/>\n<meta property=\"og:url\" content=\"https:\/\/verdadeon.com.br\/portal\/2022\/01\/04\/entenda-as-principais-mudancas-na-aposentadoria-em-2022\/\" \/>\n<meta property=\"og:site_name\" content=\"VerdadeOn\" \/>\n<meta property=\"article:published_time\" content=\"2022-01-04T17:00:18+00:00\" \/>\n<meta property=\"article:modified_time\" content=\"2022-01-04T19:54:22+00:00\" \/>\n<meta property=\"og:image\" content=\"https:\/\/verdadeon.com.br\/portal\/wp-content\/uploads\/2022\/01\/mc_previdencia_socialsantos_fc2108200888.jpg\" \/>\n\t<meta property=\"og:image:width\" content=\"1000\" \/>\n\t<meta property=\"og:image:height\" content=\"670\" \/>\n\t<meta property=\"og:image:type\" content=\"image\/jpeg\" \/>\n<meta name=\"author\" content=\"Redacao VerdadeOn\" \/>\n<meta name=\"twitter:card\" content=\"summary_large_image\" \/>\n<meta name=\"twitter:label1\" content=\"Escrito por\" \/>\n\t<meta name=\"twitter:data1\" content=\"Redacao VerdadeOn\" \/>\n\t<meta name=\"twitter:label2\" content=\"Est. tempo de leitura\" \/>\n\t<meta name=\"twitter:data2\" content=\"2 minutos\" \/>\n<script type=\"application\/ld+json\" class=\"yoast-schema-graph\">{\"@context\":\"https:\/\/schema.org\",\"@graph\":[{\"@type\":\"WebPage\",\"@id\":\"https:\/\/verdadeon.com.br\/portal\/2022\/01\/04\/entenda-as-principais-mudancas-na-aposentadoria-em-2022\/\",\"url\":\"https:\/\/verdadeon.com.br\/portal\/2022\/01\/04\/entenda-as-principais-mudancas-na-aposentadoria-em-2022\/\",\"name\":\"Entenda as principais mudan\u00e7as na aposentadoria em 2022 - VerdadeOn\",\"isPartOf\":{\"@id\":\"https:\/\/verdadeon.com.br\/portal\/#website\"},\"primaryImageOfPage\":{\"@id\":\"https:\/\/verdadeon.com.br\/portal\/2022\/01\/04\/entenda-as-principais-mudancas-na-aposentadoria-em-2022\/#primaryimage\"},\"image\":{\"@id\":\"https:\/\/verdadeon.com.br\/portal\/2022\/01\/04\/entenda-as-principais-mudancas-na-aposentadoria-em-2022\/#primaryimage\"},\"thumbnailUrl\":\"https:\/\/i0.wp.com\/verdadeon.com.br\/portal\/wp-content\/uploads\/2022\/01\/mc_previdencia_socialsantos_fc2108200888.jpg?fit=1000%2C670&ssl=1\",\"datePublished\":\"2022-01-04T17:00:18+00:00\",\"dateModified\":\"2022-01-04T19:54:22+00:00\",\"author\":{\"@id\":\"https:\/\/verdadeon.com.br\/portal\/#\/schema\/person\/a5060ad1e9ea3df545188fc93ce43d2f\"},\"breadcrumb\":{\"@id\":\"https:\/\/verdadeon.com.br\/portal\/2022\/01\/04\/entenda-as-principais-mudancas-na-aposentadoria-em-2022\/#breadcrumb\"},\"inLanguage\":\"pt-BR\",\"potentialAction\":[{\"@type\":\"ReadAction\",\"target\":[\"https:\/\/verdadeon.com.br\/portal\/2022\/01\/04\/entenda-as-principais-mudancas-na-aposentadoria-em-2022\/\"]}]},{\"@type\":\"ImageObject\",\"inLanguage\":\"pt-BR\",\"@id\":\"https:\/\/verdadeon.com.br\/portal\/2022\/01\/04\/entenda-as-principais-mudancas-na-aposentadoria-em-2022\/#primaryimage\",\"url\":\"https:\/\/i0.wp.com\/verdadeon.com.br\/portal\/wp-content\/uploads\/2022\/01\/mc_previdencia_socialsantos_fc2108200888.jpg?fit=1000%2C670&ssl=1\",\"contentUrl\":\"https:\/\/i0.wp.com\/verdadeon.com.br\/portal\/wp-content\/uploads\/2022\/01\/mc_previdencia_socialsantos_fc2108200888.jpg?fit=1000%2C670&ssl=1\",\"width\":1000,\"height\":670,\"caption\":\"(\u00a9Marcelo Casal Jr\/Ag\u00eancia Brasil)\"},{\"@type\":\"BreadcrumbList\",\"@id\":\"https:\/\/verdadeon.com.br\/portal\/2022\/01\/04\/entenda-as-principais-mudancas-na-aposentadoria-em-2022\/#breadcrumb\",\"itemListElement\":[{\"@type\":\"ListItem\",\"position\":1,\"name\":\"In\u00edcio\",\"item\":\"https:\/\/verdadeon.com.br\/portal\/\"},{\"@type\":\"ListItem\",\"position\":2,\"name\":\"Entenda as principais mudan\u00e7as na aposentadoria em 2022\"}]},{\"@type\":\"WebSite\",\"@id\":\"https:\/\/verdadeon.com.br\/portal\/#website\",\"url\":\"https:\/\/verdadeon.com.br\/portal\/\",\"name\":\"VerdadeOn\",\"description\":\"Not\u00edcias di\u00e1rias sobre Franca, Regi\u00e3o, Esporte, Cultura, Cotidiano, Colunas. Cobertura nos principais eventos da cidade \u00e9 aqui - Verdadeon Franca\",\"potentialAction\":[{\"@type\":\"SearchAction\",\"target\":{\"@type\":\"EntryPoint\",\"urlTemplate\":\"https:\/\/verdadeon.com.br\/portal\/?s={search_term_string}\"},\"query-input\":{\"@type\":\"PropertyValueSpecification\",\"valueRequired\":true,\"valueName\":\"search_term_string\"}}],\"inLanguage\":\"pt-BR\"},{\"@type\":\"Person\",\"@id\":\"https:\/\/verdadeon.com.br\/portal\/#\/schema\/person\/a5060ad1e9ea3df545188fc93ce43d2f\",\"name\":\"Redacao VerdadeOn\",\"image\":{\"@type\":\"ImageObject\",\"inLanguage\":\"pt-BR\",\"@id\":\"https:\/\/verdadeon.com.br\/portal\/#\/schema\/person\/image\/\",\"url\":\"https:\/\/secure.gravatar.com\/avatar\/459a9613caaaf07f582c3d0841eea68bdd66f533e465e6ba8b9cb45619572cf4?s=96&d=mm&r=g\",\"contentUrl\":\"https:\/\/secure.gravatar.com\/avatar\/459a9613caaaf07f582c3d0841eea68bdd66f533e465e6ba8b9cb45619572cf4?s=96&d=mm&r=g\",\"caption\":\"Redacao VerdadeOn\"},\"url\":\"https:\/\/verdadeon.com.br\/portal\/author\/redacao\/\"}]}<\/script>\n<!-- \/ Yoast SEO plugin. -->","yoast_head_json":{"title":"Entenda as principais mudan\u00e7as na aposentadoria em 2022 - VerdadeOn","robots":{"index":"index","follow":"follow","max-snippet":"max-snippet:-1","max-image-preview":"max-image-preview:large","max-video-preview":"max-video-preview:-1"},"canonical":"https:\/\/verdadeon.com.br\/portal\/2022\/01\/04\/entenda-as-principais-mudancas-na-aposentadoria-em-2022\/","og_locale":"pt_BR","og_type":"article","og_title":"Entenda as principais mudan\u00e7as na aposentadoria em 2022 - VerdadeOn","og_description":"Reforma da Previd\u00eancia estabelece regras autom\u00e1ticas de transi\u00e7\u00e3o &nbsp; Quem est\u00e1 prestes a se aposentar precisa estar atento. A reforma da Previd\u00eancia estabeleceu regras autom\u00e1ticas de [\u2026]","og_url":"https:\/\/verdadeon.com.br\/portal\/2022\/01\/04\/entenda-as-principais-mudancas-na-aposentadoria-em-2022\/","og_site_name":"VerdadeOn","article_published_time":"2022-01-04T17:00:18+00:00","article_modified_time":"2022-01-04T19:54:22+00:00","og_image":[{"width":1000,"height":670,"url":"https:\/\/verdadeon.com.br\/portal\/wp-content\/uploads\/2022\/01\/mc_previdencia_socialsantos_fc2108200888.jpg","type":"image\/jpeg"}],"author":"Redacao VerdadeOn","twitter_card":"summary_large_image","twitter_misc":{"Escrito por":"Redacao VerdadeOn","Est. tempo de leitura":"2 minutos"},"schema":{"@context":"https:\/\/schema.org","@graph":[{"@type":"WebPage","@id":"https:\/\/verdadeon.com.br\/portal\/2022\/01\/04\/entenda-as-principais-mudancas-na-aposentadoria-em-2022\/","url":"https:\/\/verdadeon.com.br\/portal\/2022\/01\/04\/entenda-as-principais-mudancas-na-aposentadoria-em-2022\/","name":"Entenda as principais mudan\u00e7as na aposentadoria em 2022 - VerdadeOn","isPartOf":{"@id":"https:\/\/verdadeon.com.br\/portal\/#website"},"primaryImageOfPage":{"@id":"https:\/\/verdadeon.com.br\/portal\/2022\/01\/04\/entenda-as-principais-mudancas-na-aposentadoria-em-2022\/#primaryimage"},"image":{"@id":"https:\/\/verdadeon.com.br\/portal\/2022\/01\/04\/entenda-as-principais-mudancas-na-aposentadoria-em-2022\/#primaryimage"},"thumbnailUrl":"https:\/\/i0.wp.com\/verdadeon.com.br\/portal\/wp-content\/uploads\/2022\/01\/mc_previdencia_socialsantos_fc2108200888.jpg?fit=1000%2C670&ssl=1","datePublished":"2022-01-04T17:00:18+00:00","dateModified":"2022-01-04T19:54:22+00:00","author":{"@id":"https:\/\/verdadeon.com.br\/portal\/#\/schema\/person\/a5060ad1e9ea3df545188fc93ce43d2f"},"breadcrumb":{"@id":"https:\/\/verdadeon.com.br\/portal\/2022\/01\/04\/entenda-as-principais-mudancas-na-aposentadoria-em-2022\/#breadcrumb"},"inLanguage":"pt-BR","potentialAction":[{"@type":"ReadAction","target":["https:\/\/verdadeon.com.br\/portal\/2022\/01\/04\/entenda-as-principais-mudancas-na-aposentadoria-em-2022\/"]}]},{"@type":"ImageObject","inLanguage":"pt-BR","@id":"https:\/\/verdadeon.com.br\/portal\/2022\/01\/04\/entenda-as-principais-mudancas-na-aposentadoria-em-2022\/#primaryimage","url":"https:\/\/i0.wp.com\/verdadeon.com.br\/portal\/wp-content\/uploads\/2022\/01\/mc_previdencia_socialsantos_fc2108200888.jpg?fit=1000%2C670&ssl=1","contentUrl":"https:\/\/i0.wp.com\/verdadeon.com.br\/portal\/wp-content\/uploads\/2022\/01\/mc_previdencia_socialsantos_fc2108200888.jpg?fit=1000%2C670&ssl=1","width":1000,"height":670,"caption":"(\u00a9Marcelo Casal Jr\/Ag\u00eancia Brasil)"},{"@type":"BreadcrumbList","@id":"https:\/\/verdadeon.com.br\/portal\/2022\/01\/04\/entenda-as-principais-mudancas-na-aposentadoria-em-2022\/#breadcrumb","itemListElement":[{"@type":"ListItem","position":1,"name":"In\u00edcio","item":"https:\/\/verdadeon.com.br\/portal\/"},{"@type":"ListItem","position":2,"name":"Entenda as principais mudan\u00e7as na aposentadoria em 2022"}]},{"@type":"WebSite","@id":"https:\/\/verdadeon.com.br\/portal\/#website","url":"https:\/\/verdadeon.com.br\/portal\/","name":"VerdadeOn","description":"Not\u00edcias di\u00e1rias sobre Franca, Regi\u00e3o, Esporte, Cultura, Cotidiano, Colunas. Cobertura nos principais eventos da cidade \u00e9 aqui - Verdadeon Franca","potentialAction":[{"@type":"SearchAction","target":{"@type":"EntryPoint","urlTemplate":"https:\/\/verdadeon.com.br\/portal\/?s={search_term_string}"},"query-input":{"@type":"PropertyValueSpecification","valueRequired":true,"valueName":"search_term_string"}}],"inLanguage":"pt-BR"},{"@type":"Person","@id":"https:\/\/verdadeon.com.br\/portal\/#\/schema\/person\/a5060ad1e9ea3df545188fc93ce43d2f","name":"Redacao VerdadeOn","image":{"@type":"ImageObject","inLanguage":"pt-BR","@id":"https:\/\/verdadeon.com.br\/portal\/#\/schema\/person\/image\/","url":"https:\/\/secure.gravatar.com\/avatar\/459a9613caaaf07f582c3d0841eea68bdd66f533e465e6ba8b9cb45619572cf4?s=96&d=mm&r=g","contentUrl":"https:\/\/secure.gravatar.com\/avatar\/459a9613caaaf07f582c3d0841eea68bdd66f533e465e6ba8b9cb45619572cf4?s=96&d=mm&r=g","caption":"Redacao VerdadeOn"},"url":"https:\/\/verdadeon.com.br\/portal\/author\/redacao\/"}]}},"jetpack_publicize_connections":[],"jetpack_featured_media_url":"https:\/\/i0.wp.com\/verdadeon.com.br\/portal\/wp-content\/uploads\/2022\/01\/mc_previdencia_socialsantos_fc2108200888.jpg?fit=1000%2C670&ssl=1","jetpack_sharing_enabled":true,"_links":{"self":[{"href":"https:\/\/verdadeon.com.br\/portal\/wp-json\/wp\/v2\/posts\/22057","targetHints":{"allow":["GET"]}}],"collection":[{"href":"https:\/\/verdadeon.com.br\/portal\/wp-json\/wp\/v2\/posts"}],"about":[{"href":"https:\/\/verdadeon.com.br\/portal\/wp-json\/wp\/v2\/types\/post"}],"author":[{"embeddable":true,"href":"https:\/\/verdadeon.com.br\/portal\/wp-json\/wp\/v2\/users\/10"}],"replies":[{"embeddable":true,"href":"https:\/\/verdadeon.com.br\/portal\/wp-json\/wp\/v2\/comments?post=22057"}],"version-history":[{"count":1,"href":"https:\/\/verdadeon.com.br\/portal\/wp-json\/wp\/v2\/posts\/22057\/revisions"}],"predecessor-version":[{"id":22059,"href":"https:\/\/verdadeon.com.br\/portal\/wp-json\/wp\/v2\/posts\/22057\/revisions\/22059"}],"wp:featuredmedia":[{"embeddable":true,"href":"https:\/\/verdadeon.com.br\/portal\/wp-json\/wp\/v2\/media\/22058"}],"wp:attachment":[{"href":"https:\/\/verdadeon.com.br\/portal\/wp-json\/wp\/v2\/media?parent=22057"}],"wp:term":[{"taxonomy":"category","embeddable":true,"href":"https:\/\/verdadeon.com.br\/portal\/wp-json\/wp\/v2\/categories?post=22057"},{"taxonomy":"post_tag","embeddable":true,"href":"https:\/\/verdadeon.com.br\/portal\/wp-json\/wp\/v2\/tags?post=22057"}],"curies":[{"name":"wp","href":"https:\/\/api.w.org\/{rel}","templated":true}]}}