{"id":22054,"date":"2022-01-04T17:59:46","date_gmt":"2022-01-04T20:59:46","guid":{"rendered":"https:\/\/verdadeon.com.br\/portal\/?p=22054"},"modified":"2022-01-04T17:59:46","modified_gmt":"2022-01-04T20:59:46","slug":"apos-dias-de-caos-alvaro-azzuz-volta-a-ser-exclusivo-para-sintomas-respiratorios","status":"publish","type":"post","link":"https:\/\/verdadeon.com.br\/portal\/2022\/01\/04\/apos-dias-de-caos-alvaro-azzuz-volta-a-ser-exclusivo-para-sintomas-respiratorios\/","title":{"rendered":"Ap\u00f3s dias de caos, \u00c1lvaro Azzuz volta a ser exclusivo para sintomas respirat\u00f3rios"},"content":{"rendered":"<h2>An\u00fancio foi feito atrav\u00e9s das redes sociais da Prefeitura de Franca, ap\u00f3s grande procura por atendimentos nas unidades<\/h2>\n<p>A Prefeitura de Franca informou nesta ter\u00e7a-feira (4), que a partir desta quarta-feira (5), o pronto socorro doutor \u00c1lvaro Azzuz, volta a ser exclusivo para casos de s\u00edndromes respirat\u00f3rias. A decis\u00e3o veio ap\u00f3s o local sofrer um verdadeiro colapso, com mais de mil pessoas buscando atendimento em per\u00edodos de 24h.<\/p>\n<p>\u201cNos \u00faltimos 15 dias atendemos 31.089 pessoas nos Prontos- Socorros e UPA\u2019s, destas atendidas, 13.428 pacientes apresentaram sintomas relacionados a gripe e covid\u201d, explicou Alexandre Ferreira.<\/p>\n<p>Ainda segundo o prefeito em m\u00e9dia 51 m\u00e9dicos atendem diariamente nestas unidades, mas o reflexo das festas de final de ano fez com que eles acendessem um alerta. \u201cAt\u00e9 pelo que vivenciamos no ano passado, por isso estamos promovendo algumas mudan\u00e7as a partir desta quarta-feira dia 5, o P.S. \u00c1lvaro Azzuz passa a ser exclusivo para atendimento de pacientes com S\u00edndrome Gripal e Covid, e as UPAs passar\u00e3o a atender todos os casos de emerg\u00eancia cl\u00ednica\u201d.<\/p>\n<p>Sobre os exames o Chefe do Executivo destacou que o paciente que vai fazer o teste, vai receber o atestado m\u00e9dico e ser\u00e1 medicado, portanto ele dever\u00e1 aguardar em casa e em isolamento.<\/p>\n<p>No mesmo pronunciamento que foi feito atrav\u00e9s de um v\u00eddeo nas redes sociais, Ferreira afirmou que o Estado j\u00e1 foi cobrado para o envio de mais vacinas contra a gripe para a cidade.<\/p>\n","protected":false},"excerpt":{"rendered":"<p>An\u00fancio foi feito atrav\u00e9s das redes sociais da Prefeitura de Franca, ap\u00f3s grande procura por atendimentos nas unidades A Prefeitura de Franca informou nesta ter\u00e7a-feira (4),<span class=\"excerpt-hellip\"> [\u2026]<\/span><\/p>\n","protected":false},"author":7,"featured_media":22063,"comment_status":"open","ping_status":"open","sticky":false,"template":"","format":"standard","meta":{"_jetpack_memberships_contains_paid_content":false,"footnotes":"","jetpack_publicize_message":"","jetpack_publicize_feature_enabled":true,"jetpack_social_post_already_shared":false,"jetpack_social_options":{"image_generator_settings":{"template":"highway","default_image_id":0,"enabled":false},"version":2}},"categories":[28,81],"tags":[],"class_list":["post-22054","post","type-post","status-publish","format-standard","has-post-thumbnail","hentry","category-cotidiano","category-manchete"],"yoast_head":"<!-- This site is optimized with the Yoast SEO plugin v25.6 - https:\/\/yoast.com\/wordpress\/plugins\/seo\/ -->\n<title>Ap\u00f3s dias de caos, \u00c1lvaro Azzuz volta a ser exclusivo para sintomas respirat\u00f3rios - VerdadeOn<\/title>\n<meta name=\"robots\" content=\"index, follow, max-snippet:-1, max-image-preview:large, max-video-preview:-1\" \/>\n<link rel=\"canonical\" href=\"https:\/\/verdadeon.com.br\/portal\/2022\/01\/04\/apos-dias-de-caos-alvaro-azzuz-volta-a-ser-exclusivo-para-sintomas-respiratorios\/\" \/>\n<meta property=\"og:locale\" content=\"pt_BR\" \/>\n<meta property=\"og:type\" content=\"article\" \/>\n<meta property=\"og:title\" content=\"Ap\u00f3s dias de caos, \u00c1lvaro Azzuz volta a ser exclusivo para sintomas respirat\u00f3rios - VerdadeOn\" \/>\n<meta property=\"og:description\" content=\"An\u00fancio foi feito atrav\u00e9s das redes sociais da Prefeitura de Franca, ap\u00f3s grande procura por atendimentos nas unidades A Prefeitura de Franca informou nesta ter\u00e7a-feira (4), [\u2026]\" \/>\n<meta property=\"og:url\" content=\"https:\/\/verdadeon.com.br\/portal\/2022\/01\/04\/apos-dias-de-caos-alvaro-azzuz-volta-a-ser-exclusivo-para-sintomas-respiratorios\/\" \/>\n<meta property=\"og:site_name\" content=\"VerdadeOn\" \/>\n<meta property=\"article:published_time\" content=\"2022-01-04T20:59:46+00:00\" \/>\n<meta property=\"og:image\" content=\"https:\/\/verdadeon.com.br\/portal\/wp-content\/uploads\/2022\/01\/WhatsApp-Image-2022-01-04-at-17.55.16-e1641329798535.jpeg\" \/>\n\t<meta property=\"og:image:width\" content=\"1000\" \/>\n\t<meta property=\"og:image:height\" content=\"672\" \/>\n\t<meta property=\"og:image:type\" content=\"image\/jpeg\" \/>\n<meta name=\"author\" content=\"Fernando Lima\" \/>\n<meta name=\"twitter:card\" content=\"summary_large_image\" \/>\n<meta name=\"twitter:label1\" content=\"Escrito por\" \/>\n\t<meta name=\"twitter:data1\" content=\"Fernando Lima\" \/>\n\t<meta name=\"twitter:label2\" content=\"Est. tempo de leitura\" \/>\n\t<meta name=\"twitter:data2\" content=\"2 minutos\" \/>\n<script type=\"application\/ld+json\" class=\"yoast-schema-graph\">{\"@context\":\"https:\/\/schema.org\",\"@graph\":[{\"@type\":\"WebPage\",\"@id\":\"https:\/\/verdadeon.com.br\/portal\/2022\/01\/04\/apos-dias-de-caos-alvaro-azzuz-volta-a-ser-exclusivo-para-sintomas-respiratorios\/\",\"url\":\"https:\/\/verdadeon.com.br\/portal\/2022\/01\/04\/apos-dias-de-caos-alvaro-azzuz-volta-a-ser-exclusivo-para-sintomas-respiratorios\/\",\"name\":\"Ap\u00f3s dias de caos, \u00c1lvaro Azzuz volta a ser exclusivo para sintomas respirat\u00f3rios - VerdadeOn\",\"isPartOf\":{\"@id\":\"https:\/\/verdadeon.com.br\/portal\/#website\"},\"primaryImageOfPage\":{\"@id\":\"https:\/\/verdadeon.com.br\/portal\/2022\/01\/04\/apos-dias-de-caos-alvaro-azzuz-volta-a-ser-exclusivo-para-sintomas-respiratorios\/#primaryimage\"},\"image\":{\"@id\":\"https:\/\/verdadeon.com.br\/portal\/2022\/01\/04\/apos-dias-de-caos-alvaro-azzuz-volta-a-ser-exclusivo-para-sintomas-respiratorios\/#primaryimage\"},\"thumbnailUrl\":\"https:\/\/i0.wp.com\/verdadeon.com.br\/portal\/wp-content\/uploads\/2022\/01\/WhatsApp-Image-2022-01-04-at-17.55.16-e1641329798535.jpeg?fit=1000%2C672&ssl=1\",\"datePublished\":\"2022-01-04T20:59:46+00:00\",\"author\":{\"@id\":\"https:\/\/verdadeon.com.br\/portal\/#\/schema\/person\/cc32be22b8e8599387c480bc83e1d11a\"},\"breadcrumb\":{\"@id\":\"https:\/\/verdadeon.com.br\/portal\/2022\/01\/04\/apos-dias-de-caos-alvaro-azzuz-volta-a-ser-exclusivo-para-sintomas-respiratorios\/#breadcrumb\"},\"inLanguage\":\"pt-BR\",\"potentialAction\":[{\"@type\":\"ReadAction\",\"target\":[\"https:\/\/verdadeon.com.br\/portal\/2022\/01\/04\/apos-dias-de-caos-alvaro-azzuz-volta-a-ser-exclusivo-para-sintomas-respiratorios\/\"]}]},{\"@type\":\"ImageObject\",\"inLanguage\":\"pt-BR\",\"@id\":\"https:\/\/verdadeon.com.br\/portal\/2022\/01\/04\/apos-dias-de-caos-alvaro-azzuz-volta-a-ser-exclusivo-para-sintomas-respiratorios\/#primaryimage\",\"url\":\"https:\/\/i0.wp.com\/verdadeon.com.br\/portal\/wp-content\/uploads\/2022\/01\/WhatsApp-Image-2022-01-04-at-17.55.16-e1641329798535.jpeg?fit=1000%2C672&ssl=1\",\"contentUrl\":\"https:\/\/i0.wp.com\/verdadeon.com.br\/portal\/wp-content\/uploads\/2022\/01\/WhatsApp-Image-2022-01-04-at-17.55.16-e1641329798535.jpeg?fit=1000%2C672&ssl=1\",\"width\":1000,\"height\":672,\"caption\":\"P.S. tem vivido dias de grande lota\u00e7\u00e3o, pacientes chegaram a esperar sentados no ch\u00e3o e do lado de fora, expectativa \u00e9 a de que o local sofra uma queda de procura | Foto: Fernando Lima\"},{\"@type\":\"BreadcrumbList\",\"@id\":\"https:\/\/verdadeon.com.br\/portal\/2022\/01\/04\/apos-dias-de-caos-alvaro-azzuz-volta-a-ser-exclusivo-para-sintomas-respiratorios\/#breadcrumb\",\"itemListElement\":[{\"@type\":\"ListItem\",\"position\":1,\"name\":\"In\u00edcio\",\"item\":\"https:\/\/verdadeon.com.br\/portal\/\"},{\"@type\":\"ListItem\",\"position\":2,\"name\":\"Ap\u00f3s dias de caos, \u00c1lvaro Azzuz volta a ser exclusivo para sintomas respirat\u00f3rios\"}]},{\"@type\":\"WebSite\",\"@id\":\"https:\/\/verdadeon.com.br\/portal\/#website\",\"url\":\"https:\/\/verdadeon.com.br\/portal\/\",\"name\":\"VerdadeOn\",\"description\":\"Not\u00edcias di\u00e1rias sobre Franca, Regi\u00e3o, Esporte, Cultura, Cotidiano, Colunas. Cobertura nos principais eventos da cidade \u00e9 aqui - Verdadeon Franca\",\"potentialAction\":[{\"@type\":\"SearchAction\",\"target\":{\"@type\":\"EntryPoint\",\"urlTemplate\":\"https:\/\/verdadeon.com.br\/portal\/?s={search_term_string}\"},\"query-input\":{\"@type\":\"PropertyValueSpecification\",\"valueRequired\":true,\"valueName\":\"search_term_string\"}}],\"inLanguage\":\"pt-BR\"},{\"@type\":\"Person\",\"@id\":\"https:\/\/verdadeon.com.br\/portal\/#\/schema\/person\/cc32be22b8e8599387c480bc83e1d11a\",\"name\":\"Fernando Lima\",\"image\":{\"@type\":\"ImageObject\",\"inLanguage\":\"pt-BR\",\"@id\":\"https:\/\/verdadeon.com.br\/portal\/#\/schema\/person\/image\/\",\"url\":\"https:\/\/secure.gravatar.com\/avatar\/df4c8e132080d2b3a4841d5d232045464e0eed11a1d6e43115ca0843d48768d3?s=96&d=mm&r=g\",\"contentUrl\":\"https:\/\/secure.gravatar.com\/avatar\/df4c8e132080d2b3a4841d5d232045464e0eed11a1d6e43115ca0843d48768d3?s=96&d=mm&r=g\",\"caption\":\"Fernando Lima\"},\"sameAs\":[\"http:\/\/verdadeon.com.br\/\"],\"url\":\"https:\/\/verdadeon.com.br\/portal\/author\/fernando-lima\/\"}]}<\/script>\n<!-- \/ Yoast SEO plugin. -->","yoast_head_json":{"title":"Ap\u00f3s dias de caos, \u00c1lvaro Azzuz volta a ser exclusivo para sintomas respirat\u00f3rios - VerdadeOn","robots":{"index":"index","follow":"follow","max-snippet":"max-snippet:-1","max-image-preview":"max-image-preview:large","max-video-preview":"max-video-preview:-1"},"canonical":"https:\/\/verdadeon.com.br\/portal\/2022\/01\/04\/apos-dias-de-caos-alvaro-azzuz-volta-a-ser-exclusivo-para-sintomas-respiratorios\/","og_locale":"pt_BR","og_type":"article","og_title":"Ap\u00f3s dias de caos, \u00c1lvaro Azzuz volta a ser exclusivo para sintomas respirat\u00f3rios - VerdadeOn","og_description":"An\u00fancio foi feito atrav\u00e9s das redes sociais da Prefeitura de Franca, ap\u00f3s grande procura por atendimentos nas unidades A Prefeitura de Franca informou nesta ter\u00e7a-feira (4), [\u2026]","og_url":"https:\/\/verdadeon.com.br\/portal\/2022\/01\/04\/apos-dias-de-caos-alvaro-azzuz-volta-a-ser-exclusivo-para-sintomas-respiratorios\/","og_site_name":"VerdadeOn","article_published_time":"2022-01-04T20:59:46+00:00","og_image":[{"width":1000,"height":672,"url":"https:\/\/verdadeon.com.br\/portal\/wp-content\/uploads\/2022\/01\/WhatsApp-Image-2022-01-04-at-17.55.16-e1641329798535.jpeg","type":"image\/jpeg"}],"author":"Fernando Lima","twitter_card":"summary_large_image","twitter_misc":{"Escrito por":"Fernando Lima","Est. tempo de leitura":"2 minutos"},"schema":{"@context":"https:\/\/schema.org","@graph":[{"@type":"WebPage","@id":"https:\/\/verdadeon.com.br\/portal\/2022\/01\/04\/apos-dias-de-caos-alvaro-azzuz-volta-a-ser-exclusivo-para-sintomas-respiratorios\/","url":"https:\/\/verdadeon.com.br\/portal\/2022\/01\/04\/apos-dias-de-caos-alvaro-azzuz-volta-a-ser-exclusivo-para-sintomas-respiratorios\/","name":"Ap\u00f3s dias de caos, \u00c1lvaro Azzuz volta a ser exclusivo para sintomas respirat\u00f3rios - VerdadeOn","isPartOf":{"@id":"https:\/\/verdadeon.com.br\/portal\/#website"},"primaryImageOfPage":{"@id":"https:\/\/verdadeon.com.br\/portal\/2022\/01\/04\/apos-dias-de-caos-alvaro-azzuz-volta-a-ser-exclusivo-para-sintomas-respiratorios\/#primaryimage"},"image":{"@id":"https:\/\/verdadeon.com.br\/portal\/2022\/01\/04\/apos-dias-de-caos-alvaro-azzuz-volta-a-ser-exclusivo-para-sintomas-respiratorios\/#primaryimage"},"thumbnailUrl":"https:\/\/i0.wp.com\/verdadeon.com.br\/portal\/wp-content\/uploads\/2022\/01\/WhatsApp-Image-2022-01-04-at-17.55.16-e1641329798535.jpeg?fit=1000%2C672&ssl=1","datePublished":"2022-01-04T20:59:46+00:00","author":{"@id":"https:\/\/verdadeon.com.br\/portal\/#\/schema\/person\/cc32be22b8e8599387c480bc83e1d11a"},"breadcrumb":{"@id":"https:\/\/verdadeon.com.br\/portal\/2022\/01\/04\/apos-dias-de-caos-alvaro-azzuz-volta-a-ser-exclusivo-para-sintomas-respiratorios\/#breadcrumb"},"inLanguage":"pt-BR","potentialAction":[{"@type":"ReadAction","target":["https:\/\/verdadeon.com.br\/portal\/2022\/01\/04\/apos-dias-de-caos-alvaro-azzuz-volta-a-ser-exclusivo-para-sintomas-respiratorios\/"]}]},{"@type":"ImageObject","inLanguage":"pt-BR","@id":"https:\/\/verdadeon.com.br\/portal\/2022\/01\/04\/apos-dias-de-caos-alvaro-azzuz-volta-a-ser-exclusivo-para-sintomas-respiratorios\/#primaryimage","url":"https:\/\/i0.wp.com\/verdadeon.com.br\/portal\/wp-content\/uploads\/2022\/01\/WhatsApp-Image-2022-01-04-at-17.55.16-e1641329798535.jpeg?fit=1000%2C672&ssl=1","contentUrl":"https:\/\/i0.wp.com\/verdadeon.com.br\/portal\/wp-content\/uploads\/2022\/01\/WhatsApp-Image-2022-01-04-at-17.55.16-e1641329798535.jpeg?fit=1000%2C672&ssl=1","width":1000,"height":672,"caption":"P.S. tem vivido dias de grande lota\u00e7\u00e3o, pacientes chegaram a esperar sentados no ch\u00e3o e do lado de fora, expectativa \u00e9 a de que o local sofra uma queda de procura | Foto: Fernando Lima"},{"@type":"BreadcrumbList","@id":"https:\/\/verdadeon.com.br\/portal\/2022\/01\/04\/apos-dias-de-caos-alvaro-azzuz-volta-a-ser-exclusivo-para-sintomas-respiratorios\/#breadcrumb","itemListElement":[{"@type":"ListItem","position":1,"name":"In\u00edcio","item":"https:\/\/verdadeon.com.br\/portal\/"},{"@type":"ListItem","position":2,"name":"Ap\u00f3s dias de caos, \u00c1lvaro Azzuz volta a ser exclusivo para sintomas respirat\u00f3rios"}]},{"@type":"WebSite","@id":"https:\/\/verdadeon.com.br\/portal\/#website","url":"https:\/\/verdadeon.com.br\/portal\/","name":"VerdadeOn","description":"Not\u00edcias di\u00e1rias sobre Franca, Regi\u00e3o, Esporte, Cultura, Cotidiano, Colunas. Cobertura nos principais eventos da cidade \u00e9 aqui - Verdadeon Franca","potentialAction":[{"@type":"SearchAction","target":{"@type":"EntryPoint","urlTemplate":"https:\/\/verdadeon.com.br\/portal\/?s={search_term_string}"},"query-input":{"@type":"PropertyValueSpecification","valueRequired":true,"valueName":"search_term_string"}}],"inLanguage":"pt-BR"},{"@type":"Person","@id":"https:\/\/verdadeon.com.br\/portal\/#\/schema\/person\/cc32be22b8e8599387c480bc83e1d11a","name":"Fernando Lima","image":{"@type":"ImageObject","inLanguage":"pt-BR","@id":"https:\/\/verdadeon.com.br\/portal\/#\/schema\/person\/image\/","url":"https:\/\/secure.gravatar.com\/avatar\/df4c8e132080d2b3a4841d5d232045464e0eed11a1d6e43115ca0843d48768d3?s=96&d=mm&r=g","contentUrl":"https:\/\/secure.gravatar.com\/avatar\/df4c8e132080d2b3a4841d5d232045464e0eed11a1d6e43115ca0843d48768d3?s=96&d=mm&r=g","caption":"Fernando Lima"},"sameAs":["http:\/\/verdadeon.com.br\/"],"url":"https:\/\/verdadeon.com.br\/portal\/author\/fernando-lima\/"}]}},"jetpack_publicize_connections":[],"jetpack_featured_media_url":"https:\/\/i0.wp.com\/verdadeon.com.br\/portal\/wp-content\/uploads\/2022\/01\/WhatsApp-Image-2022-01-04-at-17.55.16-e1641329798535.jpeg?fit=1000%2C672&ssl=1","jetpack_sharing_enabled":true,"_links":{"self":[{"href":"https:\/\/verdadeon.com.br\/portal\/wp-json\/wp\/v2\/posts\/22054","targetHints":{"allow":["GET"]}}],"collection":[{"href":"https:\/\/verdadeon.com.br\/portal\/wp-json\/wp\/v2\/posts"}],"about":[{"href":"https:\/\/verdadeon.com.br\/portal\/wp-json\/wp\/v2\/types\/post"}],"author":[{"embeddable":true,"href":"https:\/\/verdadeon.com.br\/portal\/wp-json\/wp\/v2\/users\/7"}],"replies":[{"embeddable":true,"href":"https:\/\/verdadeon.com.br\/portal\/wp-json\/wp\/v2\/comments?post=22054"}],"version-history":[{"count":1,"href":"https:\/\/verdadeon.com.br\/portal\/wp-json\/wp\/v2\/posts\/22054\/revisions"}],"predecessor-version":[{"id":22064,"href":"https:\/\/verdadeon.com.br\/portal\/wp-json\/wp\/v2\/posts\/22054\/revisions\/22064"}],"wp:featuredmedia":[{"embeddable":true,"href":"https:\/\/verdadeon.com.br\/portal\/wp-json\/wp\/v2\/media\/22063"}],"wp:attachment":[{"href":"https:\/\/verdadeon.com.br\/portal\/wp-json\/wp\/v2\/media?parent=22054"}],"wp:term":[{"taxonomy":"category","embeddable":true,"href":"https:\/\/verdadeon.com.br\/portal\/wp-json\/wp\/v2\/categories?post=22054"},{"taxonomy":"post_tag","embeddable":true,"href":"https:\/\/verdadeon.com.br\/portal\/wp-json\/wp\/v2\/tags?post=22054"}],"curies":[{"name":"wp","href":"https:\/\/api.w.org\/{rel}","templated":true}]}}