{"id":22045,"date":"2022-01-04T16:18:32","date_gmt":"2022-01-04T19:18:32","guid":{"rendered":"https:\/\/verdadeon.com.br\/portal\/?p=22045"},"modified":"2022-01-04T16:18:32","modified_gmt":"2022-01-04T19:18:32","slug":"alvaro-azzuz-vive-dias-de-caos-pacientes-aguardam-sentados-no-chao","status":"publish","type":"post","link":"https:\/\/verdadeon.com.br\/portal\/2022\/01\/04\/alvaro-azzuz-vive-dias-de-caos-pacientes-aguardam-sentados-no-chao\/","title":{"rendered":"\u00c1lvaro Azzuz vive dias de caos, pacientes aguardam sentados no ch\u00e3o"},"content":{"rendered":"<h2>Algumas pessoas esperam at\u00e9 oito horas por atendimento, pacientes reclamam ainda de mau atendimento<\/h2>\n<p>Fernando Lima<\/p>\n<p>A ter\u00e7a-feira (4) foi um dia de caos para quem depende da sa\u00fade p\u00fablica de Franca, o P.S. \u00c1lvaro Azzuz tinha pessoas sentadas at\u00e9 no ch\u00e3o, al\u00e9m de outros que aguardavam do lado de fora da unidade que estava lotada. Uma reclama\u00e7\u00e3o constante de quem estava na unidade \u00e9 que quem buscava atendimento para casos cl\u00ednicos por exemplo, estava sendo atendido ao lado de quem estava com sintomas suspeitos de covid-19.<\/p>\n<p>\u201cEu cheguei aqui h\u00e1 tr\u00eas horas com o meu filho, moramos no aeroporto e mandaram a gente sair de l\u00e1, perto da UPA, para fazer exame aqui. Eu n\u00e3o entendo isso, aqui est\u00e1 lotado, quem as vezes n\u00e3o tem nada pode acabar se contaminando aqui. \u00c9 muito revoltante, me sinto abandonado e sem entender\u201d, desabafou o aut\u00f4nomo Elias Marques da Silva.<\/p>\n<p>O morador de Franca contou ainda que ficou chocado com a quantidade de pessoas dentro do local, ainda assim decidiu arriscar em levar o filho dele, j\u00e1 que n\u00e3o tinha outra op\u00e7\u00e3o. \u201cSe eu pudesse pagaria do meu bolso para ele fazer o exame, mas n\u00e3o posso, \u00e9 caro para gente. Mas n\u00e3o podemos esquecer que isso aqui n\u00e3o \u00e9 de gra\u00e7a, muito pelo contr\u00e1rio, \u00e9 mantido por impostos, n\u00e3o est\u00e3o fazendo favor algum. Tem ainda o fato de que eu preciso gastar muito para me locomover para c\u00e1, que \u00e9 do outro lado da cidade, enquanto que tem a UPA praticamente do lado de casa&#8221;, finalizou.<\/p>\n<p>A faxineira E.G.P. estava com o neto dela na fila para fazer teste de covid-19, e se revoltou com o fato de 40 pessoas estarem na frente dela. \u201cEle tem um ano, n\u00e3o tem muita resist\u00eancia e \u00e9 obrigado a ficar aqui no meio desse tanto de gente que pode estar contaminada. Assim como idosos, crian\u00e7as deveriam ter prefer\u00eancia, eu estou muito revoltada e triste com isso, precisamos de ajuda\u201d, desabafou.<\/p>\n<p>Confira as fotos do local nesta ter\u00e7a-feira:<\/p>\n<h4><img data-recalc-dims=\"1\" loading=\"lazy\" decoding=\"async\" class=\"size-medium wp-image-22048 alignnone\" src=\"https:\/\/i0.wp.com\/verdadeon.com.br\/portal\/wp-content\/uploads\/2022\/01\/P.S..jpeg?resize=300%2C150&#038;ssl=1\" alt=\"\" width=\"300\" height=\"150\" srcset=\"https:\/\/i0.wp.com\/verdadeon.com.br\/portal\/wp-content\/uploads\/2022\/01\/P.S..jpeg?resize=300%2C150&amp;ssl=1 300w, https:\/\/i0.wp.com\/verdadeon.com.br\/portal\/wp-content\/uploads\/2022\/01\/P.S..jpeg?resize=1024%2C512&amp;ssl=1 1024w, https:\/\/i0.wp.com\/verdadeon.com.br\/portal\/wp-content\/uploads\/2022\/01\/P.S..jpeg?resize=768%2C384&amp;ssl=1 768w, https:\/\/i0.wp.com\/verdadeon.com.br\/portal\/wp-content\/uploads\/2022\/01\/P.S..jpeg?resize=1536%2C768&amp;ssl=1 1536w, https:\/\/i0.wp.com\/verdadeon.com.br\/portal\/wp-content\/uploads\/2022\/01\/P.S..jpeg?resize=260%2C130&amp;ssl=1 260w, https:\/\/i0.wp.com\/verdadeon.com.br\/portal\/wp-content\/uploads\/2022\/01\/P.S..jpeg?resize=50%2C25&amp;ssl=1 50w, https:\/\/i0.wp.com\/verdadeon.com.br\/portal\/wp-content\/uploads\/2022\/01\/P.S..jpeg?resize=150%2C75&amp;ssl=1 150w, https:\/\/i0.wp.com\/verdadeon.com.br\/portal\/wp-content\/uploads\/2022\/01\/P.S..jpeg?w=1600&amp;ssl=1 1600w\" sizes=\"auto, (max-width: 300px) 100vw, 300px\" \/> <img data-recalc-dims=\"1\" loading=\"lazy\" decoding=\"async\" class=\"alignnone size-medium wp-image-22049\" src=\"https:\/\/i0.wp.com\/verdadeon.com.br\/portal\/wp-content\/uploads\/2022\/01\/P.S.1.jpeg?resize=300%2C150&#038;ssl=1\" alt=\"\" width=\"300\" height=\"150\" srcset=\"https:\/\/i0.wp.com\/verdadeon.com.br\/portal\/wp-content\/uploads\/2022\/01\/P.S.1.jpeg?resize=300%2C150&amp;ssl=1 300w, https:\/\/i0.wp.com\/verdadeon.com.br\/portal\/wp-content\/uploads\/2022\/01\/P.S.1.jpeg?resize=1024%2C512&amp;ssl=1 1024w, https:\/\/i0.wp.com\/verdadeon.com.br\/portal\/wp-content\/uploads\/2022\/01\/P.S.1.jpeg?resize=768%2C384&amp;ssl=1 768w, https:\/\/i0.wp.com\/verdadeon.com.br\/portal\/wp-content\/uploads\/2022\/01\/P.S.1.jpeg?resize=1536%2C768&amp;ssl=1 1536w, https:\/\/i0.wp.com\/verdadeon.com.br\/portal\/wp-content\/uploads\/2022\/01\/P.S.1.jpeg?resize=260%2C130&amp;ssl=1 260w, https:\/\/i0.wp.com\/verdadeon.com.br\/portal\/wp-content\/uploads\/2022\/01\/P.S.1.jpeg?resize=50%2C25&amp;ssl=1 50w, https:\/\/i0.wp.com\/verdadeon.com.br\/portal\/wp-content\/uploads\/2022\/01\/P.S.1.jpeg?resize=150%2C75&amp;ssl=1 150w, https:\/\/i0.wp.com\/verdadeon.com.br\/portal\/wp-content\/uploads\/2022\/01\/P.S.1.jpeg?w=1600&amp;ssl=1 1600w\" sizes=\"auto, (max-width: 300px) 100vw, 300px\" \/><\/h4>\n<h4>UPA<\/h4>\n<p>N\u00e3o apenas o Pronto Socorro Municipal Doutor \u00c1lvaro Azzuz est\u00e1 passando por dia de caos, as UPAs do Jardim Anita, na zona oeste da cidade, e do Jardim Aeroporto, na zona sul, tamb\u00e9m viram a busca por atendimento crescer. Mas os locais n\u00e3o fazem teste de covid, eles seguem concentrados no Azzuz.<\/p>\n<p>&nbsp;<\/p>\n","protected":false},"excerpt":{"rendered":"<p>Algumas pessoas esperam at\u00e9 oito horas por atendimento, pacientes reclamam ainda de mau atendimento Fernando Lima A ter\u00e7a-feira (4) foi um dia de caos para quem<span class=\"excerpt-hellip\"> [\u2026]<\/span><\/p>\n","protected":false},"author":7,"featured_media":22046,"comment_status":"open","ping_status":"open","sticky":false,"template":"","format":"standard","meta":{"_jetpack_memberships_contains_paid_content":false,"footnotes":"","jetpack_publicize_message":"","jetpack_publicize_feature_enabled":true,"jetpack_social_post_already_shared":false,"jetpack_social_options":{"image_generator_settings":{"template":"highway","default_image_id":0,"enabled":false},"version":2}},"categories":[28,81],"tags":[],"class_list":["post-22045","post","type-post","status-publish","format-standard","has-post-thumbnail","hentry","category-cotidiano","category-manchete"],"yoast_head":"<!-- This site is optimized with the Yoast SEO plugin v25.6 - https:\/\/yoast.com\/wordpress\/plugins\/seo\/ -->\n<title>\u00c1lvaro Azzuz vive dias de caos, pacientes aguardam sentados no ch\u00e3o - VerdadeOn<\/title>\n<meta name=\"robots\" content=\"index, follow, max-snippet:-1, max-image-preview:large, max-video-preview:-1\" \/>\n<link rel=\"canonical\" href=\"https:\/\/verdadeon.com.br\/portal\/2022\/01\/04\/alvaro-azzuz-vive-dias-de-caos-pacientes-aguardam-sentados-no-chao\/\" \/>\n<meta property=\"og:locale\" content=\"pt_BR\" \/>\n<meta property=\"og:type\" content=\"article\" \/>\n<meta property=\"og:title\" content=\"\u00c1lvaro Azzuz vive dias de caos, pacientes aguardam sentados no ch\u00e3o - VerdadeOn\" \/>\n<meta property=\"og:description\" content=\"Algumas pessoas esperam at\u00e9 oito horas por atendimento, pacientes reclamam ainda de mau atendimento Fernando Lima A ter\u00e7a-feira (4) foi um dia de caos para quem [\u2026]\" \/>\n<meta property=\"og:url\" content=\"https:\/\/verdadeon.com.br\/portal\/2022\/01\/04\/alvaro-azzuz-vive-dias-de-caos-pacientes-aguardam-sentados-no-chao\/\" \/>\n<meta property=\"og:site_name\" content=\"VerdadeOn\" \/>\n<meta property=\"article:published_time\" content=\"2022-01-04T19:18:32+00:00\" \/>\n<meta property=\"og:image\" content=\"https:\/\/verdadeon.com.br\/portal\/wp-content\/uploads\/2022\/01\/WhatsApp-Image-2022-01-04-at-16.02.56-e1641323207497.jpeg\" \/>\n\t<meta property=\"og:image:width\" content=\"1000\" \/>\n\t<meta property=\"og:image:height\" content=\"672\" \/>\n\t<meta property=\"og:image:type\" content=\"image\/jpeg\" \/>\n<meta name=\"author\" content=\"Fernando Lima\" \/>\n<meta name=\"twitter:card\" content=\"summary_large_image\" \/>\n<meta name=\"twitter:label1\" content=\"Escrito por\" \/>\n\t<meta name=\"twitter:data1\" content=\"Fernando Lima\" \/>\n\t<meta name=\"twitter:label2\" content=\"Est. tempo de leitura\" \/>\n\t<meta name=\"twitter:data2\" content=\"3 minutos\" \/>\n<script type=\"application\/ld+json\" class=\"yoast-schema-graph\">{\"@context\":\"https:\/\/schema.org\",\"@graph\":[{\"@type\":\"WebPage\",\"@id\":\"https:\/\/verdadeon.com.br\/portal\/2022\/01\/04\/alvaro-azzuz-vive-dias-de-caos-pacientes-aguardam-sentados-no-chao\/\",\"url\":\"https:\/\/verdadeon.com.br\/portal\/2022\/01\/04\/alvaro-azzuz-vive-dias-de-caos-pacientes-aguardam-sentados-no-chao\/\",\"name\":\"\u00c1lvaro Azzuz vive dias de caos, pacientes aguardam sentados no ch\u00e3o - VerdadeOn\",\"isPartOf\":{\"@id\":\"https:\/\/verdadeon.com.br\/portal\/#website\"},\"primaryImageOfPage\":{\"@id\":\"https:\/\/verdadeon.com.br\/portal\/2022\/01\/04\/alvaro-azzuz-vive-dias-de-caos-pacientes-aguardam-sentados-no-chao\/#primaryimage\"},\"image\":{\"@id\":\"https:\/\/verdadeon.com.br\/portal\/2022\/01\/04\/alvaro-azzuz-vive-dias-de-caos-pacientes-aguardam-sentados-no-chao\/#primaryimage\"},\"thumbnailUrl\":\"https:\/\/i0.wp.com\/verdadeon.com.br\/portal\/wp-content\/uploads\/2022\/01\/WhatsApp-Image-2022-01-04-at-16.02.56-e1641323207497.jpeg?fit=1000%2C672&ssl=1\",\"datePublished\":\"2022-01-04T19:18:32+00:00\",\"author\":{\"@id\":\"https:\/\/verdadeon.com.br\/portal\/#\/schema\/person\/cc32be22b8e8599387c480bc83e1d11a\"},\"breadcrumb\":{\"@id\":\"https:\/\/verdadeon.com.br\/portal\/2022\/01\/04\/alvaro-azzuz-vive-dias-de-caos-pacientes-aguardam-sentados-no-chao\/#breadcrumb\"},\"inLanguage\":\"pt-BR\",\"potentialAction\":[{\"@type\":\"ReadAction\",\"target\":[\"https:\/\/verdadeon.com.br\/portal\/2022\/01\/04\/alvaro-azzuz-vive-dias-de-caos-pacientes-aguardam-sentados-no-chao\/\"]}]},{\"@type\":\"ImageObject\",\"inLanguage\":\"pt-BR\",\"@id\":\"https:\/\/verdadeon.com.br\/portal\/2022\/01\/04\/alvaro-azzuz-vive-dias-de-caos-pacientes-aguardam-sentados-no-chao\/#primaryimage\",\"url\":\"https:\/\/i0.wp.com\/verdadeon.com.br\/portal\/wp-content\/uploads\/2022\/01\/WhatsApp-Image-2022-01-04-at-16.02.56-e1641323207497.jpeg?fit=1000%2C672&ssl=1\",\"contentUrl\":\"https:\/\/i0.wp.com\/verdadeon.com.br\/portal\/wp-content\/uploads\/2022\/01\/WhatsApp-Image-2022-01-04-at-16.02.56-e1641323207497.jpeg?fit=1000%2C672&ssl=1\",\"width\":1000,\"height\":672,\"caption\":\"O aut\u00f4nomo Elias Marques da Silva contou que sente medo de ficar no local, j\u00e1 que mesmo n\u00e3o estando contaminado pela Covid-19, corre o risco por conta da grande aglomera\u00e7\u00e3o | Foto: Jornal Verdade\"},{\"@type\":\"BreadcrumbList\",\"@id\":\"https:\/\/verdadeon.com.br\/portal\/2022\/01\/04\/alvaro-azzuz-vive-dias-de-caos-pacientes-aguardam-sentados-no-chao\/#breadcrumb\",\"itemListElement\":[{\"@type\":\"ListItem\",\"position\":1,\"name\":\"In\u00edcio\",\"item\":\"https:\/\/verdadeon.com.br\/portal\/\"},{\"@type\":\"ListItem\",\"position\":2,\"name\":\"\u00c1lvaro Azzuz vive dias de caos, pacientes aguardam sentados no ch\u00e3o\"}]},{\"@type\":\"WebSite\",\"@id\":\"https:\/\/verdadeon.com.br\/portal\/#website\",\"url\":\"https:\/\/verdadeon.com.br\/portal\/\",\"name\":\"VerdadeOn\",\"description\":\"Not\u00edcias di\u00e1rias sobre Franca, Regi\u00e3o, Esporte, Cultura, Cotidiano, Colunas. Cobertura nos principais eventos da cidade \u00e9 aqui - Verdadeon Franca\",\"potentialAction\":[{\"@type\":\"SearchAction\",\"target\":{\"@type\":\"EntryPoint\",\"urlTemplate\":\"https:\/\/verdadeon.com.br\/portal\/?s={search_term_string}\"},\"query-input\":{\"@type\":\"PropertyValueSpecification\",\"valueRequired\":true,\"valueName\":\"search_term_string\"}}],\"inLanguage\":\"pt-BR\"},{\"@type\":\"Person\",\"@id\":\"https:\/\/verdadeon.com.br\/portal\/#\/schema\/person\/cc32be22b8e8599387c480bc83e1d11a\",\"name\":\"Fernando Lima\",\"image\":{\"@type\":\"ImageObject\",\"inLanguage\":\"pt-BR\",\"@id\":\"https:\/\/verdadeon.com.br\/portal\/#\/schema\/person\/image\/\",\"url\":\"https:\/\/secure.gravatar.com\/avatar\/df4c8e132080d2b3a4841d5d232045464e0eed11a1d6e43115ca0843d48768d3?s=96&d=mm&r=g\",\"contentUrl\":\"https:\/\/secure.gravatar.com\/avatar\/df4c8e132080d2b3a4841d5d232045464e0eed11a1d6e43115ca0843d48768d3?s=96&d=mm&r=g\",\"caption\":\"Fernando Lima\"},\"sameAs\":[\"http:\/\/verdadeon.com.br\/\"],\"url\":\"https:\/\/verdadeon.com.br\/portal\/author\/fernando-lima\/\"}]}<\/script>\n<!-- \/ Yoast SEO plugin. -->","yoast_head_json":{"title":"\u00c1lvaro Azzuz vive dias de caos, pacientes aguardam sentados no ch\u00e3o - VerdadeOn","robots":{"index":"index","follow":"follow","max-snippet":"max-snippet:-1","max-image-preview":"max-image-preview:large","max-video-preview":"max-video-preview:-1"},"canonical":"https:\/\/verdadeon.com.br\/portal\/2022\/01\/04\/alvaro-azzuz-vive-dias-de-caos-pacientes-aguardam-sentados-no-chao\/","og_locale":"pt_BR","og_type":"article","og_title":"\u00c1lvaro Azzuz vive dias de caos, pacientes aguardam sentados no ch\u00e3o - VerdadeOn","og_description":"Algumas pessoas esperam at\u00e9 oito horas por atendimento, pacientes reclamam ainda de mau atendimento Fernando Lima A ter\u00e7a-feira (4) foi um dia de caos para quem [\u2026]","og_url":"https:\/\/verdadeon.com.br\/portal\/2022\/01\/04\/alvaro-azzuz-vive-dias-de-caos-pacientes-aguardam-sentados-no-chao\/","og_site_name":"VerdadeOn","article_published_time":"2022-01-04T19:18:32+00:00","og_image":[{"width":1000,"height":672,"url":"https:\/\/verdadeon.com.br\/portal\/wp-content\/uploads\/2022\/01\/WhatsApp-Image-2022-01-04-at-16.02.56-e1641323207497.jpeg","type":"image\/jpeg"}],"author":"Fernando Lima","twitter_card":"summary_large_image","twitter_misc":{"Escrito por":"Fernando Lima","Est. tempo de leitura":"3 minutos"},"schema":{"@context":"https:\/\/schema.org","@graph":[{"@type":"WebPage","@id":"https:\/\/verdadeon.com.br\/portal\/2022\/01\/04\/alvaro-azzuz-vive-dias-de-caos-pacientes-aguardam-sentados-no-chao\/","url":"https:\/\/verdadeon.com.br\/portal\/2022\/01\/04\/alvaro-azzuz-vive-dias-de-caos-pacientes-aguardam-sentados-no-chao\/","name":"\u00c1lvaro Azzuz vive dias de caos, pacientes aguardam sentados no ch\u00e3o - VerdadeOn","isPartOf":{"@id":"https:\/\/verdadeon.com.br\/portal\/#website"},"primaryImageOfPage":{"@id":"https:\/\/verdadeon.com.br\/portal\/2022\/01\/04\/alvaro-azzuz-vive-dias-de-caos-pacientes-aguardam-sentados-no-chao\/#primaryimage"},"image":{"@id":"https:\/\/verdadeon.com.br\/portal\/2022\/01\/04\/alvaro-azzuz-vive-dias-de-caos-pacientes-aguardam-sentados-no-chao\/#primaryimage"},"thumbnailUrl":"https:\/\/i0.wp.com\/verdadeon.com.br\/portal\/wp-content\/uploads\/2022\/01\/WhatsApp-Image-2022-01-04-at-16.02.56-e1641323207497.jpeg?fit=1000%2C672&ssl=1","datePublished":"2022-01-04T19:18:32+00:00","author":{"@id":"https:\/\/verdadeon.com.br\/portal\/#\/schema\/person\/cc32be22b8e8599387c480bc83e1d11a"},"breadcrumb":{"@id":"https:\/\/verdadeon.com.br\/portal\/2022\/01\/04\/alvaro-azzuz-vive-dias-de-caos-pacientes-aguardam-sentados-no-chao\/#breadcrumb"},"inLanguage":"pt-BR","potentialAction":[{"@type":"ReadAction","target":["https:\/\/verdadeon.com.br\/portal\/2022\/01\/04\/alvaro-azzuz-vive-dias-de-caos-pacientes-aguardam-sentados-no-chao\/"]}]},{"@type":"ImageObject","inLanguage":"pt-BR","@id":"https:\/\/verdadeon.com.br\/portal\/2022\/01\/04\/alvaro-azzuz-vive-dias-de-caos-pacientes-aguardam-sentados-no-chao\/#primaryimage","url":"https:\/\/i0.wp.com\/verdadeon.com.br\/portal\/wp-content\/uploads\/2022\/01\/WhatsApp-Image-2022-01-04-at-16.02.56-e1641323207497.jpeg?fit=1000%2C672&ssl=1","contentUrl":"https:\/\/i0.wp.com\/verdadeon.com.br\/portal\/wp-content\/uploads\/2022\/01\/WhatsApp-Image-2022-01-04-at-16.02.56-e1641323207497.jpeg?fit=1000%2C672&ssl=1","width":1000,"height":672,"caption":"O aut\u00f4nomo Elias Marques da Silva contou que sente medo de ficar no local, j\u00e1 que mesmo n\u00e3o estando contaminado pela Covid-19, corre o risco por conta da grande aglomera\u00e7\u00e3o | Foto: Jornal Verdade"},{"@type":"BreadcrumbList","@id":"https:\/\/verdadeon.com.br\/portal\/2022\/01\/04\/alvaro-azzuz-vive-dias-de-caos-pacientes-aguardam-sentados-no-chao\/#breadcrumb","itemListElement":[{"@type":"ListItem","position":1,"name":"In\u00edcio","item":"https:\/\/verdadeon.com.br\/portal\/"},{"@type":"ListItem","position":2,"name":"\u00c1lvaro Azzuz vive dias de caos, pacientes aguardam sentados no ch\u00e3o"}]},{"@type":"WebSite","@id":"https:\/\/verdadeon.com.br\/portal\/#website","url":"https:\/\/verdadeon.com.br\/portal\/","name":"VerdadeOn","description":"Not\u00edcias di\u00e1rias sobre Franca, Regi\u00e3o, Esporte, Cultura, Cotidiano, Colunas. Cobertura nos principais eventos da cidade \u00e9 aqui - Verdadeon Franca","potentialAction":[{"@type":"SearchAction","target":{"@type":"EntryPoint","urlTemplate":"https:\/\/verdadeon.com.br\/portal\/?s={search_term_string}"},"query-input":{"@type":"PropertyValueSpecification","valueRequired":true,"valueName":"search_term_string"}}],"inLanguage":"pt-BR"},{"@type":"Person","@id":"https:\/\/verdadeon.com.br\/portal\/#\/schema\/person\/cc32be22b8e8599387c480bc83e1d11a","name":"Fernando Lima","image":{"@type":"ImageObject","inLanguage":"pt-BR","@id":"https:\/\/verdadeon.com.br\/portal\/#\/schema\/person\/image\/","url":"https:\/\/secure.gravatar.com\/avatar\/df4c8e132080d2b3a4841d5d232045464e0eed11a1d6e43115ca0843d48768d3?s=96&d=mm&r=g","contentUrl":"https:\/\/secure.gravatar.com\/avatar\/df4c8e132080d2b3a4841d5d232045464e0eed11a1d6e43115ca0843d48768d3?s=96&d=mm&r=g","caption":"Fernando Lima"},"sameAs":["http:\/\/verdadeon.com.br\/"],"url":"https:\/\/verdadeon.com.br\/portal\/author\/fernando-lima\/"}]}},"jetpack_publicize_connections":[],"jetpack_featured_media_url":"https:\/\/i0.wp.com\/verdadeon.com.br\/portal\/wp-content\/uploads\/2022\/01\/WhatsApp-Image-2022-01-04-at-16.02.56-e1641323207497.jpeg?fit=1000%2C672&ssl=1","jetpack_sharing_enabled":true,"_links":{"self":[{"href":"https:\/\/verdadeon.com.br\/portal\/wp-json\/wp\/v2\/posts\/22045","targetHints":{"allow":["GET"]}}],"collection":[{"href":"https:\/\/verdadeon.com.br\/portal\/wp-json\/wp\/v2\/posts"}],"about":[{"href":"https:\/\/verdadeon.com.br\/portal\/wp-json\/wp\/v2\/types\/post"}],"author":[{"embeddable":true,"href":"https:\/\/verdadeon.com.br\/portal\/wp-json\/wp\/v2\/users\/7"}],"replies":[{"embeddable":true,"href":"https:\/\/verdadeon.com.br\/portal\/wp-json\/wp\/v2\/comments?post=22045"}],"version-history":[{"count":2,"href":"https:\/\/verdadeon.com.br\/portal\/wp-json\/wp\/v2\/posts\/22045\/revisions"}],"predecessor-version":[{"id":22053,"href":"https:\/\/verdadeon.com.br\/portal\/wp-json\/wp\/v2\/posts\/22045\/revisions\/22053"}],"wp:featuredmedia":[{"embeddable":true,"href":"https:\/\/verdadeon.com.br\/portal\/wp-json\/wp\/v2\/media\/22046"}],"wp:attachment":[{"href":"https:\/\/verdadeon.com.br\/portal\/wp-json\/wp\/v2\/media?parent=22045"}],"wp:term":[{"taxonomy":"category","embeddable":true,"href":"https:\/\/verdadeon.com.br\/portal\/wp-json\/wp\/v2\/categories?post=22045"},{"taxonomy":"post_tag","embeddable":true,"href":"https:\/\/verdadeon.com.br\/portal\/wp-json\/wp\/v2\/tags?post=22045"}],"curies":[{"name":"wp","href":"https:\/\/api.w.org\/{rel}","templated":true}]}}