{"id":22040,"date":"2022-01-03T19:37:56","date_gmt":"2022-01-03T22:37:56","guid":{"rendered":"https:\/\/verdadeon.com.br\/portal\/?p=22040"},"modified":"2022-01-03T19:36:30","modified_gmt":"2022-01-03T22:36:30","slug":"acif-promove-3a-liquida-tudo-franca-na-primeira-quinzena-de-janeiro","status":"publish","type":"post","link":"https:\/\/verdadeon.com.br\/portal\/2022\/01\/03\/acif-promove-3a-liquida-tudo-franca-na-primeira-quinzena-de-janeiro\/","title":{"rendered":"Acif promove 3\u00aa \u2018Liquida Tudo Franca\u2019 na primeira quinzena de janeiro"},"content":{"rendered":"<h2><span style=\"font-weight: 400;\">Iniciativa visa a tradicional queima de estoque de janeiro, movimentando consumidores de 11 cidades da regi\u00e3o<\/span><\/h2>\n<p><span style=\"font-weight: 400;\">\u00a0<\/span><\/p>\n<p><span style=\"font-weight: 400;\">A Acif (Associa\u00e7\u00e3o do Com\u00e9rcio e Ind\u00fastria de Franca) vai promover, nos dias 13, 14 e 15 de janeiro, a 3\u00aa edi\u00e7\u00e3o da campanha \u201cLiquida Tudo Franca &#8211; A Maior Liquida\u00e7\u00e3o de Franca e Regi\u00e3o\u201d. A iniciativa tem o objetivo de fomentar a tradicional queima de estoque do m\u00eas de janeiro colocando o com\u00e9rcio francano em destaque em 11 cidades da regi\u00e3o por meio de inser\u00e7\u00f5es televisivas, nas r\u00e1dios, outdoors e redes sociais, dentre outros.<\/span><\/p>\n<p><span style=\"font-weight: 400;\">\u201cAs mega liquida\u00e7\u00f5es do m\u00eas de janeiro j\u00e1 s\u00e3o aguardadas pela popula\u00e7\u00e3o e uma grande aposta das grandes marcas para liquidar seus estoques e planejar as atividades comerciais do ano que se inicia\u201d, afirma a coordenadora de marketing da Acif, Letusa Sartori. \u201cA campanha vem para fomentar a a\u00e7\u00e3o no com\u00e9rcio francano, unificando as habituais ofertas dos pequenos e m\u00e9dios lojistas em uma a\u00e7\u00e3o ordenada, com divulga\u00e7\u00e3o estrat\u00e9gica para ampliar sua abrang\u00eancia\u201d, completa.<\/span><\/p>\n<p><span style=\"font-weight: 400;\">Os descontos a serem dados ser\u00e3o definidos por cada um dos estabelecimentos envolvidos na a\u00e7\u00e3o, conforme seus planejamentos e expertises. As lojas participantes poder\u00e3o ser conhecidas pelo p\u00fablico no Portal Acif: <\/span><a href=\"http:\/\/www.campanhasacif.com.br\/\"><span style=\"font-weight: 400;\">www.campanhasacif.com.br<\/span><\/a><span style=\"font-weight: 400;\">. Al\u00e9m da verifica\u00e7\u00e3o no site, os pontos de venda poder\u00e3o ser identificados pessoalmente pelo p\u00fablico em tr\u00e2nsito por meio de displays da campanha, como banners nas entradas das lojas.<\/span><\/p>\n<h4>Ainda h\u00e1 tempo para participar!<\/h4>\n<p><span style=\"font-weight: 400;\">As lojas associadas \u00e0 Acif que tiverem interesse em participar da Liquida Tudo Franca podem fazer a ades\u00e3o de forma gratuita. As mesmas receber\u00e3o um kit com cartaz de identifica\u00e7\u00e3o da a\u00e7\u00e3o, display de mesa e wobler (display de g\u00f4ndola). Al\u00e9m disso, pelo <\/span><a href=\"http:\/\/www.campanhasacif.com.br\/\"><span style=\"font-weight: 400;\">www.campanhasacif.com.br<\/span><\/a><span style=\"font-weight: 400;\">, \u00e9 poss\u00edvel fazer download de pe\u00e7as personaliz\u00e1veis.<\/span><\/p>\n<p><span style=\"font-weight: 400;\">Para mais informa\u00e7\u00f5es, entre em contato pelo telefone (16) 99167-3338.<\/span><\/p>\n","protected":false},"excerpt":{"rendered":"<p>Iniciativa visa a tradicional queima de estoque de janeiro, movimentando consumidores de 11 cidades da regi\u00e3o \u00a0 A Acif (Associa\u00e7\u00e3o do Com\u00e9rcio e Ind\u00fastria de Franca)<span class=\"excerpt-hellip\"> [\u2026]<\/span><\/p>\n","protected":false},"author":10,"featured_media":0,"comment_status":"open","ping_status":"open","sticky":false,"template":"","format":"standard","meta":{"_jetpack_memberships_contains_paid_content":false,"footnotes":"","jetpack_publicize_message":"","jetpack_publicize_feature_enabled":true,"jetpack_social_post_already_shared":false,"jetpack_social_options":{"image_generator_settings":{"template":"highway","default_image_id":0,"enabled":false},"version":2}},"categories":[28,44],"tags":[],"class_list":["post-22040","post","type-post","status-publish","format-standard","hentry","category-cotidiano","category-noticias"],"yoast_head":"<!-- This site is optimized with the Yoast SEO plugin v25.6 - https:\/\/yoast.com\/wordpress\/plugins\/seo\/ -->\n<title>Acif promove 3\u00aa \u2018Liquida Tudo Franca\u2019 na primeira quinzena de janeiro - VerdadeOn<\/title>\n<meta name=\"robots\" content=\"index, follow, max-snippet:-1, max-image-preview:large, max-video-preview:-1\" \/>\n<link rel=\"canonical\" href=\"https:\/\/verdadeon.com.br\/portal\/2022\/01\/03\/acif-promove-3a-liquida-tudo-franca-na-primeira-quinzena-de-janeiro\/\" \/>\n<meta property=\"og:locale\" content=\"pt_BR\" \/>\n<meta property=\"og:type\" content=\"article\" \/>\n<meta property=\"og:title\" content=\"Acif promove 3\u00aa \u2018Liquida Tudo Franca\u2019 na primeira quinzena de janeiro - VerdadeOn\" \/>\n<meta property=\"og:description\" content=\"Iniciativa visa a tradicional queima de estoque de janeiro, movimentando consumidores de 11 cidades da regi\u00e3o \u00a0 A Acif (Associa\u00e7\u00e3o do Com\u00e9rcio e Ind\u00fastria de Franca) [\u2026]\" \/>\n<meta property=\"og:url\" content=\"https:\/\/verdadeon.com.br\/portal\/2022\/01\/03\/acif-promove-3a-liquida-tudo-franca-na-primeira-quinzena-de-janeiro\/\" \/>\n<meta property=\"og:site_name\" content=\"VerdadeOn\" \/>\n<meta property=\"article:published_time\" content=\"2022-01-03T22:37:56+00:00\" \/>\n<meta property=\"og:image\" content=\"https:\/\/verdadeon.com.br\/portal\/wp-content\/uploads\/2022\/01\/Letusa-Sartori-coordenadora-de-marketing-da-ACIF-em-reuniao-com-o-coordenador-comercial-da-ACIF-Valdir-Queiroz.jpeg\" \/>\n\t<meta property=\"og:image:width\" content=\"1280\" \/>\n\t<meta property=\"og:image:height\" content=\"960\" \/>\n\t<meta property=\"og:image:type\" content=\"image\/jpeg\" \/>\n<meta name=\"author\" content=\"Redacao VerdadeOn\" \/>\n<meta name=\"twitter:card\" content=\"summary_large_image\" \/>\n<meta name=\"twitter:label1\" content=\"Escrito por\" \/>\n\t<meta name=\"twitter:data1\" content=\"Redacao VerdadeOn\" \/>\n\t<meta name=\"twitter:label2\" content=\"Est. tempo de leitura\" \/>\n\t<meta name=\"twitter:data2\" content=\"2 minutos\" \/>\n<script type=\"application\/ld+json\" class=\"yoast-schema-graph\">{\"@context\":\"https:\/\/schema.org\",\"@graph\":[{\"@type\":\"WebPage\",\"@id\":\"https:\/\/verdadeon.com.br\/portal\/2022\/01\/03\/acif-promove-3a-liquida-tudo-franca-na-primeira-quinzena-de-janeiro\/\",\"url\":\"https:\/\/verdadeon.com.br\/portal\/2022\/01\/03\/acif-promove-3a-liquida-tudo-franca-na-primeira-quinzena-de-janeiro\/\",\"name\":\"Acif promove 3\u00aa \u2018Liquida Tudo Franca\u2019 na primeira quinzena de janeiro - VerdadeOn\",\"isPartOf\":{\"@id\":\"https:\/\/verdadeon.com.br\/portal\/#website\"},\"datePublished\":\"2022-01-03T22:37:56+00:00\",\"author\":{\"@id\":\"https:\/\/verdadeon.com.br\/portal\/#\/schema\/person\/a5060ad1e9ea3df545188fc93ce43d2f\"},\"breadcrumb\":{\"@id\":\"https:\/\/verdadeon.com.br\/portal\/2022\/01\/03\/acif-promove-3a-liquida-tudo-franca-na-primeira-quinzena-de-janeiro\/#breadcrumb\"},\"inLanguage\":\"pt-BR\",\"potentialAction\":[{\"@type\":\"ReadAction\",\"target\":[\"https:\/\/verdadeon.com.br\/portal\/2022\/01\/03\/acif-promove-3a-liquida-tudo-franca-na-primeira-quinzena-de-janeiro\/\"]}]},{\"@type\":\"BreadcrumbList\",\"@id\":\"https:\/\/verdadeon.com.br\/portal\/2022\/01\/03\/acif-promove-3a-liquida-tudo-franca-na-primeira-quinzena-de-janeiro\/#breadcrumb\",\"itemListElement\":[{\"@type\":\"ListItem\",\"position\":1,\"name\":\"In\u00edcio\",\"item\":\"https:\/\/verdadeon.com.br\/portal\/\"},{\"@type\":\"ListItem\",\"position\":2,\"name\":\"Acif promove 3\u00aa \u2018Liquida Tudo Franca\u2019 na primeira quinzena de janeiro\"}]},{\"@type\":\"WebSite\",\"@id\":\"https:\/\/verdadeon.com.br\/portal\/#website\",\"url\":\"https:\/\/verdadeon.com.br\/portal\/\",\"name\":\"VerdadeOn\",\"description\":\"Not\u00edcias di\u00e1rias sobre Franca, Regi\u00e3o, Esporte, Cultura, Cotidiano, Colunas. Cobertura nos principais eventos da cidade \u00e9 aqui - Verdadeon Franca\",\"potentialAction\":[{\"@type\":\"SearchAction\",\"target\":{\"@type\":\"EntryPoint\",\"urlTemplate\":\"https:\/\/verdadeon.com.br\/portal\/?s={search_term_string}\"},\"query-input\":{\"@type\":\"PropertyValueSpecification\",\"valueRequired\":true,\"valueName\":\"search_term_string\"}}],\"inLanguage\":\"pt-BR\"},{\"@type\":\"Person\",\"@id\":\"https:\/\/verdadeon.com.br\/portal\/#\/schema\/person\/a5060ad1e9ea3df545188fc93ce43d2f\",\"name\":\"Redacao VerdadeOn\",\"image\":{\"@type\":\"ImageObject\",\"inLanguage\":\"pt-BR\",\"@id\":\"https:\/\/verdadeon.com.br\/portal\/#\/schema\/person\/image\/\",\"url\":\"https:\/\/secure.gravatar.com\/avatar\/459a9613caaaf07f582c3d0841eea68bdd66f533e465e6ba8b9cb45619572cf4?s=96&d=mm&r=g\",\"contentUrl\":\"https:\/\/secure.gravatar.com\/avatar\/459a9613caaaf07f582c3d0841eea68bdd66f533e465e6ba8b9cb45619572cf4?s=96&d=mm&r=g\",\"caption\":\"Redacao VerdadeOn\"},\"url\":\"https:\/\/verdadeon.com.br\/portal\/author\/redacao\/\"}]}<\/script>\n<!-- \/ Yoast SEO plugin. -->","yoast_head_json":{"title":"Acif promove 3\u00aa \u2018Liquida Tudo Franca\u2019 na primeira quinzena de janeiro - VerdadeOn","robots":{"index":"index","follow":"follow","max-snippet":"max-snippet:-1","max-image-preview":"max-image-preview:large","max-video-preview":"max-video-preview:-1"},"canonical":"https:\/\/verdadeon.com.br\/portal\/2022\/01\/03\/acif-promove-3a-liquida-tudo-franca-na-primeira-quinzena-de-janeiro\/","og_locale":"pt_BR","og_type":"article","og_title":"Acif promove 3\u00aa \u2018Liquida Tudo Franca\u2019 na primeira quinzena de janeiro - VerdadeOn","og_description":"Iniciativa visa a tradicional queima de estoque de janeiro, movimentando consumidores de 11 cidades da regi\u00e3o \u00a0 A Acif (Associa\u00e7\u00e3o do Com\u00e9rcio e Ind\u00fastria de Franca) [\u2026]","og_url":"https:\/\/verdadeon.com.br\/portal\/2022\/01\/03\/acif-promove-3a-liquida-tudo-franca-na-primeira-quinzena-de-janeiro\/","og_site_name":"VerdadeOn","article_published_time":"2022-01-03T22:37:56+00:00","og_image":[{"width":1280,"height":960,"url":"https:\/\/verdadeon.com.br\/portal\/wp-content\/uploads\/2022\/01\/Letusa-Sartori-coordenadora-de-marketing-da-ACIF-em-reuniao-com-o-coordenador-comercial-da-ACIF-Valdir-Queiroz.jpeg","type":"image\/jpeg"}],"author":"Redacao VerdadeOn","twitter_card":"summary_large_image","twitter_misc":{"Escrito por":"Redacao VerdadeOn","Est. tempo de leitura":"2 minutos"},"schema":{"@context":"https:\/\/schema.org","@graph":[{"@type":"WebPage","@id":"https:\/\/verdadeon.com.br\/portal\/2022\/01\/03\/acif-promove-3a-liquida-tudo-franca-na-primeira-quinzena-de-janeiro\/","url":"https:\/\/verdadeon.com.br\/portal\/2022\/01\/03\/acif-promove-3a-liquida-tudo-franca-na-primeira-quinzena-de-janeiro\/","name":"Acif promove 3\u00aa \u2018Liquida Tudo Franca\u2019 na primeira quinzena de janeiro - VerdadeOn","isPartOf":{"@id":"https:\/\/verdadeon.com.br\/portal\/#website"},"datePublished":"2022-01-03T22:37:56+00:00","author":{"@id":"https:\/\/verdadeon.com.br\/portal\/#\/schema\/person\/a5060ad1e9ea3df545188fc93ce43d2f"},"breadcrumb":{"@id":"https:\/\/verdadeon.com.br\/portal\/2022\/01\/03\/acif-promove-3a-liquida-tudo-franca-na-primeira-quinzena-de-janeiro\/#breadcrumb"},"inLanguage":"pt-BR","potentialAction":[{"@type":"ReadAction","target":["https:\/\/verdadeon.com.br\/portal\/2022\/01\/03\/acif-promove-3a-liquida-tudo-franca-na-primeira-quinzena-de-janeiro\/"]}]},{"@type":"BreadcrumbList","@id":"https:\/\/verdadeon.com.br\/portal\/2022\/01\/03\/acif-promove-3a-liquida-tudo-franca-na-primeira-quinzena-de-janeiro\/#breadcrumb","itemListElement":[{"@type":"ListItem","position":1,"name":"In\u00edcio","item":"https:\/\/verdadeon.com.br\/portal\/"},{"@type":"ListItem","position":2,"name":"Acif promove 3\u00aa \u2018Liquida Tudo Franca\u2019 na primeira quinzena de janeiro"}]},{"@type":"WebSite","@id":"https:\/\/verdadeon.com.br\/portal\/#website","url":"https:\/\/verdadeon.com.br\/portal\/","name":"VerdadeOn","description":"Not\u00edcias di\u00e1rias sobre Franca, Regi\u00e3o, Esporte, Cultura, Cotidiano, Colunas. Cobertura nos principais eventos da cidade \u00e9 aqui - Verdadeon Franca","potentialAction":[{"@type":"SearchAction","target":{"@type":"EntryPoint","urlTemplate":"https:\/\/verdadeon.com.br\/portal\/?s={search_term_string}"},"query-input":{"@type":"PropertyValueSpecification","valueRequired":true,"valueName":"search_term_string"}}],"inLanguage":"pt-BR"},{"@type":"Person","@id":"https:\/\/verdadeon.com.br\/portal\/#\/schema\/person\/a5060ad1e9ea3df545188fc93ce43d2f","name":"Redacao VerdadeOn","image":{"@type":"ImageObject","inLanguage":"pt-BR","@id":"https:\/\/verdadeon.com.br\/portal\/#\/schema\/person\/image\/","url":"https:\/\/secure.gravatar.com\/avatar\/459a9613caaaf07f582c3d0841eea68bdd66f533e465e6ba8b9cb45619572cf4?s=96&d=mm&r=g","contentUrl":"https:\/\/secure.gravatar.com\/avatar\/459a9613caaaf07f582c3d0841eea68bdd66f533e465e6ba8b9cb45619572cf4?s=96&d=mm&r=g","caption":"Redacao VerdadeOn"},"url":"https:\/\/verdadeon.com.br\/portal\/author\/redacao\/"}]}},"jetpack_publicize_connections":[],"jetpack_featured_media_url":"","jetpack_sharing_enabled":true,"_links":{"self":[{"href":"https:\/\/verdadeon.com.br\/portal\/wp-json\/wp\/v2\/posts\/22040","targetHints":{"allow":["GET"]}}],"collection":[{"href":"https:\/\/verdadeon.com.br\/portal\/wp-json\/wp\/v2\/posts"}],"about":[{"href":"https:\/\/verdadeon.com.br\/portal\/wp-json\/wp\/v2\/types\/post"}],"author":[{"embeddable":true,"href":"https:\/\/verdadeon.com.br\/portal\/wp-json\/wp\/v2\/users\/10"}],"replies":[{"embeddable":true,"href":"https:\/\/verdadeon.com.br\/portal\/wp-json\/wp\/v2\/comments?post=22040"}],"version-history":[{"count":1,"href":"https:\/\/verdadeon.com.br\/portal\/wp-json\/wp\/v2\/posts\/22040\/revisions"}],"predecessor-version":[{"id":22042,"href":"https:\/\/verdadeon.com.br\/portal\/wp-json\/wp\/v2\/posts\/22040\/revisions\/22042"}],"wp:attachment":[{"href":"https:\/\/verdadeon.com.br\/portal\/wp-json\/wp\/v2\/media?parent=22040"}],"wp:term":[{"taxonomy":"category","embeddable":true,"href":"https:\/\/verdadeon.com.br\/portal\/wp-json\/wp\/v2\/categories?post=22040"},{"taxonomy":"post_tag","embeddable":true,"href":"https:\/\/verdadeon.com.br\/portal\/wp-json\/wp\/v2\/tags?post=22040"}],"curies":[{"name":"wp","href":"https:\/\/api.w.org\/{rel}","templated":true}]}}