{"id":22030,"date":"2022-01-03T18:24:33","date_gmt":"2022-01-03T21:24:33","guid":{"rendered":"https:\/\/verdadeon.com.br\/portal\/?p=22030"},"modified":"2022-01-03T18:24:33","modified_gmt":"2022-01-03T21:24:33","slug":"procura-por-testes-de-covid-explode-em-franca-no-fim-do-ano","status":"publish","type":"post","link":"https:\/\/verdadeon.com.br\/portal\/2022\/01\/03\/procura-por-testes-de-covid-explode-em-franca-no-fim-do-ano\/","title":{"rendered":"Procura por testes de Covid \u2018explode\u2019 em Franca no fim do ano"},"content":{"rendered":"<h2>Somente no Laborat\u00f3rio do Grupo Santa Casa, aumento foi de 750% desde a semana do Natal, com m\u00e9dia atual de 170 testes por dia<\/h2>\n<p>&nbsp;<\/p>\n<p><span style=\"font-weight: 400;\">A procura por testes de Covid-19 \u201cexplodiu\u201d no fim do ano em Franca na rede particular e p\u00fablica, especialmente ap\u00f3s o Natal. Segundo apura\u00e7\u00e3o do Jornal Verdade, o aumento mais expressivo ocorreu no Laborat\u00f3rio de An\u00e1lises Cl\u00ednicas do Grupo Santa Casa de Franca, que realizava uma m\u00e9dia de 20 testes por dia e passou para 170 exames di\u00e1rios ap\u00f3s a semana do dia 25 de dezembro, uma alta de 750%. Pelas estimativas, tr\u00eas em cada dez pessoas atendidas testam positivo para a Covid-19.<\/span><\/p>\n<p><span style=\"font-weight: 400;\">O Pronto-Socorro Municipal \u201c\u00c1lvaro Azzuz\u201d, ainda refer\u00eancia no atendimento aos casos suspeitos de contamina\u00e7\u00e3o pelo coronav\u00edrus, registrou aumento de 50% na demanda pelos testes. Em novembro, a unidade realizava cerca de cem testes por dia e agora tem feito aproximadamente 150 exames.<\/span><\/p>\n<p><span style=\"font-weight: 400;\">O secret\u00e1rio de Sa\u00fade, Lucas Souza, explica que o aumento dos casos de s\u00edndromes gripais (influenza), com sintomas que se confundem com os da Covid, implica na necessidade de testagem. Na semana passada, a Secretaria Municipal de Sa\u00fade de Franca havia informado que registrou um aumento de 40% nos atendimentos \u00e0s queixas relacionadas a s\u00edndromes gripais.<\/span><\/p>\n<p><span style=\"font-weight: 400;\">Em duas unidades de uma rede de farm\u00e1cias, a procura est\u00e1 acima da m\u00e9dia registrada desde que houve queda nos casos de Covid-19 na cidade. Segundo as atendentes, a busca por informa\u00e7\u00f5es sobre as op\u00e7\u00f5es e valores dos testes e tamb\u00e9m os agendamentos est\u00e3o intensos, com aumento expressivo da demanda ap\u00f3s o Natal.<\/span><\/p>\n<p><span style=\"font-weight: 400;\">Com rela\u00e7\u00e3o aos hospitais particulares, pacientes que precisaram realizar o teste relatam espera de uma a at\u00e9 duas horas para serem atendidos.<\/span><\/p>\n<h4>Balan\u00e7o<\/h4>\n<p><span style=\"font-weight: 400;\">De acordo com os \u00faltimos dados divulgados no Boletim Epidemiol\u00f3gico pela Prefeitura no dia 30 de dezembro, desde o in\u00edcio da pandemia, Franca registrou 1.049 mortes pela doen\u00e7a e teve 45.838 casos confirmados. Na data, havia 374 pessoas com suspeita de contamina\u00e7\u00e3o pela Covid-19.\u00a0\u00a0<\/span><\/p>\n<p>&nbsp;<\/p>\n","protected":false},"excerpt":{"rendered":"<p>Somente no Laborat\u00f3rio do Grupo Santa Casa, aumento foi de 750% desde a semana do Natal, com m\u00e9dia atual de 170 testes por dia &nbsp; A<span class=\"excerpt-hellip\"> [\u2026]<\/span><\/p>\n","protected":false},"author":12,"featured_media":17655,"comment_status":"open","ping_status":"open","sticky":false,"template":"","format":"standard","meta":{"_jetpack_memberships_contains_paid_content":false,"footnotes":"","jetpack_publicize_message":"","jetpack_publicize_feature_enabled":true,"jetpack_social_post_already_shared":false,"jetpack_social_options":{"image_generator_settings":{"template":"highway","default_image_id":0,"enabled":false},"version":2}},"categories":[28,81],"tags":[],"class_list":["post-22030","post","type-post","status-publish","format-standard","has-post-thumbnail","hentry","category-cotidiano","category-manchete"],"yoast_head":"<!-- This site is optimized with the Yoast SEO plugin v25.6 - https:\/\/yoast.com\/wordpress\/plugins\/seo\/ -->\n<title>Procura por testes de Covid \u2018explode\u2019 em Franca no fim do ano - VerdadeOn<\/title>\n<meta name=\"robots\" content=\"index, follow, max-snippet:-1, max-image-preview:large, max-video-preview:-1\" \/>\n<link rel=\"canonical\" href=\"https:\/\/verdadeon.com.br\/portal\/2022\/01\/03\/procura-por-testes-de-covid-explode-em-franca-no-fim-do-ano\/\" \/>\n<meta property=\"og:locale\" content=\"pt_BR\" \/>\n<meta property=\"og:type\" content=\"article\" \/>\n<meta property=\"og:title\" content=\"Procura por testes de Covid \u2018explode\u2019 em Franca no fim do ano - VerdadeOn\" \/>\n<meta property=\"og:description\" content=\"Somente no Laborat\u00f3rio do Grupo Santa Casa, aumento foi de 750% desde a semana do Natal, com m\u00e9dia atual de 170 testes por dia &nbsp; A [\u2026]\" \/>\n<meta property=\"og:url\" content=\"https:\/\/verdadeon.com.br\/portal\/2022\/01\/03\/procura-por-testes-de-covid-explode-em-franca-no-fim-do-ano\/\" \/>\n<meta property=\"og:site_name\" content=\"VerdadeOn\" \/>\n<meta property=\"article:published_time\" content=\"2022-01-03T21:24:33+00:00\" \/>\n<meta property=\"og:image\" content=\"https:\/\/verdadeon.com.br\/portal\/wp-content\/uploads\/2021\/06\/ALVARO-AZZUZ-2.jpeg\" \/>\n\t<meta property=\"og:image:width\" content=\"1280\" \/>\n\t<meta property=\"og:image:height\" content=\"640\" \/>\n\t<meta property=\"og:image:type\" content=\"image\/jpeg\" \/>\n<meta name=\"author\" content=\"Nelise Luques\" \/>\n<meta name=\"twitter:card\" content=\"summary_large_image\" \/>\n<meta name=\"twitter:label1\" content=\"Escrito por\" \/>\n\t<meta name=\"twitter:data1\" content=\"Nelise Luques\" \/>\n\t<meta name=\"twitter:label2\" content=\"Est. tempo de leitura\" \/>\n\t<meta name=\"twitter:data2\" content=\"2 minutos\" \/>\n<script type=\"application\/ld+json\" class=\"yoast-schema-graph\">{\"@context\":\"https:\/\/schema.org\",\"@graph\":[{\"@type\":\"WebPage\",\"@id\":\"https:\/\/verdadeon.com.br\/portal\/2022\/01\/03\/procura-por-testes-de-covid-explode-em-franca-no-fim-do-ano\/\",\"url\":\"https:\/\/verdadeon.com.br\/portal\/2022\/01\/03\/procura-por-testes-de-covid-explode-em-franca-no-fim-do-ano\/\",\"name\":\"Procura por testes de Covid \u2018explode\u2019 em Franca no fim do ano - VerdadeOn\",\"isPartOf\":{\"@id\":\"https:\/\/verdadeon.com.br\/portal\/#website\"},\"primaryImageOfPage\":{\"@id\":\"https:\/\/verdadeon.com.br\/portal\/2022\/01\/03\/procura-por-testes-de-covid-explode-em-franca-no-fim-do-ano\/#primaryimage\"},\"image\":{\"@id\":\"https:\/\/verdadeon.com.br\/portal\/2022\/01\/03\/procura-por-testes-de-covid-explode-em-franca-no-fim-do-ano\/#primaryimage\"},\"thumbnailUrl\":\"https:\/\/i0.wp.com\/verdadeon.com.br\/portal\/wp-content\/uploads\/2021\/06\/ALVARO-AZZUZ-2.jpeg?fit=1280%2C640&ssl=1\",\"datePublished\":\"2022-01-03T21:24:33+00:00\",\"author\":{\"@id\":\"https:\/\/verdadeon.com.br\/portal\/#\/schema\/person\/8248726d36015c1916636fabb175d972\"},\"breadcrumb\":{\"@id\":\"https:\/\/verdadeon.com.br\/portal\/2022\/01\/03\/procura-por-testes-de-covid-explode-em-franca-no-fim-do-ano\/#breadcrumb\"},\"inLanguage\":\"pt-BR\",\"potentialAction\":[{\"@type\":\"ReadAction\",\"target\":[\"https:\/\/verdadeon.com.br\/portal\/2022\/01\/03\/procura-por-testes-de-covid-explode-em-franca-no-fim-do-ano\/\"]}]},{\"@type\":\"ImageObject\",\"inLanguage\":\"pt-BR\",\"@id\":\"https:\/\/verdadeon.com.br\/portal\/2022\/01\/03\/procura-por-testes-de-covid-explode-em-franca-no-fim-do-ano\/#primaryimage\",\"url\":\"https:\/\/i0.wp.com\/verdadeon.com.br\/portal\/wp-content\/uploads\/2021\/06\/ALVARO-AZZUZ-2.jpeg?fit=1280%2C640&ssl=1\",\"contentUrl\":\"https:\/\/i0.wp.com\/verdadeon.com.br\/portal\/wp-content\/uploads\/2021\/06\/ALVARO-AZZUZ-2.jpeg?fit=1280%2C640&ssl=1\",\"width\":1280,\"height\":640,\"caption\":\"Com a desacelera\u00e7\u00e3o da pandemia, PS \u00c1lvaro Azzuz sofreu mudan\u00e7as, mas ainda \u00e9 polo do atendimento a casos suspeitos de Covid e tem feito 150 testes por dia | Foto: Fernando Lima\"},{\"@type\":\"BreadcrumbList\",\"@id\":\"https:\/\/verdadeon.com.br\/portal\/2022\/01\/03\/procura-por-testes-de-covid-explode-em-franca-no-fim-do-ano\/#breadcrumb\",\"itemListElement\":[{\"@type\":\"ListItem\",\"position\":1,\"name\":\"In\u00edcio\",\"item\":\"https:\/\/verdadeon.com.br\/portal\/\"},{\"@type\":\"ListItem\",\"position\":2,\"name\":\"Procura por testes de Covid \u2018explode\u2019 em Franca no fim do ano\"}]},{\"@type\":\"WebSite\",\"@id\":\"https:\/\/verdadeon.com.br\/portal\/#website\",\"url\":\"https:\/\/verdadeon.com.br\/portal\/\",\"name\":\"VerdadeOn\",\"description\":\"Not\u00edcias di\u00e1rias sobre Franca, Regi\u00e3o, Esporte, Cultura, Cotidiano, Colunas. Cobertura nos principais eventos da cidade \u00e9 aqui - Verdadeon Franca\",\"potentialAction\":[{\"@type\":\"SearchAction\",\"target\":{\"@type\":\"EntryPoint\",\"urlTemplate\":\"https:\/\/verdadeon.com.br\/portal\/?s={search_term_string}\"},\"query-input\":{\"@type\":\"PropertyValueSpecification\",\"valueRequired\":true,\"valueName\":\"search_term_string\"}}],\"inLanguage\":\"pt-BR\"},{\"@type\":\"Person\",\"@id\":\"https:\/\/verdadeon.com.br\/portal\/#\/schema\/person\/8248726d36015c1916636fabb175d972\",\"name\":\"Nelise Luques\",\"image\":{\"@type\":\"ImageObject\",\"inLanguage\":\"pt-BR\",\"@id\":\"https:\/\/verdadeon.com.br\/portal\/#\/schema\/person\/image\/\",\"url\":\"https:\/\/secure.gravatar.com\/avatar\/29b2a17f5bcadeb827411b66f48ac13c3e0ecaf5906c0f5745ecc5d41c24eada?s=96&d=mm&r=g\",\"contentUrl\":\"https:\/\/secure.gravatar.com\/avatar\/29b2a17f5bcadeb827411b66f48ac13c3e0ecaf5906c0f5745ecc5d41c24eada?s=96&d=mm&r=g\",\"caption\":\"Nelise Luques\"},\"url\":\"https:\/\/verdadeon.com.br\/portal\/author\/verdade\/\"}]}<\/script>\n<!-- \/ Yoast SEO plugin. -->","yoast_head_json":{"title":"Procura por testes de Covid \u2018explode\u2019 em Franca no fim do ano - VerdadeOn","robots":{"index":"index","follow":"follow","max-snippet":"max-snippet:-1","max-image-preview":"max-image-preview:large","max-video-preview":"max-video-preview:-1"},"canonical":"https:\/\/verdadeon.com.br\/portal\/2022\/01\/03\/procura-por-testes-de-covid-explode-em-franca-no-fim-do-ano\/","og_locale":"pt_BR","og_type":"article","og_title":"Procura por testes de Covid \u2018explode\u2019 em Franca no fim do ano - VerdadeOn","og_description":"Somente no Laborat\u00f3rio do Grupo Santa Casa, aumento foi de 750% desde a semana do Natal, com m\u00e9dia atual de 170 testes por dia &nbsp; A [\u2026]","og_url":"https:\/\/verdadeon.com.br\/portal\/2022\/01\/03\/procura-por-testes-de-covid-explode-em-franca-no-fim-do-ano\/","og_site_name":"VerdadeOn","article_published_time":"2022-01-03T21:24:33+00:00","og_image":[{"width":1280,"height":640,"url":"https:\/\/verdadeon.com.br\/portal\/wp-content\/uploads\/2021\/06\/ALVARO-AZZUZ-2.jpeg","type":"image\/jpeg"}],"author":"Nelise Luques","twitter_card":"summary_large_image","twitter_misc":{"Escrito por":"Nelise Luques","Est. tempo de leitura":"2 minutos"},"schema":{"@context":"https:\/\/schema.org","@graph":[{"@type":"WebPage","@id":"https:\/\/verdadeon.com.br\/portal\/2022\/01\/03\/procura-por-testes-de-covid-explode-em-franca-no-fim-do-ano\/","url":"https:\/\/verdadeon.com.br\/portal\/2022\/01\/03\/procura-por-testes-de-covid-explode-em-franca-no-fim-do-ano\/","name":"Procura por testes de Covid \u2018explode\u2019 em Franca no fim do ano - VerdadeOn","isPartOf":{"@id":"https:\/\/verdadeon.com.br\/portal\/#website"},"primaryImageOfPage":{"@id":"https:\/\/verdadeon.com.br\/portal\/2022\/01\/03\/procura-por-testes-de-covid-explode-em-franca-no-fim-do-ano\/#primaryimage"},"image":{"@id":"https:\/\/verdadeon.com.br\/portal\/2022\/01\/03\/procura-por-testes-de-covid-explode-em-franca-no-fim-do-ano\/#primaryimage"},"thumbnailUrl":"https:\/\/i0.wp.com\/verdadeon.com.br\/portal\/wp-content\/uploads\/2021\/06\/ALVARO-AZZUZ-2.jpeg?fit=1280%2C640&ssl=1","datePublished":"2022-01-03T21:24:33+00:00","author":{"@id":"https:\/\/verdadeon.com.br\/portal\/#\/schema\/person\/8248726d36015c1916636fabb175d972"},"breadcrumb":{"@id":"https:\/\/verdadeon.com.br\/portal\/2022\/01\/03\/procura-por-testes-de-covid-explode-em-franca-no-fim-do-ano\/#breadcrumb"},"inLanguage":"pt-BR","potentialAction":[{"@type":"ReadAction","target":["https:\/\/verdadeon.com.br\/portal\/2022\/01\/03\/procura-por-testes-de-covid-explode-em-franca-no-fim-do-ano\/"]}]},{"@type":"ImageObject","inLanguage":"pt-BR","@id":"https:\/\/verdadeon.com.br\/portal\/2022\/01\/03\/procura-por-testes-de-covid-explode-em-franca-no-fim-do-ano\/#primaryimage","url":"https:\/\/i0.wp.com\/verdadeon.com.br\/portal\/wp-content\/uploads\/2021\/06\/ALVARO-AZZUZ-2.jpeg?fit=1280%2C640&ssl=1","contentUrl":"https:\/\/i0.wp.com\/verdadeon.com.br\/portal\/wp-content\/uploads\/2021\/06\/ALVARO-AZZUZ-2.jpeg?fit=1280%2C640&ssl=1","width":1280,"height":640,"caption":"Com a desacelera\u00e7\u00e3o da pandemia, PS \u00c1lvaro Azzuz sofreu mudan\u00e7as, mas ainda \u00e9 polo do atendimento a casos suspeitos de Covid e tem feito 150 testes por dia | Foto: Fernando Lima"},{"@type":"BreadcrumbList","@id":"https:\/\/verdadeon.com.br\/portal\/2022\/01\/03\/procura-por-testes-de-covid-explode-em-franca-no-fim-do-ano\/#breadcrumb","itemListElement":[{"@type":"ListItem","position":1,"name":"In\u00edcio","item":"https:\/\/verdadeon.com.br\/portal\/"},{"@type":"ListItem","position":2,"name":"Procura por testes de Covid \u2018explode\u2019 em Franca no fim do ano"}]},{"@type":"WebSite","@id":"https:\/\/verdadeon.com.br\/portal\/#website","url":"https:\/\/verdadeon.com.br\/portal\/","name":"VerdadeOn","description":"Not\u00edcias di\u00e1rias sobre Franca, Regi\u00e3o, Esporte, Cultura, Cotidiano, Colunas. Cobertura nos principais eventos da cidade \u00e9 aqui - Verdadeon Franca","potentialAction":[{"@type":"SearchAction","target":{"@type":"EntryPoint","urlTemplate":"https:\/\/verdadeon.com.br\/portal\/?s={search_term_string}"},"query-input":{"@type":"PropertyValueSpecification","valueRequired":true,"valueName":"search_term_string"}}],"inLanguage":"pt-BR"},{"@type":"Person","@id":"https:\/\/verdadeon.com.br\/portal\/#\/schema\/person\/8248726d36015c1916636fabb175d972","name":"Nelise Luques","image":{"@type":"ImageObject","inLanguage":"pt-BR","@id":"https:\/\/verdadeon.com.br\/portal\/#\/schema\/person\/image\/","url":"https:\/\/secure.gravatar.com\/avatar\/29b2a17f5bcadeb827411b66f48ac13c3e0ecaf5906c0f5745ecc5d41c24eada?s=96&d=mm&r=g","contentUrl":"https:\/\/secure.gravatar.com\/avatar\/29b2a17f5bcadeb827411b66f48ac13c3e0ecaf5906c0f5745ecc5d41c24eada?s=96&d=mm&r=g","caption":"Nelise Luques"},"url":"https:\/\/verdadeon.com.br\/portal\/author\/verdade\/"}]}},"jetpack_publicize_connections":[],"jetpack_featured_media_url":"https:\/\/i0.wp.com\/verdadeon.com.br\/portal\/wp-content\/uploads\/2021\/06\/ALVARO-AZZUZ-2.jpeg?fit=1280%2C640&ssl=1","jetpack_sharing_enabled":true,"_links":{"self":[{"href":"https:\/\/verdadeon.com.br\/portal\/wp-json\/wp\/v2\/posts\/22030","targetHints":{"allow":["GET"]}}],"collection":[{"href":"https:\/\/verdadeon.com.br\/portal\/wp-json\/wp\/v2\/posts"}],"about":[{"href":"https:\/\/verdadeon.com.br\/portal\/wp-json\/wp\/v2\/types\/post"}],"author":[{"embeddable":true,"href":"https:\/\/verdadeon.com.br\/portal\/wp-json\/wp\/v2\/users\/12"}],"replies":[{"embeddable":true,"href":"https:\/\/verdadeon.com.br\/portal\/wp-json\/wp\/v2\/comments?post=22030"}],"version-history":[{"count":1,"href":"https:\/\/verdadeon.com.br\/portal\/wp-json\/wp\/v2\/posts\/22030\/revisions"}],"predecessor-version":[{"id":22031,"href":"https:\/\/verdadeon.com.br\/portal\/wp-json\/wp\/v2\/posts\/22030\/revisions\/22031"}],"wp:featuredmedia":[{"embeddable":true,"href":"https:\/\/verdadeon.com.br\/portal\/wp-json\/wp\/v2\/media\/17655"}],"wp:attachment":[{"href":"https:\/\/verdadeon.com.br\/portal\/wp-json\/wp\/v2\/media?parent=22030"}],"wp:term":[{"taxonomy":"category","embeddable":true,"href":"https:\/\/verdadeon.com.br\/portal\/wp-json\/wp\/v2\/categories?post=22030"},{"taxonomy":"post_tag","embeddable":true,"href":"https:\/\/verdadeon.com.br\/portal\/wp-json\/wp\/v2\/tags?post=22030"}],"curies":[{"name":"wp","href":"https:\/\/api.w.org\/{rel}","templated":true}]}}