{"id":22020,"date":"2022-01-03T14:42:03","date_gmt":"2022-01-03T17:42:03","guid":{"rendered":"https:\/\/verdadeon.com.br\/portal\/?p=22020"},"modified":"2022-01-03T14:42:03","modified_gmt":"2022-01-03T17:42:03","slug":"feriado-de-ano-novo-termina-com-reducao-de-mortes-em-rodovias-de-franca-e-regiao","status":"publish","type":"post","link":"https:\/\/verdadeon.com.br\/portal\/2022\/01\/03\/feriado-de-ano-novo-termina-com-reducao-de-mortes-em-rodovias-de-franca-e-regiao\/","title":{"rendered":"Feriado de ano novo termina com redu\u00e7\u00e3o de mortes em rodovias de Franca e regi\u00e3o"},"content":{"rendered":"<h2>Dados foram divulgados pela Pol\u00edcia Rodovi\u00e1ria, &#8220;Opera\u00e7\u00e3o Ano Novo&#8221; aumentou efetivo de policiais nas rodovias<\/h2>\n<p>O 3\u00ba Batalh\u00e3o de Pol\u00edcia Rodovi\u00e1ria (3\u00ba BPRv), ao qual Franca pertence, divulgou um bala\u00e7o da &#8220;Opera\u00e7\u00e3o Ano Novo&#8221;. De acordo com os dados foram elaboradas 5.057 autua\u00e7\u00f5es por in\u00fameras infra\u00e7\u00f5es de tr\u00e2nsito; sendo 3.006 por excesso de velocidade, 1.840 por n\u00e3o uso do cinto de seguran\u00e7a (e outros dispositivos de reten\u00e7\u00e3o), 92 por dirigir sob a influ\u00eancia de \u00e1lcool (ou condutores que se recusaram a realizar o teste do etil\u00f4metro) e 183 por ultrapassagens em locais proibidos, al\u00e9m de outras. A P.R. destacou que isso demonstra que a imprud\u00eancia dos motoristas ainda \u00e9 elevada.<\/p>\n<p>Durante o mesmo per\u00edodo 3.572 motoristas foram submetidos aos testes de alcoolemia. Foram registrados durante a opera\u00e7\u00e3o 82 acidentes de tr\u00e2nsito, sendo 44 com v\u00edtimas e 38 sem v\u00edtima, uma queda de 19% em compara\u00e7\u00e3o ao ano passado. &#8220;A maioria dos sinistros poderia ter sido evitada, considerando que as principais causas continuam relacionadas a imprud\u00eancia, a neglig\u00eancia ou a imper\u00edcia dos condutores e\/ou pedestres, bem como o desrespeito as sinaliza\u00e7\u00f5es; dos cinco \u00f3bitos,\u00a0 um foi decorrente de acidente com motocicleta&#8221;, informou.<\/p>\n<h4>A opera\u00e7\u00e3o<\/h4>\n<p>Durante a &#8220;Opera\u00e7\u00e3o Ano Novo&#8221;, a Pol\u00edcia Rodovi\u00e1ria intensificou as a\u00e7\u00f5es nas rodovias paulistas no per\u00edodo compreendido entre 00h do dia 30 de dezembro (quinta-feira), at\u00e9 as 23h59min do dia 02 de janeiro de 2022 (domingo), promovendo mais seguran\u00e7a a todos os usu\u00e1rios nos mais de 6.000 km da malha rodovi\u00e1ria do 3\u00ba BPRv.<br \/>\n&#8220;O 3\u00ba Batalh\u00e3o de Pol\u00edcia Rodovi\u00e1ria esteve presente com todo o efetivo operacional, diuturna e estrategicamente, sendo direcionado \u00e0s \u00e1reas de incid\u00eancia criminal e de sinistralidade vi\u00e1ria, de forma a aumentar a percep\u00e7\u00e3o de seguran\u00e7a de todos os usu\u00e1rios<br \/>\nque necessitaram fazer deslocamentos entre Munic\u00edpios\/Estados&#8221;.<\/p>\n<p>Durante o per\u00edodo foram mobilizados todos os recursos humanos e materiais dispon\u00edveis, com o empenho de mais de 500 homens e mulheres distribu\u00eddos de forma estrat\u00e9gica em mais de 80 viaturas e Bases Operacionais (BOp). &#8220;Conv\u00e9m enfatizar que o refor\u00e7o operacional contou com o apoio do Departamento de Estradas de Rodagem (DER), Concession\u00e1rias de Rodovias, ARTESP e outros parceiros.<\/p>\n<p>Em compara\u00e7\u00e3o ao ano anterior, foi registrada uma redu\u00e7\u00e3o de 19% no n\u00famero de acidentes sem v\u00edtimas nas rodovias estaduais paulistas pela \u00e1rea do 3\u00ba BPRv.<\/p>\n","protected":false},"excerpt":{"rendered":"<p>Dados foram divulgados pela Pol\u00edcia Rodovi\u00e1ria, &#8220;Opera\u00e7\u00e3o Ano Novo&#8221; aumentou efetivo de policiais nas rodovias O 3\u00ba Batalh\u00e3o de Pol\u00edcia Rodovi\u00e1ria (3\u00ba BPRv), ao qual Franca<span class=\"excerpt-hellip\"> [\u2026]<\/span><\/p>\n","protected":false},"author":7,"featured_media":20633,"comment_status":"open","ping_status":"open","sticky":false,"template":"","format":"standard","meta":{"_jetpack_memberships_contains_paid_content":false,"footnotes":"","jetpack_publicize_message":"","jetpack_publicize_feature_enabled":true,"jetpack_social_post_already_shared":false,"jetpack_social_options":{"image_generator_settings":{"template":"highway","default_image_id":0,"enabled":false},"version":2}},"categories":[28,81],"tags":[],"class_list":["post-22020","post","type-post","status-publish","format-standard","has-post-thumbnail","hentry","category-cotidiano","category-manchete"],"yoast_head":"<!-- This site is optimized with the Yoast SEO plugin v25.6 - https:\/\/yoast.com\/wordpress\/plugins\/seo\/ -->\n<title>Feriado de ano novo termina com redu\u00e7\u00e3o de mortes em rodovias de Franca e regi\u00e3o - VerdadeOn<\/title>\n<meta name=\"robots\" content=\"index, follow, max-snippet:-1, max-image-preview:large, max-video-preview:-1\" \/>\n<link rel=\"canonical\" href=\"https:\/\/verdadeon.com.br\/portal\/2022\/01\/03\/feriado-de-ano-novo-termina-com-reducao-de-mortes-em-rodovias-de-franca-e-regiao\/\" \/>\n<meta property=\"og:locale\" content=\"pt_BR\" \/>\n<meta property=\"og:type\" content=\"article\" \/>\n<meta property=\"og:title\" content=\"Feriado de ano novo termina com redu\u00e7\u00e3o de mortes em rodovias de Franca e regi\u00e3o - VerdadeOn\" \/>\n<meta property=\"og:description\" content=\"Dados foram divulgados pela Pol\u00edcia Rodovi\u00e1ria, &#8220;Opera\u00e7\u00e3o Ano Novo&#8221; aumentou efetivo de policiais nas rodovias O 3\u00ba Batalh\u00e3o de Pol\u00edcia Rodovi\u00e1ria (3\u00ba BPRv), ao qual Franca [\u2026]\" \/>\n<meta property=\"og:url\" content=\"https:\/\/verdadeon.com.br\/portal\/2022\/01\/03\/feriado-de-ano-novo-termina-com-reducao-de-mortes-em-rodovias-de-franca-e-regiao\/\" \/>\n<meta property=\"og:site_name\" content=\"VerdadeOn\" \/>\n<meta property=\"article:published_time\" content=\"2022-01-03T17:42:03+00:00\" \/>\n<meta property=\"og:image\" content=\"https:\/\/verdadeon.com.br\/portal\/wp-content\/uploads\/2021\/10\/50510508941_ee3f37fd44_h.jpg\" \/>\n\t<meta property=\"og:image:width\" content=\"1599\" \/>\n\t<meta property=\"og:image:height\" content=\"1066\" \/>\n\t<meta property=\"og:image:type\" content=\"image\/jpeg\" \/>\n<meta name=\"author\" content=\"Fernando Lima\" \/>\n<meta name=\"twitter:card\" content=\"summary_large_image\" \/>\n<meta name=\"twitter:label1\" content=\"Escrito por\" \/>\n\t<meta name=\"twitter:data1\" content=\"Fernando Lima\" \/>\n\t<meta name=\"twitter:label2\" content=\"Est. tempo de leitura\" \/>\n\t<meta name=\"twitter:data2\" content=\"2 minutos\" \/>\n<script type=\"application\/ld+json\" class=\"yoast-schema-graph\">{\"@context\":\"https:\/\/schema.org\",\"@graph\":[{\"@type\":\"WebPage\",\"@id\":\"https:\/\/verdadeon.com.br\/portal\/2022\/01\/03\/feriado-de-ano-novo-termina-com-reducao-de-mortes-em-rodovias-de-franca-e-regiao\/\",\"url\":\"https:\/\/verdadeon.com.br\/portal\/2022\/01\/03\/feriado-de-ano-novo-termina-com-reducao-de-mortes-em-rodovias-de-franca-e-regiao\/\",\"name\":\"Feriado de ano novo termina com redu\u00e7\u00e3o de mortes em rodovias de Franca e regi\u00e3o - VerdadeOn\",\"isPartOf\":{\"@id\":\"https:\/\/verdadeon.com.br\/portal\/#website\"},\"primaryImageOfPage\":{\"@id\":\"https:\/\/verdadeon.com.br\/portal\/2022\/01\/03\/feriado-de-ano-novo-termina-com-reducao-de-mortes-em-rodovias-de-franca-e-regiao\/#primaryimage\"},\"image\":{\"@id\":\"https:\/\/verdadeon.com.br\/portal\/2022\/01\/03\/feriado-de-ano-novo-termina-com-reducao-de-mortes-em-rodovias-de-franca-e-regiao\/#primaryimage\"},\"thumbnailUrl\":\"https:\/\/i0.wp.com\/verdadeon.com.br\/portal\/wp-content\/uploads\/2021\/10\/50510508941_ee3f37fd44_h.jpg?fit=1599%2C1066&ssl=1\",\"datePublished\":\"2022-01-03T17:42:03+00:00\",\"author\":{\"@id\":\"https:\/\/verdadeon.com.br\/portal\/#\/schema\/person\/cc32be22b8e8599387c480bc83e1d11a\"},\"breadcrumb\":{\"@id\":\"https:\/\/verdadeon.com.br\/portal\/2022\/01\/03\/feriado-de-ano-novo-termina-com-reducao-de-mortes-em-rodovias-de-franca-e-regiao\/#breadcrumb\"},\"inLanguage\":\"pt-BR\",\"potentialAction\":[{\"@type\":\"ReadAction\",\"target\":[\"https:\/\/verdadeon.com.br\/portal\/2022\/01\/03\/feriado-de-ano-novo-termina-com-reducao-de-mortes-em-rodovias-de-franca-e-regiao\/\"]}]},{\"@type\":\"ImageObject\",\"inLanguage\":\"pt-BR\",\"@id\":\"https:\/\/verdadeon.com.br\/portal\/2022\/01\/03\/feriado-de-ano-novo-termina-com-reducao-de-mortes-em-rodovias-de-franca-e-regiao\/#primaryimage\",\"url\":\"https:\/\/i0.wp.com\/verdadeon.com.br\/portal\/wp-content\/uploads\/2021\/10\/50510508941_ee3f37fd44_h.jpg?fit=1599%2C1066&ssl=1\",\"contentUrl\":\"https:\/\/i0.wp.com\/verdadeon.com.br\/portal\/wp-content\/uploads\/2021\/10\/50510508941_ee3f37fd44_h.jpg?fit=1599%2C1066&ssl=1\",\"width\":1599,\"height\":1066,\"caption\":\"Este ano, al\u00e9m do monitoramento j\u00e1 realizado ao longo do trecho administrado, c\u00e2meras com tecnologia IA ampliar\u00e3o a fiscaliza\u00e7\u00e3o na regi\u00e3o de Ribeir\u00e3o Preto, Franca e Araraquara (\u00a9Divulga\u00e7\u00e3o\/Arteris)\"},{\"@type\":\"BreadcrumbList\",\"@id\":\"https:\/\/verdadeon.com.br\/portal\/2022\/01\/03\/feriado-de-ano-novo-termina-com-reducao-de-mortes-em-rodovias-de-franca-e-regiao\/#breadcrumb\",\"itemListElement\":[{\"@type\":\"ListItem\",\"position\":1,\"name\":\"In\u00edcio\",\"item\":\"https:\/\/verdadeon.com.br\/portal\/\"},{\"@type\":\"ListItem\",\"position\":2,\"name\":\"Feriado de ano novo termina com redu\u00e7\u00e3o de mortes em rodovias de Franca e regi\u00e3o\"}]},{\"@type\":\"WebSite\",\"@id\":\"https:\/\/verdadeon.com.br\/portal\/#website\",\"url\":\"https:\/\/verdadeon.com.br\/portal\/\",\"name\":\"VerdadeOn\",\"description\":\"Not\u00edcias di\u00e1rias sobre Franca, Regi\u00e3o, Esporte, Cultura, Cotidiano, Colunas. Cobertura nos principais eventos da cidade \u00e9 aqui - Verdadeon Franca\",\"potentialAction\":[{\"@type\":\"SearchAction\",\"target\":{\"@type\":\"EntryPoint\",\"urlTemplate\":\"https:\/\/verdadeon.com.br\/portal\/?s={search_term_string}\"},\"query-input\":{\"@type\":\"PropertyValueSpecification\",\"valueRequired\":true,\"valueName\":\"search_term_string\"}}],\"inLanguage\":\"pt-BR\"},{\"@type\":\"Person\",\"@id\":\"https:\/\/verdadeon.com.br\/portal\/#\/schema\/person\/cc32be22b8e8599387c480bc83e1d11a\",\"name\":\"Fernando Lima\",\"image\":{\"@type\":\"ImageObject\",\"inLanguage\":\"pt-BR\",\"@id\":\"https:\/\/verdadeon.com.br\/portal\/#\/schema\/person\/image\/\",\"url\":\"https:\/\/secure.gravatar.com\/avatar\/df4c8e132080d2b3a4841d5d232045464e0eed11a1d6e43115ca0843d48768d3?s=96&d=mm&r=g\",\"contentUrl\":\"https:\/\/secure.gravatar.com\/avatar\/df4c8e132080d2b3a4841d5d232045464e0eed11a1d6e43115ca0843d48768d3?s=96&d=mm&r=g\",\"caption\":\"Fernando Lima\"},\"sameAs\":[\"http:\/\/verdadeon.com.br\/\"],\"url\":\"https:\/\/verdadeon.com.br\/portal\/author\/fernando-lima\/\"}]}<\/script>\n<!-- \/ Yoast SEO plugin. -->","yoast_head_json":{"title":"Feriado de ano novo termina com redu\u00e7\u00e3o de mortes em rodovias de Franca e regi\u00e3o - VerdadeOn","robots":{"index":"index","follow":"follow","max-snippet":"max-snippet:-1","max-image-preview":"max-image-preview:large","max-video-preview":"max-video-preview:-1"},"canonical":"https:\/\/verdadeon.com.br\/portal\/2022\/01\/03\/feriado-de-ano-novo-termina-com-reducao-de-mortes-em-rodovias-de-franca-e-regiao\/","og_locale":"pt_BR","og_type":"article","og_title":"Feriado de ano novo termina com redu\u00e7\u00e3o de mortes em rodovias de Franca e regi\u00e3o - VerdadeOn","og_description":"Dados foram divulgados pela Pol\u00edcia Rodovi\u00e1ria, &#8220;Opera\u00e7\u00e3o Ano Novo&#8221; aumentou efetivo de policiais nas rodovias O 3\u00ba Batalh\u00e3o de Pol\u00edcia Rodovi\u00e1ria (3\u00ba BPRv), ao qual Franca [\u2026]","og_url":"https:\/\/verdadeon.com.br\/portal\/2022\/01\/03\/feriado-de-ano-novo-termina-com-reducao-de-mortes-em-rodovias-de-franca-e-regiao\/","og_site_name":"VerdadeOn","article_published_time":"2022-01-03T17:42:03+00:00","og_image":[{"width":1599,"height":1066,"url":"https:\/\/verdadeon.com.br\/portal\/wp-content\/uploads\/2021\/10\/50510508941_ee3f37fd44_h.jpg","type":"image\/jpeg"}],"author":"Fernando Lima","twitter_card":"summary_large_image","twitter_misc":{"Escrito por":"Fernando Lima","Est. tempo de leitura":"2 minutos"},"schema":{"@context":"https:\/\/schema.org","@graph":[{"@type":"WebPage","@id":"https:\/\/verdadeon.com.br\/portal\/2022\/01\/03\/feriado-de-ano-novo-termina-com-reducao-de-mortes-em-rodovias-de-franca-e-regiao\/","url":"https:\/\/verdadeon.com.br\/portal\/2022\/01\/03\/feriado-de-ano-novo-termina-com-reducao-de-mortes-em-rodovias-de-franca-e-regiao\/","name":"Feriado de ano novo termina com redu\u00e7\u00e3o de mortes em rodovias de Franca e regi\u00e3o - VerdadeOn","isPartOf":{"@id":"https:\/\/verdadeon.com.br\/portal\/#website"},"primaryImageOfPage":{"@id":"https:\/\/verdadeon.com.br\/portal\/2022\/01\/03\/feriado-de-ano-novo-termina-com-reducao-de-mortes-em-rodovias-de-franca-e-regiao\/#primaryimage"},"image":{"@id":"https:\/\/verdadeon.com.br\/portal\/2022\/01\/03\/feriado-de-ano-novo-termina-com-reducao-de-mortes-em-rodovias-de-franca-e-regiao\/#primaryimage"},"thumbnailUrl":"https:\/\/i0.wp.com\/verdadeon.com.br\/portal\/wp-content\/uploads\/2021\/10\/50510508941_ee3f37fd44_h.jpg?fit=1599%2C1066&ssl=1","datePublished":"2022-01-03T17:42:03+00:00","author":{"@id":"https:\/\/verdadeon.com.br\/portal\/#\/schema\/person\/cc32be22b8e8599387c480bc83e1d11a"},"breadcrumb":{"@id":"https:\/\/verdadeon.com.br\/portal\/2022\/01\/03\/feriado-de-ano-novo-termina-com-reducao-de-mortes-em-rodovias-de-franca-e-regiao\/#breadcrumb"},"inLanguage":"pt-BR","potentialAction":[{"@type":"ReadAction","target":["https:\/\/verdadeon.com.br\/portal\/2022\/01\/03\/feriado-de-ano-novo-termina-com-reducao-de-mortes-em-rodovias-de-franca-e-regiao\/"]}]},{"@type":"ImageObject","inLanguage":"pt-BR","@id":"https:\/\/verdadeon.com.br\/portal\/2022\/01\/03\/feriado-de-ano-novo-termina-com-reducao-de-mortes-em-rodovias-de-franca-e-regiao\/#primaryimage","url":"https:\/\/i0.wp.com\/verdadeon.com.br\/portal\/wp-content\/uploads\/2021\/10\/50510508941_ee3f37fd44_h.jpg?fit=1599%2C1066&ssl=1","contentUrl":"https:\/\/i0.wp.com\/verdadeon.com.br\/portal\/wp-content\/uploads\/2021\/10\/50510508941_ee3f37fd44_h.jpg?fit=1599%2C1066&ssl=1","width":1599,"height":1066,"caption":"Este ano, al\u00e9m do monitoramento j\u00e1 realizado ao longo do trecho administrado, c\u00e2meras com tecnologia IA ampliar\u00e3o a fiscaliza\u00e7\u00e3o na regi\u00e3o de Ribeir\u00e3o Preto, Franca e Araraquara (\u00a9Divulga\u00e7\u00e3o\/Arteris)"},{"@type":"BreadcrumbList","@id":"https:\/\/verdadeon.com.br\/portal\/2022\/01\/03\/feriado-de-ano-novo-termina-com-reducao-de-mortes-em-rodovias-de-franca-e-regiao\/#breadcrumb","itemListElement":[{"@type":"ListItem","position":1,"name":"In\u00edcio","item":"https:\/\/verdadeon.com.br\/portal\/"},{"@type":"ListItem","position":2,"name":"Feriado de ano novo termina com redu\u00e7\u00e3o de mortes em rodovias de Franca e regi\u00e3o"}]},{"@type":"WebSite","@id":"https:\/\/verdadeon.com.br\/portal\/#website","url":"https:\/\/verdadeon.com.br\/portal\/","name":"VerdadeOn","description":"Not\u00edcias di\u00e1rias sobre Franca, Regi\u00e3o, Esporte, Cultura, Cotidiano, Colunas. Cobertura nos principais eventos da cidade \u00e9 aqui - Verdadeon Franca","potentialAction":[{"@type":"SearchAction","target":{"@type":"EntryPoint","urlTemplate":"https:\/\/verdadeon.com.br\/portal\/?s={search_term_string}"},"query-input":{"@type":"PropertyValueSpecification","valueRequired":true,"valueName":"search_term_string"}}],"inLanguage":"pt-BR"},{"@type":"Person","@id":"https:\/\/verdadeon.com.br\/portal\/#\/schema\/person\/cc32be22b8e8599387c480bc83e1d11a","name":"Fernando Lima","image":{"@type":"ImageObject","inLanguage":"pt-BR","@id":"https:\/\/verdadeon.com.br\/portal\/#\/schema\/person\/image\/","url":"https:\/\/secure.gravatar.com\/avatar\/df4c8e132080d2b3a4841d5d232045464e0eed11a1d6e43115ca0843d48768d3?s=96&d=mm&r=g","contentUrl":"https:\/\/secure.gravatar.com\/avatar\/df4c8e132080d2b3a4841d5d232045464e0eed11a1d6e43115ca0843d48768d3?s=96&d=mm&r=g","caption":"Fernando Lima"},"sameAs":["http:\/\/verdadeon.com.br\/"],"url":"https:\/\/verdadeon.com.br\/portal\/author\/fernando-lima\/"}]}},"jetpack_publicize_connections":[],"jetpack_featured_media_url":"https:\/\/i0.wp.com\/verdadeon.com.br\/portal\/wp-content\/uploads\/2021\/10\/50510508941_ee3f37fd44_h.jpg?fit=1599%2C1066&ssl=1","jetpack_sharing_enabled":true,"_links":{"self":[{"href":"https:\/\/verdadeon.com.br\/portal\/wp-json\/wp\/v2\/posts\/22020","targetHints":{"allow":["GET"]}}],"collection":[{"href":"https:\/\/verdadeon.com.br\/portal\/wp-json\/wp\/v2\/posts"}],"about":[{"href":"https:\/\/verdadeon.com.br\/portal\/wp-json\/wp\/v2\/types\/post"}],"author":[{"embeddable":true,"href":"https:\/\/verdadeon.com.br\/portal\/wp-json\/wp\/v2\/users\/7"}],"replies":[{"embeddable":true,"href":"https:\/\/verdadeon.com.br\/portal\/wp-json\/wp\/v2\/comments?post=22020"}],"version-history":[{"count":0,"href":"https:\/\/verdadeon.com.br\/portal\/wp-json\/wp\/v2\/posts\/22020\/revisions"}],"wp:featuredmedia":[{"embeddable":true,"href":"https:\/\/verdadeon.com.br\/portal\/wp-json\/wp\/v2\/media\/20633"}],"wp:attachment":[{"href":"https:\/\/verdadeon.com.br\/portal\/wp-json\/wp\/v2\/media?parent=22020"}],"wp:term":[{"taxonomy":"category","embeddable":true,"href":"https:\/\/verdadeon.com.br\/portal\/wp-json\/wp\/v2\/categories?post=22020"},{"taxonomy":"post_tag","embeddable":true,"href":"https:\/\/verdadeon.com.br\/portal\/wp-json\/wp\/v2\/tags?post=22020"}],"curies":[{"name":"wp","href":"https:\/\/api.w.org\/{rel}","templated":true}]}}