{"id":21992,"date":"2021-12-30T18:33:22","date_gmt":"2021-12-30T21:33:22","guid":{"rendered":"https:\/\/verdadeon.com.br\/portal\/?p=21992"},"modified":"2021-12-30T18:33:22","modified_gmt":"2021-12-30T21:33:22","slug":"governo-de-sp-mobiliza-forca-tarefa-e-entra-em-alerta-para-chuvas-em-todas-as-regioes","status":"publish","type":"post","link":"https:\/\/verdadeon.com.br\/portal\/2021\/12\/30\/governo-de-sp-mobiliza-forca-tarefa-e-entra-em-alerta-para-chuvas-em-todas-as-regioes\/","title":{"rendered":"Governo de SP mobiliza for\u00e7a-tarefa e entra em alerta para chuvas em todas as regi\u00f5es"},"content":{"rendered":"<h2>Franca pode ter chuvas de at\u00e9 120 mm por dia no final de semana<\/h2>\n<p>O Governo de S\u00e3o Paulo mobilizou uma for\u00e7a-tarefa da Defesa Civil Estadual e do Corpo de Bombeiros da Pol\u00edcia Militar para atua\u00e7\u00e3o em todas as regi\u00f5es do estado devido ao alerta para fortes chuvas a partir desta quinta (30). Em conjunto com as Defesas Civis Municipais, s\u00e3o mais de 12 mil profissionais preparados para opera\u00e7\u00f5es especiais de salvamento e resgate com apoio de aeronaves, ve\u00edculos terrestres e embarca\u00e7\u00f5es.<br \/>\nH\u00e1 aten\u00e7\u00e3o especial para as regi\u00f5es de Ara\u00e7atuba, Baixada Santista, Barretos, Campinas, Franca, Ribeir\u00e3o Preto, S\u00e3o Jos\u00e9 do Rio Preto, Sorocaba, Vale do Para\u00edba, Litoral Norte e Regi\u00e3o Metropolitana da Capital, todas com previs\u00e3o de at\u00e9 120 mm de chuva por dia. Nas regi\u00f5es de Araraquara, Bauru, Itapeva, Mar\u00edlia, Presidente Prudente e Vale do Ribeira, a meteorologia aponta chuvas com volume di\u00e1rio de at\u00e9 90 mm.<br \/>\nA for\u00e7a-tarefa conta com apoio das equipes da Secretaria de Comunica\u00e7\u00e3o e da Secretaria de Desenvolvimento Regional para divulga\u00e7\u00e3o de informa\u00e7\u00f5es em tempo real e atua\u00e7\u00e3o direta com as Prefeituras em estrat\u00e9gias de atendimento a ocorr\u00eancias provocadas por inunda\u00e7\u00f5es, enchentes e deslizamentos.<br \/>\nOs sites da Defesa Civil (http:\/\/www.defesacivil.sp.gov.br\/), Bombeiros (http:\/\/www.corpodebombeiros.sp.gov.br\/) e os canais oficiais @governoSP nas redes sociais v\u00e3o veicular not\u00edcias e alertas durante todo o feriado prolongado de R\u00e9veillon sobre o clima em S\u00e3o Paulo.<br \/>\nA Secretaria da Seguran\u00e7a P\u00fablica orientou os Comandos dos Bombeiros a posicionar viaturas em locais com previs\u00e3o de tempestades e risco iminente de deslizamentos ou enchentes. J\u00e1 o Comando de Avia\u00e7\u00e3o da Pol\u00edcia Militar est\u00e1 de prontid\u00e3o com 30 aeronaves para salvamentos em todas as regi\u00f5es do estado.<br \/>\nA Defesa Civil tamb\u00e9m mant\u00e9m a campanha permanente SPAlerta (spalerta.sp.gov.br) com recomenda\u00e7\u00f5es sobre o que a popula\u00e7\u00e3o deve fazer antes, durante e depois de chuvas extremas.<br \/>\nH\u00e1 ainda oito planos preventivos que abrangem os 177 munic\u00edpios paulistas mais vulner\u00e1veis, sendo um espec\u00edfico para inunda\u00e7\u00f5es (Vale do Ribeira) e sete para escorregamentos (Regi\u00e3o Metropolitana de S\u00e3o Paulo, Vale do Ribeira, Baixada Santista, Vale do Para\u00edba e Serra da Mantiqueira, Regi\u00e3o de Campinas, Regi\u00e3o de Sorocaba e Regi\u00e3o de Itapeva).<br \/>\nOs chamados de emerg\u00eancia em casos de desastres naturais podem ser feitos pelos telefones 190 (Pol\u00edcia Militar), 193 (Bombeiros) e 199 (Defesa Civil). A Defesa Civil tamb\u00e9m emite alertas por mensagens de texto. Para se cadastrar, basta enviar um SMS contendo o CEP de interesse para o n\u00famero 40199. O servi\u00e7o \u00e9 gratuito.<\/p>\n","protected":false},"excerpt":{"rendered":"<p>Franca pode ter chuvas de at\u00e9 120 mm por dia no final de semana O Governo de S\u00e3o Paulo mobilizou uma for\u00e7a-tarefa da Defesa Civil Estadual<span class=\"excerpt-hellip\"> [\u2026]<\/span><\/p>\n","protected":false},"author":4,"featured_media":21993,"comment_status":"open","ping_status":"open","sticky":false,"template":"","format":"standard","meta":{"_jetpack_memberships_contains_paid_content":false,"footnotes":"","jetpack_publicize_message":"","jetpack_publicize_feature_enabled":true,"jetpack_social_post_already_shared":false,"jetpack_social_options":{"image_generator_settings":{"template":"highway","default_image_id":0,"enabled":false},"version":2}},"categories":[28,44],"tags":[],"class_list":["post-21992","post","type-post","status-publish","format-standard","has-post-thumbnail","hentry","category-cotidiano","category-noticias"],"yoast_head":"<!-- This site is optimized with the Yoast SEO plugin v25.6 - https:\/\/yoast.com\/wordpress\/plugins\/seo\/ -->\n<title>Governo de SP mobiliza for\u00e7a-tarefa e entra em alerta para chuvas em todas as regi\u00f5es - VerdadeOn<\/title>\n<meta name=\"robots\" content=\"index, follow, max-snippet:-1, max-image-preview:large, max-video-preview:-1\" \/>\n<link rel=\"canonical\" href=\"https:\/\/verdadeon.com.br\/portal\/2021\/12\/30\/governo-de-sp-mobiliza-forca-tarefa-e-entra-em-alerta-para-chuvas-em-todas-as-regioes\/\" \/>\n<meta property=\"og:locale\" content=\"pt_BR\" \/>\n<meta property=\"og:type\" content=\"article\" \/>\n<meta property=\"og:title\" content=\"Governo de SP mobiliza for\u00e7a-tarefa e entra em alerta para chuvas em todas as regi\u00f5es - VerdadeOn\" \/>\n<meta property=\"og:description\" content=\"Franca pode ter chuvas de at\u00e9 120 mm por dia no final de semana O Governo de S\u00e3o Paulo mobilizou uma for\u00e7a-tarefa da Defesa Civil Estadual [\u2026]\" \/>\n<meta property=\"og:url\" content=\"https:\/\/verdadeon.com.br\/portal\/2021\/12\/30\/governo-de-sp-mobiliza-forca-tarefa-e-entra-em-alerta-para-chuvas-em-todas-as-regioes\/\" \/>\n<meta property=\"og:site_name\" content=\"VerdadeOn\" \/>\n<meta property=\"article:published_time\" content=\"2021-12-30T21:33:22+00:00\" \/>\n<meta property=\"og:image\" content=\"https:\/\/verdadeon.com.br\/portal\/wp-content\/uploads\/2021\/12\/WhatsApp-Image-2021-10-14-at-16.56.11-1024x512-1.jpeg\" \/>\n\t<meta property=\"og:image:width\" content=\"1000\" \/>\n\t<meta property=\"og:image:height\" content=\"670\" \/>\n\t<meta property=\"og:image:type\" content=\"image\/jpeg\" \/>\n<meta name=\"author\" content=\"Fernando Calixto\" \/>\n<meta name=\"twitter:card\" content=\"summary_large_image\" \/>\n<meta name=\"twitter:label1\" content=\"Escrito por\" \/>\n\t<meta name=\"twitter:data1\" content=\"Fernando Calixto\" \/>\n\t<meta name=\"twitter:label2\" content=\"Est. tempo de leitura\" \/>\n\t<meta name=\"twitter:data2\" content=\"2 minutos\" \/>\n<script type=\"application\/ld+json\" class=\"yoast-schema-graph\">{\"@context\":\"https:\/\/schema.org\",\"@graph\":[{\"@type\":\"WebPage\",\"@id\":\"https:\/\/verdadeon.com.br\/portal\/2021\/12\/30\/governo-de-sp-mobiliza-forca-tarefa-e-entra-em-alerta-para-chuvas-em-todas-as-regioes\/\",\"url\":\"https:\/\/verdadeon.com.br\/portal\/2021\/12\/30\/governo-de-sp-mobiliza-forca-tarefa-e-entra-em-alerta-para-chuvas-em-todas-as-regioes\/\",\"name\":\"Governo de SP mobiliza for\u00e7a-tarefa e entra em alerta para chuvas em todas as regi\u00f5es - VerdadeOn\",\"isPartOf\":{\"@id\":\"https:\/\/verdadeon.com.br\/portal\/#website\"},\"primaryImageOfPage\":{\"@id\":\"https:\/\/verdadeon.com.br\/portal\/2021\/12\/30\/governo-de-sp-mobiliza-forca-tarefa-e-entra-em-alerta-para-chuvas-em-todas-as-regioes\/#primaryimage\"},\"image\":{\"@id\":\"https:\/\/verdadeon.com.br\/portal\/2021\/12\/30\/governo-de-sp-mobiliza-forca-tarefa-e-entra-em-alerta-para-chuvas-em-todas-as-regioes\/#primaryimage\"},\"thumbnailUrl\":\"https:\/\/i0.wp.com\/verdadeon.com.br\/portal\/wp-content\/uploads\/2021\/12\/WhatsApp-Image-2021-10-14-at-16.56.11-1024x512-1.jpeg?fit=1000%2C670&ssl=1\",\"datePublished\":\"2021-12-30T21:33:22+00:00\",\"author\":{\"@id\":\"https:\/\/verdadeon.com.br\/portal\/#\/schema\/person\/8994718f49ee62ba5610471e29ca1f62\"},\"breadcrumb\":{\"@id\":\"https:\/\/verdadeon.com.br\/portal\/2021\/12\/30\/governo-de-sp-mobiliza-forca-tarefa-e-entra-em-alerta-para-chuvas-em-todas-as-regioes\/#breadcrumb\"},\"inLanguage\":\"pt-BR\",\"potentialAction\":[{\"@type\":\"ReadAction\",\"target\":[\"https:\/\/verdadeon.com.br\/portal\/2021\/12\/30\/governo-de-sp-mobiliza-forca-tarefa-e-entra-em-alerta-para-chuvas-em-todas-as-regioes\/\"]}]},{\"@type\":\"ImageObject\",\"inLanguage\":\"pt-BR\",\"@id\":\"https:\/\/verdadeon.com.br\/portal\/2021\/12\/30\/governo-de-sp-mobiliza-forca-tarefa-e-entra-em-alerta-para-chuvas-em-todas-as-regioes\/#primaryimage\",\"url\":\"https:\/\/i0.wp.com\/verdadeon.com.br\/portal\/wp-content\/uploads\/2021\/12\/WhatsApp-Image-2021-10-14-at-16.56.11-1024x512-1.jpeg?fit=1000%2C670&ssl=1\",\"contentUrl\":\"https:\/\/i0.wp.com\/verdadeon.com.br\/portal\/wp-content\/uploads\/2021\/12\/WhatsApp-Image-2021-10-14-at-16.56.11-1024x512-1.jpeg?fit=1000%2C670&ssl=1\",\"width\":1000,\"height\":670,\"caption\":\"Para o m\u00eas s\u00e3o esperadas chuvas dentro da m\u00e9dia dos \u00faltimos 30 anos, \u00e9 o que aponta o Inmet | Foto: Fernando Lima\"},{\"@type\":\"BreadcrumbList\",\"@id\":\"https:\/\/verdadeon.com.br\/portal\/2021\/12\/30\/governo-de-sp-mobiliza-forca-tarefa-e-entra-em-alerta-para-chuvas-em-todas-as-regioes\/#breadcrumb\",\"itemListElement\":[{\"@type\":\"ListItem\",\"position\":1,\"name\":\"In\u00edcio\",\"item\":\"https:\/\/verdadeon.com.br\/portal\/\"},{\"@type\":\"ListItem\",\"position\":2,\"name\":\"Governo de SP mobiliza for\u00e7a-tarefa e entra em alerta para chuvas em todas as regi\u00f5es\"}]},{\"@type\":\"WebSite\",\"@id\":\"https:\/\/verdadeon.com.br\/portal\/#website\",\"url\":\"https:\/\/verdadeon.com.br\/portal\/\",\"name\":\"VerdadeOn\",\"description\":\"Not\u00edcias di\u00e1rias sobre Franca, Regi\u00e3o, Esporte, Cultura, Cotidiano, Colunas. Cobertura nos principais eventos da cidade \u00e9 aqui - Verdadeon Franca\",\"potentialAction\":[{\"@type\":\"SearchAction\",\"target\":{\"@type\":\"EntryPoint\",\"urlTemplate\":\"https:\/\/verdadeon.com.br\/portal\/?s={search_term_string}\"},\"query-input\":{\"@type\":\"PropertyValueSpecification\",\"valueRequired\":true,\"valueName\":\"search_term_string\"}}],\"inLanguage\":\"pt-BR\"},{\"@type\":\"Person\",\"@id\":\"https:\/\/verdadeon.com.br\/portal\/#\/schema\/person\/8994718f49ee62ba5610471e29ca1f62\",\"name\":\"Fernando Calixto\",\"image\":{\"@type\":\"ImageObject\",\"inLanguage\":\"pt-BR\",\"@id\":\"https:\/\/verdadeon.com.br\/portal\/#\/schema\/person\/image\/\",\"url\":\"https:\/\/secure.gravatar.com\/avatar\/7578910c24966c0316c340f9dbd601e93ee9f9212e1033968b367af9306bd9fb?s=96&d=mm&r=g\",\"contentUrl\":\"https:\/\/secure.gravatar.com\/avatar\/7578910c24966c0316c340f9dbd601e93ee9f9212e1033968b367af9306bd9fb?s=96&d=mm&r=g\",\"caption\":\"Fernando Calixto\"},\"url\":\"https:\/\/verdadeon.com.br\/portal\/author\/fernando-calixto\/\"}]}<\/script>\n<!-- \/ Yoast SEO plugin. -->","yoast_head_json":{"title":"Governo de SP mobiliza for\u00e7a-tarefa e entra em alerta para chuvas em todas as regi\u00f5es - VerdadeOn","robots":{"index":"index","follow":"follow","max-snippet":"max-snippet:-1","max-image-preview":"max-image-preview:large","max-video-preview":"max-video-preview:-1"},"canonical":"https:\/\/verdadeon.com.br\/portal\/2021\/12\/30\/governo-de-sp-mobiliza-forca-tarefa-e-entra-em-alerta-para-chuvas-em-todas-as-regioes\/","og_locale":"pt_BR","og_type":"article","og_title":"Governo de SP mobiliza for\u00e7a-tarefa e entra em alerta para chuvas em todas as regi\u00f5es - VerdadeOn","og_description":"Franca pode ter chuvas de at\u00e9 120 mm por dia no final de semana O Governo de S\u00e3o Paulo mobilizou uma for\u00e7a-tarefa da Defesa Civil Estadual [\u2026]","og_url":"https:\/\/verdadeon.com.br\/portal\/2021\/12\/30\/governo-de-sp-mobiliza-forca-tarefa-e-entra-em-alerta-para-chuvas-em-todas-as-regioes\/","og_site_name":"VerdadeOn","article_published_time":"2021-12-30T21:33:22+00:00","og_image":[{"width":1000,"height":670,"url":"https:\/\/verdadeon.com.br\/portal\/wp-content\/uploads\/2021\/12\/WhatsApp-Image-2021-10-14-at-16.56.11-1024x512-1.jpeg","type":"image\/jpeg"}],"author":"Fernando Calixto","twitter_card":"summary_large_image","twitter_misc":{"Escrito por":"Fernando Calixto","Est. tempo de leitura":"2 minutos"},"schema":{"@context":"https:\/\/schema.org","@graph":[{"@type":"WebPage","@id":"https:\/\/verdadeon.com.br\/portal\/2021\/12\/30\/governo-de-sp-mobiliza-forca-tarefa-e-entra-em-alerta-para-chuvas-em-todas-as-regioes\/","url":"https:\/\/verdadeon.com.br\/portal\/2021\/12\/30\/governo-de-sp-mobiliza-forca-tarefa-e-entra-em-alerta-para-chuvas-em-todas-as-regioes\/","name":"Governo de SP mobiliza for\u00e7a-tarefa e entra em alerta para chuvas em todas as regi\u00f5es - VerdadeOn","isPartOf":{"@id":"https:\/\/verdadeon.com.br\/portal\/#website"},"primaryImageOfPage":{"@id":"https:\/\/verdadeon.com.br\/portal\/2021\/12\/30\/governo-de-sp-mobiliza-forca-tarefa-e-entra-em-alerta-para-chuvas-em-todas-as-regioes\/#primaryimage"},"image":{"@id":"https:\/\/verdadeon.com.br\/portal\/2021\/12\/30\/governo-de-sp-mobiliza-forca-tarefa-e-entra-em-alerta-para-chuvas-em-todas-as-regioes\/#primaryimage"},"thumbnailUrl":"https:\/\/i0.wp.com\/verdadeon.com.br\/portal\/wp-content\/uploads\/2021\/12\/WhatsApp-Image-2021-10-14-at-16.56.11-1024x512-1.jpeg?fit=1000%2C670&ssl=1","datePublished":"2021-12-30T21:33:22+00:00","author":{"@id":"https:\/\/verdadeon.com.br\/portal\/#\/schema\/person\/8994718f49ee62ba5610471e29ca1f62"},"breadcrumb":{"@id":"https:\/\/verdadeon.com.br\/portal\/2021\/12\/30\/governo-de-sp-mobiliza-forca-tarefa-e-entra-em-alerta-para-chuvas-em-todas-as-regioes\/#breadcrumb"},"inLanguage":"pt-BR","potentialAction":[{"@type":"ReadAction","target":["https:\/\/verdadeon.com.br\/portal\/2021\/12\/30\/governo-de-sp-mobiliza-forca-tarefa-e-entra-em-alerta-para-chuvas-em-todas-as-regioes\/"]}]},{"@type":"ImageObject","inLanguage":"pt-BR","@id":"https:\/\/verdadeon.com.br\/portal\/2021\/12\/30\/governo-de-sp-mobiliza-forca-tarefa-e-entra-em-alerta-para-chuvas-em-todas-as-regioes\/#primaryimage","url":"https:\/\/i0.wp.com\/verdadeon.com.br\/portal\/wp-content\/uploads\/2021\/12\/WhatsApp-Image-2021-10-14-at-16.56.11-1024x512-1.jpeg?fit=1000%2C670&ssl=1","contentUrl":"https:\/\/i0.wp.com\/verdadeon.com.br\/portal\/wp-content\/uploads\/2021\/12\/WhatsApp-Image-2021-10-14-at-16.56.11-1024x512-1.jpeg?fit=1000%2C670&ssl=1","width":1000,"height":670,"caption":"Para o m\u00eas s\u00e3o esperadas chuvas dentro da m\u00e9dia dos \u00faltimos 30 anos, \u00e9 o que aponta o Inmet | Foto: Fernando Lima"},{"@type":"BreadcrumbList","@id":"https:\/\/verdadeon.com.br\/portal\/2021\/12\/30\/governo-de-sp-mobiliza-forca-tarefa-e-entra-em-alerta-para-chuvas-em-todas-as-regioes\/#breadcrumb","itemListElement":[{"@type":"ListItem","position":1,"name":"In\u00edcio","item":"https:\/\/verdadeon.com.br\/portal\/"},{"@type":"ListItem","position":2,"name":"Governo de SP mobiliza for\u00e7a-tarefa e entra em alerta para chuvas em todas as regi\u00f5es"}]},{"@type":"WebSite","@id":"https:\/\/verdadeon.com.br\/portal\/#website","url":"https:\/\/verdadeon.com.br\/portal\/","name":"VerdadeOn","description":"Not\u00edcias di\u00e1rias sobre Franca, Regi\u00e3o, Esporte, Cultura, Cotidiano, Colunas. Cobertura nos principais eventos da cidade \u00e9 aqui - Verdadeon Franca","potentialAction":[{"@type":"SearchAction","target":{"@type":"EntryPoint","urlTemplate":"https:\/\/verdadeon.com.br\/portal\/?s={search_term_string}"},"query-input":{"@type":"PropertyValueSpecification","valueRequired":true,"valueName":"search_term_string"}}],"inLanguage":"pt-BR"},{"@type":"Person","@id":"https:\/\/verdadeon.com.br\/portal\/#\/schema\/person\/8994718f49ee62ba5610471e29ca1f62","name":"Fernando Calixto","image":{"@type":"ImageObject","inLanguage":"pt-BR","@id":"https:\/\/verdadeon.com.br\/portal\/#\/schema\/person\/image\/","url":"https:\/\/secure.gravatar.com\/avatar\/7578910c24966c0316c340f9dbd601e93ee9f9212e1033968b367af9306bd9fb?s=96&d=mm&r=g","contentUrl":"https:\/\/secure.gravatar.com\/avatar\/7578910c24966c0316c340f9dbd601e93ee9f9212e1033968b367af9306bd9fb?s=96&d=mm&r=g","caption":"Fernando Calixto"},"url":"https:\/\/verdadeon.com.br\/portal\/author\/fernando-calixto\/"}]}},"jetpack_publicize_connections":[],"jetpack_featured_media_url":"https:\/\/i0.wp.com\/verdadeon.com.br\/portal\/wp-content\/uploads\/2021\/12\/WhatsApp-Image-2021-10-14-at-16.56.11-1024x512-1.jpeg?fit=1000%2C670&ssl=1","jetpack_sharing_enabled":true,"_links":{"self":[{"href":"https:\/\/verdadeon.com.br\/portal\/wp-json\/wp\/v2\/posts\/21992","targetHints":{"allow":["GET"]}}],"collection":[{"href":"https:\/\/verdadeon.com.br\/portal\/wp-json\/wp\/v2\/posts"}],"about":[{"href":"https:\/\/verdadeon.com.br\/portal\/wp-json\/wp\/v2\/types\/post"}],"author":[{"embeddable":true,"href":"https:\/\/verdadeon.com.br\/portal\/wp-json\/wp\/v2\/users\/4"}],"replies":[{"embeddable":true,"href":"https:\/\/verdadeon.com.br\/portal\/wp-json\/wp\/v2\/comments?post=21992"}],"version-history":[{"count":0,"href":"https:\/\/verdadeon.com.br\/portal\/wp-json\/wp\/v2\/posts\/21992\/revisions"}],"wp:featuredmedia":[{"embeddable":true,"href":"https:\/\/verdadeon.com.br\/portal\/wp-json\/wp\/v2\/media\/21993"}],"wp:attachment":[{"href":"https:\/\/verdadeon.com.br\/portal\/wp-json\/wp\/v2\/media?parent=21992"}],"wp:term":[{"taxonomy":"category","embeddable":true,"href":"https:\/\/verdadeon.com.br\/portal\/wp-json\/wp\/v2\/categories?post=21992"},{"taxonomy":"post_tag","embeddable":true,"href":"https:\/\/verdadeon.com.br\/portal\/wp-json\/wp\/v2\/tags?post=21992"}],"curies":[{"name":"wp","href":"https:\/\/api.w.org\/{rel}","templated":true}]}}