{"id":21977,"date":"2021-12-30T16:37:58","date_gmt":"2021-12-30T19:37:58","guid":{"rendered":"https:\/\/verdadeon.com.br\/portal\/?p=21977"},"modified":"2021-12-30T17:00:30","modified_gmt":"2021-12-30T20:00:30","slug":"time-feminino-de-volei-se-prepara-para-estreia-na-superliga-b-em-janeiro","status":"publish","type":"post","link":"https:\/\/verdadeon.com.br\/portal\/2021\/12\/30\/time-feminino-de-volei-se-prepara-para-estreia-na-superliga-b-em-janeiro\/","title":{"rendered":"Time feminino de v\u00f4lei se prepara para estreia na Superliga B em janeiro"},"content":{"rendered":"<p>&nbsp;<\/p>\n<h2><span style=\"font-weight: 400;\">Francanas v\u00e3o jogar contra o Bradesco Esportes no dia 21 de janeiro; treinos voltaram em setembro<\/span><\/h2>\n<p><span style=\"font-weight: 400;\">A equipe feminina de v\u00f4lei de Franca est\u00e1 em contagem regressiva para disputar em janeiro de 2022 o campeonato da Superliga B. H\u00e1 dois anos, o time foi campe\u00e3o da s\u00e9rie C e conquistou o acesso \u00e0 B. Os treinos come\u00e7aram em setembro e sofreram uma pausa apenas na semana do Natal.<\/span><\/p>\n<p><span style=\"font-weight: 400;\">O campeonato nacional tem bastante visibilidade e ter\u00e1 em Franca jogos contra o Flamengo e Sada Cruzeiro. A estreia do time francano ser\u00e1 no dia 21 de janeiro, \u00e0s 19h, contra o Bradesco Esportes, em Osasco.<\/span><\/p>\n<p><span style=\"font-weight: 400;\">As expectativas com o retorno \u00e0s quadras est\u00e3o altas, segundo a presidente da Associa\u00e7\u00e3o Francana de Voleibol, Talita Sousa. \u201cDepois de um longo per\u00edodo sem atividades, estamos trabalhando desde setembro com muita motiva\u00e7\u00e3o para voltar a disputar uma competi\u00e7\u00e3o nacional de alto n\u00edvel. O in\u00edcio do trabalho foi um pouco complicado, j\u00e1 que assumimos a diretoria com a prepara\u00e7\u00e3o da equipe j\u00e1 em andamento para disputar o campeonato, mas hoje o grupo est\u00e1 totalmente pronto e preparado para a estreia em janeiro\u201d, afirmou ela, que aproveitou a oportunidade para agradecer o apoio da Prefeitura e da Feac (<\/span><span style=\"font-weight: 400;\">Funda\u00e7\u00e3o Esporte, Arte e Cultura de Franca<\/span><span style=\"font-weight: 400;\">), atrav\u00e9s do presidente Mateus Caetano.<\/span><\/p>\n","protected":false},"excerpt":{"rendered":"<p>&nbsp; Francanas v\u00e3o jogar contra o Bradesco Esportes no dia 21 de janeiro; treinos voltaram em setembro A equipe feminina de v\u00f4lei de Franca est\u00e1 em<span class=\"excerpt-hellip\"> [\u2026]<\/span><\/p>\n","protected":false},"author":10,"featured_media":21978,"comment_status":"open","ping_status":"open","sticky":false,"template":"","format":"standard","meta":{"_jetpack_memberships_contains_paid_content":false,"footnotes":"","jetpack_publicize_message":"","jetpack_publicize_feature_enabled":true,"jetpack_social_post_already_shared":false,"jetpack_social_options":{"image_generator_settings":{"template":"highway","default_image_id":0,"enabled":false},"version":2}},"categories":[28,44],"tags":[],"class_list":["post-21977","post","type-post","status-publish","format-standard","has-post-thumbnail","hentry","category-cotidiano","category-noticias"],"yoast_head":"<!-- This site is optimized with the Yoast SEO plugin v25.6 - https:\/\/yoast.com\/wordpress\/plugins\/seo\/ -->\n<title>Time feminino de v\u00f4lei se prepara para estreia na Superliga B em janeiro - VerdadeOn<\/title>\n<meta name=\"robots\" content=\"index, follow, max-snippet:-1, max-image-preview:large, max-video-preview:-1\" \/>\n<link rel=\"canonical\" href=\"https:\/\/verdadeon.com.br\/portal\/2021\/12\/30\/time-feminino-de-volei-se-prepara-para-estreia-na-superliga-b-em-janeiro\/\" \/>\n<meta property=\"og:locale\" content=\"pt_BR\" \/>\n<meta property=\"og:type\" content=\"article\" \/>\n<meta property=\"og:title\" content=\"Time feminino de v\u00f4lei se prepara para estreia na Superliga B em janeiro - VerdadeOn\" \/>\n<meta property=\"og:description\" content=\"&nbsp; Francanas v\u00e3o jogar contra o Bradesco Esportes no dia 21 de janeiro; treinos voltaram em setembro A equipe feminina de v\u00f4lei de Franca est\u00e1 em [\u2026]\" \/>\n<meta property=\"og:url\" content=\"https:\/\/verdadeon.com.br\/portal\/2021\/12\/30\/time-feminino-de-volei-se-prepara-para-estreia-na-superliga-b-em-janeiro\/\" \/>\n<meta property=\"og:site_name\" content=\"VerdadeOn\" \/>\n<meta property=\"article:published_time\" content=\"2021-12-30T19:37:58+00:00\" \/>\n<meta property=\"article:modified_time\" content=\"2021-12-30T20:00:30+00:00\" \/>\n<meta property=\"og:image\" content=\"https:\/\/verdadeon.com.br\/portal\/wp-content\/uploads\/2021\/12\/WhatsApp-Image-2021-12-29-at-17.15.39.jpeg\" \/>\n\t<meta property=\"og:image:width\" content=\"1000\" \/>\n\t<meta property=\"og:image:height\" content=\"670\" \/>\n\t<meta property=\"og:image:type\" content=\"image\/jpeg\" \/>\n<meta name=\"author\" content=\"Redacao VerdadeOn\" \/>\n<meta name=\"twitter:card\" content=\"summary_large_image\" \/>\n<meta name=\"twitter:label1\" content=\"Escrito por\" \/>\n\t<meta name=\"twitter:data1\" content=\"Redacao VerdadeOn\" \/>\n\t<meta name=\"twitter:label2\" content=\"Est. tempo de leitura\" \/>\n\t<meta name=\"twitter:data2\" content=\"1 minuto\" \/>\n<script type=\"application\/ld+json\" class=\"yoast-schema-graph\">{\"@context\":\"https:\/\/schema.org\",\"@graph\":[{\"@type\":\"WebPage\",\"@id\":\"https:\/\/verdadeon.com.br\/portal\/2021\/12\/30\/time-feminino-de-volei-se-prepara-para-estreia-na-superliga-b-em-janeiro\/\",\"url\":\"https:\/\/verdadeon.com.br\/portal\/2021\/12\/30\/time-feminino-de-volei-se-prepara-para-estreia-na-superliga-b-em-janeiro\/\",\"name\":\"Time feminino de v\u00f4lei se prepara para estreia na Superliga B em janeiro - VerdadeOn\",\"isPartOf\":{\"@id\":\"https:\/\/verdadeon.com.br\/portal\/#website\"},\"primaryImageOfPage\":{\"@id\":\"https:\/\/verdadeon.com.br\/portal\/2021\/12\/30\/time-feminino-de-volei-se-prepara-para-estreia-na-superliga-b-em-janeiro\/#primaryimage\"},\"image\":{\"@id\":\"https:\/\/verdadeon.com.br\/portal\/2021\/12\/30\/time-feminino-de-volei-se-prepara-para-estreia-na-superliga-b-em-janeiro\/#primaryimage\"},\"thumbnailUrl\":\"https:\/\/i0.wp.com\/verdadeon.com.br\/portal\/wp-content\/uploads\/2021\/12\/WhatsApp-Image-2021-12-29-at-17.15.39.jpeg?fit=1000%2C670&ssl=1\",\"datePublished\":\"2021-12-30T19:37:58+00:00\",\"dateModified\":\"2021-12-30T20:00:30+00:00\",\"author\":{\"@id\":\"https:\/\/verdadeon.com.br\/portal\/#\/schema\/person\/a5060ad1e9ea3df545188fc93ce43d2f\"},\"breadcrumb\":{\"@id\":\"https:\/\/verdadeon.com.br\/portal\/2021\/12\/30\/time-feminino-de-volei-se-prepara-para-estreia-na-superliga-b-em-janeiro\/#breadcrumb\"},\"inLanguage\":\"pt-BR\",\"potentialAction\":[{\"@type\":\"ReadAction\",\"target\":[\"https:\/\/verdadeon.com.br\/portal\/2021\/12\/30\/time-feminino-de-volei-se-prepara-para-estreia-na-superliga-b-em-janeiro\/\"]}]},{\"@type\":\"ImageObject\",\"inLanguage\":\"pt-BR\",\"@id\":\"https:\/\/verdadeon.com.br\/portal\/2021\/12\/30\/time-feminino-de-volei-se-prepara-para-estreia-na-superliga-b-em-janeiro\/#primaryimage\",\"url\":\"https:\/\/i0.wp.com\/verdadeon.com.br\/portal\/wp-content\/uploads\/2021\/12\/WhatsApp-Image-2021-12-29-at-17.15.39.jpeg?fit=1000%2C670&ssl=1\",\"contentUrl\":\"https:\/\/i0.wp.com\/verdadeon.com.br\/portal\/wp-content\/uploads\/2021\/12\/WhatsApp-Image-2021-12-29-at-17.15.39.jpeg?fit=1000%2C670&ssl=1\",\"width\":1000,\"height\":670,\"caption\":\"Alto rendimento: time de v\u00f4lei feminino de Franca disputa a Superliga B e joga em casa na sexta-feira | Foto: Divulga\u00e7\u00e3o\"},{\"@type\":\"BreadcrumbList\",\"@id\":\"https:\/\/verdadeon.com.br\/portal\/2021\/12\/30\/time-feminino-de-volei-se-prepara-para-estreia-na-superliga-b-em-janeiro\/#breadcrumb\",\"itemListElement\":[{\"@type\":\"ListItem\",\"position\":1,\"name\":\"In\u00edcio\",\"item\":\"https:\/\/verdadeon.com.br\/portal\/\"},{\"@type\":\"ListItem\",\"position\":2,\"name\":\"Time feminino de v\u00f4lei se prepara para estreia na Superliga B em janeiro\"}]},{\"@type\":\"WebSite\",\"@id\":\"https:\/\/verdadeon.com.br\/portal\/#website\",\"url\":\"https:\/\/verdadeon.com.br\/portal\/\",\"name\":\"VerdadeOn\",\"description\":\"Not\u00edcias di\u00e1rias sobre Franca, Regi\u00e3o, Esporte, Cultura, Cotidiano, Colunas. Cobertura nos principais eventos da cidade \u00e9 aqui - Verdadeon Franca\",\"potentialAction\":[{\"@type\":\"SearchAction\",\"target\":{\"@type\":\"EntryPoint\",\"urlTemplate\":\"https:\/\/verdadeon.com.br\/portal\/?s={search_term_string}\"},\"query-input\":{\"@type\":\"PropertyValueSpecification\",\"valueRequired\":true,\"valueName\":\"search_term_string\"}}],\"inLanguage\":\"pt-BR\"},{\"@type\":\"Person\",\"@id\":\"https:\/\/verdadeon.com.br\/portal\/#\/schema\/person\/a5060ad1e9ea3df545188fc93ce43d2f\",\"name\":\"Redacao VerdadeOn\",\"image\":{\"@type\":\"ImageObject\",\"inLanguage\":\"pt-BR\",\"@id\":\"https:\/\/verdadeon.com.br\/portal\/#\/schema\/person\/image\/\",\"url\":\"https:\/\/secure.gravatar.com\/avatar\/459a9613caaaf07f582c3d0841eea68bdd66f533e465e6ba8b9cb45619572cf4?s=96&d=mm&r=g\",\"contentUrl\":\"https:\/\/secure.gravatar.com\/avatar\/459a9613caaaf07f582c3d0841eea68bdd66f533e465e6ba8b9cb45619572cf4?s=96&d=mm&r=g\",\"caption\":\"Redacao VerdadeOn\"},\"url\":\"https:\/\/verdadeon.com.br\/portal\/author\/redacao\/\"}]}<\/script>\n<!-- \/ Yoast SEO plugin. -->","yoast_head_json":{"title":"Time feminino de v\u00f4lei se prepara para estreia na Superliga B em janeiro - VerdadeOn","robots":{"index":"index","follow":"follow","max-snippet":"max-snippet:-1","max-image-preview":"max-image-preview:large","max-video-preview":"max-video-preview:-1"},"canonical":"https:\/\/verdadeon.com.br\/portal\/2021\/12\/30\/time-feminino-de-volei-se-prepara-para-estreia-na-superliga-b-em-janeiro\/","og_locale":"pt_BR","og_type":"article","og_title":"Time feminino de v\u00f4lei se prepara para estreia na Superliga B em janeiro - VerdadeOn","og_description":"&nbsp; Francanas v\u00e3o jogar contra o Bradesco Esportes no dia 21 de janeiro; treinos voltaram em setembro A equipe feminina de v\u00f4lei de Franca est\u00e1 em [\u2026]","og_url":"https:\/\/verdadeon.com.br\/portal\/2021\/12\/30\/time-feminino-de-volei-se-prepara-para-estreia-na-superliga-b-em-janeiro\/","og_site_name":"VerdadeOn","article_published_time":"2021-12-30T19:37:58+00:00","article_modified_time":"2021-12-30T20:00:30+00:00","og_image":[{"width":1000,"height":670,"url":"https:\/\/verdadeon.com.br\/portal\/wp-content\/uploads\/2021\/12\/WhatsApp-Image-2021-12-29-at-17.15.39.jpeg","type":"image\/jpeg"}],"author":"Redacao VerdadeOn","twitter_card":"summary_large_image","twitter_misc":{"Escrito por":"Redacao VerdadeOn","Est. tempo de leitura":"1 minuto"},"schema":{"@context":"https:\/\/schema.org","@graph":[{"@type":"WebPage","@id":"https:\/\/verdadeon.com.br\/portal\/2021\/12\/30\/time-feminino-de-volei-se-prepara-para-estreia-na-superliga-b-em-janeiro\/","url":"https:\/\/verdadeon.com.br\/portal\/2021\/12\/30\/time-feminino-de-volei-se-prepara-para-estreia-na-superliga-b-em-janeiro\/","name":"Time feminino de v\u00f4lei se prepara para estreia na Superliga B em janeiro - VerdadeOn","isPartOf":{"@id":"https:\/\/verdadeon.com.br\/portal\/#website"},"primaryImageOfPage":{"@id":"https:\/\/verdadeon.com.br\/portal\/2021\/12\/30\/time-feminino-de-volei-se-prepara-para-estreia-na-superliga-b-em-janeiro\/#primaryimage"},"image":{"@id":"https:\/\/verdadeon.com.br\/portal\/2021\/12\/30\/time-feminino-de-volei-se-prepara-para-estreia-na-superliga-b-em-janeiro\/#primaryimage"},"thumbnailUrl":"https:\/\/i0.wp.com\/verdadeon.com.br\/portal\/wp-content\/uploads\/2021\/12\/WhatsApp-Image-2021-12-29-at-17.15.39.jpeg?fit=1000%2C670&ssl=1","datePublished":"2021-12-30T19:37:58+00:00","dateModified":"2021-12-30T20:00:30+00:00","author":{"@id":"https:\/\/verdadeon.com.br\/portal\/#\/schema\/person\/a5060ad1e9ea3df545188fc93ce43d2f"},"breadcrumb":{"@id":"https:\/\/verdadeon.com.br\/portal\/2021\/12\/30\/time-feminino-de-volei-se-prepara-para-estreia-na-superliga-b-em-janeiro\/#breadcrumb"},"inLanguage":"pt-BR","potentialAction":[{"@type":"ReadAction","target":["https:\/\/verdadeon.com.br\/portal\/2021\/12\/30\/time-feminino-de-volei-se-prepara-para-estreia-na-superliga-b-em-janeiro\/"]}]},{"@type":"ImageObject","inLanguage":"pt-BR","@id":"https:\/\/verdadeon.com.br\/portal\/2021\/12\/30\/time-feminino-de-volei-se-prepara-para-estreia-na-superliga-b-em-janeiro\/#primaryimage","url":"https:\/\/i0.wp.com\/verdadeon.com.br\/portal\/wp-content\/uploads\/2021\/12\/WhatsApp-Image-2021-12-29-at-17.15.39.jpeg?fit=1000%2C670&ssl=1","contentUrl":"https:\/\/i0.wp.com\/verdadeon.com.br\/portal\/wp-content\/uploads\/2021\/12\/WhatsApp-Image-2021-12-29-at-17.15.39.jpeg?fit=1000%2C670&ssl=1","width":1000,"height":670,"caption":"Alto rendimento: time de v\u00f4lei feminino de Franca disputa a Superliga B e joga em casa na sexta-feira | Foto: Divulga\u00e7\u00e3o"},{"@type":"BreadcrumbList","@id":"https:\/\/verdadeon.com.br\/portal\/2021\/12\/30\/time-feminino-de-volei-se-prepara-para-estreia-na-superliga-b-em-janeiro\/#breadcrumb","itemListElement":[{"@type":"ListItem","position":1,"name":"In\u00edcio","item":"https:\/\/verdadeon.com.br\/portal\/"},{"@type":"ListItem","position":2,"name":"Time feminino de v\u00f4lei se prepara para estreia na Superliga B em janeiro"}]},{"@type":"WebSite","@id":"https:\/\/verdadeon.com.br\/portal\/#website","url":"https:\/\/verdadeon.com.br\/portal\/","name":"VerdadeOn","description":"Not\u00edcias di\u00e1rias sobre Franca, Regi\u00e3o, Esporte, Cultura, Cotidiano, Colunas. Cobertura nos principais eventos da cidade \u00e9 aqui - Verdadeon Franca","potentialAction":[{"@type":"SearchAction","target":{"@type":"EntryPoint","urlTemplate":"https:\/\/verdadeon.com.br\/portal\/?s={search_term_string}"},"query-input":{"@type":"PropertyValueSpecification","valueRequired":true,"valueName":"search_term_string"}}],"inLanguage":"pt-BR"},{"@type":"Person","@id":"https:\/\/verdadeon.com.br\/portal\/#\/schema\/person\/a5060ad1e9ea3df545188fc93ce43d2f","name":"Redacao VerdadeOn","image":{"@type":"ImageObject","inLanguage":"pt-BR","@id":"https:\/\/verdadeon.com.br\/portal\/#\/schema\/person\/image\/","url":"https:\/\/secure.gravatar.com\/avatar\/459a9613caaaf07f582c3d0841eea68bdd66f533e465e6ba8b9cb45619572cf4?s=96&d=mm&r=g","contentUrl":"https:\/\/secure.gravatar.com\/avatar\/459a9613caaaf07f582c3d0841eea68bdd66f533e465e6ba8b9cb45619572cf4?s=96&d=mm&r=g","caption":"Redacao VerdadeOn"},"url":"https:\/\/verdadeon.com.br\/portal\/author\/redacao\/"}]}},"jetpack_publicize_connections":[],"jetpack_featured_media_url":"https:\/\/i0.wp.com\/verdadeon.com.br\/portal\/wp-content\/uploads\/2021\/12\/WhatsApp-Image-2021-12-29-at-17.15.39.jpeg?fit=1000%2C670&ssl=1","jetpack_sharing_enabled":true,"_links":{"self":[{"href":"https:\/\/verdadeon.com.br\/portal\/wp-json\/wp\/v2\/posts\/21977","targetHints":{"allow":["GET"]}}],"collection":[{"href":"https:\/\/verdadeon.com.br\/portal\/wp-json\/wp\/v2\/posts"}],"about":[{"href":"https:\/\/verdadeon.com.br\/portal\/wp-json\/wp\/v2\/types\/post"}],"author":[{"embeddable":true,"href":"https:\/\/verdadeon.com.br\/portal\/wp-json\/wp\/v2\/users\/10"}],"replies":[{"embeddable":true,"href":"https:\/\/verdadeon.com.br\/portal\/wp-json\/wp\/v2\/comments?post=21977"}],"version-history":[{"count":0,"href":"https:\/\/verdadeon.com.br\/portal\/wp-json\/wp\/v2\/posts\/21977\/revisions"}],"wp:featuredmedia":[{"embeddable":true,"href":"https:\/\/verdadeon.com.br\/portal\/wp-json\/wp\/v2\/media\/21978"}],"wp:attachment":[{"href":"https:\/\/verdadeon.com.br\/portal\/wp-json\/wp\/v2\/media?parent=21977"}],"wp:term":[{"taxonomy":"category","embeddable":true,"href":"https:\/\/verdadeon.com.br\/portal\/wp-json\/wp\/v2\/categories?post=21977"},{"taxonomy":"post_tag","embeddable":true,"href":"https:\/\/verdadeon.com.br\/portal\/wp-json\/wp\/v2\/tags?post=21977"}],"curies":[{"name":"wp","href":"https:\/\/api.w.org\/{rel}","templated":true}]}}