{"id":21968,"date":"2021-12-30T15:19:11","date_gmt":"2021-12-30T18:19:11","guid":{"rendered":"https:\/\/verdadeon.com.br\/portal\/?p=21968"},"modified":"2021-12-30T15:18:08","modified_gmt":"2021-12-30T18:18:08","slug":"policia-rodoviaria-inicia-operacao-ano-novo","status":"publish","type":"post","link":"https:\/\/verdadeon.com.br\/portal\/2021\/12\/30\/policia-rodoviaria-inicia-operacao-ano-novo\/","title":{"rendered":"Pol\u00edcia Rodovi\u00e1ria inicia &#8216;Opera\u00e7\u00e3o Ano Novo&#8217;"},"content":{"rendered":"<h2>Expectativa \u00e9 de que 18 mil ve\u00edculos a mais trafeguem pela C\u00e2ndido Portinari no per\u00edodo, aumento de 30%<\/h2>\n<p>A Pol\u00edcia Rodovi\u00e1ria deu in\u00edcio na quinta-feira (30), a &#8220;Opera\u00e7\u00e3o Ano Novo&#8221;,\u00a0 ela segue at\u00e9 o dia dois de janeiro. Ser\u00e3o promovidas a\u00e7\u00f5es de implemento ao policiamento, proporcionando mais seguran\u00e7a a todos os usu\u00e1rios da malha rodovi\u00e1ria.<br \/>\n&#8220;O Policiamento Rodovi\u00e1rio continua presente com todo o efetivo operacional empregado, diuturna e estrategicamente, nos mais de 22.000 km de rodovias estaduais, direcionado \u00e0s \u00e1reas de incid\u00eancia criminal e de sinistralidade vi\u00e1ria, de forma a aumentar a percep\u00e7\u00e3o de seguran\u00e7a de todos os usu\u00e1rios que necessitem fazer deslocamentos entre Munic\u00edpios\/Estados&#8221;, informou.<\/p>\n<p>O trabalho da opera\u00e7\u00e3o ser\u00e1 em conjunto com as Concession\u00e1rias de Rodovias, DER, ARTESP e outros parceiros. Durante todos esses dias, a atua\u00e7\u00e3o do Policiamento Rodovi\u00e1rio, buscar\u00e1 sedimentar condi\u00e7\u00f5es de trafegabilidade cada vez mais seguras, conscientes e humanizadas, com foco na fiscaliza\u00e7\u00e3o da quest\u00e3o comportamental do motorista, principalmente porque a falha humana ainda \u00e9 a principal causa de acidentes de tr\u00e2nsito, 90%, segundo a OMS.<\/p>\n<p>&#8220;Portanto, objetivando salvar vidas e diminuir os sinistros na malha rodovi\u00e1ria estadual paulista o Policiamento Rodovi\u00e1rio entende que coibir as infra\u00e7\u00f5es de tr\u00e2nsito abaixo \u00e9 uma das prioridades em suas a\u00e7\u00f5es&#8221;<\/p>\n<h4>Principais ocorr\u00eancias<\/h4>\n<p>De acordo com a P.R., a embriaguez ao volante especialmente neste per\u00edodo de festas, \u00e9 uma das ocorr\u00eancias mais frequentes. A infra\u00e7\u00e3o de tr\u00e2nsito de embriaguez pune o motorista com multa e suspens\u00e3o do direito de dirigir. A presen\u00e7a de \u00e1lcool no organismo do condutor, por si s\u00f3 altera sua capacidade de dirigir e potencializa os riscos de sinistros de tr\u00e2nsito.<br \/>\nNesse sentido, o Comando de Policiamento Rodovi\u00e1rio traz a import\u00e2ncia de combater esse tipo de comportamento ao volante, principalmente com a ado\u00e7\u00e3o do \u201cetil\u00f4metro seletivo\u201d, equipamento que permite uma identifica\u00e7\u00e3o qualificada e preparat\u00f3ria para o teste ativo.<\/p>\n<p>Os limites de velocidade tamb\u00e9m s\u00e3o comuns, a P.R. alerta que o excesso de velocidade potencializa todas as demais infra\u00e7\u00f5es de tr\u00e2nsito. &#8220;N\u00e3o por outro motivo, o Policiamento Rodovi\u00e1rio tem intensificado a fiscaliza\u00e7\u00e3o desse tipo de infra\u00e7\u00e3o, inclusive no per\u00edodo noturno&#8221;.<br \/>\nOutra grande preocupa\u00e7\u00e3o \u00e9 em rela\u00e7\u00e3o ao uso de celulares enquanto dirige. &#8220;Importante destacar que o uso do telefone celular e sua concomit\u00e2ncia com a condu\u00e7\u00e3o de um ve\u00edculo, ocasiona uma distra\u00e7\u00e3o visual e cognitiva do condutor, ou seja, h\u00e1 perda completa da aten\u00e7\u00e3o durante o processo de dirigibilidade. Tamb\u00e9m \u00e9 importante que o motorista sempre esteja com as duas<br \/>\nm\u00e3os ao volante na condu\u00e7\u00e3o do ve\u00edculo&#8221;.<\/p>\n<h4>Pedestres e ciclistas<\/h4>\n<p>No informativo a Pol\u00edcia Rodovi\u00e1ria destacou que no per\u00edodo noturno h\u00e1 maior risco de atropelamentos de pedestres pela car\u00eancia de ilumina\u00e7\u00e3o e ao mesmo tempo, alguns pedestres, ainda insistem em cruzar a via em regi\u00f5es de alto volume de tr\u00e1fego, raz\u00e3o pela qual, o Policiamento Rodovi\u00e1rio, adota campanhas educativas e distribui\u00e7\u00e3o de coletes refletivos, como estrat\u00e9gicas para evitar acidentes deste tipo.<\/p>\n","protected":false},"excerpt":{"rendered":"<p>Expectativa \u00e9 de que 18 mil ve\u00edculos a mais trafeguem pela C\u00e2ndido Portinari no per\u00edodo, aumento de 30% A Pol\u00edcia Rodovi\u00e1ria deu in\u00edcio na quinta-feira (30),<span class=\"excerpt-hellip\"> [\u2026]<\/span><\/p>\n","protected":false},"author":7,"featured_media":21969,"comment_status":"open","ping_status":"open","sticky":false,"template":"","format":"standard","meta":{"_jetpack_memberships_contains_paid_content":false,"footnotes":"","jetpack_publicize_message":"","jetpack_publicize_feature_enabled":true,"jetpack_social_post_already_shared":false,"jetpack_social_options":{"image_generator_settings":{"template":"highway","default_image_id":0,"enabled":false},"version":2}},"categories":[28,81],"tags":[],"class_list":["post-21968","post","type-post","status-publish","format-standard","has-post-thumbnail","hentry","category-cotidiano","category-manchete"],"yoast_head":"<!-- This site is optimized with the Yoast SEO plugin v25.6 - https:\/\/yoast.com\/wordpress\/plugins\/seo\/ -->\n<title>Pol\u00edcia Rodovi\u00e1ria inicia &#039;Opera\u00e7\u00e3o Ano Novo&#039; - VerdadeOn<\/title>\n<meta name=\"robots\" content=\"index, follow, max-snippet:-1, max-image-preview:large, max-video-preview:-1\" \/>\n<link rel=\"canonical\" href=\"https:\/\/verdadeon.com.br\/portal\/2021\/12\/30\/policia-rodoviaria-inicia-operacao-ano-novo\/\" \/>\n<meta property=\"og:locale\" content=\"pt_BR\" \/>\n<meta property=\"og:type\" content=\"article\" \/>\n<meta property=\"og:title\" content=\"Pol\u00edcia Rodovi\u00e1ria inicia &#039;Opera\u00e7\u00e3o Ano Novo&#039; - VerdadeOn\" \/>\n<meta property=\"og:description\" content=\"Expectativa \u00e9 de que 18 mil ve\u00edculos a mais trafeguem pela C\u00e2ndido Portinari no per\u00edodo, aumento de 30% A Pol\u00edcia Rodovi\u00e1ria deu in\u00edcio na quinta-feira (30), [\u2026]\" \/>\n<meta property=\"og:url\" content=\"https:\/\/verdadeon.com.br\/portal\/2021\/12\/30\/policia-rodoviaria-inicia-operacao-ano-novo\/\" \/>\n<meta property=\"og:site_name\" content=\"VerdadeOn\" \/>\n<meta property=\"article:published_time\" content=\"2021-12-30T18:19:11+00:00\" \/>\n<meta property=\"og:image\" content=\"https:\/\/verdadeon.com.br\/portal\/wp-content\/uploads\/2021\/12\/WhatsApp-Image-2021-12-30-at-14.39.24-e1640886115332.jpeg\" \/>\n\t<meta property=\"og:image:width\" content=\"1000\" \/>\n\t<meta property=\"og:image:height\" content=\"672\" \/>\n\t<meta property=\"og:image:type\" content=\"image\/jpeg\" \/>\n<meta name=\"author\" content=\"Fernando Lima\" \/>\n<meta name=\"twitter:card\" content=\"summary_large_image\" \/>\n<meta name=\"twitter:label1\" content=\"Escrito por\" \/>\n\t<meta name=\"twitter:data1\" content=\"Fernando Lima\" \/>\n\t<meta name=\"twitter:label2\" content=\"Est. tempo de leitura\" \/>\n\t<meta name=\"twitter:data2\" content=\"3 minutos\" \/>\n<script type=\"application\/ld+json\" class=\"yoast-schema-graph\">{\"@context\":\"https:\/\/schema.org\",\"@graph\":[{\"@type\":\"WebPage\",\"@id\":\"https:\/\/verdadeon.com.br\/portal\/2021\/12\/30\/policia-rodoviaria-inicia-operacao-ano-novo\/\",\"url\":\"https:\/\/verdadeon.com.br\/portal\/2021\/12\/30\/policia-rodoviaria-inicia-operacao-ano-novo\/\",\"name\":\"Pol\u00edcia Rodovi\u00e1ria inicia 'Opera\u00e7\u00e3o Ano Novo' - VerdadeOn\",\"isPartOf\":{\"@id\":\"https:\/\/verdadeon.com.br\/portal\/#website\"},\"primaryImageOfPage\":{\"@id\":\"https:\/\/verdadeon.com.br\/portal\/2021\/12\/30\/policia-rodoviaria-inicia-operacao-ano-novo\/#primaryimage\"},\"image\":{\"@id\":\"https:\/\/verdadeon.com.br\/portal\/2021\/12\/30\/policia-rodoviaria-inicia-operacao-ano-novo\/#primaryimage\"},\"thumbnailUrl\":\"https:\/\/i0.wp.com\/verdadeon.com.br\/portal\/wp-content\/uploads\/2021\/12\/WhatsApp-Image-2021-12-30-at-14.39.24-e1640886115332.jpeg?fit=1000%2C672&ssl=1\",\"datePublished\":\"2021-12-30T18:19:11+00:00\",\"author\":{\"@id\":\"https:\/\/verdadeon.com.br\/portal\/#\/schema\/person\/cc32be22b8e8599387c480bc83e1d11a\"},\"breadcrumb\":{\"@id\":\"https:\/\/verdadeon.com.br\/portal\/2021\/12\/30\/policia-rodoviaria-inicia-operacao-ano-novo\/#breadcrumb\"},\"inLanguage\":\"pt-BR\",\"potentialAction\":[{\"@type\":\"ReadAction\",\"target\":[\"https:\/\/verdadeon.com.br\/portal\/2021\/12\/30\/policia-rodoviaria-inicia-operacao-ano-novo\/\"]}]},{\"@type\":\"ImageObject\",\"inLanguage\":\"pt-BR\",\"@id\":\"https:\/\/verdadeon.com.br\/portal\/2021\/12\/30\/policia-rodoviaria-inicia-operacao-ano-novo\/#primaryimage\",\"url\":\"https:\/\/i0.wp.com\/verdadeon.com.br\/portal\/wp-content\/uploads\/2021\/12\/WhatsApp-Image-2021-12-30-at-14.39.24-e1640886115332.jpeg?fit=1000%2C672&ssl=1\",\"contentUrl\":\"https:\/\/i0.wp.com\/verdadeon.com.br\/portal\/wp-content\/uploads\/2021\/12\/WhatsApp-Image-2021-12-30-at-14.39.24-e1640886115332.jpeg?fit=1000%2C672&ssl=1\",\"width\":1000,\"height\":672,\"caption\":\"Rodovia C\u00e2ndido Portinari (\u00a9Fernando Lima\/Jornal Verdade)\"},{\"@type\":\"BreadcrumbList\",\"@id\":\"https:\/\/verdadeon.com.br\/portal\/2021\/12\/30\/policia-rodoviaria-inicia-operacao-ano-novo\/#breadcrumb\",\"itemListElement\":[{\"@type\":\"ListItem\",\"position\":1,\"name\":\"In\u00edcio\",\"item\":\"https:\/\/verdadeon.com.br\/portal\/\"},{\"@type\":\"ListItem\",\"position\":2,\"name\":\"Pol\u00edcia Rodovi\u00e1ria inicia &#8216;Opera\u00e7\u00e3o Ano Novo&#8217;\"}]},{\"@type\":\"WebSite\",\"@id\":\"https:\/\/verdadeon.com.br\/portal\/#website\",\"url\":\"https:\/\/verdadeon.com.br\/portal\/\",\"name\":\"VerdadeOn\",\"description\":\"Not\u00edcias di\u00e1rias sobre Franca, Regi\u00e3o, Esporte, Cultura, Cotidiano, Colunas. Cobertura nos principais eventos da cidade \u00e9 aqui - Verdadeon Franca\",\"potentialAction\":[{\"@type\":\"SearchAction\",\"target\":{\"@type\":\"EntryPoint\",\"urlTemplate\":\"https:\/\/verdadeon.com.br\/portal\/?s={search_term_string}\"},\"query-input\":{\"@type\":\"PropertyValueSpecification\",\"valueRequired\":true,\"valueName\":\"search_term_string\"}}],\"inLanguage\":\"pt-BR\"},{\"@type\":\"Person\",\"@id\":\"https:\/\/verdadeon.com.br\/portal\/#\/schema\/person\/cc32be22b8e8599387c480bc83e1d11a\",\"name\":\"Fernando Lima\",\"image\":{\"@type\":\"ImageObject\",\"inLanguage\":\"pt-BR\",\"@id\":\"https:\/\/verdadeon.com.br\/portal\/#\/schema\/person\/image\/\",\"url\":\"https:\/\/secure.gravatar.com\/avatar\/df4c8e132080d2b3a4841d5d232045464e0eed11a1d6e43115ca0843d48768d3?s=96&d=mm&r=g\",\"contentUrl\":\"https:\/\/secure.gravatar.com\/avatar\/df4c8e132080d2b3a4841d5d232045464e0eed11a1d6e43115ca0843d48768d3?s=96&d=mm&r=g\",\"caption\":\"Fernando Lima\"},\"sameAs\":[\"http:\/\/verdadeon.com.br\/\"],\"url\":\"https:\/\/verdadeon.com.br\/portal\/author\/fernando-lima\/\"}]}<\/script>\n<!-- \/ Yoast SEO plugin. -->","yoast_head_json":{"title":"Pol\u00edcia Rodovi\u00e1ria inicia 'Opera\u00e7\u00e3o Ano Novo' - VerdadeOn","robots":{"index":"index","follow":"follow","max-snippet":"max-snippet:-1","max-image-preview":"max-image-preview:large","max-video-preview":"max-video-preview:-1"},"canonical":"https:\/\/verdadeon.com.br\/portal\/2021\/12\/30\/policia-rodoviaria-inicia-operacao-ano-novo\/","og_locale":"pt_BR","og_type":"article","og_title":"Pol\u00edcia Rodovi\u00e1ria inicia 'Opera\u00e7\u00e3o Ano Novo' - VerdadeOn","og_description":"Expectativa \u00e9 de que 18 mil ve\u00edculos a mais trafeguem pela C\u00e2ndido Portinari no per\u00edodo, aumento de 30% A Pol\u00edcia Rodovi\u00e1ria deu in\u00edcio na quinta-feira (30), [\u2026]","og_url":"https:\/\/verdadeon.com.br\/portal\/2021\/12\/30\/policia-rodoviaria-inicia-operacao-ano-novo\/","og_site_name":"VerdadeOn","article_published_time":"2021-12-30T18:19:11+00:00","og_image":[{"width":1000,"height":672,"url":"https:\/\/verdadeon.com.br\/portal\/wp-content\/uploads\/2021\/12\/WhatsApp-Image-2021-12-30-at-14.39.24-e1640886115332.jpeg","type":"image\/jpeg"}],"author":"Fernando Lima","twitter_card":"summary_large_image","twitter_misc":{"Escrito por":"Fernando Lima","Est. tempo de leitura":"3 minutos"},"schema":{"@context":"https:\/\/schema.org","@graph":[{"@type":"WebPage","@id":"https:\/\/verdadeon.com.br\/portal\/2021\/12\/30\/policia-rodoviaria-inicia-operacao-ano-novo\/","url":"https:\/\/verdadeon.com.br\/portal\/2021\/12\/30\/policia-rodoviaria-inicia-operacao-ano-novo\/","name":"Pol\u00edcia Rodovi\u00e1ria inicia 'Opera\u00e7\u00e3o Ano Novo' - VerdadeOn","isPartOf":{"@id":"https:\/\/verdadeon.com.br\/portal\/#website"},"primaryImageOfPage":{"@id":"https:\/\/verdadeon.com.br\/portal\/2021\/12\/30\/policia-rodoviaria-inicia-operacao-ano-novo\/#primaryimage"},"image":{"@id":"https:\/\/verdadeon.com.br\/portal\/2021\/12\/30\/policia-rodoviaria-inicia-operacao-ano-novo\/#primaryimage"},"thumbnailUrl":"https:\/\/i0.wp.com\/verdadeon.com.br\/portal\/wp-content\/uploads\/2021\/12\/WhatsApp-Image-2021-12-30-at-14.39.24-e1640886115332.jpeg?fit=1000%2C672&ssl=1","datePublished":"2021-12-30T18:19:11+00:00","author":{"@id":"https:\/\/verdadeon.com.br\/portal\/#\/schema\/person\/cc32be22b8e8599387c480bc83e1d11a"},"breadcrumb":{"@id":"https:\/\/verdadeon.com.br\/portal\/2021\/12\/30\/policia-rodoviaria-inicia-operacao-ano-novo\/#breadcrumb"},"inLanguage":"pt-BR","potentialAction":[{"@type":"ReadAction","target":["https:\/\/verdadeon.com.br\/portal\/2021\/12\/30\/policia-rodoviaria-inicia-operacao-ano-novo\/"]}]},{"@type":"ImageObject","inLanguage":"pt-BR","@id":"https:\/\/verdadeon.com.br\/portal\/2021\/12\/30\/policia-rodoviaria-inicia-operacao-ano-novo\/#primaryimage","url":"https:\/\/i0.wp.com\/verdadeon.com.br\/portal\/wp-content\/uploads\/2021\/12\/WhatsApp-Image-2021-12-30-at-14.39.24-e1640886115332.jpeg?fit=1000%2C672&ssl=1","contentUrl":"https:\/\/i0.wp.com\/verdadeon.com.br\/portal\/wp-content\/uploads\/2021\/12\/WhatsApp-Image-2021-12-30-at-14.39.24-e1640886115332.jpeg?fit=1000%2C672&ssl=1","width":1000,"height":672,"caption":"Rodovia C\u00e2ndido Portinari (\u00a9Fernando Lima\/Jornal Verdade)"},{"@type":"BreadcrumbList","@id":"https:\/\/verdadeon.com.br\/portal\/2021\/12\/30\/policia-rodoviaria-inicia-operacao-ano-novo\/#breadcrumb","itemListElement":[{"@type":"ListItem","position":1,"name":"In\u00edcio","item":"https:\/\/verdadeon.com.br\/portal\/"},{"@type":"ListItem","position":2,"name":"Pol\u00edcia Rodovi\u00e1ria inicia &#8216;Opera\u00e7\u00e3o Ano Novo&#8217;"}]},{"@type":"WebSite","@id":"https:\/\/verdadeon.com.br\/portal\/#website","url":"https:\/\/verdadeon.com.br\/portal\/","name":"VerdadeOn","description":"Not\u00edcias di\u00e1rias sobre Franca, Regi\u00e3o, Esporte, Cultura, Cotidiano, Colunas. Cobertura nos principais eventos da cidade \u00e9 aqui - Verdadeon Franca","potentialAction":[{"@type":"SearchAction","target":{"@type":"EntryPoint","urlTemplate":"https:\/\/verdadeon.com.br\/portal\/?s={search_term_string}"},"query-input":{"@type":"PropertyValueSpecification","valueRequired":true,"valueName":"search_term_string"}}],"inLanguage":"pt-BR"},{"@type":"Person","@id":"https:\/\/verdadeon.com.br\/portal\/#\/schema\/person\/cc32be22b8e8599387c480bc83e1d11a","name":"Fernando Lima","image":{"@type":"ImageObject","inLanguage":"pt-BR","@id":"https:\/\/verdadeon.com.br\/portal\/#\/schema\/person\/image\/","url":"https:\/\/secure.gravatar.com\/avatar\/df4c8e132080d2b3a4841d5d232045464e0eed11a1d6e43115ca0843d48768d3?s=96&d=mm&r=g","contentUrl":"https:\/\/secure.gravatar.com\/avatar\/df4c8e132080d2b3a4841d5d232045464e0eed11a1d6e43115ca0843d48768d3?s=96&d=mm&r=g","caption":"Fernando Lima"},"sameAs":["http:\/\/verdadeon.com.br\/"],"url":"https:\/\/verdadeon.com.br\/portal\/author\/fernando-lima\/"}]}},"jetpack_publicize_connections":[],"jetpack_featured_media_url":"https:\/\/i0.wp.com\/verdadeon.com.br\/portal\/wp-content\/uploads\/2021\/12\/WhatsApp-Image-2021-12-30-at-14.39.24-e1640886115332.jpeg?fit=1000%2C672&ssl=1","jetpack_sharing_enabled":true,"_links":{"self":[{"href":"https:\/\/verdadeon.com.br\/portal\/wp-json\/wp\/v2\/posts\/21968","targetHints":{"allow":["GET"]}}],"collection":[{"href":"https:\/\/verdadeon.com.br\/portal\/wp-json\/wp\/v2\/posts"}],"about":[{"href":"https:\/\/verdadeon.com.br\/portal\/wp-json\/wp\/v2\/types\/post"}],"author":[{"embeddable":true,"href":"https:\/\/verdadeon.com.br\/portal\/wp-json\/wp\/v2\/users\/7"}],"replies":[{"embeddable":true,"href":"https:\/\/verdadeon.com.br\/portal\/wp-json\/wp\/v2\/comments?post=21968"}],"version-history":[{"count":0,"href":"https:\/\/verdadeon.com.br\/portal\/wp-json\/wp\/v2\/posts\/21968\/revisions"}],"wp:featuredmedia":[{"embeddable":true,"href":"https:\/\/verdadeon.com.br\/portal\/wp-json\/wp\/v2\/media\/21969"}],"wp:attachment":[{"href":"https:\/\/verdadeon.com.br\/portal\/wp-json\/wp\/v2\/media?parent=21968"}],"wp:term":[{"taxonomy":"category","embeddable":true,"href":"https:\/\/verdadeon.com.br\/portal\/wp-json\/wp\/v2\/categories?post=21968"},{"taxonomy":"post_tag","embeddable":true,"href":"https:\/\/verdadeon.com.br\/portal\/wp-json\/wp\/v2\/tags?post=21968"}],"curies":[{"name":"wp","href":"https:\/\/api.w.org\/{rel}","templated":true}]}}