{"id":21961,"date":"2021-12-30T10:39:21","date_gmt":"2021-12-30T13:39:21","guid":{"rendered":"https:\/\/verdadeon.com.br\/portal\/?p=21961"},"modified":"2021-12-30T10:39:21","modified_gmt":"2021-12-30T13:39:21","slug":"guarda-civil-de-franca-comprara-duas-novas-viaturas-com-emenda-de-deputado-federal","status":"publish","type":"post","link":"https:\/\/verdadeon.com.br\/portal\/2021\/12\/30\/guarda-civil-de-franca-comprara-duas-novas-viaturas-com-emenda-de-deputado-federal\/","title":{"rendered":"Guarda Civil de Franca comprar\u00e1 duas novas viaturas com emenda de deputado federal"},"content":{"rendered":"<p>Est\u00e1 na conta da Prefeitura de Franca o valor de R$ 300 mil da emenda enviada pelo deputado federal Arnaldo Jardim que beneficiar\u00e1 a Guarda Civil de nossa cidade.<br \/>\nO recurso, intermediado pelos vereadores Daniel Bassi, Lindsay Cardoso e Ronaldo Carvalho junto ao deputado, ser\u00e1 utilizado para a compra de duas viaturas zero quil\u00f4metro para a corpora\u00e7\u00e3o.<br \/>\nUm dos ve\u00edculos, segundo Lindsay, ser\u00e1 exclusivo para a causa animal e atender\u00e1 a ocorr\u00eancias e den\u00fancias relativas a animas soltos nas ruas, recolhimento de animais, transporte, quando necess\u00e1rio e at\u00e9 maus-tratos.<br \/>\nO outro ser\u00e1 utilizado no trabalho di\u00e1rio da Guarda Civil, que inclui o patrulhamento pelos pr\u00f3prios municipais e atendimento de ocorr\u00eancias diversas pela cidade.<br \/>\n\u201c\u00c9 um refor\u00e7o para a seguran\u00e7a p\u00fablica de nossa querida Franca. Somente este ano, enviamos R$ 750 mil para a cidade, recursos que j\u00e1 est\u00e3o na conta da Prefeitura, prontos para serem utilizados\u201d, afirmou Arnaldo Jardim.<br \/>\nOs tr\u00eas vereadores fizeram os pedidos a Arnaldo Jardim em nome da Comiss\u00e3o do Meio Ambiente e Causa Animal da C\u00e2mara de Franca, da qual s\u00e3o integrantes.<br \/>\nO pagamento da emenda mencionada foi realizado no dia 27 de dezembro. O n\u00famero da emenda \u00e9 o 23560008 \u2013 2021, relativo \u00e0 proposta 09032021-013815, com valor de R$ 300 mil, feito por repasse direto, fundo a fundo, pelo Minist\u00e9rio da Economia.<\/p>\n<h4>Vereadores agradecem<\/h4>\n<p>Defensora da causa animal, Lindsay Cardoso agradeceu o envio dos recursos pelo parlamentar federal.<br \/>\n\u201cCom um ve\u00edculo pr\u00f3prio ser\u00e1 poss\u00edvel o deslocamento de guardas para ocorr\u00eancias que envolvam animais sem prejudicar outras ocorr\u00eancias. Al\u00e9m disso, vir\u00e1 mais uma viatura para o dia a dia da Guarda\u201d, explicou.<br \/>\nDaniel Bassi comentou que, al\u00e9m das viaturas para a Guarda Civil, os recursos enviados por Arnaldo ser\u00e3o empregados na constru\u00e7\u00e3o de rampas de acessibilidade e reforma de pra\u00e7as de esporte.<br \/>\n\u201cO trabalho que o Arnaldo tem feito por Franca \u00e9 admir\u00e1vel. Ele sempre nos recebe e d\u00e1 aten\u00e7\u00e3o. Al\u00e9m dessas emendas, ele conseguiu destravar os financiamentos para os cafeicultores atingidos pela geada e enviou recursos para a melhoria de estradas rurais. \u00c9 um deputado que realmente trabalha por Franca e Regi\u00e3o\u201d, afirmou o vereador Bassi.<br \/>\n\u201c\u00c9 um deputado que tem feito muito por Franca, pela Regi\u00e3o, e que certamente ainda far\u00e1 bastante, porque \u00e9 movido pelo trabalho\u201d, completou Ronaldo Carvalho.<\/p>\n","protected":false},"excerpt":{"rendered":"<p>Est\u00e1 na conta da Prefeitura de Franca o valor de R$ 300 mil da emenda enviada pelo deputado federal Arnaldo Jardim que beneficiar\u00e1 a Guarda Civil<span class=\"excerpt-hellip\"> [\u2026]<\/span><\/p>\n","protected":false},"author":4,"featured_media":21962,"comment_status":"open","ping_status":"open","sticky":false,"template":"","format":"standard","meta":{"_jetpack_memberships_contains_paid_content":false,"footnotes":"","jetpack_publicize_message":"","jetpack_publicize_feature_enabled":true,"jetpack_social_post_already_shared":false,"jetpack_social_options":{"image_generator_settings":{"template":"highway","default_image_id":0,"enabled":false},"version":2}},"categories":[28,44],"tags":[],"class_list":["post-21961","post","type-post","status-publish","format-standard","has-post-thumbnail","hentry","category-cotidiano","category-noticias"],"yoast_head":"<!-- This site is optimized with the Yoast SEO plugin v25.6 - https:\/\/yoast.com\/wordpress\/plugins\/seo\/ -->\n<title>Guarda Civil de Franca comprar\u00e1 duas novas viaturas com emenda de deputado federal - VerdadeOn<\/title>\n<meta name=\"robots\" content=\"index, follow, max-snippet:-1, max-image-preview:large, max-video-preview:-1\" \/>\n<link rel=\"canonical\" href=\"https:\/\/verdadeon.com.br\/portal\/2021\/12\/30\/guarda-civil-de-franca-comprara-duas-novas-viaturas-com-emenda-de-deputado-federal\/\" \/>\n<meta property=\"og:locale\" content=\"pt_BR\" \/>\n<meta property=\"og:type\" content=\"article\" \/>\n<meta property=\"og:title\" content=\"Guarda Civil de Franca comprar\u00e1 duas novas viaturas com emenda de deputado federal - VerdadeOn\" \/>\n<meta property=\"og:description\" content=\"Est\u00e1 na conta da Prefeitura de Franca o valor de R$ 300 mil da emenda enviada pelo deputado federal Arnaldo Jardim que beneficiar\u00e1 a Guarda Civil [\u2026]\" \/>\n<meta property=\"og:url\" content=\"https:\/\/verdadeon.com.br\/portal\/2021\/12\/30\/guarda-civil-de-franca-comprara-duas-novas-viaturas-com-emenda-de-deputado-federal\/\" \/>\n<meta property=\"og:site_name\" content=\"VerdadeOn\" \/>\n<meta property=\"article:published_time\" content=\"2021-12-30T13:39:21+00:00\" \/>\n<meta property=\"og:image\" content=\"https:\/\/verdadeon.com.br\/portal\/wp-content\/uploads\/2021\/12\/WhatsApp-Image-2021-12-30-at-09.01.22.jpeg\" \/>\n\t<meta property=\"og:image:width\" content=\"1000\" \/>\n\t<meta property=\"og:image:height\" content=\"670\" \/>\n\t<meta property=\"og:image:type\" content=\"image\/jpeg\" \/>\n<meta name=\"author\" content=\"Fernando Calixto\" \/>\n<meta name=\"twitter:card\" content=\"summary_large_image\" \/>\n<meta name=\"twitter:label1\" content=\"Escrito por\" \/>\n\t<meta name=\"twitter:data1\" content=\"Fernando Calixto\" \/>\n\t<meta name=\"twitter:label2\" content=\"Est. tempo de leitura\" \/>\n\t<meta name=\"twitter:data2\" content=\"2 minutos\" \/>\n<script type=\"application\/ld+json\" class=\"yoast-schema-graph\">{\"@context\":\"https:\/\/schema.org\",\"@graph\":[{\"@type\":\"WebPage\",\"@id\":\"https:\/\/verdadeon.com.br\/portal\/2021\/12\/30\/guarda-civil-de-franca-comprara-duas-novas-viaturas-com-emenda-de-deputado-federal\/\",\"url\":\"https:\/\/verdadeon.com.br\/portal\/2021\/12\/30\/guarda-civil-de-franca-comprara-duas-novas-viaturas-com-emenda-de-deputado-federal\/\",\"name\":\"Guarda Civil de Franca comprar\u00e1 duas novas viaturas com emenda de deputado federal - VerdadeOn\",\"isPartOf\":{\"@id\":\"https:\/\/verdadeon.com.br\/portal\/#website\"},\"primaryImageOfPage\":{\"@id\":\"https:\/\/verdadeon.com.br\/portal\/2021\/12\/30\/guarda-civil-de-franca-comprara-duas-novas-viaturas-com-emenda-de-deputado-federal\/#primaryimage\"},\"image\":{\"@id\":\"https:\/\/verdadeon.com.br\/portal\/2021\/12\/30\/guarda-civil-de-franca-comprara-duas-novas-viaturas-com-emenda-de-deputado-federal\/#primaryimage\"},\"thumbnailUrl\":\"https:\/\/i0.wp.com\/verdadeon.com.br\/portal\/wp-content\/uploads\/2021\/12\/WhatsApp-Image-2021-12-30-at-09.01.22.jpeg?fit=1000%2C670&ssl=1\",\"datePublished\":\"2021-12-30T13:39:21+00:00\",\"author\":{\"@id\":\"https:\/\/verdadeon.com.br\/portal\/#\/schema\/person\/8994718f49ee62ba5610471e29ca1f62\"},\"breadcrumb\":{\"@id\":\"https:\/\/verdadeon.com.br\/portal\/2021\/12\/30\/guarda-civil-de-franca-comprara-duas-novas-viaturas-com-emenda-de-deputado-federal\/#breadcrumb\"},\"inLanguage\":\"pt-BR\",\"potentialAction\":[{\"@type\":\"ReadAction\",\"target\":[\"https:\/\/verdadeon.com.br\/portal\/2021\/12\/30\/guarda-civil-de-franca-comprara-duas-novas-viaturas-com-emenda-de-deputado-federal\/\"]}]},{\"@type\":\"ImageObject\",\"inLanguage\":\"pt-BR\",\"@id\":\"https:\/\/verdadeon.com.br\/portal\/2021\/12\/30\/guarda-civil-de-franca-comprara-duas-novas-viaturas-com-emenda-de-deputado-federal\/#primaryimage\",\"url\":\"https:\/\/i0.wp.com\/verdadeon.com.br\/portal\/wp-content\/uploads\/2021\/12\/WhatsApp-Image-2021-12-30-at-09.01.22.jpeg?fit=1000%2C670&ssl=1\",\"contentUrl\":\"https:\/\/i0.wp.com\/verdadeon.com.br\/portal\/wp-content\/uploads\/2021\/12\/WhatsApp-Image-2021-12-30-at-09.01.22.jpeg?fit=1000%2C670&ssl=1\",\"width\":1000,\"height\":670},{\"@type\":\"BreadcrumbList\",\"@id\":\"https:\/\/verdadeon.com.br\/portal\/2021\/12\/30\/guarda-civil-de-franca-comprara-duas-novas-viaturas-com-emenda-de-deputado-federal\/#breadcrumb\",\"itemListElement\":[{\"@type\":\"ListItem\",\"position\":1,\"name\":\"In\u00edcio\",\"item\":\"https:\/\/verdadeon.com.br\/portal\/\"},{\"@type\":\"ListItem\",\"position\":2,\"name\":\"Guarda Civil de Franca comprar\u00e1 duas novas viaturas com emenda de deputado federal\"}]},{\"@type\":\"WebSite\",\"@id\":\"https:\/\/verdadeon.com.br\/portal\/#website\",\"url\":\"https:\/\/verdadeon.com.br\/portal\/\",\"name\":\"VerdadeOn\",\"description\":\"Not\u00edcias di\u00e1rias sobre Franca, Regi\u00e3o, Esporte, Cultura, Cotidiano, Colunas. Cobertura nos principais eventos da cidade \u00e9 aqui - Verdadeon Franca\",\"potentialAction\":[{\"@type\":\"SearchAction\",\"target\":{\"@type\":\"EntryPoint\",\"urlTemplate\":\"https:\/\/verdadeon.com.br\/portal\/?s={search_term_string}\"},\"query-input\":{\"@type\":\"PropertyValueSpecification\",\"valueRequired\":true,\"valueName\":\"search_term_string\"}}],\"inLanguage\":\"pt-BR\"},{\"@type\":\"Person\",\"@id\":\"https:\/\/verdadeon.com.br\/portal\/#\/schema\/person\/8994718f49ee62ba5610471e29ca1f62\",\"name\":\"Fernando Calixto\",\"image\":{\"@type\":\"ImageObject\",\"inLanguage\":\"pt-BR\",\"@id\":\"https:\/\/verdadeon.com.br\/portal\/#\/schema\/person\/image\/\",\"url\":\"https:\/\/secure.gravatar.com\/avatar\/7578910c24966c0316c340f9dbd601e93ee9f9212e1033968b367af9306bd9fb?s=96&d=mm&r=g\",\"contentUrl\":\"https:\/\/secure.gravatar.com\/avatar\/7578910c24966c0316c340f9dbd601e93ee9f9212e1033968b367af9306bd9fb?s=96&d=mm&r=g\",\"caption\":\"Fernando Calixto\"},\"url\":\"https:\/\/verdadeon.com.br\/portal\/author\/fernando-calixto\/\"}]}<\/script>\n<!-- \/ Yoast SEO plugin. -->","yoast_head_json":{"title":"Guarda Civil de Franca comprar\u00e1 duas novas viaturas com emenda de deputado federal - VerdadeOn","robots":{"index":"index","follow":"follow","max-snippet":"max-snippet:-1","max-image-preview":"max-image-preview:large","max-video-preview":"max-video-preview:-1"},"canonical":"https:\/\/verdadeon.com.br\/portal\/2021\/12\/30\/guarda-civil-de-franca-comprara-duas-novas-viaturas-com-emenda-de-deputado-federal\/","og_locale":"pt_BR","og_type":"article","og_title":"Guarda Civil de Franca comprar\u00e1 duas novas viaturas com emenda de deputado federal - VerdadeOn","og_description":"Est\u00e1 na conta da Prefeitura de Franca o valor de R$ 300 mil da emenda enviada pelo deputado federal Arnaldo Jardim que beneficiar\u00e1 a Guarda Civil [\u2026]","og_url":"https:\/\/verdadeon.com.br\/portal\/2021\/12\/30\/guarda-civil-de-franca-comprara-duas-novas-viaturas-com-emenda-de-deputado-federal\/","og_site_name":"VerdadeOn","article_published_time":"2021-12-30T13:39:21+00:00","og_image":[{"width":1000,"height":670,"url":"https:\/\/verdadeon.com.br\/portal\/wp-content\/uploads\/2021\/12\/WhatsApp-Image-2021-12-30-at-09.01.22.jpeg","type":"image\/jpeg"}],"author":"Fernando Calixto","twitter_card":"summary_large_image","twitter_misc":{"Escrito por":"Fernando Calixto","Est. tempo de leitura":"2 minutos"},"schema":{"@context":"https:\/\/schema.org","@graph":[{"@type":"WebPage","@id":"https:\/\/verdadeon.com.br\/portal\/2021\/12\/30\/guarda-civil-de-franca-comprara-duas-novas-viaturas-com-emenda-de-deputado-federal\/","url":"https:\/\/verdadeon.com.br\/portal\/2021\/12\/30\/guarda-civil-de-franca-comprara-duas-novas-viaturas-com-emenda-de-deputado-federal\/","name":"Guarda Civil de Franca comprar\u00e1 duas novas viaturas com emenda de deputado federal - VerdadeOn","isPartOf":{"@id":"https:\/\/verdadeon.com.br\/portal\/#website"},"primaryImageOfPage":{"@id":"https:\/\/verdadeon.com.br\/portal\/2021\/12\/30\/guarda-civil-de-franca-comprara-duas-novas-viaturas-com-emenda-de-deputado-federal\/#primaryimage"},"image":{"@id":"https:\/\/verdadeon.com.br\/portal\/2021\/12\/30\/guarda-civil-de-franca-comprara-duas-novas-viaturas-com-emenda-de-deputado-federal\/#primaryimage"},"thumbnailUrl":"https:\/\/i0.wp.com\/verdadeon.com.br\/portal\/wp-content\/uploads\/2021\/12\/WhatsApp-Image-2021-12-30-at-09.01.22.jpeg?fit=1000%2C670&ssl=1","datePublished":"2021-12-30T13:39:21+00:00","author":{"@id":"https:\/\/verdadeon.com.br\/portal\/#\/schema\/person\/8994718f49ee62ba5610471e29ca1f62"},"breadcrumb":{"@id":"https:\/\/verdadeon.com.br\/portal\/2021\/12\/30\/guarda-civil-de-franca-comprara-duas-novas-viaturas-com-emenda-de-deputado-federal\/#breadcrumb"},"inLanguage":"pt-BR","potentialAction":[{"@type":"ReadAction","target":["https:\/\/verdadeon.com.br\/portal\/2021\/12\/30\/guarda-civil-de-franca-comprara-duas-novas-viaturas-com-emenda-de-deputado-federal\/"]}]},{"@type":"ImageObject","inLanguage":"pt-BR","@id":"https:\/\/verdadeon.com.br\/portal\/2021\/12\/30\/guarda-civil-de-franca-comprara-duas-novas-viaturas-com-emenda-de-deputado-federal\/#primaryimage","url":"https:\/\/i0.wp.com\/verdadeon.com.br\/portal\/wp-content\/uploads\/2021\/12\/WhatsApp-Image-2021-12-30-at-09.01.22.jpeg?fit=1000%2C670&ssl=1","contentUrl":"https:\/\/i0.wp.com\/verdadeon.com.br\/portal\/wp-content\/uploads\/2021\/12\/WhatsApp-Image-2021-12-30-at-09.01.22.jpeg?fit=1000%2C670&ssl=1","width":1000,"height":670},{"@type":"BreadcrumbList","@id":"https:\/\/verdadeon.com.br\/portal\/2021\/12\/30\/guarda-civil-de-franca-comprara-duas-novas-viaturas-com-emenda-de-deputado-federal\/#breadcrumb","itemListElement":[{"@type":"ListItem","position":1,"name":"In\u00edcio","item":"https:\/\/verdadeon.com.br\/portal\/"},{"@type":"ListItem","position":2,"name":"Guarda Civil de Franca comprar\u00e1 duas novas viaturas com emenda de deputado federal"}]},{"@type":"WebSite","@id":"https:\/\/verdadeon.com.br\/portal\/#website","url":"https:\/\/verdadeon.com.br\/portal\/","name":"VerdadeOn","description":"Not\u00edcias di\u00e1rias sobre Franca, Regi\u00e3o, Esporte, Cultura, Cotidiano, Colunas. Cobertura nos principais eventos da cidade \u00e9 aqui - Verdadeon Franca","potentialAction":[{"@type":"SearchAction","target":{"@type":"EntryPoint","urlTemplate":"https:\/\/verdadeon.com.br\/portal\/?s={search_term_string}"},"query-input":{"@type":"PropertyValueSpecification","valueRequired":true,"valueName":"search_term_string"}}],"inLanguage":"pt-BR"},{"@type":"Person","@id":"https:\/\/verdadeon.com.br\/portal\/#\/schema\/person\/8994718f49ee62ba5610471e29ca1f62","name":"Fernando Calixto","image":{"@type":"ImageObject","inLanguage":"pt-BR","@id":"https:\/\/verdadeon.com.br\/portal\/#\/schema\/person\/image\/","url":"https:\/\/secure.gravatar.com\/avatar\/7578910c24966c0316c340f9dbd601e93ee9f9212e1033968b367af9306bd9fb?s=96&d=mm&r=g","contentUrl":"https:\/\/secure.gravatar.com\/avatar\/7578910c24966c0316c340f9dbd601e93ee9f9212e1033968b367af9306bd9fb?s=96&d=mm&r=g","caption":"Fernando Calixto"},"url":"https:\/\/verdadeon.com.br\/portal\/author\/fernando-calixto\/"}]}},"jetpack_publicize_connections":[],"jetpack_featured_media_url":"https:\/\/i0.wp.com\/verdadeon.com.br\/portal\/wp-content\/uploads\/2021\/12\/WhatsApp-Image-2021-12-30-at-09.01.22.jpeg?fit=1000%2C670&ssl=1","jetpack_sharing_enabled":true,"_links":{"self":[{"href":"https:\/\/verdadeon.com.br\/portal\/wp-json\/wp\/v2\/posts\/21961","targetHints":{"allow":["GET"]}}],"collection":[{"href":"https:\/\/verdadeon.com.br\/portal\/wp-json\/wp\/v2\/posts"}],"about":[{"href":"https:\/\/verdadeon.com.br\/portal\/wp-json\/wp\/v2\/types\/post"}],"author":[{"embeddable":true,"href":"https:\/\/verdadeon.com.br\/portal\/wp-json\/wp\/v2\/users\/4"}],"replies":[{"embeddable":true,"href":"https:\/\/verdadeon.com.br\/portal\/wp-json\/wp\/v2\/comments?post=21961"}],"version-history":[{"count":0,"href":"https:\/\/verdadeon.com.br\/portal\/wp-json\/wp\/v2\/posts\/21961\/revisions"}],"wp:featuredmedia":[{"embeddable":true,"href":"https:\/\/verdadeon.com.br\/portal\/wp-json\/wp\/v2\/media\/21962"}],"wp:attachment":[{"href":"https:\/\/verdadeon.com.br\/portal\/wp-json\/wp\/v2\/media?parent=21961"}],"wp:term":[{"taxonomy":"category","embeddable":true,"href":"https:\/\/verdadeon.com.br\/portal\/wp-json\/wp\/v2\/categories?post=21961"},{"taxonomy":"post_tag","embeddable":true,"href":"https:\/\/verdadeon.com.br\/portal\/wp-json\/wp\/v2\/tags?post=21961"}],"curies":[{"name":"wp","href":"https:\/\/api.w.org\/{rel}","templated":true}]}}