{"id":21913,"date":"2021-12-28T14:33:31","date_gmt":"2021-12-28T17:33:31","guid":{"rendered":"https:\/\/verdadeon.com.br\/portal\/?p=21913"},"modified":"2021-12-28T14:33:31","modified_gmt":"2021-12-28T17:33:31","slug":"empresario-de-45-anos-morre-eletrocutado-na-zona-sul-de-franca","status":"publish","type":"post","link":"https:\/\/verdadeon.com.br\/portal\/2021\/12\/28\/empresario-de-45-anos-morre-eletrocutado-na-zona-sul-de-franca\/","title":{"rendered":"Empres\u00e1rio de 45 anos morre eletrocutado na zona sul de Franca"},"content":{"rendered":"<h2>Ele chegou a ser socorrido mas n\u00e3o resistiu, caso foi registrado e ser\u00e1 apurado pela Pol\u00edcia Civil<\/h2>\n<p>Um empres\u00e1rio de 45 anos morreu eletrocutado na manh\u00e3 desta ter\u00e7a-feira (28), no Jardim Alvorada na zona sul da cidade. Segundo a pol\u00edcia, Jos\u00e9 Aparecido dos Santos estava realizando manuten\u00e7\u00e3o em uma betoneira, quando recebeu a descarga el\u00e9trica.<\/p>\n<p>Funcion\u00e1rios e testemunhas chegaram a realizar manobras de ressuscita\u00e7\u00e3o antes da chegada do Corpo de Bombeiros, mas o homem n\u00e3o resistiu.<\/p>\n<p>A per\u00edcia t\u00e9cnica esteve no local para realizar os trabalhos, o corpo de Jos\u00e9 foi levado para o Instituto M\u00e9dico Legal (IML) de Franca, e ap\u00f3s liberado para o vel\u00f3rio e sepultamento. O caso foi registrado e ser\u00e1 investigado pela Pol\u00edcia Civil.<\/p>\n<p>Testemunhas disseram aos policiais que a m\u00e1quina j\u00e1 estava apresentando problemas el\u00e9tricos h\u00e1 alguns dias, e que Jos\u00e9 usava luva e bota no momento em que fazia a manuten\u00e7\u00e3o.<\/p>\n<h4>Investiga\u00e7\u00e3o<\/h4>\n<p>Ainda no setor policial, em Franca a Pol\u00edcia Civil investiga a a\u00e7\u00e3o de uma dupla suspeita de cometer v\u00e1rios assaltos na regi\u00e3o do Residencial Palermo. Na \u00faltima a\u00e7\u00e3o uma mulher foi rendida pelo criminoso, que chegou em uma motocicleta com o comparsa e se passou por cliente.<\/p>\n<p>Ap\u00f3s pegar uma bebida e outros produtos, o homem anuncia o assalto e manda a funcion\u00e1ria entregar o dinheiro que estava no caixa. Ap\u00f3s a a\u00e7\u00e3o ele foge na garupa da motocicleta e n\u00e3o \u00e9 mais encontrado.<\/p>\n<p>Imagens de c\u00e2meras de seguran\u00e7a v\u00e3o auxiliar a pol\u00edcia na investiga\u00e7\u00e3o do crime.<\/p>\n","protected":false},"excerpt":{"rendered":"<p>Ele chegou a ser socorrido mas n\u00e3o resistiu, caso foi registrado e ser\u00e1 apurado pela Pol\u00edcia Civil Um empres\u00e1rio de 45 anos morreu eletrocutado na manh\u00e3<span class=\"excerpt-hellip\"> [\u2026]<\/span><\/p>\n","protected":false},"author":7,"featured_media":5896,"comment_status":"open","ping_status":"open","sticky":false,"template":"","format":"standard","meta":{"_jetpack_memberships_contains_paid_content":false,"footnotes":"","jetpack_publicize_message":"","jetpack_publicize_feature_enabled":true,"jetpack_social_post_already_shared":false,"jetpack_social_options":{"image_generator_settings":{"template":"highway","default_image_id":0,"enabled":false},"version":2}},"categories":[28,81],"tags":[],"class_list":["post-21913","post","type-post","status-publish","format-standard","has-post-thumbnail","hentry","category-cotidiano","category-manchete"],"yoast_head":"<!-- This site is optimized with the Yoast SEO plugin v25.6 - https:\/\/yoast.com\/wordpress\/plugins\/seo\/ -->\n<title>Empres\u00e1rio de 45 anos morre eletrocutado na zona sul de Franca - VerdadeOn<\/title>\n<meta name=\"robots\" content=\"index, follow, max-snippet:-1, max-image-preview:large, max-video-preview:-1\" \/>\n<link rel=\"canonical\" href=\"https:\/\/verdadeon.com.br\/portal\/2021\/12\/28\/empresario-de-45-anos-morre-eletrocutado-na-zona-sul-de-franca\/\" \/>\n<meta property=\"og:locale\" content=\"pt_BR\" \/>\n<meta property=\"og:type\" content=\"article\" \/>\n<meta property=\"og:title\" content=\"Empres\u00e1rio de 45 anos morre eletrocutado na zona sul de Franca - VerdadeOn\" \/>\n<meta property=\"og:description\" content=\"Ele chegou a ser socorrido mas n\u00e3o resistiu, caso foi registrado e ser\u00e1 apurado pela Pol\u00edcia Civil Um empres\u00e1rio de 45 anos morreu eletrocutado na manh\u00e3 [\u2026]\" \/>\n<meta property=\"og:url\" content=\"https:\/\/verdadeon.com.br\/portal\/2021\/12\/28\/empresario-de-45-anos-morre-eletrocutado-na-zona-sul-de-franca\/\" \/>\n<meta property=\"og:site_name\" content=\"VerdadeOn\" \/>\n<meta property=\"article:published_time\" content=\"2021-12-28T17:33:31+00:00\" \/>\n<meta property=\"og:image\" content=\"https:\/\/verdadeon.com.br\/portal\/wp-content\/uploads\/2020\/03\/WhatsApp-Image-2020-03-31-at-09.30.45.jpeg\" \/>\n\t<meta property=\"og:image:width\" content=\"1000\" \/>\n\t<meta property=\"og:image:height\" content=\"670\" \/>\n\t<meta property=\"og:image:type\" content=\"image\/jpeg\" \/>\n<meta name=\"author\" content=\"Fernando Lima\" \/>\n<meta name=\"twitter:card\" content=\"summary_large_image\" \/>\n<meta name=\"twitter:label1\" content=\"Escrito por\" \/>\n\t<meta name=\"twitter:data1\" content=\"Fernando Lima\" \/>\n\t<meta name=\"twitter:label2\" content=\"Est. tempo de leitura\" \/>\n\t<meta name=\"twitter:data2\" content=\"2 minutos\" \/>\n<script type=\"application\/ld+json\" class=\"yoast-schema-graph\">{\"@context\":\"https:\/\/schema.org\",\"@graph\":[{\"@type\":\"WebPage\",\"@id\":\"https:\/\/verdadeon.com.br\/portal\/2021\/12\/28\/empresario-de-45-anos-morre-eletrocutado-na-zona-sul-de-franca\/\",\"url\":\"https:\/\/verdadeon.com.br\/portal\/2021\/12\/28\/empresario-de-45-anos-morre-eletrocutado-na-zona-sul-de-franca\/\",\"name\":\"Empres\u00e1rio de 45 anos morre eletrocutado na zona sul de Franca - VerdadeOn\",\"isPartOf\":{\"@id\":\"https:\/\/verdadeon.com.br\/portal\/#website\"},\"primaryImageOfPage\":{\"@id\":\"https:\/\/verdadeon.com.br\/portal\/2021\/12\/28\/empresario-de-45-anos-morre-eletrocutado-na-zona-sul-de-franca\/#primaryimage\"},\"image\":{\"@id\":\"https:\/\/verdadeon.com.br\/portal\/2021\/12\/28\/empresario-de-45-anos-morre-eletrocutado-na-zona-sul-de-franca\/#primaryimage\"},\"thumbnailUrl\":\"https:\/\/i0.wp.com\/verdadeon.com.br\/portal\/wp-content\/uploads\/2020\/03\/WhatsApp-Image-2020-03-31-at-09.30.45.jpeg?fit=1000%2C670&ssl=1\",\"datePublished\":\"2021-12-28T17:33:31+00:00\",\"author\":{\"@id\":\"https:\/\/verdadeon.com.br\/portal\/#\/schema\/person\/cc32be22b8e8599387c480bc83e1d11a\"},\"breadcrumb\":{\"@id\":\"https:\/\/verdadeon.com.br\/portal\/2021\/12\/28\/empresario-de-45-anos-morre-eletrocutado-na-zona-sul-de-franca\/#breadcrumb\"},\"inLanguage\":\"pt-BR\",\"potentialAction\":[{\"@type\":\"ReadAction\",\"target\":[\"https:\/\/verdadeon.com.br\/portal\/2021\/12\/28\/empresario-de-45-anos-morre-eletrocutado-na-zona-sul-de-franca\/\"]}]},{\"@type\":\"ImageObject\",\"inLanguage\":\"pt-BR\",\"@id\":\"https:\/\/verdadeon.com.br\/portal\/2021\/12\/28\/empresario-de-45-anos-morre-eletrocutado-na-zona-sul-de-franca\/#primaryimage\",\"url\":\"https:\/\/i0.wp.com\/verdadeon.com.br\/portal\/wp-content\/uploads\/2020\/03\/WhatsApp-Image-2020-03-31-at-09.30.45.jpeg?fit=1000%2C670&ssl=1\",\"contentUrl\":\"https:\/\/i0.wp.com\/verdadeon.com.br\/portal\/wp-content\/uploads\/2020\/03\/WhatsApp-Image-2020-03-31-at-09.30.45.jpeg?fit=1000%2C670&ssl=1\",\"width\":1000,\"height\":670,\"caption\":\"O corpo de Wilson Pereira foi levado para o IML de Franca e ap\u00f3s liberado para os familiares | Foto: Jornal Verdade\"},{\"@type\":\"BreadcrumbList\",\"@id\":\"https:\/\/verdadeon.com.br\/portal\/2021\/12\/28\/empresario-de-45-anos-morre-eletrocutado-na-zona-sul-de-franca\/#breadcrumb\",\"itemListElement\":[{\"@type\":\"ListItem\",\"position\":1,\"name\":\"In\u00edcio\",\"item\":\"https:\/\/verdadeon.com.br\/portal\/\"},{\"@type\":\"ListItem\",\"position\":2,\"name\":\"Empres\u00e1rio de 45 anos morre eletrocutado na zona sul de Franca\"}]},{\"@type\":\"WebSite\",\"@id\":\"https:\/\/verdadeon.com.br\/portal\/#website\",\"url\":\"https:\/\/verdadeon.com.br\/portal\/\",\"name\":\"VerdadeOn\",\"description\":\"Not\u00edcias di\u00e1rias sobre Franca, Regi\u00e3o, Esporte, Cultura, Cotidiano, Colunas. Cobertura nos principais eventos da cidade \u00e9 aqui - Verdadeon Franca\",\"potentialAction\":[{\"@type\":\"SearchAction\",\"target\":{\"@type\":\"EntryPoint\",\"urlTemplate\":\"https:\/\/verdadeon.com.br\/portal\/?s={search_term_string}\"},\"query-input\":{\"@type\":\"PropertyValueSpecification\",\"valueRequired\":true,\"valueName\":\"search_term_string\"}}],\"inLanguage\":\"pt-BR\"},{\"@type\":\"Person\",\"@id\":\"https:\/\/verdadeon.com.br\/portal\/#\/schema\/person\/cc32be22b8e8599387c480bc83e1d11a\",\"name\":\"Fernando Lima\",\"image\":{\"@type\":\"ImageObject\",\"inLanguage\":\"pt-BR\",\"@id\":\"https:\/\/verdadeon.com.br\/portal\/#\/schema\/person\/image\/\",\"url\":\"https:\/\/secure.gravatar.com\/avatar\/df4c8e132080d2b3a4841d5d232045464e0eed11a1d6e43115ca0843d48768d3?s=96&d=mm&r=g\",\"contentUrl\":\"https:\/\/secure.gravatar.com\/avatar\/df4c8e132080d2b3a4841d5d232045464e0eed11a1d6e43115ca0843d48768d3?s=96&d=mm&r=g\",\"caption\":\"Fernando Lima\"},\"sameAs\":[\"http:\/\/verdadeon.com.br\/\"],\"url\":\"https:\/\/verdadeon.com.br\/portal\/author\/fernando-lima\/\"}]}<\/script>\n<!-- \/ Yoast SEO plugin. -->","yoast_head_json":{"title":"Empres\u00e1rio de 45 anos morre eletrocutado na zona sul de Franca - VerdadeOn","robots":{"index":"index","follow":"follow","max-snippet":"max-snippet:-1","max-image-preview":"max-image-preview:large","max-video-preview":"max-video-preview:-1"},"canonical":"https:\/\/verdadeon.com.br\/portal\/2021\/12\/28\/empresario-de-45-anos-morre-eletrocutado-na-zona-sul-de-franca\/","og_locale":"pt_BR","og_type":"article","og_title":"Empres\u00e1rio de 45 anos morre eletrocutado na zona sul de Franca - VerdadeOn","og_description":"Ele chegou a ser socorrido mas n\u00e3o resistiu, caso foi registrado e ser\u00e1 apurado pela Pol\u00edcia Civil Um empres\u00e1rio de 45 anos morreu eletrocutado na manh\u00e3 [\u2026]","og_url":"https:\/\/verdadeon.com.br\/portal\/2021\/12\/28\/empresario-de-45-anos-morre-eletrocutado-na-zona-sul-de-franca\/","og_site_name":"VerdadeOn","article_published_time":"2021-12-28T17:33:31+00:00","og_image":[{"width":1000,"height":670,"url":"https:\/\/verdadeon.com.br\/portal\/wp-content\/uploads\/2020\/03\/WhatsApp-Image-2020-03-31-at-09.30.45.jpeg","type":"image\/jpeg"}],"author":"Fernando Lima","twitter_card":"summary_large_image","twitter_misc":{"Escrito por":"Fernando Lima","Est. tempo de leitura":"2 minutos"},"schema":{"@context":"https:\/\/schema.org","@graph":[{"@type":"WebPage","@id":"https:\/\/verdadeon.com.br\/portal\/2021\/12\/28\/empresario-de-45-anos-morre-eletrocutado-na-zona-sul-de-franca\/","url":"https:\/\/verdadeon.com.br\/portal\/2021\/12\/28\/empresario-de-45-anos-morre-eletrocutado-na-zona-sul-de-franca\/","name":"Empres\u00e1rio de 45 anos morre eletrocutado na zona sul de Franca - VerdadeOn","isPartOf":{"@id":"https:\/\/verdadeon.com.br\/portal\/#website"},"primaryImageOfPage":{"@id":"https:\/\/verdadeon.com.br\/portal\/2021\/12\/28\/empresario-de-45-anos-morre-eletrocutado-na-zona-sul-de-franca\/#primaryimage"},"image":{"@id":"https:\/\/verdadeon.com.br\/portal\/2021\/12\/28\/empresario-de-45-anos-morre-eletrocutado-na-zona-sul-de-franca\/#primaryimage"},"thumbnailUrl":"https:\/\/i0.wp.com\/verdadeon.com.br\/portal\/wp-content\/uploads\/2020\/03\/WhatsApp-Image-2020-03-31-at-09.30.45.jpeg?fit=1000%2C670&ssl=1","datePublished":"2021-12-28T17:33:31+00:00","author":{"@id":"https:\/\/verdadeon.com.br\/portal\/#\/schema\/person\/cc32be22b8e8599387c480bc83e1d11a"},"breadcrumb":{"@id":"https:\/\/verdadeon.com.br\/portal\/2021\/12\/28\/empresario-de-45-anos-morre-eletrocutado-na-zona-sul-de-franca\/#breadcrumb"},"inLanguage":"pt-BR","potentialAction":[{"@type":"ReadAction","target":["https:\/\/verdadeon.com.br\/portal\/2021\/12\/28\/empresario-de-45-anos-morre-eletrocutado-na-zona-sul-de-franca\/"]}]},{"@type":"ImageObject","inLanguage":"pt-BR","@id":"https:\/\/verdadeon.com.br\/portal\/2021\/12\/28\/empresario-de-45-anos-morre-eletrocutado-na-zona-sul-de-franca\/#primaryimage","url":"https:\/\/i0.wp.com\/verdadeon.com.br\/portal\/wp-content\/uploads\/2020\/03\/WhatsApp-Image-2020-03-31-at-09.30.45.jpeg?fit=1000%2C670&ssl=1","contentUrl":"https:\/\/i0.wp.com\/verdadeon.com.br\/portal\/wp-content\/uploads\/2020\/03\/WhatsApp-Image-2020-03-31-at-09.30.45.jpeg?fit=1000%2C670&ssl=1","width":1000,"height":670,"caption":"O corpo de Wilson Pereira foi levado para o IML de Franca e ap\u00f3s liberado para os familiares | Foto: Jornal Verdade"},{"@type":"BreadcrumbList","@id":"https:\/\/verdadeon.com.br\/portal\/2021\/12\/28\/empresario-de-45-anos-morre-eletrocutado-na-zona-sul-de-franca\/#breadcrumb","itemListElement":[{"@type":"ListItem","position":1,"name":"In\u00edcio","item":"https:\/\/verdadeon.com.br\/portal\/"},{"@type":"ListItem","position":2,"name":"Empres\u00e1rio de 45 anos morre eletrocutado na zona sul de Franca"}]},{"@type":"WebSite","@id":"https:\/\/verdadeon.com.br\/portal\/#website","url":"https:\/\/verdadeon.com.br\/portal\/","name":"VerdadeOn","description":"Not\u00edcias di\u00e1rias sobre Franca, Regi\u00e3o, Esporte, Cultura, Cotidiano, Colunas. Cobertura nos principais eventos da cidade \u00e9 aqui - Verdadeon Franca","potentialAction":[{"@type":"SearchAction","target":{"@type":"EntryPoint","urlTemplate":"https:\/\/verdadeon.com.br\/portal\/?s={search_term_string}"},"query-input":{"@type":"PropertyValueSpecification","valueRequired":true,"valueName":"search_term_string"}}],"inLanguage":"pt-BR"},{"@type":"Person","@id":"https:\/\/verdadeon.com.br\/portal\/#\/schema\/person\/cc32be22b8e8599387c480bc83e1d11a","name":"Fernando Lima","image":{"@type":"ImageObject","inLanguage":"pt-BR","@id":"https:\/\/verdadeon.com.br\/portal\/#\/schema\/person\/image\/","url":"https:\/\/secure.gravatar.com\/avatar\/df4c8e132080d2b3a4841d5d232045464e0eed11a1d6e43115ca0843d48768d3?s=96&d=mm&r=g","contentUrl":"https:\/\/secure.gravatar.com\/avatar\/df4c8e132080d2b3a4841d5d232045464e0eed11a1d6e43115ca0843d48768d3?s=96&d=mm&r=g","caption":"Fernando Lima"},"sameAs":["http:\/\/verdadeon.com.br\/"],"url":"https:\/\/verdadeon.com.br\/portal\/author\/fernando-lima\/"}]}},"jetpack_publicize_connections":[],"jetpack_featured_media_url":"https:\/\/i0.wp.com\/verdadeon.com.br\/portal\/wp-content\/uploads\/2020\/03\/WhatsApp-Image-2020-03-31-at-09.30.45.jpeg?fit=1000%2C670&ssl=1","jetpack_sharing_enabled":true,"_links":{"self":[{"href":"https:\/\/verdadeon.com.br\/portal\/wp-json\/wp\/v2\/posts\/21913","targetHints":{"allow":["GET"]}}],"collection":[{"href":"https:\/\/verdadeon.com.br\/portal\/wp-json\/wp\/v2\/posts"}],"about":[{"href":"https:\/\/verdadeon.com.br\/portal\/wp-json\/wp\/v2\/types\/post"}],"author":[{"embeddable":true,"href":"https:\/\/verdadeon.com.br\/portal\/wp-json\/wp\/v2\/users\/7"}],"replies":[{"embeddable":true,"href":"https:\/\/verdadeon.com.br\/portal\/wp-json\/wp\/v2\/comments?post=21913"}],"version-history":[{"count":0,"href":"https:\/\/verdadeon.com.br\/portal\/wp-json\/wp\/v2\/posts\/21913\/revisions"}],"wp:featuredmedia":[{"embeddable":true,"href":"https:\/\/verdadeon.com.br\/portal\/wp-json\/wp\/v2\/media\/5896"}],"wp:attachment":[{"href":"https:\/\/verdadeon.com.br\/portal\/wp-json\/wp\/v2\/media?parent=21913"}],"wp:term":[{"taxonomy":"category","embeddable":true,"href":"https:\/\/verdadeon.com.br\/portal\/wp-json\/wp\/v2\/categories?post=21913"},{"taxonomy":"post_tag","embeddable":true,"href":"https:\/\/verdadeon.com.br\/portal\/wp-json\/wp\/v2\/tags?post=21913"}],"curies":[{"name":"wp","href":"https:\/\/api.w.org\/{rel}","templated":true}]}}