{"id":21894,"date":"2021-12-27T16:56:08","date_gmt":"2021-12-27T19:56:08","guid":{"rendered":"https:\/\/verdadeon.com.br\/portal\/?p=21894"},"modified":"2021-12-27T16:56:08","modified_gmt":"2021-12-27T19:56:08","slug":"empresa-suspeita-de-irregularidades-na-castracao-de-animais-e-intimada-a-prestar-contas-nesta-semana","status":"publish","type":"post","link":"https:\/\/verdadeon.com.br\/portal\/2021\/12\/27\/empresa-suspeita-de-irregularidades-na-castracao-de-animais-e-intimada-a-prestar-contas-nesta-semana\/","title":{"rendered":"Empresa suspeita de irregularidades na castra\u00e7\u00e3o de animais, \u00e9 intimada a prestar contas nesta semana"},"content":{"rendered":"<h2>As irregularidades foram apontadas pelo Conselho Regional de Medicina Veterin\u00e1ria<\/h2>\n<p>Foi publicado no Di\u00e1rio Oficial do Munic\u00edpio a intima\u00e7\u00e3o da Controladoria Interna da Prefeitura, para a empresa suspeita de irregularidades no cumprimento do contrato para castra\u00e7\u00e3o de animais em Franca, eles devem prestar contas do que foi apontado pelo Conselho Regional de Medicina Veterin\u00e1ria como irregular, caso isso seja constatado a empresa estaria inclusive descumprindo com o contrato que havia sido firmado.<\/p>\n<p>&#8220;Encontra-se em tramita\u00e7\u00e3o neste Controle Interno, Auditoria, Corregedoria e Descumprimento Contratual, o Processo Administrativo n. 52.918\/2021, instaurado a fim de se apurar suposta conduta irregular da empresa \u201cAC\u00c1CIO ALIPIO PEREIRA GON\u00c7ALVES DINIZ LTDA &#8211; ME\u201d em face da Prefeitura Municipal de Franca\/SP, haja vista o n\u00e3o cumprimento do Edital Preg\u00e3o Eletr\u00f4nico n. 065\/2021 e contrato n. 89\/2021. Assim, fica a referida empresa CITADA a apresentar Defesa Pr\u00e9via, no prazo de 05 (cinco) dias, a contar da publica\u00e7\u00e3o&#8221;, informou.<\/p>\n<p>O Verdade mostrou na \u00faltima semana que o Conselho Regional de Medicina Veterinaria (CRMV) autuou a cl\u00ednica que foi contratada pela Prefeitura de Franca, por diversas irregularidades. A fiscaliza\u00e7\u00e3o foi feita no m\u00eas de outubro, mas a autua\u00e7\u00e3o foi conclu\u00edda apenas em dezembro. De acordo com os documentos, faltam arm\u00e1rios pr\u00f3prios para armazenamento de medicamentos, n\u00e3o existe ilumina\u00e7\u00e3o emergencial e equipamentos necess\u00e1rios para atendimento de qualidade.<\/p>\n<div class=\"cxmmr5t8 oygrvhab hcukyx3x c1et5uql o9v6fnle ii04i59q\">\n<div dir=\"auto\">Al\u00e9m disso foi constatado que n\u00e3o havia a quantidade ideal de instrumentos para realizar as cirurgias e nem mesmo tinham materiais de reserva previamente esterilizados. Outra den\u00fancia grave \u00e9 que at\u00e9 mesmo medicamentos classificados como anti-hemorr\u00e1gico est\u00e3o em falta.<\/div>\n<div dir=\"auto\">\u201cA sala de atendimento possui mesa de a\u00e7o inoxid\u00e1vel com suporte para solu\u00e7\u00f5es de fluidoterapia e balde, pia de higieniza\u00e7\u00e3o com torneira, dispensador de detergente, porta papel toalha e unidade de refrigera\u00e7\u00e3o para vacinas. N\u00e3o havia um arm\u00e1rio pr\u00f3prio para equipamentos e medicamentos, o term\u00f4metro digital da unidade de refrigera\u00e7\u00e3o estava registrando 13,4 \u00b0C e n\u00e3o tinha uma planilha com o controle di\u00e1ria da temperatura. O piso era de cimento queimado pintado de vermelho e havia defeitos. Para chegar ao banheiro era necess\u00e1rio cruzar a sala de atendimento\u201d, escreveu o \u00f3rg\u00e3o no documento.<\/div>\n<\/div>\n<div dir=\"auto\">O Conselho afirmou ainda que a sala cir\u00fargica possui piso de azulejos\u00a0 e que alguns est\u00e3o quebrados e sujos, ralo com grelha permitindo o refluxo de odores, entrada de insetos e roedores, as paredes eram impermeabilizadas at\u00e9 o teto, os cantos nos limites parede-piso e parede-parede eram retos, n\u00e3o havia telas nas janelas e seu acesso n\u00e3o era atrav\u00e9s de antec\u00e2mara.<\/div>\n<div dir=\"auto\">O documento conclui que o estabelecimento periciado n\u00e3o re\u00fane condi\u00e7\u00f5es estruturais e sanit\u00e1rias apropriadas para realizar os procedimentos cir\u00fargicos de contracep\u00e7\u00e3o uma vez que as instala\u00e7\u00f5es do ambiente interno n\u00e3o apresentavam adequadas condi\u00e7\u00f5es de conserva\u00e7\u00e3o, seguran\u00e7a, organiza\u00e7\u00e3o, conforto e limpeza.<br \/>\nN\u00e3o existem barreiras f\u00edsicas entre o ambiente de preparo do paciente, ambiente de recupera\u00e7\u00e3o e ambiente de esteriliza\u00e7\u00e3o de mat\u00e9rias para minimizar a entrada de microrganismos na sala cir\u00fargica. Os procedimentos cir\u00fargicos de contracep\u00e7\u00e3o em c\u00e3es e gatos n\u00e3o s\u00e3o realizados em um ambiente de tamanho compat\u00edvel com o n\u00famero e fluxo de animais a serem atendidos. As instala\u00e7\u00f5es n\u00e3o respeitam os fluxos de \u00e1rea cr\u00edtica e n\u00e3o cr\u00edtica, n\u00e3o impedem o cruzamento de materiais sujos e limpos e n\u00e3o s\u00e3o<br \/>\nmantidas em perfeitas condi\u00e7\u00f5es de ordem e higiene aumentando o risco de infec\u00e7\u00f5es p\u00f3s-operat\u00f3rias.<\/div>\n<div dir=\"auto\">Ao final o Conselho pede que melhorias sejam feitas no local, a fim de se adequarem as normas.<\/div>\n<h4 dir=\"auto\">Outro lado<\/h4>\n<div dir=\"auto\">A nossa equipe de reportagem procurou a cl\u00ednica para que ela se manifestasse a respeito do assunto, mas o telefone dispon\u00edvel na internet n\u00e3o atende. Caso o contato seja feito, o posicionamento ser\u00e1 prontamente inserido no texto.<\/div>\n","protected":false},"excerpt":{"rendered":"<p>As irregularidades foram apontadas pelo Conselho Regional de Medicina Veterin\u00e1ria Foi publicado no Di\u00e1rio Oficial do Munic\u00edpio a intima\u00e7\u00e3o da Controladoria Interna da Prefeitura, para a<span class=\"excerpt-hellip\"> [\u2026]<\/span><\/p>\n","protected":false},"author":7,"featured_media":21771,"comment_status":"open","ping_status":"open","sticky":false,"template":"","format":"standard","meta":{"_jetpack_memberships_contains_paid_content":false,"footnotes":"","jetpack_publicize_message":"","jetpack_publicize_feature_enabled":true,"jetpack_social_post_already_shared":false,"jetpack_social_options":{"image_generator_settings":{"template":"highway","default_image_id":0,"enabled":false},"version":2}},"categories":[28,81],"tags":[],"class_list":["post-21894","post","type-post","status-publish","format-standard","has-post-thumbnail","hentry","category-cotidiano","category-manchete"],"yoast_head":"<!-- This site is optimized with the Yoast SEO plugin v25.6 - https:\/\/yoast.com\/wordpress\/plugins\/seo\/ -->\n<title>Empresa suspeita de irregularidades na castra\u00e7\u00e3o de animais, \u00e9 intimada a prestar contas nesta semana - VerdadeOn<\/title>\n<meta name=\"robots\" content=\"index, follow, max-snippet:-1, max-image-preview:large, max-video-preview:-1\" \/>\n<link rel=\"canonical\" href=\"https:\/\/verdadeon.com.br\/portal\/2021\/12\/27\/empresa-suspeita-de-irregularidades-na-castracao-de-animais-e-intimada-a-prestar-contas-nesta-semana\/\" \/>\n<meta property=\"og:locale\" content=\"pt_BR\" \/>\n<meta property=\"og:type\" content=\"article\" \/>\n<meta property=\"og:title\" content=\"Empresa suspeita de irregularidades na castra\u00e7\u00e3o de animais, \u00e9 intimada a prestar contas nesta semana - VerdadeOn\" \/>\n<meta property=\"og:description\" content=\"As irregularidades foram apontadas pelo Conselho Regional de Medicina Veterin\u00e1ria Foi publicado no Di\u00e1rio Oficial do Munic\u00edpio a intima\u00e7\u00e3o da Controladoria Interna da Prefeitura, para a [\u2026]\" \/>\n<meta property=\"og:url\" content=\"https:\/\/verdadeon.com.br\/portal\/2021\/12\/27\/empresa-suspeita-de-irregularidades-na-castracao-de-animais-e-intimada-a-prestar-contas-nesta-semana\/\" \/>\n<meta property=\"og:site_name\" content=\"VerdadeOn\" \/>\n<meta property=\"article:published_time\" content=\"2021-12-27T19:56:08+00:00\" \/>\n<meta property=\"og:image\" content=\"https:\/\/verdadeon.com.br\/portal\/wp-content\/uploads\/2021\/12\/WhatsApp-Image-2021-12-20-at-18.39.55.jpeg\" \/>\n\t<meta property=\"og:image:width\" content=\"1000\" \/>\n\t<meta property=\"og:image:height\" content=\"670\" \/>\n\t<meta property=\"og:image:type\" content=\"image\/jpeg\" \/>\n<meta name=\"author\" content=\"Fernando Lima\" \/>\n<meta name=\"twitter:card\" content=\"summary_large_image\" \/>\n<meta name=\"twitter:label1\" content=\"Escrito por\" \/>\n\t<meta name=\"twitter:data1\" content=\"Fernando Lima\" \/>\n\t<meta name=\"twitter:label2\" content=\"Est. tempo de leitura\" \/>\n\t<meta name=\"twitter:data2\" content=\"3 minutos\" \/>\n<script type=\"application\/ld+json\" class=\"yoast-schema-graph\">{\"@context\":\"https:\/\/schema.org\",\"@graph\":[{\"@type\":\"WebPage\",\"@id\":\"https:\/\/verdadeon.com.br\/portal\/2021\/12\/27\/empresa-suspeita-de-irregularidades-na-castracao-de-animais-e-intimada-a-prestar-contas-nesta-semana\/\",\"url\":\"https:\/\/verdadeon.com.br\/portal\/2021\/12\/27\/empresa-suspeita-de-irregularidades-na-castracao-de-animais-e-intimada-a-prestar-contas-nesta-semana\/\",\"name\":\"Empresa suspeita de irregularidades na castra\u00e7\u00e3o de animais, \u00e9 intimada a prestar contas nesta semana - VerdadeOn\",\"isPartOf\":{\"@id\":\"https:\/\/verdadeon.com.br\/portal\/#website\"},\"primaryImageOfPage\":{\"@id\":\"https:\/\/verdadeon.com.br\/portal\/2021\/12\/27\/empresa-suspeita-de-irregularidades-na-castracao-de-animais-e-intimada-a-prestar-contas-nesta-semana\/#primaryimage\"},\"image\":{\"@id\":\"https:\/\/verdadeon.com.br\/portal\/2021\/12\/27\/empresa-suspeita-de-irregularidades-na-castracao-de-animais-e-intimada-a-prestar-contas-nesta-semana\/#primaryimage\"},\"thumbnailUrl\":\"https:\/\/i0.wp.com\/verdadeon.com.br\/portal\/wp-content\/uploads\/2021\/12\/WhatsApp-Image-2021-12-20-at-18.39.55.jpeg?fit=1000%2C670&ssl=1\",\"datePublished\":\"2021-12-27T19:56:08+00:00\",\"author\":{\"@id\":\"https:\/\/verdadeon.com.br\/portal\/#\/schema\/person\/cc32be22b8e8599387c480bc83e1d11a\"},\"breadcrumb\":{\"@id\":\"https:\/\/verdadeon.com.br\/portal\/2021\/12\/27\/empresa-suspeita-de-irregularidades-na-castracao-de-animais-e-intimada-a-prestar-contas-nesta-semana\/#breadcrumb\"},\"inLanguage\":\"pt-BR\",\"potentialAction\":[{\"@type\":\"ReadAction\",\"target\":[\"https:\/\/verdadeon.com.br\/portal\/2021\/12\/27\/empresa-suspeita-de-irregularidades-na-castracao-de-animais-e-intimada-a-prestar-contas-nesta-semana\/\"]}]},{\"@type\":\"ImageObject\",\"inLanguage\":\"pt-BR\",\"@id\":\"https:\/\/verdadeon.com.br\/portal\/2021\/12\/27\/empresa-suspeita-de-irregularidades-na-castracao-de-animais-e-intimada-a-prestar-contas-nesta-semana\/#primaryimage\",\"url\":\"https:\/\/i0.wp.com\/verdadeon.com.br\/portal\/wp-content\/uploads\/2021\/12\/WhatsApp-Image-2021-12-20-at-18.39.55.jpeg?fit=1000%2C670&ssl=1\",\"contentUrl\":\"https:\/\/i0.wp.com\/verdadeon.com.br\/portal\/wp-content\/uploads\/2021\/12\/WhatsApp-Image-2021-12-20-at-18.39.55.jpeg?fit=1000%2C670&ssl=1\",\"width\":1000,\"height\":670,\"caption\":\"Cl\u00ednica est\u00e1 localizada na zona sul de Franca, diversas irregularidades foram encontradas, que podem causar danos \u00e0 sa\u00fade dos animais | Foto: Divulga\u00e7\u00e3o\"},{\"@type\":\"BreadcrumbList\",\"@id\":\"https:\/\/verdadeon.com.br\/portal\/2021\/12\/27\/empresa-suspeita-de-irregularidades-na-castracao-de-animais-e-intimada-a-prestar-contas-nesta-semana\/#breadcrumb\",\"itemListElement\":[{\"@type\":\"ListItem\",\"position\":1,\"name\":\"In\u00edcio\",\"item\":\"https:\/\/verdadeon.com.br\/portal\/\"},{\"@type\":\"ListItem\",\"position\":2,\"name\":\"Empresa suspeita de irregularidades na castra\u00e7\u00e3o de animais, \u00e9 intimada a prestar contas nesta semana\"}]},{\"@type\":\"WebSite\",\"@id\":\"https:\/\/verdadeon.com.br\/portal\/#website\",\"url\":\"https:\/\/verdadeon.com.br\/portal\/\",\"name\":\"VerdadeOn\",\"description\":\"Not\u00edcias di\u00e1rias sobre Franca, Regi\u00e3o, Esporte, Cultura, Cotidiano, Colunas. Cobertura nos principais eventos da cidade \u00e9 aqui - Verdadeon Franca\",\"potentialAction\":[{\"@type\":\"SearchAction\",\"target\":{\"@type\":\"EntryPoint\",\"urlTemplate\":\"https:\/\/verdadeon.com.br\/portal\/?s={search_term_string}\"},\"query-input\":{\"@type\":\"PropertyValueSpecification\",\"valueRequired\":true,\"valueName\":\"search_term_string\"}}],\"inLanguage\":\"pt-BR\"},{\"@type\":\"Person\",\"@id\":\"https:\/\/verdadeon.com.br\/portal\/#\/schema\/person\/cc32be22b8e8599387c480bc83e1d11a\",\"name\":\"Fernando Lima\",\"image\":{\"@type\":\"ImageObject\",\"inLanguage\":\"pt-BR\",\"@id\":\"https:\/\/verdadeon.com.br\/portal\/#\/schema\/person\/image\/\",\"url\":\"https:\/\/secure.gravatar.com\/avatar\/df4c8e132080d2b3a4841d5d232045464e0eed11a1d6e43115ca0843d48768d3?s=96&d=mm&r=g\",\"contentUrl\":\"https:\/\/secure.gravatar.com\/avatar\/df4c8e132080d2b3a4841d5d232045464e0eed11a1d6e43115ca0843d48768d3?s=96&d=mm&r=g\",\"caption\":\"Fernando Lima\"},\"sameAs\":[\"http:\/\/verdadeon.com.br\/\"],\"url\":\"https:\/\/verdadeon.com.br\/portal\/author\/fernando-lima\/\"}]}<\/script>\n<!-- \/ Yoast SEO plugin. -->","yoast_head_json":{"title":"Empresa suspeita de irregularidades na castra\u00e7\u00e3o de animais, \u00e9 intimada a prestar contas nesta semana - VerdadeOn","robots":{"index":"index","follow":"follow","max-snippet":"max-snippet:-1","max-image-preview":"max-image-preview:large","max-video-preview":"max-video-preview:-1"},"canonical":"https:\/\/verdadeon.com.br\/portal\/2021\/12\/27\/empresa-suspeita-de-irregularidades-na-castracao-de-animais-e-intimada-a-prestar-contas-nesta-semana\/","og_locale":"pt_BR","og_type":"article","og_title":"Empresa suspeita de irregularidades na castra\u00e7\u00e3o de animais, \u00e9 intimada a prestar contas nesta semana - VerdadeOn","og_description":"As irregularidades foram apontadas pelo Conselho Regional de Medicina Veterin\u00e1ria Foi publicado no Di\u00e1rio Oficial do Munic\u00edpio a intima\u00e7\u00e3o da Controladoria Interna da Prefeitura, para a [\u2026]","og_url":"https:\/\/verdadeon.com.br\/portal\/2021\/12\/27\/empresa-suspeita-de-irregularidades-na-castracao-de-animais-e-intimada-a-prestar-contas-nesta-semana\/","og_site_name":"VerdadeOn","article_published_time":"2021-12-27T19:56:08+00:00","og_image":[{"width":1000,"height":670,"url":"https:\/\/verdadeon.com.br\/portal\/wp-content\/uploads\/2021\/12\/WhatsApp-Image-2021-12-20-at-18.39.55.jpeg","type":"image\/jpeg"}],"author":"Fernando Lima","twitter_card":"summary_large_image","twitter_misc":{"Escrito por":"Fernando Lima","Est. tempo de leitura":"3 minutos"},"schema":{"@context":"https:\/\/schema.org","@graph":[{"@type":"WebPage","@id":"https:\/\/verdadeon.com.br\/portal\/2021\/12\/27\/empresa-suspeita-de-irregularidades-na-castracao-de-animais-e-intimada-a-prestar-contas-nesta-semana\/","url":"https:\/\/verdadeon.com.br\/portal\/2021\/12\/27\/empresa-suspeita-de-irregularidades-na-castracao-de-animais-e-intimada-a-prestar-contas-nesta-semana\/","name":"Empresa suspeita de irregularidades na castra\u00e7\u00e3o de animais, \u00e9 intimada a prestar contas nesta semana - VerdadeOn","isPartOf":{"@id":"https:\/\/verdadeon.com.br\/portal\/#website"},"primaryImageOfPage":{"@id":"https:\/\/verdadeon.com.br\/portal\/2021\/12\/27\/empresa-suspeita-de-irregularidades-na-castracao-de-animais-e-intimada-a-prestar-contas-nesta-semana\/#primaryimage"},"image":{"@id":"https:\/\/verdadeon.com.br\/portal\/2021\/12\/27\/empresa-suspeita-de-irregularidades-na-castracao-de-animais-e-intimada-a-prestar-contas-nesta-semana\/#primaryimage"},"thumbnailUrl":"https:\/\/i0.wp.com\/verdadeon.com.br\/portal\/wp-content\/uploads\/2021\/12\/WhatsApp-Image-2021-12-20-at-18.39.55.jpeg?fit=1000%2C670&ssl=1","datePublished":"2021-12-27T19:56:08+00:00","author":{"@id":"https:\/\/verdadeon.com.br\/portal\/#\/schema\/person\/cc32be22b8e8599387c480bc83e1d11a"},"breadcrumb":{"@id":"https:\/\/verdadeon.com.br\/portal\/2021\/12\/27\/empresa-suspeita-de-irregularidades-na-castracao-de-animais-e-intimada-a-prestar-contas-nesta-semana\/#breadcrumb"},"inLanguage":"pt-BR","potentialAction":[{"@type":"ReadAction","target":["https:\/\/verdadeon.com.br\/portal\/2021\/12\/27\/empresa-suspeita-de-irregularidades-na-castracao-de-animais-e-intimada-a-prestar-contas-nesta-semana\/"]}]},{"@type":"ImageObject","inLanguage":"pt-BR","@id":"https:\/\/verdadeon.com.br\/portal\/2021\/12\/27\/empresa-suspeita-de-irregularidades-na-castracao-de-animais-e-intimada-a-prestar-contas-nesta-semana\/#primaryimage","url":"https:\/\/i0.wp.com\/verdadeon.com.br\/portal\/wp-content\/uploads\/2021\/12\/WhatsApp-Image-2021-12-20-at-18.39.55.jpeg?fit=1000%2C670&ssl=1","contentUrl":"https:\/\/i0.wp.com\/verdadeon.com.br\/portal\/wp-content\/uploads\/2021\/12\/WhatsApp-Image-2021-12-20-at-18.39.55.jpeg?fit=1000%2C670&ssl=1","width":1000,"height":670,"caption":"Cl\u00ednica est\u00e1 localizada na zona sul de Franca, diversas irregularidades foram encontradas, que podem causar danos \u00e0 sa\u00fade dos animais | Foto: Divulga\u00e7\u00e3o"},{"@type":"BreadcrumbList","@id":"https:\/\/verdadeon.com.br\/portal\/2021\/12\/27\/empresa-suspeita-de-irregularidades-na-castracao-de-animais-e-intimada-a-prestar-contas-nesta-semana\/#breadcrumb","itemListElement":[{"@type":"ListItem","position":1,"name":"In\u00edcio","item":"https:\/\/verdadeon.com.br\/portal\/"},{"@type":"ListItem","position":2,"name":"Empresa suspeita de irregularidades na castra\u00e7\u00e3o de animais, \u00e9 intimada a prestar contas nesta semana"}]},{"@type":"WebSite","@id":"https:\/\/verdadeon.com.br\/portal\/#website","url":"https:\/\/verdadeon.com.br\/portal\/","name":"VerdadeOn","description":"Not\u00edcias di\u00e1rias sobre Franca, Regi\u00e3o, Esporte, Cultura, Cotidiano, Colunas. Cobertura nos principais eventos da cidade \u00e9 aqui - Verdadeon Franca","potentialAction":[{"@type":"SearchAction","target":{"@type":"EntryPoint","urlTemplate":"https:\/\/verdadeon.com.br\/portal\/?s={search_term_string}"},"query-input":{"@type":"PropertyValueSpecification","valueRequired":true,"valueName":"search_term_string"}}],"inLanguage":"pt-BR"},{"@type":"Person","@id":"https:\/\/verdadeon.com.br\/portal\/#\/schema\/person\/cc32be22b8e8599387c480bc83e1d11a","name":"Fernando Lima","image":{"@type":"ImageObject","inLanguage":"pt-BR","@id":"https:\/\/verdadeon.com.br\/portal\/#\/schema\/person\/image\/","url":"https:\/\/secure.gravatar.com\/avatar\/df4c8e132080d2b3a4841d5d232045464e0eed11a1d6e43115ca0843d48768d3?s=96&d=mm&r=g","contentUrl":"https:\/\/secure.gravatar.com\/avatar\/df4c8e132080d2b3a4841d5d232045464e0eed11a1d6e43115ca0843d48768d3?s=96&d=mm&r=g","caption":"Fernando Lima"},"sameAs":["http:\/\/verdadeon.com.br\/"],"url":"https:\/\/verdadeon.com.br\/portal\/author\/fernando-lima\/"}]}},"jetpack_publicize_connections":[],"jetpack_featured_media_url":"https:\/\/i0.wp.com\/verdadeon.com.br\/portal\/wp-content\/uploads\/2021\/12\/WhatsApp-Image-2021-12-20-at-18.39.55.jpeg?fit=1000%2C670&ssl=1","jetpack_sharing_enabled":true,"_links":{"self":[{"href":"https:\/\/verdadeon.com.br\/portal\/wp-json\/wp\/v2\/posts\/21894","targetHints":{"allow":["GET"]}}],"collection":[{"href":"https:\/\/verdadeon.com.br\/portal\/wp-json\/wp\/v2\/posts"}],"about":[{"href":"https:\/\/verdadeon.com.br\/portal\/wp-json\/wp\/v2\/types\/post"}],"author":[{"embeddable":true,"href":"https:\/\/verdadeon.com.br\/portal\/wp-json\/wp\/v2\/users\/7"}],"replies":[{"embeddable":true,"href":"https:\/\/verdadeon.com.br\/portal\/wp-json\/wp\/v2\/comments?post=21894"}],"version-history":[{"count":0,"href":"https:\/\/verdadeon.com.br\/portal\/wp-json\/wp\/v2\/posts\/21894\/revisions"}],"wp:featuredmedia":[{"embeddable":true,"href":"https:\/\/verdadeon.com.br\/portal\/wp-json\/wp\/v2\/media\/21771"}],"wp:attachment":[{"href":"https:\/\/verdadeon.com.br\/portal\/wp-json\/wp\/v2\/media?parent=21894"}],"wp:term":[{"taxonomy":"category","embeddable":true,"href":"https:\/\/verdadeon.com.br\/portal\/wp-json\/wp\/v2\/categories?post=21894"},{"taxonomy":"post_tag","embeddable":true,"href":"https:\/\/verdadeon.com.br\/portal\/wp-json\/wp\/v2\/tags?post=21894"}],"curies":[{"name":"wp","href":"https:\/\/api.w.org\/{rel}","templated":true}]}}