{"id":21880,"date":"2021-12-25T09:00:01","date_gmt":"2021-12-25T12:00:01","guid":{"rendered":"https:\/\/verdadeon.com.br\/portal\/?p=21880"},"modified":"2021-12-24T11:27:36","modified_gmt":"2021-12-24T14:27:36","slug":"era-um-sonho-de-crianca-me-vestir-de-papai-noel","status":"publish","type":"post","link":"https:\/\/verdadeon.com.br\/portal\/2021\/12\/25\/era-um-sonho-de-crianca-me-vestir-de-papai-noel\/","title":{"rendered":"&#8216;Era um sonho de crian\u00e7a me vestir de Papai Noel&#8217;"},"content":{"rendered":"<h2>No dia 25 de dezembro o Jornal Verdade traz para voc\u00ea a hist\u00f3ria de Norivaldo dos Reis, Papai Noel volunt\u00e1rio<\/h2>\n<p>Fernando Lima<\/p>\n<p>Se tem uma coisa que dezembro sempre traz para gente, al\u00e9m de boas lembran\u00e7as, s\u00e3o boas hist\u00f3rias, e \u00e9 justamente isso que voc\u00ea vai conferir nesta edi\u00e7\u00e3o especial de natal. O Norivaldo dos Reis Nascimento, \u00e9 padeiro e sempre sonhou em se vestir de Papai Noel, como um sonho de crian\u00e7a mesmo.<\/p>\n<p>J\u00e1 adulto ele conseguiu realizar esse sonho, mas foi al\u00e9m, se tornou volunt\u00e1rio e entrega presentes para crian\u00e7as que enfrentam o c\u00e2ncer e fazem tratamento em outros hospitais. Em 2018 o Norivaldo teve que enfrentar uma batalha contra o c\u00e2ncer, foi justamente no trabalho volunt\u00e1rio que ele encontrou for\u00e7as para travar essa batalha.<\/p>\n<p>Hoje felizmente ele j\u00e1 est\u00e1 curado e faz acompanhamento m\u00e9dico de perto. Confira o que o Norivaldo contou para gente!<\/p>\n<h5>Jornal Verdade- O que te motivou a se vestir de Papai Noel e fazer essa boa a\u00e7\u00e3o?<\/h5>\n<p>Norivaldo Reis:\u00a0 Era um sonho de crian\u00e7a me vestir de Papai Noel. Eu trabalhava em um supermercado e eles sempre faziam esse trabalho no Natal, de vestir um funcion\u00e1rio de Papai Noel. Como eu j\u00e1 tinha vontade conversei com a coordenadora de eventos e ela me deu a oportunidade, ent\u00e3o foi quando eu comecei. Eles distribu\u00edam alguns comes e bebes para as pessoas al\u00e9m de distribuir alguns brinquedos. Ent\u00e3o quando a gente fazia essa chegada l\u00e1 na loja voc\u00ea contava mais ou menos duzentas crian\u00e7as no p\u00e1tio do local, ent\u00e3o tudo come\u00e7ou l\u00e1 no supermercado. Um dia eu estava aqui em casa e pensando em algo que pudesse fazer para atender mais crian\u00e7as. Foi a\u00ed que eu tomei a decis\u00e3o de comemorar o meu anivers\u00e1rio e tive a ideia de pedir brinquedos de presentes, ao inv\u00e9s do pessoal trazer roupa, bermuda, chinelo, camiseta, cal\u00e7a, perfume, desodorante, essas coisas assim, eu pedi para o pessoal trazer brinquedos. No primeiro ano que n\u00f3s fizemos aqui na minha casa vieram aproximadamente quarenta pessoas e arrecadamos muitos brinquedos. Eu resolvi ir l\u00e1 no Hospital Santa Casa, conversei com a coordenadora, falei para ela dessa vontade que a gente tinha de participar e fazer a distribui\u00e7\u00e3o l\u00e1 na unidade. J\u00e1 naquele ano mesmo eu comecei a fazer para o Hospital do C\u00e2ncer tamb\u00e9m. Chegando l\u00e1 encontrei um rapaz que eu n\u00e3o conhecia ele, e passamos a ser amigos a partir daquele dia. Ele estava se vestindo de palha\u00e7o para poder fazer a festinha para as crian\u00e7as no m\u00eas de outubro, foi quando ele me convidou para participar com ele. No come\u00e7o eu n\u00e3o queria porque eu pensava que n\u00e3o dava muito certo para mim, meu neg\u00f3cio era mesmo ser Papai Noel. Acabei aceitando e fizemos uma dupla, ele \u00e9 o Pa\u00e7oca eu sou o Amendoim.<\/p>\n<h5>J.V.- Desde quando faz este trabalho?<\/h5>\n<p>N.R.- H\u00e1 mais ou menos uns onze anos come\u00e7amos com essa festa. Em 2018 foi quando eu descobri que estava com c\u00e2ncer, e mesmo assim naquele ano n\u00f3s ainda fizemos a festa. \u00a0No ano passado a gente n\u00e3o conseguiu fazer no Hospital do C\u00e2ncer porque n\u00e3o foi liberado, a pandemia estava muito forte.<\/p>\n<h5>J.V.- Qual a programa\u00e7\u00e3o para este ano?<\/h5>\n<p>N.R.- Eu fiz algumas festinhas em creches, fizemos a entrega de presentes na creche do aeroporto, os brinquedos entregues l\u00e1 foram doados por patrocinadores. Dia 18 eu fui l\u00e1 na Santa Casa, fizemos essa doa\u00e7\u00e3o de brinquedos que arrecadamos, a gente passou ali dentro do hospital, pessoal todo filmando, tirando foto, querendo ver o Papai Noel, a gente passou nos quartos, na maternidade, foi um trabalho muito legal. No dia 22 tamb\u00e9m entregamos os presentes para os atendidos do Hospital do C\u00e2ncer.<\/p>\n<h5>J.V.- Como se sente quando est\u00e1 fazendo essa a\u00e7\u00e3o e tem alguma experi\u00eancia que te marcou de uma forma diferente?<\/h5>\n<p>N.R.- A gente sempre passa por experi\u00eancias marcantes, que ficam gravadas no cora\u00e7\u00e3o. Em 2018 n\u00f3s est\u00e1vamos na Santa Casa, o coral estava na recep\u00e7\u00e3o e a gente j\u00e1 tinha passado por todos os leitos. De repente uma crian\u00e7a l\u00e1 da da rua, veio correndo, atravessou a faixa de pedestre e se agarrou nas minhas pernas. Eu olhei aquilo assim, abaixei e dei um abra\u00e7o nessa crian\u00e7a. \u00a0Ela estava t\u00e3o emocionada de ver o Papai Noel que come\u00e7ou a chorar, ela n\u00e3o me soltava para nada. Eu deixei ela acalmar, dei um tempinho abra\u00e7ado, fui conversando com ela e perguntei se j\u00e1 tinha pedido presente. \u00a0Ela me disse que n\u00e3o queria presente que s\u00f3 queria dar um abra\u00e7o no Papai Noel. Eu tinha brinquedo ainda, peguei e dei para ela, ela n\u00e3o sabia se ria ou se chorava! Foi uma cena que me tocou muito.<\/p>\n<p>Uma outra cena tamb\u00e9m que foi num outro que me tocou bastante, foi quando n\u00f3s est\u00e1vamos passando nos leitos da Santa Casa e uma senhorinha que se tratava no Allan Kardec me viu de Papai Noel. Eu n\u00e3o sei nem falar a rea\u00e7\u00e3o que ela teve, ela chorava, ria, abra\u00e7ava, e me pediu uma boneca e eu prometi uma boneca para ela. Foi um fato t\u00e3o interessante porque eu n\u00e3o perguntei o nome dela, eu n\u00e3o prestei aten\u00e7\u00e3o no n\u00famero do quarto que ela estava, e depois eu fui l\u00e1 para poder levar. Eu sa\u00ed procurando e eles n\u00e3o queriam deixar eu entrar, eu j\u00e1 n\u00e3o estava mais vestido de Papai Noel e ela n\u00e3o sabia, eu n\u00e3o sabia nome, n\u00e3o sabia o n\u00famero do quarto, a gente n\u00e3o sabia como \u00edamos achar. Me deixaram entrar e eu acabei achando ela. Falei que o Papai Noel pediu para eu levar o presente porque ele estava visitando outras crian\u00e7as. Se voc\u00ea ver a alegria dessa mulher, dessa senhorinha&#8230; s\u00f3 quem passa por essa experi\u00eancia que sabe viu?<\/p>\n<h5>J.V.- Voc\u00ea tamb\u00e9m enfrentou um c\u00e2ncer?<\/h5>\n<p>N.R.- Quando eu descobri que estava com esse problema do c\u00e2ncer, uma das volunt\u00e1rias do Hospital do C\u00e2ncer chegou para mim e me disse que eu j\u00e1 ajudei tantas pessoas, crian\u00e7as, idosos, ela falou que Deus estava me dando a oportunidade de conhecer o outro lado, o lado que eu estava ajudando. Isso me marcou muito tamb\u00e9m, eu entendi que Ele estava me usando, me preparando para passar por aquele processo que passei.<\/p>\n<h5>J.V.- Qual mensagem de natal tem para quem nos acompanha?<\/h5>\n<p>N.R.- Quero dizer para que n\u00f3s n\u00e3o esque\u00e7amos do verdadeiro aniversariante do dia 25 de dezembro. Que Jesus possa nascer no cora\u00e7\u00e3o de cada um, que o natal \u00e9 vida, no natal veio ao mundo o rei dos reis. Quero desejar a todos um feliz natal com muita paz e com muita sa\u00fade, que as pessoas possam ser mais humanas!<\/p>\n","protected":false},"excerpt":{"rendered":"<p>No dia 25 de dezembro o Jornal Verdade traz para voc\u00ea a hist\u00f3ria de Norivaldo dos Reis, Papai Noel volunt\u00e1rio Fernando Lima Se tem uma coisa<span class=\"excerpt-hellip\"> [\u2026]<\/span><\/p>\n","protected":false},"author":7,"featured_media":21882,"comment_status":"open","ping_status":"open","sticky":false,"template":"","format":"standard","meta":{"_jetpack_memberships_contains_paid_content":false,"footnotes":"","jetpack_publicize_message":"","jetpack_publicize_feature_enabled":true,"jetpack_social_post_already_shared":false,"jetpack_social_options":{"image_generator_settings":{"template":"highway","default_image_id":0,"enabled":false},"version":2}},"categories":[28,81],"tags":[],"class_list":["post-21880","post","type-post","status-publish","format-standard","has-post-thumbnail","hentry","category-cotidiano","category-manchete"],"yoast_head":"<!-- This site is optimized with the Yoast SEO plugin v25.6 - https:\/\/yoast.com\/wordpress\/plugins\/seo\/ -->\n<title>&#039;Era um sonho de crian\u00e7a me vestir de Papai Noel&#039; - VerdadeOn<\/title>\n<meta name=\"robots\" content=\"index, follow, max-snippet:-1, max-image-preview:large, max-video-preview:-1\" \/>\n<link rel=\"canonical\" href=\"https:\/\/verdadeon.com.br\/portal\/2021\/12\/25\/era-um-sonho-de-crianca-me-vestir-de-papai-noel\/\" \/>\n<meta property=\"og:locale\" content=\"pt_BR\" \/>\n<meta property=\"og:type\" content=\"article\" \/>\n<meta property=\"og:title\" content=\"&#039;Era um sonho de crian\u00e7a me vestir de Papai Noel&#039; - VerdadeOn\" \/>\n<meta property=\"og:description\" content=\"No dia 25 de dezembro o Jornal Verdade traz para voc\u00ea a hist\u00f3ria de Norivaldo dos Reis, Papai Noel volunt\u00e1rio Fernando Lima Se tem uma coisa [\u2026]\" \/>\n<meta property=\"og:url\" content=\"https:\/\/verdadeon.com.br\/portal\/2021\/12\/25\/era-um-sonho-de-crianca-me-vestir-de-papai-noel\/\" \/>\n<meta property=\"og:site_name\" content=\"VerdadeOn\" \/>\n<meta property=\"article:published_time\" content=\"2021-12-25T12:00:01+00:00\" \/>\n<meta property=\"og:image\" content=\"https:\/\/verdadeon.com.br\/portal\/wp-content\/uploads\/2021\/12\/WhatsApp-Image-2021-12-24-at-11.24.48-e1640355965338.jpeg\" \/>\n\t<meta property=\"og:image:width\" content=\"1001\" \/>\n\t<meta property=\"og:image:height\" content=\"668\" \/>\n\t<meta property=\"og:image:type\" content=\"image\/jpeg\" \/>\n<meta name=\"author\" content=\"Fernando Lima\" \/>\n<meta name=\"twitter:card\" content=\"summary_large_image\" \/>\n<meta name=\"twitter:label1\" content=\"Escrito por\" \/>\n\t<meta name=\"twitter:data1\" content=\"Fernando Lima\" \/>\n\t<meta name=\"twitter:label2\" content=\"Est. tempo de leitura\" \/>\n\t<meta name=\"twitter:data2\" content=\"5 minutos\" \/>\n<script type=\"application\/ld+json\" class=\"yoast-schema-graph\">{\"@context\":\"https:\/\/schema.org\",\"@graph\":[{\"@type\":\"WebPage\",\"@id\":\"https:\/\/verdadeon.com.br\/portal\/2021\/12\/25\/era-um-sonho-de-crianca-me-vestir-de-papai-noel\/\",\"url\":\"https:\/\/verdadeon.com.br\/portal\/2021\/12\/25\/era-um-sonho-de-crianca-me-vestir-de-papai-noel\/\",\"name\":\"'Era um sonho de crian\u00e7a me vestir de Papai Noel' - VerdadeOn\",\"isPartOf\":{\"@id\":\"https:\/\/verdadeon.com.br\/portal\/#website\"},\"primaryImageOfPage\":{\"@id\":\"https:\/\/verdadeon.com.br\/portal\/2021\/12\/25\/era-um-sonho-de-crianca-me-vestir-de-papai-noel\/#primaryimage\"},\"image\":{\"@id\":\"https:\/\/verdadeon.com.br\/portal\/2021\/12\/25\/era-um-sonho-de-crianca-me-vestir-de-papai-noel\/#primaryimage\"},\"thumbnailUrl\":\"https:\/\/i0.wp.com\/verdadeon.com.br\/portal\/wp-content\/uploads\/2021\/12\/WhatsApp-Image-2021-12-24-at-11.24.48-e1640355965338.jpeg?fit=1001%2C668&ssl=1\",\"datePublished\":\"2021-12-25T12:00:01+00:00\",\"author\":{\"@id\":\"https:\/\/verdadeon.com.br\/portal\/#\/schema\/person\/cc32be22b8e8599387c480bc83e1d11a\"},\"breadcrumb\":{\"@id\":\"https:\/\/verdadeon.com.br\/portal\/2021\/12\/25\/era-um-sonho-de-crianca-me-vestir-de-papai-noel\/#breadcrumb\"},\"inLanguage\":\"pt-BR\",\"potentialAction\":[{\"@type\":\"ReadAction\",\"target\":[\"https:\/\/verdadeon.com.br\/portal\/2021\/12\/25\/era-um-sonho-de-crianca-me-vestir-de-papai-noel\/\"]}]},{\"@type\":\"ImageObject\",\"inLanguage\":\"pt-BR\",\"@id\":\"https:\/\/verdadeon.com.br\/portal\/2021\/12\/25\/era-um-sonho-de-crianca-me-vestir-de-papai-noel\/#primaryimage\",\"url\":\"https:\/\/i0.wp.com\/verdadeon.com.br\/portal\/wp-content\/uploads\/2021\/12\/WhatsApp-Image-2021-12-24-at-11.24.48-e1640355965338.jpeg?fit=1001%2C668&ssl=1\",\"contentUrl\":\"https:\/\/i0.wp.com\/verdadeon.com.br\/portal\/wp-content\/uploads\/2021\/12\/WhatsApp-Image-2021-12-24-at-11.24.48-e1640355965338.jpeg?fit=1001%2C668&ssl=1\",\"width\":1001,\"height\":668,\"caption\":\"No Hospital do C\u00e2ncer Norivaldo faz o trabalho de distribui\u00e7\u00e3o de presentes que s\u00e3o doados por volunt\u00e1rios | Foto: Divulga\u00e7\u00e3o\"},{\"@type\":\"BreadcrumbList\",\"@id\":\"https:\/\/verdadeon.com.br\/portal\/2021\/12\/25\/era-um-sonho-de-crianca-me-vestir-de-papai-noel\/#breadcrumb\",\"itemListElement\":[{\"@type\":\"ListItem\",\"position\":1,\"name\":\"In\u00edcio\",\"item\":\"https:\/\/verdadeon.com.br\/portal\/\"},{\"@type\":\"ListItem\",\"position\":2,\"name\":\"&#8216;Era um sonho de crian\u00e7a me vestir de Papai Noel&#8217;\"}]},{\"@type\":\"WebSite\",\"@id\":\"https:\/\/verdadeon.com.br\/portal\/#website\",\"url\":\"https:\/\/verdadeon.com.br\/portal\/\",\"name\":\"VerdadeOn\",\"description\":\"Not\u00edcias di\u00e1rias sobre Franca, Regi\u00e3o, Esporte, Cultura, Cotidiano, Colunas. Cobertura nos principais eventos da cidade \u00e9 aqui - Verdadeon Franca\",\"potentialAction\":[{\"@type\":\"SearchAction\",\"target\":{\"@type\":\"EntryPoint\",\"urlTemplate\":\"https:\/\/verdadeon.com.br\/portal\/?s={search_term_string}\"},\"query-input\":{\"@type\":\"PropertyValueSpecification\",\"valueRequired\":true,\"valueName\":\"search_term_string\"}}],\"inLanguage\":\"pt-BR\"},{\"@type\":\"Person\",\"@id\":\"https:\/\/verdadeon.com.br\/portal\/#\/schema\/person\/cc32be22b8e8599387c480bc83e1d11a\",\"name\":\"Fernando Lima\",\"image\":{\"@type\":\"ImageObject\",\"inLanguage\":\"pt-BR\",\"@id\":\"https:\/\/verdadeon.com.br\/portal\/#\/schema\/person\/image\/\",\"url\":\"https:\/\/secure.gravatar.com\/avatar\/df4c8e132080d2b3a4841d5d232045464e0eed11a1d6e43115ca0843d48768d3?s=96&d=mm&r=g\",\"contentUrl\":\"https:\/\/secure.gravatar.com\/avatar\/df4c8e132080d2b3a4841d5d232045464e0eed11a1d6e43115ca0843d48768d3?s=96&d=mm&r=g\",\"caption\":\"Fernando Lima\"},\"sameAs\":[\"http:\/\/verdadeon.com.br\/\"],\"url\":\"https:\/\/verdadeon.com.br\/portal\/author\/fernando-lima\/\"}]}<\/script>\n<!-- \/ Yoast SEO plugin. -->","yoast_head_json":{"title":"'Era um sonho de crian\u00e7a me vestir de Papai Noel' - VerdadeOn","robots":{"index":"index","follow":"follow","max-snippet":"max-snippet:-1","max-image-preview":"max-image-preview:large","max-video-preview":"max-video-preview:-1"},"canonical":"https:\/\/verdadeon.com.br\/portal\/2021\/12\/25\/era-um-sonho-de-crianca-me-vestir-de-papai-noel\/","og_locale":"pt_BR","og_type":"article","og_title":"'Era um sonho de crian\u00e7a me vestir de Papai Noel' - VerdadeOn","og_description":"No dia 25 de dezembro o Jornal Verdade traz para voc\u00ea a hist\u00f3ria de Norivaldo dos Reis, Papai Noel volunt\u00e1rio Fernando Lima Se tem uma coisa [\u2026]","og_url":"https:\/\/verdadeon.com.br\/portal\/2021\/12\/25\/era-um-sonho-de-crianca-me-vestir-de-papai-noel\/","og_site_name":"VerdadeOn","article_published_time":"2021-12-25T12:00:01+00:00","og_image":[{"width":1001,"height":668,"url":"https:\/\/verdadeon.com.br\/portal\/wp-content\/uploads\/2021\/12\/WhatsApp-Image-2021-12-24-at-11.24.48-e1640355965338.jpeg","type":"image\/jpeg"}],"author":"Fernando Lima","twitter_card":"summary_large_image","twitter_misc":{"Escrito por":"Fernando Lima","Est. tempo de leitura":"5 minutos"},"schema":{"@context":"https:\/\/schema.org","@graph":[{"@type":"WebPage","@id":"https:\/\/verdadeon.com.br\/portal\/2021\/12\/25\/era-um-sonho-de-crianca-me-vestir-de-papai-noel\/","url":"https:\/\/verdadeon.com.br\/portal\/2021\/12\/25\/era-um-sonho-de-crianca-me-vestir-de-papai-noel\/","name":"'Era um sonho de crian\u00e7a me vestir de Papai Noel' - VerdadeOn","isPartOf":{"@id":"https:\/\/verdadeon.com.br\/portal\/#website"},"primaryImageOfPage":{"@id":"https:\/\/verdadeon.com.br\/portal\/2021\/12\/25\/era-um-sonho-de-crianca-me-vestir-de-papai-noel\/#primaryimage"},"image":{"@id":"https:\/\/verdadeon.com.br\/portal\/2021\/12\/25\/era-um-sonho-de-crianca-me-vestir-de-papai-noel\/#primaryimage"},"thumbnailUrl":"https:\/\/i0.wp.com\/verdadeon.com.br\/portal\/wp-content\/uploads\/2021\/12\/WhatsApp-Image-2021-12-24-at-11.24.48-e1640355965338.jpeg?fit=1001%2C668&ssl=1","datePublished":"2021-12-25T12:00:01+00:00","author":{"@id":"https:\/\/verdadeon.com.br\/portal\/#\/schema\/person\/cc32be22b8e8599387c480bc83e1d11a"},"breadcrumb":{"@id":"https:\/\/verdadeon.com.br\/portal\/2021\/12\/25\/era-um-sonho-de-crianca-me-vestir-de-papai-noel\/#breadcrumb"},"inLanguage":"pt-BR","potentialAction":[{"@type":"ReadAction","target":["https:\/\/verdadeon.com.br\/portal\/2021\/12\/25\/era-um-sonho-de-crianca-me-vestir-de-papai-noel\/"]}]},{"@type":"ImageObject","inLanguage":"pt-BR","@id":"https:\/\/verdadeon.com.br\/portal\/2021\/12\/25\/era-um-sonho-de-crianca-me-vestir-de-papai-noel\/#primaryimage","url":"https:\/\/i0.wp.com\/verdadeon.com.br\/portal\/wp-content\/uploads\/2021\/12\/WhatsApp-Image-2021-12-24-at-11.24.48-e1640355965338.jpeg?fit=1001%2C668&ssl=1","contentUrl":"https:\/\/i0.wp.com\/verdadeon.com.br\/portal\/wp-content\/uploads\/2021\/12\/WhatsApp-Image-2021-12-24-at-11.24.48-e1640355965338.jpeg?fit=1001%2C668&ssl=1","width":1001,"height":668,"caption":"No Hospital do C\u00e2ncer Norivaldo faz o trabalho de distribui\u00e7\u00e3o de presentes que s\u00e3o doados por volunt\u00e1rios | Foto: Divulga\u00e7\u00e3o"},{"@type":"BreadcrumbList","@id":"https:\/\/verdadeon.com.br\/portal\/2021\/12\/25\/era-um-sonho-de-crianca-me-vestir-de-papai-noel\/#breadcrumb","itemListElement":[{"@type":"ListItem","position":1,"name":"In\u00edcio","item":"https:\/\/verdadeon.com.br\/portal\/"},{"@type":"ListItem","position":2,"name":"&#8216;Era um sonho de crian\u00e7a me vestir de Papai Noel&#8217;"}]},{"@type":"WebSite","@id":"https:\/\/verdadeon.com.br\/portal\/#website","url":"https:\/\/verdadeon.com.br\/portal\/","name":"VerdadeOn","description":"Not\u00edcias di\u00e1rias sobre Franca, Regi\u00e3o, Esporte, Cultura, Cotidiano, Colunas. Cobertura nos principais eventos da cidade \u00e9 aqui - Verdadeon Franca","potentialAction":[{"@type":"SearchAction","target":{"@type":"EntryPoint","urlTemplate":"https:\/\/verdadeon.com.br\/portal\/?s={search_term_string}"},"query-input":{"@type":"PropertyValueSpecification","valueRequired":true,"valueName":"search_term_string"}}],"inLanguage":"pt-BR"},{"@type":"Person","@id":"https:\/\/verdadeon.com.br\/portal\/#\/schema\/person\/cc32be22b8e8599387c480bc83e1d11a","name":"Fernando Lima","image":{"@type":"ImageObject","inLanguage":"pt-BR","@id":"https:\/\/verdadeon.com.br\/portal\/#\/schema\/person\/image\/","url":"https:\/\/secure.gravatar.com\/avatar\/df4c8e132080d2b3a4841d5d232045464e0eed11a1d6e43115ca0843d48768d3?s=96&d=mm&r=g","contentUrl":"https:\/\/secure.gravatar.com\/avatar\/df4c8e132080d2b3a4841d5d232045464e0eed11a1d6e43115ca0843d48768d3?s=96&d=mm&r=g","caption":"Fernando Lima"},"sameAs":["http:\/\/verdadeon.com.br\/"],"url":"https:\/\/verdadeon.com.br\/portal\/author\/fernando-lima\/"}]}},"jetpack_publicize_connections":[],"jetpack_featured_media_url":"https:\/\/i0.wp.com\/verdadeon.com.br\/portal\/wp-content\/uploads\/2021\/12\/WhatsApp-Image-2021-12-24-at-11.24.48-e1640355965338.jpeg?fit=1001%2C668&ssl=1","jetpack_sharing_enabled":true,"_links":{"self":[{"href":"https:\/\/verdadeon.com.br\/portal\/wp-json\/wp\/v2\/posts\/21880","targetHints":{"allow":["GET"]}}],"collection":[{"href":"https:\/\/verdadeon.com.br\/portal\/wp-json\/wp\/v2\/posts"}],"about":[{"href":"https:\/\/verdadeon.com.br\/portal\/wp-json\/wp\/v2\/types\/post"}],"author":[{"embeddable":true,"href":"https:\/\/verdadeon.com.br\/portal\/wp-json\/wp\/v2\/users\/7"}],"replies":[{"embeddable":true,"href":"https:\/\/verdadeon.com.br\/portal\/wp-json\/wp\/v2\/comments?post=21880"}],"version-history":[{"count":0,"href":"https:\/\/verdadeon.com.br\/portal\/wp-json\/wp\/v2\/posts\/21880\/revisions"}],"wp:featuredmedia":[{"embeddable":true,"href":"https:\/\/verdadeon.com.br\/portal\/wp-json\/wp\/v2\/media\/21882"}],"wp:attachment":[{"href":"https:\/\/verdadeon.com.br\/portal\/wp-json\/wp\/v2\/media?parent=21880"}],"wp:term":[{"taxonomy":"category","embeddable":true,"href":"https:\/\/verdadeon.com.br\/portal\/wp-json\/wp\/v2\/categories?post=21880"},{"taxonomy":"post_tag","embeddable":true,"href":"https:\/\/verdadeon.com.br\/portal\/wp-json\/wp\/v2\/tags?post=21880"}],"curies":[{"name":"wp","href":"https:\/\/api.w.org\/{rel}","templated":true}]}}