{"id":21872,"date":"2021-12-25T00:01:15","date_gmt":"2021-12-25T03:01:15","guid":{"rendered":"https:\/\/verdadeon.com.br\/portal\/?p=21872"},"modified":"2021-12-24T10:14:12","modified_gmt":"2021-12-24T13:14:12","slug":"natal-de-paz-uniao-e-amor","status":"publish","type":"post","link":"https:\/\/verdadeon.com.br\/portal\/2021\/12\/25\/natal-de-paz-uniao-e-amor\/","title":{"rendered":"Natal de paz, uni\u00e3o e amor"},"content":{"rendered":"<p>O per\u00edodo do Natal e sua magia nos afloram sentimentos fraternais. Talvez, pelo clima de festa, ou ainda pelo encantamento que permeia a hist\u00f3ria do nascimento de JESUS CRISTO e toda a sua simbologia, que norteia caminhos que valorizam as rela\u00e7\u00f5es familiares, o respeito e o amor entre as pessoas.<\/p>\n<p>Nesta \u00e9poca nos permitimos sonhar mais. A f\u00e9 vem \u00e0 tona e se revela ainda mais forte, os obst\u00e1culos e dificuldades encontrados no dia a dia parecem dar tr\u00e9gua, mesmo que por um curto per\u00edodo, bem como as intrigas e desaven\u00e7as. E se permitirmos, a magia natalina nos inspira e motiva para continuar em frente e superar os desafios, que nos aproximam ao melhor da vida.<\/p>\n<p>A correria cotidiana abre espa\u00e7o para o bem-estar coletivo, a solidariedade, a justi\u00e7a e a igualdade.<\/p>\n<p>Mas falando em correria e, olhando sob uma \u00f3tica mais pr\u00e1tica e comercial, o aumento do movimento nas ruas, lojas e centros comerciais \u00e9 evidente, a busca por presentes e o consumismo, por muitas vezes se sobressaem, deixando de lado o verdadeiro sentido do Natal.<\/p>\n<p>Os lojistas precisam aproveitar o momento para fazerem suas vendas. Usam da criatividade e fazem o que podem para atrair seus clientes e fecharem o ano com um saldo positivo, nada mais justo. Mas, aprendemos muito nos \u00faltimos anos sobre o consumo consciente e a dar import\u00e2ncia \u00e0s coisas mais simples.<\/p>\n<p>Sentimos de perto a escassez, mesmo que por um curto per\u00edodo, aprendemos a valorizar o que temos e a rever quest\u00f5es como o desperd\u00edcio. Que nossas mesas sejam fartas, mas principalmente que nos sobre empatia e amor ao pr\u00f3ximo.<\/p>\n<p>Mensagens virtuais tomaram o lugar dos cart\u00f5es de Natal, antes pendurados em nossas \u00e1rvores com suas cores, brilhos e cheios de significados, bons fluidos.<\/p>\n<p>Uma curiosidade \u00e9 que apenas a Igreja Cat\u00f3lica no Ocidente comemora o nascimento de Jesus Cristo no dia 25 de dezembro. As Igrejas Orientais e as Ortodoxas, por exemplo, comemoram em 07 de janeiro.<\/p>\n<p>S\u00e3o diversas as teorias sobre a verdadeira origem do Natal, que v\u00e3o da comemora\u00e7\u00e3o do nascimento do Deus Sol, no solst\u00edcio de inverno, ao nascimento de Jesus de Nazar\u00e9, atrav\u00e9s de ind\u00edcios no Cron\u00f3grafo de 354.<\/p>\n<p>N\u00e3o obstante desta realidade, tamb\u00e9m s\u00e3o diversas as teorias sobre a origem do bom velhinho, o Papai Noel. Desde a vertente do catolicismo que remete a S\u00e3o Nicolau, da mitologia n\u00f3rdica relacionando a Odin, at\u00e9 que ele seja fruto de uma campanha publicit\u00e1ria da Coca-Cola, desenvolvida entre 1920 e 1930.<\/p>\n<p>Independentemente de qual teoria fa\u00e7a mais sentido para voc\u00ea, neste momento, ap\u00f3s mais um ano nos encontrando semanalmente por aqui, me sinto \u00e0 vontade para relembrar que o momento \u00e9 de agradecermos por nossas vidas, pela vida e sa\u00fade de nossos familiares e amigos e, por estarmos aqui, ap\u00f3s um ano de tantas adversidades. Este \u00e9 o verdadeiro sentido do Natal.<\/p>\n<p>Por isso, desejo a todos voc\u00eas, leitores, que neste momento busquem a reflex\u00e3o, orem &#8211; cada um de acordo com sua f\u00e9 &#8211; e valorizem a paz, a uni\u00e3o e o amor. Agrade\u00e7am todas as conquistas recebidas at\u00e9 aqui. Feliz Natal!<\/p>\n<p>&nbsp;<\/p>\n<p><strong>Jean Dunkl<\/strong><\/p>\n<p>@jeandunkl<\/p>\n<p>CEO da CPD Consultoria e da Espacio de Color, mentor em Gest\u00e3o Estrat\u00e9gica de Neg\u00f3cios, gestor da Impera e volunt\u00e1rio da Singularity University<\/p>\n","protected":false},"excerpt":{"rendered":"<p>O per\u00edodo do Natal e sua magia nos afloram sentimentos fraternais. Talvez, pelo clima de festa, ou ainda pelo encantamento que permeia a hist\u00f3ria do nascimento<span class=\"excerpt-hellip\"> [\u2026]<\/span><\/p>\n","protected":false},"author":4,"featured_media":0,"comment_status":"open","ping_status":"open","sticky":false,"template":"","format":"standard","meta":{"_jetpack_memberships_contains_paid_content":false,"footnotes":"","jetpack_publicize_message":"","jetpack_publicize_feature_enabled":true,"jetpack_social_post_already_shared":false,"jetpack_social_options":{"image_generator_settings":{"template":"highway","default_image_id":0,"enabled":false},"version":2}},"categories":[132],"tags":[],"class_list":["post-21872","post","type-post","status-publish","format-standard","hentry","category-artigos"],"yoast_head":"<!-- This site is optimized with the Yoast SEO plugin v25.6 - https:\/\/yoast.com\/wordpress\/plugins\/seo\/ -->\n<title>Natal de paz, uni\u00e3o e amor - VerdadeOn<\/title>\n<meta name=\"robots\" content=\"index, follow, max-snippet:-1, max-image-preview:large, max-video-preview:-1\" \/>\n<link rel=\"canonical\" href=\"https:\/\/verdadeon.com.br\/portal\/2021\/12\/25\/natal-de-paz-uniao-e-amor\/\" \/>\n<meta property=\"og:locale\" content=\"pt_BR\" \/>\n<meta property=\"og:type\" content=\"article\" \/>\n<meta property=\"og:title\" content=\"Natal de paz, uni\u00e3o e amor - VerdadeOn\" \/>\n<meta property=\"og:description\" content=\"O per\u00edodo do Natal e sua magia nos afloram sentimentos fraternais. Talvez, pelo clima de festa, ou ainda pelo encantamento que permeia a hist\u00f3ria do nascimento [\u2026]\" \/>\n<meta property=\"og:url\" content=\"https:\/\/verdadeon.com.br\/portal\/2021\/12\/25\/natal-de-paz-uniao-e-amor\/\" \/>\n<meta property=\"og:site_name\" content=\"VerdadeOn\" \/>\n<meta property=\"article:published_time\" content=\"2021-12-25T03:01:15+00:00\" \/>\n<meta name=\"author\" content=\"Fernando Calixto\" \/>\n<meta name=\"twitter:card\" content=\"summary_large_image\" \/>\n<meta name=\"twitter:label1\" content=\"Escrito por\" \/>\n\t<meta name=\"twitter:data1\" content=\"Fernando Calixto\" \/>\n\t<meta name=\"twitter:label2\" content=\"Est. tempo de leitura\" \/>\n\t<meta name=\"twitter:data2\" content=\"3 minutos\" \/>\n<script type=\"application\/ld+json\" class=\"yoast-schema-graph\">{\"@context\":\"https:\/\/schema.org\",\"@graph\":[{\"@type\":\"WebPage\",\"@id\":\"https:\/\/verdadeon.com.br\/portal\/2021\/12\/25\/natal-de-paz-uniao-e-amor\/\",\"url\":\"https:\/\/verdadeon.com.br\/portal\/2021\/12\/25\/natal-de-paz-uniao-e-amor\/\",\"name\":\"Natal de paz, uni\u00e3o e amor - VerdadeOn\",\"isPartOf\":{\"@id\":\"https:\/\/verdadeon.com.br\/portal\/#website\"},\"datePublished\":\"2021-12-25T03:01:15+00:00\",\"author\":{\"@id\":\"https:\/\/verdadeon.com.br\/portal\/#\/schema\/person\/8994718f49ee62ba5610471e29ca1f62\"},\"breadcrumb\":{\"@id\":\"https:\/\/verdadeon.com.br\/portal\/2021\/12\/25\/natal-de-paz-uniao-e-amor\/#breadcrumb\"},\"inLanguage\":\"pt-BR\",\"potentialAction\":[{\"@type\":\"ReadAction\",\"target\":[\"https:\/\/verdadeon.com.br\/portal\/2021\/12\/25\/natal-de-paz-uniao-e-amor\/\"]}]},{\"@type\":\"BreadcrumbList\",\"@id\":\"https:\/\/verdadeon.com.br\/portal\/2021\/12\/25\/natal-de-paz-uniao-e-amor\/#breadcrumb\",\"itemListElement\":[{\"@type\":\"ListItem\",\"position\":1,\"name\":\"In\u00edcio\",\"item\":\"https:\/\/verdadeon.com.br\/portal\/\"},{\"@type\":\"ListItem\",\"position\":2,\"name\":\"Natal de paz, uni\u00e3o e amor\"}]},{\"@type\":\"WebSite\",\"@id\":\"https:\/\/verdadeon.com.br\/portal\/#website\",\"url\":\"https:\/\/verdadeon.com.br\/portal\/\",\"name\":\"VerdadeOn\",\"description\":\"Not\u00edcias di\u00e1rias sobre Franca, Regi\u00e3o, Esporte, Cultura, Cotidiano, Colunas. Cobertura nos principais eventos da cidade \u00e9 aqui - Verdadeon Franca\",\"potentialAction\":[{\"@type\":\"SearchAction\",\"target\":{\"@type\":\"EntryPoint\",\"urlTemplate\":\"https:\/\/verdadeon.com.br\/portal\/?s={search_term_string}\"},\"query-input\":{\"@type\":\"PropertyValueSpecification\",\"valueRequired\":true,\"valueName\":\"search_term_string\"}}],\"inLanguage\":\"pt-BR\"},{\"@type\":\"Person\",\"@id\":\"https:\/\/verdadeon.com.br\/portal\/#\/schema\/person\/8994718f49ee62ba5610471e29ca1f62\",\"name\":\"Fernando Calixto\",\"image\":{\"@type\":\"ImageObject\",\"inLanguage\":\"pt-BR\",\"@id\":\"https:\/\/verdadeon.com.br\/portal\/#\/schema\/person\/image\/\",\"url\":\"https:\/\/secure.gravatar.com\/avatar\/7578910c24966c0316c340f9dbd601e93ee9f9212e1033968b367af9306bd9fb?s=96&d=mm&r=g\",\"contentUrl\":\"https:\/\/secure.gravatar.com\/avatar\/7578910c24966c0316c340f9dbd601e93ee9f9212e1033968b367af9306bd9fb?s=96&d=mm&r=g\",\"caption\":\"Fernando Calixto\"},\"url\":\"https:\/\/verdadeon.com.br\/portal\/author\/fernando-calixto\/\"}]}<\/script>\n<!-- \/ Yoast SEO plugin. -->","yoast_head_json":{"title":"Natal de paz, uni\u00e3o e amor - VerdadeOn","robots":{"index":"index","follow":"follow","max-snippet":"max-snippet:-1","max-image-preview":"max-image-preview:large","max-video-preview":"max-video-preview:-1"},"canonical":"https:\/\/verdadeon.com.br\/portal\/2021\/12\/25\/natal-de-paz-uniao-e-amor\/","og_locale":"pt_BR","og_type":"article","og_title":"Natal de paz, uni\u00e3o e amor - VerdadeOn","og_description":"O per\u00edodo do Natal e sua magia nos afloram sentimentos fraternais. Talvez, pelo clima de festa, ou ainda pelo encantamento que permeia a hist\u00f3ria do nascimento [\u2026]","og_url":"https:\/\/verdadeon.com.br\/portal\/2021\/12\/25\/natal-de-paz-uniao-e-amor\/","og_site_name":"VerdadeOn","article_published_time":"2021-12-25T03:01:15+00:00","author":"Fernando Calixto","twitter_card":"summary_large_image","twitter_misc":{"Escrito por":"Fernando Calixto","Est. tempo de leitura":"3 minutos"},"schema":{"@context":"https:\/\/schema.org","@graph":[{"@type":"WebPage","@id":"https:\/\/verdadeon.com.br\/portal\/2021\/12\/25\/natal-de-paz-uniao-e-amor\/","url":"https:\/\/verdadeon.com.br\/portal\/2021\/12\/25\/natal-de-paz-uniao-e-amor\/","name":"Natal de paz, uni\u00e3o e amor - VerdadeOn","isPartOf":{"@id":"https:\/\/verdadeon.com.br\/portal\/#website"},"datePublished":"2021-12-25T03:01:15+00:00","author":{"@id":"https:\/\/verdadeon.com.br\/portal\/#\/schema\/person\/8994718f49ee62ba5610471e29ca1f62"},"breadcrumb":{"@id":"https:\/\/verdadeon.com.br\/portal\/2021\/12\/25\/natal-de-paz-uniao-e-amor\/#breadcrumb"},"inLanguage":"pt-BR","potentialAction":[{"@type":"ReadAction","target":["https:\/\/verdadeon.com.br\/portal\/2021\/12\/25\/natal-de-paz-uniao-e-amor\/"]}]},{"@type":"BreadcrumbList","@id":"https:\/\/verdadeon.com.br\/portal\/2021\/12\/25\/natal-de-paz-uniao-e-amor\/#breadcrumb","itemListElement":[{"@type":"ListItem","position":1,"name":"In\u00edcio","item":"https:\/\/verdadeon.com.br\/portal\/"},{"@type":"ListItem","position":2,"name":"Natal de paz, uni\u00e3o e amor"}]},{"@type":"WebSite","@id":"https:\/\/verdadeon.com.br\/portal\/#website","url":"https:\/\/verdadeon.com.br\/portal\/","name":"VerdadeOn","description":"Not\u00edcias di\u00e1rias sobre Franca, Regi\u00e3o, Esporte, Cultura, Cotidiano, Colunas. Cobertura nos principais eventos da cidade \u00e9 aqui - Verdadeon Franca","potentialAction":[{"@type":"SearchAction","target":{"@type":"EntryPoint","urlTemplate":"https:\/\/verdadeon.com.br\/portal\/?s={search_term_string}"},"query-input":{"@type":"PropertyValueSpecification","valueRequired":true,"valueName":"search_term_string"}}],"inLanguage":"pt-BR"},{"@type":"Person","@id":"https:\/\/verdadeon.com.br\/portal\/#\/schema\/person\/8994718f49ee62ba5610471e29ca1f62","name":"Fernando Calixto","image":{"@type":"ImageObject","inLanguage":"pt-BR","@id":"https:\/\/verdadeon.com.br\/portal\/#\/schema\/person\/image\/","url":"https:\/\/secure.gravatar.com\/avatar\/7578910c24966c0316c340f9dbd601e93ee9f9212e1033968b367af9306bd9fb?s=96&d=mm&r=g","contentUrl":"https:\/\/secure.gravatar.com\/avatar\/7578910c24966c0316c340f9dbd601e93ee9f9212e1033968b367af9306bd9fb?s=96&d=mm&r=g","caption":"Fernando Calixto"},"url":"https:\/\/verdadeon.com.br\/portal\/author\/fernando-calixto\/"}]}},"jetpack_publicize_connections":[],"jetpack_featured_media_url":"","jetpack_sharing_enabled":true,"_links":{"self":[{"href":"https:\/\/verdadeon.com.br\/portal\/wp-json\/wp\/v2\/posts\/21872","targetHints":{"allow":["GET"]}}],"collection":[{"href":"https:\/\/verdadeon.com.br\/portal\/wp-json\/wp\/v2\/posts"}],"about":[{"href":"https:\/\/verdadeon.com.br\/portal\/wp-json\/wp\/v2\/types\/post"}],"author":[{"embeddable":true,"href":"https:\/\/verdadeon.com.br\/portal\/wp-json\/wp\/v2\/users\/4"}],"replies":[{"embeddable":true,"href":"https:\/\/verdadeon.com.br\/portal\/wp-json\/wp\/v2\/comments?post=21872"}],"version-history":[{"count":0,"href":"https:\/\/verdadeon.com.br\/portal\/wp-json\/wp\/v2\/posts\/21872\/revisions"}],"wp:attachment":[{"href":"https:\/\/verdadeon.com.br\/portal\/wp-json\/wp\/v2\/media?parent=21872"}],"wp:term":[{"taxonomy":"category","embeddable":true,"href":"https:\/\/verdadeon.com.br\/portal\/wp-json\/wp\/v2\/categories?post=21872"},{"taxonomy":"post_tag","embeddable":true,"href":"https:\/\/verdadeon.com.br\/portal\/wp-json\/wp\/v2\/tags?post=21872"}],"curies":[{"name":"wp","href":"https:\/\/api.w.org\/{rel}","templated":true}]}}