{"id":21846,"date":"2021-12-23T16:10:52","date_gmt":"2021-12-23T19:10:52","guid":{"rendered":"https:\/\/verdadeon.com.br\/portal\/?p=21846"},"modified":"2021-12-23T16:10:52","modified_gmt":"2021-12-23T19:10:52","slug":"rodoviaria-espera-quase-4-500-passageiros-no-feriado-rodovias-tambem-ficam-movimentadas","status":"publish","type":"post","link":"https:\/\/verdadeon.com.br\/portal\/2021\/12\/23\/rodoviaria-espera-quase-4-500-passageiros-no-feriado-rodovias-tambem-ficam-movimentadas\/","title":{"rendered":"Rodovi\u00e1ria espera quase 4.500 passageiros no feriado, rodovias tamb\u00e9m ficam movimentadas"},"content":{"rendered":"<h2>Movimento intenso \u00e9 esperado na quinta-feira (23) e na v\u00e9spera. Volta para casa tamb\u00e9m ser\u00e1 movimentada<\/h2>\n<p>Pelo menos 4.400 pessoas devem passar pela rodovi\u00e1ria de Franca entre esta quinta-feira (23), e o domingo (26). De acordo com a Empresa Municipal para o Desenvolvimento de Franca (EMDEF), a expectativa maior de fluxo acontece nos dias 23 e na v\u00e9spera de natal, na sexta (24).<\/p>\n<p>Eles informaram ainda que as empresas aumentaram at\u00e9 dois ve\u00edculos para suprir a demanda que deve crescer 40%. A capital do estado \u00e9 o destino mais procurado no natal, seguido pelo Rio de Janeiro e Goi\u00e2nia.<\/p>\n<p>Uma situa\u00e7\u00e3o que gera muita d\u00favida ainda \u00e9 sobre os menores de idade. Pela lei quem tem mais de 16 anos j\u00e1 pode viajar sozinho com o documento de identidade. J\u00e1 para os menores de 16 ainda \u00e9 necess\u00e1ria a autoriza\u00e7\u00e3o por escrito dos pais ou respons\u00e1vel e autenticada em Cart\u00f3rio.<\/p>\n<h4>Rodovias<\/h4>\n<p>Al\u00e9m de \u00f4nibus muita gente deve pegar a estrada com ve\u00edculo pr\u00f3prio neste feriado prolongado. A Concession\u00e1ria que administra as rodovias que cortam Franca, informou que vai acionar todo o seu efetivo para garantir a fluidez do tr\u00e1fego durante o feriado de Natal. Ao todo, ser\u00e3o mais de 200 c\u00e2meras monitorando de tr\u00e1fego e 17 servi\u00e7os de atendimento ao usu\u00e1rio. S\u00e3o esperados mais de 290 mil ve\u00edculos com pico de tr\u00e1fego na sexta-feira (24) a partir do meio-dia.<\/p>\n<p>Quem trafegar pelas rodovias administradas pela concession\u00e1ria contar\u00e1 ainda com 12 guinchos leves e sete pesados para remo\u00e7\u00e3o e desobstru\u00e7\u00e3o de via, central de atendimento 24 horas, mais de 21 ambul\u00e2ncias e 15 viaturas de inspe\u00e7\u00e3o de tr\u00e1fego posicionadas estrategicamente ao longo do trecho. Al\u00e9m disso, ve\u00edculos para resgate de animais e combate a inc\u00eandio estar\u00e3o \u00e0 disposi\u00e7\u00e3o.<\/p>\n<p>A estimativa \u00e9 que o trecho de maior movimento seja entre Ribeir\u00e3o Preto e Santa Rita do Passa Quatro na Rodovia Anhanguera (SP-330). Para a Rodovia C\u00e2ndido Portinari (SP-334), entre Franca e Ribeir\u00e3o Preto, \u00e9 previsto o movimento de 69 mil ve\u00edculos durante os tr\u00eas dias de feriado. Durante este per\u00edodo as obras s\u00e3o suspensas.<\/p>\n","protected":false},"excerpt":{"rendered":"<p>Movimento intenso \u00e9 esperado na quinta-feira (23) e na v\u00e9spera. Volta para casa tamb\u00e9m ser\u00e1 movimentada Pelo menos 4.400 pessoas devem passar pela rodovi\u00e1ria de Franca<span class=\"excerpt-hellip\"> [\u2026]<\/span><\/p>\n","protected":false},"author":7,"featured_media":21847,"comment_status":"open","ping_status":"open","sticky":false,"template":"","format":"standard","meta":{"_jetpack_memberships_contains_paid_content":false,"footnotes":"","jetpack_publicize_message":"","jetpack_publicize_feature_enabled":true,"jetpack_social_post_already_shared":false,"jetpack_social_options":{"image_generator_settings":{"template":"highway","default_image_id":0,"enabled":false},"version":2}},"categories":[28,81],"tags":[],"class_list":["post-21846","post","type-post","status-publish","format-standard","has-post-thumbnail","hentry","category-cotidiano","category-manchete"],"yoast_head":"<!-- This site is optimized with the Yoast SEO plugin v25.6 - https:\/\/yoast.com\/wordpress\/plugins\/seo\/ -->\n<title>Rodovi\u00e1ria espera quase 4.500 passageiros no feriado, rodovias tamb\u00e9m ficam movimentadas - VerdadeOn<\/title>\n<meta name=\"robots\" content=\"index, follow, max-snippet:-1, max-image-preview:large, max-video-preview:-1\" \/>\n<link rel=\"canonical\" href=\"https:\/\/verdadeon.com.br\/portal\/2021\/12\/23\/rodoviaria-espera-quase-4-500-passageiros-no-feriado-rodovias-tambem-ficam-movimentadas\/\" \/>\n<meta property=\"og:locale\" content=\"pt_BR\" \/>\n<meta property=\"og:type\" content=\"article\" \/>\n<meta property=\"og:title\" content=\"Rodovi\u00e1ria espera quase 4.500 passageiros no feriado, rodovias tamb\u00e9m ficam movimentadas - VerdadeOn\" \/>\n<meta property=\"og:description\" content=\"Movimento intenso \u00e9 esperado na quinta-feira (23) e na v\u00e9spera. Volta para casa tamb\u00e9m ser\u00e1 movimentada Pelo menos 4.400 pessoas devem passar pela rodovi\u00e1ria de Franca [\u2026]\" \/>\n<meta property=\"og:url\" content=\"https:\/\/verdadeon.com.br\/portal\/2021\/12\/23\/rodoviaria-espera-quase-4-500-passageiros-no-feriado-rodovias-tambem-ficam-movimentadas\/\" \/>\n<meta property=\"og:site_name\" content=\"VerdadeOn\" \/>\n<meta property=\"article:published_time\" content=\"2021-12-23T19:10:52+00:00\" \/>\n<meta property=\"og:image\" content=\"https:\/\/verdadeon.com.br\/portal\/wp-content\/uploads\/2021\/12\/PORTINARI.jpeg\" \/>\n\t<meta property=\"og:image:width\" content=\"1024\" \/>\n\t<meta property=\"og:image:height\" content=\"512\" \/>\n\t<meta property=\"og:image:type\" content=\"image\/jpeg\" \/>\n<meta name=\"author\" content=\"Fernando Lima\" \/>\n<meta name=\"twitter:card\" content=\"summary_large_image\" \/>\n<meta name=\"twitter:label1\" content=\"Escrito por\" \/>\n\t<meta name=\"twitter:data1\" content=\"Fernando Lima\" \/>\n\t<meta name=\"twitter:label2\" content=\"Est. tempo de leitura\" \/>\n\t<meta name=\"twitter:data2\" content=\"2 minutos\" \/>\n<script type=\"application\/ld+json\" class=\"yoast-schema-graph\">{\"@context\":\"https:\/\/schema.org\",\"@graph\":[{\"@type\":\"WebPage\",\"@id\":\"https:\/\/verdadeon.com.br\/portal\/2021\/12\/23\/rodoviaria-espera-quase-4-500-passageiros-no-feriado-rodovias-tambem-ficam-movimentadas\/\",\"url\":\"https:\/\/verdadeon.com.br\/portal\/2021\/12\/23\/rodoviaria-espera-quase-4-500-passageiros-no-feriado-rodovias-tambem-ficam-movimentadas\/\",\"name\":\"Rodovi\u00e1ria espera quase 4.500 passageiros no feriado, rodovias tamb\u00e9m ficam movimentadas - VerdadeOn\",\"isPartOf\":{\"@id\":\"https:\/\/verdadeon.com.br\/portal\/#website\"},\"primaryImageOfPage\":{\"@id\":\"https:\/\/verdadeon.com.br\/portal\/2021\/12\/23\/rodoviaria-espera-quase-4-500-passageiros-no-feriado-rodovias-tambem-ficam-movimentadas\/#primaryimage\"},\"image\":{\"@id\":\"https:\/\/verdadeon.com.br\/portal\/2021\/12\/23\/rodoviaria-espera-quase-4-500-passageiros-no-feriado-rodovias-tambem-ficam-movimentadas\/#primaryimage\"},\"thumbnailUrl\":\"https:\/\/i0.wp.com\/verdadeon.com.br\/portal\/wp-content\/uploads\/2021\/12\/PORTINARI.jpeg?fit=1024%2C512&ssl=1\",\"datePublished\":\"2021-12-23T19:10:52+00:00\",\"author\":{\"@id\":\"https:\/\/verdadeon.com.br\/portal\/#\/schema\/person\/cc32be22b8e8599387c480bc83e1d11a\"},\"breadcrumb\":{\"@id\":\"https:\/\/verdadeon.com.br\/portal\/2021\/12\/23\/rodoviaria-espera-quase-4-500-passageiros-no-feriado-rodovias-tambem-ficam-movimentadas\/#breadcrumb\"},\"inLanguage\":\"pt-BR\",\"potentialAction\":[{\"@type\":\"ReadAction\",\"target\":[\"https:\/\/verdadeon.com.br\/portal\/2021\/12\/23\/rodoviaria-espera-quase-4-500-passageiros-no-feriado-rodovias-tambem-ficam-movimentadas\/\"]}]},{\"@type\":\"ImageObject\",\"inLanguage\":\"pt-BR\",\"@id\":\"https:\/\/verdadeon.com.br\/portal\/2021\/12\/23\/rodoviaria-espera-quase-4-500-passageiros-no-feriado-rodovias-tambem-ficam-movimentadas\/#primaryimage\",\"url\":\"https:\/\/i0.wp.com\/verdadeon.com.br\/portal\/wp-content\/uploads\/2021\/12\/PORTINARI.jpeg?fit=1024%2C512&ssl=1\",\"contentUrl\":\"https:\/\/i0.wp.com\/verdadeon.com.br\/portal\/wp-content\/uploads\/2021\/12\/PORTINARI.jpeg?fit=1024%2C512&ssl=1\",\"width\":1024,\"height\":512,\"caption\":\"Rodovia C\u00e2ndido Portinari, em Franca (\u00a9Fernando Lima)\"},{\"@type\":\"BreadcrumbList\",\"@id\":\"https:\/\/verdadeon.com.br\/portal\/2021\/12\/23\/rodoviaria-espera-quase-4-500-passageiros-no-feriado-rodovias-tambem-ficam-movimentadas\/#breadcrumb\",\"itemListElement\":[{\"@type\":\"ListItem\",\"position\":1,\"name\":\"In\u00edcio\",\"item\":\"https:\/\/verdadeon.com.br\/portal\/\"},{\"@type\":\"ListItem\",\"position\":2,\"name\":\"Rodovi\u00e1ria espera quase 4.500 passageiros no feriado, rodovias tamb\u00e9m ficam movimentadas\"}]},{\"@type\":\"WebSite\",\"@id\":\"https:\/\/verdadeon.com.br\/portal\/#website\",\"url\":\"https:\/\/verdadeon.com.br\/portal\/\",\"name\":\"VerdadeOn\",\"description\":\"Not\u00edcias di\u00e1rias sobre Franca, Regi\u00e3o, Esporte, Cultura, Cotidiano, Colunas. Cobertura nos principais eventos da cidade \u00e9 aqui - Verdadeon Franca\",\"potentialAction\":[{\"@type\":\"SearchAction\",\"target\":{\"@type\":\"EntryPoint\",\"urlTemplate\":\"https:\/\/verdadeon.com.br\/portal\/?s={search_term_string}\"},\"query-input\":{\"@type\":\"PropertyValueSpecification\",\"valueRequired\":true,\"valueName\":\"search_term_string\"}}],\"inLanguage\":\"pt-BR\"},{\"@type\":\"Person\",\"@id\":\"https:\/\/verdadeon.com.br\/portal\/#\/schema\/person\/cc32be22b8e8599387c480bc83e1d11a\",\"name\":\"Fernando Lima\",\"image\":{\"@type\":\"ImageObject\",\"inLanguage\":\"pt-BR\",\"@id\":\"https:\/\/verdadeon.com.br\/portal\/#\/schema\/person\/image\/\",\"url\":\"https:\/\/secure.gravatar.com\/avatar\/df4c8e132080d2b3a4841d5d232045464e0eed11a1d6e43115ca0843d48768d3?s=96&d=mm&r=g\",\"contentUrl\":\"https:\/\/secure.gravatar.com\/avatar\/df4c8e132080d2b3a4841d5d232045464e0eed11a1d6e43115ca0843d48768d3?s=96&d=mm&r=g\",\"caption\":\"Fernando Lima\"},\"sameAs\":[\"http:\/\/verdadeon.com.br\/\"],\"url\":\"https:\/\/verdadeon.com.br\/portal\/author\/fernando-lima\/\"}]}<\/script>\n<!-- \/ Yoast SEO plugin. -->","yoast_head_json":{"title":"Rodovi\u00e1ria espera quase 4.500 passageiros no feriado, rodovias tamb\u00e9m ficam movimentadas - VerdadeOn","robots":{"index":"index","follow":"follow","max-snippet":"max-snippet:-1","max-image-preview":"max-image-preview:large","max-video-preview":"max-video-preview:-1"},"canonical":"https:\/\/verdadeon.com.br\/portal\/2021\/12\/23\/rodoviaria-espera-quase-4-500-passageiros-no-feriado-rodovias-tambem-ficam-movimentadas\/","og_locale":"pt_BR","og_type":"article","og_title":"Rodovi\u00e1ria espera quase 4.500 passageiros no feriado, rodovias tamb\u00e9m ficam movimentadas - VerdadeOn","og_description":"Movimento intenso \u00e9 esperado na quinta-feira (23) e na v\u00e9spera. Volta para casa tamb\u00e9m ser\u00e1 movimentada Pelo menos 4.400 pessoas devem passar pela rodovi\u00e1ria de Franca [\u2026]","og_url":"https:\/\/verdadeon.com.br\/portal\/2021\/12\/23\/rodoviaria-espera-quase-4-500-passageiros-no-feriado-rodovias-tambem-ficam-movimentadas\/","og_site_name":"VerdadeOn","article_published_time":"2021-12-23T19:10:52+00:00","og_image":[{"width":1024,"height":512,"url":"https:\/\/verdadeon.com.br\/portal\/wp-content\/uploads\/2021\/12\/PORTINARI.jpeg","type":"image\/jpeg"}],"author":"Fernando Lima","twitter_card":"summary_large_image","twitter_misc":{"Escrito por":"Fernando Lima","Est. tempo de leitura":"2 minutos"},"schema":{"@context":"https:\/\/schema.org","@graph":[{"@type":"WebPage","@id":"https:\/\/verdadeon.com.br\/portal\/2021\/12\/23\/rodoviaria-espera-quase-4-500-passageiros-no-feriado-rodovias-tambem-ficam-movimentadas\/","url":"https:\/\/verdadeon.com.br\/portal\/2021\/12\/23\/rodoviaria-espera-quase-4-500-passageiros-no-feriado-rodovias-tambem-ficam-movimentadas\/","name":"Rodovi\u00e1ria espera quase 4.500 passageiros no feriado, rodovias tamb\u00e9m ficam movimentadas - VerdadeOn","isPartOf":{"@id":"https:\/\/verdadeon.com.br\/portal\/#website"},"primaryImageOfPage":{"@id":"https:\/\/verdadeon.com.br\/portal\/2021\/12\/23\/rodoviaria-espera-quase-4-500-passageiros-no-feriado-rodovias-tambem-ficam-movimentadas\/#primaryimage"},"image":{"@id":"https:\/\/verdadeon.com.br\/portal\/2021\/12\/23\/rodoviaria-espera-quase-4-500-passageiros-no-feriado-rodovias-tambem-ficam-movimentadas\/#primaryimage"},"thumbnailUrl":"https:\/\/i0.wp.com\/verdadeon.com.br\/portal\/wp-content\/uploads\/2021\/12\/PORTINARI.jpeg?fit=1024%2C512&ssl=1","datePublished":"2021-12-23T19:10:52+00:00","author":{"@id":"https:\/\/verdadeon.com.br\/portal\/#\/schema\/person\/cc32be22b8e8599387c480bc83e1d11a"},"breadcrumb":{"@id":"https:\/\/verdadeon.com.br\/portal\/2021\/12\/23\/rodoviaria-espera-quase-4-500-passageiros-no-feriado-rodovias-tambem-ficam-movimentadas\/#breadcrumb"},"inLanguage":"pt-BR","potentialAction":[{"@type":"ReadAction","target":["https:\/\/verdadeon.com.br\/portal\/2021\/12\/23\/rodoviaria-espera-quase-4-500-passageiros-no-feriado-rodovias-tambem-ficam-movimentadas\/"]}]},{"@type":"ImageObject","inLanguage":"pt-BR","@id":"https:\/\/verdadeon.com.br\/portal\/2021\/12\/23\/rodoviaria-espera-quase-4-500-passageiros-no-feriado-rodovias-tambem-ficam-movimentadas\/#primaryimage","url":"https:\/\/i0.wp.com\/verdadeon.com.br\/portal\/wp-content\/uploads\/2021\/12\/PORTINARI.jpeg?fit=1024%2C512&ssl=1","contentUrl":"https:\/\/i0.wp.com\/verdadeon.com.br\/portal\/wp-content\/uploads\/2021\/12\/PORTINARI.jpeg?fit=1024%2C512&ssl=1","width":1024,"height":512,"caption":"Rodovia C\u00e2ndido Portinari, em Franca (\u00a9Fernando Lima)"},{"@type":"BreadcrumbList","@id":"https:\/\/verdadeon.com.br\/portal\/2021\/12\/23\/rodoviaria-espera-quase-4-500-passageiros-no-feriado-rodovias-tambem-ficam-movimentadas\/#breadcrumb","itemListElement":[{"@type":"ListItem","position":1,"name":"In\u00edcio","item":"https:\/\/verdadeon.com.br\/portal\/"},{"@type":"ListItem","position":2,"name":"Rodovi\u00e1ria espera quase 4.500 passageiros no feriado, rodovias tamb\u00e9m ficam movimentadas"}]},{"@type":"WebSite","@id":"https:\/\/verdadeon.com.br\/portal\/#website","url":"https:\/\/verdadeon.com.br\/portal\/","name":"VerdadeOn","description":"Not\u00edcias di\u00e1rias sobre Franca, Regi\u00e3o, Esporte, Cultura, Cotidiano, Colunas. Cobertura nos principais eventos da cidade \u00e9 aqui - Verdadeon Franca","potentialAction":[{"@type":"SearchAction","target":{"@type":"EntryPoint","urlTemplate":"https:\/\/verdadeon.com.br\/portal\/?s={search_term_string}"},"query-input":{"@type":"PropertyValueSpecification","valueRequired":true,"valueName":"search_term_string"}}],"inLanguage":"pt-BR"},{"@type":"Person","@id":"https:\/\/verdadeon.com.br\/portal\/#\/schema\/person\/cc32be22b8e8599387c480bc83e1d11a","name":"Fernando Lima","image":{"@type":"ImageObject","inLanguage":"pt-BR","@id":"https:\/\/verdadeon.com.br\/portal\/#\/schema\/person\/image\/","url":"https:\/\/secure.gravatar.com\/avatar\/df4c8e132080d2b3a4841d5d232045464e0eed11a1d6e43115ca0843d48768d3?s=96&d=mm&r=g","contentUrl":"https:\/\/secure.gravatar.com\/avatar\/df4c8e132080d2b3a4841d5d232045464e0eed11a1d6e43115ca0843d48768d3?s=96&d=mm&r=g","caption":"Fernando Lima"},"sameAs":["http:\/\/verdadeon.com.br\/"],"url":"https:\/\/verdadeon.com.br\/portal\/author\/fernando-lima\/"}]}},"jetpack_publicize_connections":[],"jetpack_featured_media_url":"https:\/\/i0.wp.com\/verdadeon.com.br\/portal\/wp-content\/uploads\/2021\/12\/PORTINARI.jpeg?fit=1024%2C512&ssl=1","jetpack_sharing_enabled":true,"_links":{"self":[{"href":"https:\/\/verdadeon.com.br\/portal\/wp-json\/wp\/v2\/posts\/21846","targetHints":{"allow":["GET"]}}],"collection":[{"href":"https:\/\/verdadeon.com.br\/portal\/wp-json\/wp\/v2\/posts"}],"about":[{"href":"https:\/\/verdadeon.com.br\/portal\/wp-json\/wp\/v2\/types\/post"}],"author":[{"embeddable":true,"href":"https:\/\/verdadeon.com.br\/portal\/wp-json\/wp\/v2\/users\/7"}],"replies":[{"embeddable":true,"href":"https:\/\/verdadeon.com.br\/portal\/wp-json\/wp\/v2\/comments?post=21846"}],"version-history":[{"count":0,"href":"https:\/\/verdadeon.com.br\/portal\/wp-json\/wp\/v2\/posts\/21846\/revisions"}],"wp:featuredmedia":[{"embeddable":true,"href":"https:\/\/verdadeon.com.br\/portal\/wp-json\/wp\/v2\/media\/21847"}],"wp:attachment":[{"href":"https:\/\/verdadeon.com.br\/portal\/wp-json\/wp\/v2\/media?parent=21846"}],"wp:term":[{"taxonomy":"category","embeddable":true,"href":"https:\/\/verdadeon.com.br\/portal\/wp-json\/wp\/v2\/categories?post=21846"},{"taxonomy":"post_tag","embeddable":true,"href":"https:\/\/verdadeon.com.br\/portal\/wp-json\/wp\/v2\/tags?post=21846"}],"curies":[{"name":"wp","href":"https:\/\/api.w.org\/{rel}","templated":true}]}}