{"id":21810,"date":"2021-12-22T16:24:57","date_gmt":"2021-12-22T19:24:57","guid":{"rendered":"https:\/\/verdadeon.com.br\/portal\/?p=21810"},"modified":"2021-12-22T16:24:57","modified_gmt":"2021-12-22T19:24:57","slug":"prefeitura-firma-convenio-com-estado-e-investira-r-620-mil-para-revitalizar-praca","status":"publish","type":"post","link":"https:\/\/verdadeon.com.br\/portal\/2021\/12\/22\/prefeitura-firma-convenio-com-estado-e-investira-r-620-mil-para-revitalizar-praca\/","title":{"rendered":"Prefeitura firma conv\u00eanio com Estado e investir\u00e1 R$ 620 mil para revitalizar pra\u00e7a"},"content":{"rendered":"<h2><span style=\"font-weight: 400;\">Obras est\u00e3o previstas para o in\u00edcio de 2022 e incluem academia ao ar livre, parque e at\u00e9 mini teatro de arena<\/span><\/h2>\n<p>&nbsp;<\/p>\n<p><span style=\"font-weight: 400;\">A Prefeitura de Patroc\u00ednio Paulista anunciou a revitaliza\u00e7\u00e3o de um dos principais pontos da cidade: a Pra\u00e7a Jo\u00e3o Batista da Luz (Pra\u00e7a Matriz). O investimento para a melhorias supera os R$ 620,7 mil, fruto de um conv\u00eanio assinado com o governo estadual.\u00a0<\/span><\/p>\n<p><span style=\"font-weight: 400;\">Na semana passada, o prefeito Mauro Barcellos esteve em S\u00e3o Paulo e oficializou a parceria com a Secretaria de Turismo do Estado de S\u00e3o Paulo. At\u00e9 o fim do ano passado, o munic\u00edpio havia conseguido junto ao Estado cerca de R$ 320 mil e agora ter\u00e1 um complemento consider\u00e1vel para promover a reforma da pra\u00e7a. Assim que o montante for liberado, a Prefeitura prosseguir\u00e1 com a abertura de licita\u00e7\u00e3o para as obras, previstas para o come\u00e7o de 2022.<\/span><\/p>\n<p><span style=\"font-weight: 400;\">O projeto prev\u00ea a revitaliza\u00e7\u00e3o da fonte luminosa, reestrutura\u00e7\u00e3o do paisagismo e investimento na parte de lazer, com instala\u00e7\u00e3o de academia ao ar livre, parque infantil, mini teatro de arena e pergolado.<\/span><\/p>\n<p><span style=\"font-weight: 400;\">\u201cA revitaliza\u00e7\u00e3o da pra\u00e7a \u00e9 uma proposta nossa para torn\u00e1-la um ponto de encontro e entretenimento para a popula\u00e7\u00e3o. Teremos um parque infantil e tamb\u00e9m a academia para que as pessoas possam frequent\u00e1-la, passear com as crian\u00e7as, para que seja um espa\u00e7o de encontro social\u201d, afirmou o prefeito de Patroc\u00ednio Paulista, Mauro Barcellos.<\/span><\/p>\n<p>&nbsp;<\/p>\n<p><img data-recalc-dims=\"1\" loading=\"lazy\" decoding=\"async\" class=\"alignnone wp-image-21813 size-large\" src=\"https:\/\/i0.wp.com\/verdadeon.com.br\/portal\/wp-content\/uploads\/2021\/12\/Praca-Joao-Batista-da-Luz-em-Patrocinio-Paulista-Foto-Divulgacao-2-1024x375.jpeg?resize=1024%2C375&#038;ssl=1\" alt=\"\" width=\"1024\" height=\"375\" \/><\/p>\n<p><img data-recalc-dims=\"1\" loading=\"lazy\" decoding=\"async\" class=\"alignnone wp-image-21812 size-full\" src=\"https:\/\/i0.wp.com\/verdadeon.com.br\/portal\/wp-content\/uploads\/2021\/12\/Praca-Joao-Batista-da-Luz-em-Patrocinio-Paulista-Foto-Divulgacao-1.jpeg?resize=1220%2C378&#038;ssl=1\" alt=\"\" width=\"1220\" height=\"378\" srcset=\"https:\/\/i0.wp.com\/verdadeon.com.br\/portal\/wp-content\/uploads\/2021\/12\/Praca-Joao-Batista-da-Luz-em-Patrocinio-Paulista-Foto-Divulgacao-1.jpeg?w=1280&amp;ssl=1 1280w, https:\/\/i0.wp.com\/verdadeon.com.br\/portal\/wp-content\/uploads\/2021\/12\/Praca-Joao-Batista-da-Luz-em-Patrocinio-Paulista-Foto-Divulgacao-1.jpeg?resize=300%2C93&amp;ssl=1 300w, https:\/\/i0.wp.com\/verdadeon.com.br\/portal\/wp-content\/uploads\/2021\/12\/Praca-Joao-Batista-da-Luz-em-Patrocinio-Paulista-Foto-Divulgacao-1.jpeg?resize=1024%2C318&amp;ssl=1 1024w, https:\/\/i0.wp.com\/verdadeon.com.br\/portal\/wp-content\/uploads\/2021\/12\/Praca-Joao-Batista-da-Luz-em-Patrocinio-Paulista-Foto-Divulgacao-1.jpeg?resize=768%2C238&amp;ssl=1 768w, https:\/\/i0.wp.com\/verdadeon.com.br\/portal\/wp-content\/uploads\/2021\/12\/Praca-Joao-Batista-da-Luz-em-Patrocinio-Paulista-Foto-Divulgacao-1.jpeg?resize=260%2C81&amp;ssl=1 260w, https:\/\/i0.wp.com\/verdadeon.com.br\/portal\/wp-content\/uploads\/2021\/12\/Praca-Joao-Batista-da-Luz-em-Patrocinio-Paulista-Foto-Divulgacao-1.jpeg?resize=50%2C16&amp;ssl=1 50w, https:\/\/i0.wp.com\/verdadeon.com.br\/portal\/wp-content\/uploads\/2021\/12\/Praca-Joao-Batista-da-Luz-em-Patrocinio-Paulista-Foto-Divulgacao-1.jpeg?resize=150%2C47&amp;ssl=1 150w\" sizes=\"auto, (max-width: 1220px) 100vw, 1220px\" \/><\/p>\n<p><img data-recalc-dims=\"1\" loading=\"lazy\" decoding=\"async\" class=\"alignnone wp-image-21815 size-full\" src=\"https:\/\/i0.wp.com\/verdadeon.com.br\/portal\/wp-content\/uploads\/2021\/12\/Praca-Joao-Batista-da-Luz-em-Patrocinio-Paulista-Foto-Divulgacao-4.jpeg?resize=1220%2C395&#038;ssl=1\" alt=\"\" width=\"1220\" height=\"395\" srcset=\"https:\/\/i0.wp.com\/verdadeon.com.br\/portal\/wp-content\/uploads\/2021\/12\/Praca-Joao-Batista-da-Luz-em-Patrocinio-Paulista-Foto-Divulgacao-4.jpeg?w=1280&amp;ssl=1 1280w, https:\/\/i0.wp.com\/verdadeon.com.br\/portal\/wp-content\/uploads\/2021\/12\/Praca-Joao-Batista-da-Luz-em-Patrocinio-Paulista-Foto-Divulgacao-4.jpeg?resize=300%2C97&amp;ssl=1 300w, https:\/\/i0.wp.com\/verdadeon.com.br\/portal\/wp-content\/uploads\/2021\/12\/Praca-Joao-Batista-da-Luz-em-Patrocinio-Paulista-Foto-Divulgacao-4.jpeg?resize=1024%2C331&amp;ssl=1 1024w, https:\/\/i0.wp.com\/verdadeon.com.br\/portal\/wp-content\/uploads\/2021\/12\/Praca-Joao-Batista-da-Luz-em-Patrocinio-Paulista-Foto-Divulgacao-4.jpeg?resize=768%2C248&amp;ssl=1 768w, https:\/\/i0.wp.com\/verdadeon.com.br\/portal\/wp-content\/uploads\/2021\/12\/Praca-Joao-Batista-da-Luz-em-Patrocinio-Paulista-Foto-Divulgacao-4.jpeg?resize=260%2C84&amp;ssl=1 260w, https:\/\/i0.wp.com\/verdadeon.com.br\/portal\/wp-content\/uploads\/2021\/12\/Praca-Joao-Batista-da-Luz-em-Patrocinio-Paulista-Foto-Divulgacao-4.jpeg?resize=50%2C16&amp;ssl=1 50w, https:\/\/i0.wp.com\/verdadeon.com.br\/portal\/wp-content\/uploads\/2021\/12\/Praca-Joao-Batista-da-Luz-em-Patrocinio-Paulista-Foto-Divulgacao-4.jpeg?resize=150%2C49&amp;ssl=1 150w\" sizes=\"auto, (max-width: 1220px) 100vw, 1220px\" \/><\/p>\n","protected":false},"excerpt":{"rendered":"<p>Obras est\u00e3o previstas para o in\u00edcio de 2022 e incluem academia ao ar livre, parque e at\u00e9 mini teatro de arena &nbsp; A Prefeitura de Patroc\u00ednio<span class=\"excerpt-hellip\"> [\u2026]<\/span><\/p>\n","protected":false},"author":12,"featured_media":21816,"comment_status":"open","ping_status":"open","sticky":false,"template":"","format":"standard","meta":{"_jetpack_memberships_contains_paid_content":false,"footnotes":"","jetpack_publicize_message":"","jetpack_publicize_feature_enabled":true,"jetpack_social_post_already_shared":false,"jetpack_social_options":{"image_generator_settings":{"template":"highway","default_image_id":0,"enabled":false},"version":2}},"categories":[28,81],"tags":[],"class_list":["post-21810","post","type-post","status-publish","format-standard","has-post-thumbnail","hentry","category-cotidiano","category-manchete"],"yoast_head":"<!-- This site is optimized with the Yoast SEO plugin v25.6 - https:\/\/yoast.com\/wordpress\/plugins\/seo\/ -->\n<title>Prefeitura firma conv\u00eanio com Estado e investir\u00e1 R$ 620 mil para revitalizar pra\u00e7a - VerdadeOn<\/title>\n<meta name=\"robots\" content=\"index, follow, max-snippet:-1, max-image-preview:large, max-video-preview:-1\" \/>\n<link rel=\"canonical\" href=\"https:\/\/verdadeon.com.br\/portal\/2021\/12\/22\/prefeitura-firma-convenio-com-estado-e-investira-r-620-mil-para-revitalizar-praca\/\" \/>\n<meta property=\"og:locale\" content=\"pt_BR\" \/>\n<meta property=\"og:type\" content=\"article\" \/>\n<meta property=\"og:title\" content=\"Prefeitura firma conv\u00eanio com Estado e investir\u00e1 R$ 620 mil para revitalizar pra\u00e7a - VerdadeOn\" \/>\n<meta property=\"og:description\" content=\"Obras est\u00e3o previstas para o in\u00edcio de 2022 e incluem academia ao ar livre, parque e at\u00e9 mini teatro de arena &nbsp; A Prefeitura de Patroc\u00ednio [\u2026]\" \/>\n<meta property=\"og:url\" content=\"https:\/\/verdadeon.com.br\/portal\/2021\/12\/22\/prefeitura-firma-convenio-com-estado-e-investira-r-620-mil-para-revitalizar-praca\/\" \/>\n<meta property=\"og:site_name\" content=\"VerdadeOn\" \/>\n<meta property=\"article:published_time\" content=\"2021-12-22T19:24:57+00:00\" \/>\n<meta property=\"og:image\" content=\"https:\/\/verdadeon.com.br\/portal\/wp-content\/uploads\/2021\/12\/Praca-Joao-Batista-da-Luz-em-Patrocinio-Paulista-Foto-Divulgacao-Prefeitura.jpeg\" \/>\n\t<meta property=\"og:image:width\" content=\"1000\" \/>\n\t<meta property=\"og:image:height\" content=\"670\" \/>\n\t<meta property=\"og:image:type\" content=\"image\/jpeg\" \/>\n<meta name=\"author\" content=\"Nelise Luques\" \/>\n<meta name=\"twitter:card\" content=\"summary_large_image\" \/>\n<meta name=\"twitter:label1\" content=\"Escrito por\" \/>\n\t<meta name=\"twitter:data1\" content=\"Nelise Luques\" \/>\n\t<meta name=\"twitter:label2\" content=\"Est. tempo de leitura\" \/>\n\t<meta name=\"twitter:data2\" content=\"2 minutos\" \/>\n<script type=\"application\/ld+json\" class=\"yoast-schema-graph\">{\"@context\":\"https:\/\/schema.org\",\"@graph\":[{\"@type\":\"WebPage\",\"@id\":\"https:\/\/verdadeon.com.br\/portal\/2021\/12\/22\/prefeitura-firma-convenio-com-estado-e-investira-r-620-mil-para-revitalizar-praca\/\",\"url\":\"https:\/\/verdadeon.com.br\/portal\/2021\/12\/22\/prefeitura-firma-convenio-com-estado-e-investira-r-620-mil-para-revitalizar-praca\/\",\"name\":\"Prefeitura firma conv\u00eanio com Estado e investir\u00e1 R$ 620 mil para revitalizar pra\u00e7a - VerdadeOn\",\"isPartOf\":{\"@id\":\"https:\/\/verdadeon.com.br\/portal\/#website\"},\"primaryImageOfPage\":{\"@id\":\"https:\/\/verdadeon.com.br\/portal\/2021\/12\/22\/prefeitura-firma-convenio-com-estado-e-investira-r-620-mil-para-revitalizar-praca\/#primaryimage\"},\"image\":{\"@id\":\"https:\/\/verdadeon.com.br\/portal\/2021\/12\/22\/prefeitura-firma-convenio-com-estado-e-investira-r-620-mil-para-revitalizar-praca\/#primaryimage\"},\"thumbnailUrl\":\"https:\/\/i0.wp.com\/verdadeon.com.br\/portal\/wp-content\/uploads\/2021\/12\/Praca-Joao-Batista-da-Luz-em-Patrocinio-Paulista-Foto-Divulgacao-Prefeitura.jpeg?fit=1000%2C670&ssl=1\",\"datePublished\":\"2021-12-22T19:24:57+00:00\",\"author\":{\"@id\":\"https:\/\/verdadeon.com.br\/portal\/#\/schema\/person\/8248726d36015c1916636fabb175d972\"},\"breadcrumb\":{\"@id\":\"https:\/\/verdadeon.com.br\/portal\/2021\/12\/22\/prefeitura-firma-convenio-com-estado-e-investira-r-620-mil-para-revitalizar-praca\/#breadcrumb\"},\"inLanguage\":\"pt-BR\",\"potentialAction\":[{\"@type\":\"ReadAction\",\"target\":[\"https:\/\/verdadeon.com.br\/portal\/2021\/12\/22\/prefeitura-firma-convenio-com-estado-e-investira-r-620-mil-para-revitalizar-praca\/\"]}]},{\"@type\":\"ImageObject\",\"inLanguage\":\"pt-BR\",\"@id\":\"https:\/\/verdadeon.com.br\/portal\/2021\/12\/22\/prefeitura-firma-convenio-com-estado-e-investira-r-620-mil-para-revitalizar-praca\/#primaryimage\",\"url\":\"https:\/\/i0.wp.com\/verdadeon.com.br\/portal\/wp-content\/uploads\/2021\/12\/Praca-Joao-Batista-da-Luz-em-Patrocinio-Paulista-Foto-Divulgacao-Prefeitura.jpeg?fit=1000%2C670&ssl=1\",\"contentUrl\":\"https:\/\/i0.wp.com\/verdadeon.com.br\/portal\/wp-content\/uploads\/2021\/12\/Praca-Joao-Batista-da-Luz-em-Patrocinio-Paulista-Foto-Divulgacao-Prefeitura.jpeg?fit=1000%2C670&ssl=1\",\"width\":1000,\"height\":670,\"caption\":\"Projeto de revitaliza\u00e7\u00e3o da Pra\u00e7a Jo\u00e3o Batista da Luz, em Patroc\u00ednio Paulista, prev\u00ea a recupera\u00e7\u00e3o da fonte luminosa, academia ao ar livre, parque infantil, mini teatro de arena e pergolado | Foto: Divulga\u00e7\u00e3o\"},{\"@type\":\"BreadcrumbList\",\"@id\":\"https:\/\/verdadeon.com.br\/portal\/2021\/12\/22\/prefeitura-firma-convenio-com-estado-e-investira-r-620-mil-para-revitalizar-praca\/#breadcrumb\",\"itemListElement\":[{\"@type\":\"ListItem\",\"position\":1,\"name\":\"In\u00edcio\",\"item\":\"https:\/\/verdadeon.com.br\/portal\/\"},{\"@type\":\"ListItem\",\"position\":2,\"name\":\"Prefeitura firma conv\u00eanio com Estado e investir\u00e1 R$ 620 mil para revitalizar pra\u00e7a\"}]},{\"@type\":\"WebSite\",\"@id\":\"https:\/\/verdadeon.com.br\/portal\/#website\",\"url\":\"https:\/\/verdadeon.com.br\/portal\/\",\"name\":\"VerdadeOn\",\"description\":\"Not\u00edcias di\u00e1rias sobre Franca, Regi\u00e3o, Esporte, Cultura, Cotidiano, Colunas. Cobertura nos principais eventos da cidade \u00e9 aqui - Verdadeon Franca\",\"potentialAction\":[{\"@type\":\"SearchAction\",\"target\":{\"@type\":\"EntryPoint\",\"urlTemplate\":\"https:\/\/verdadeon.com.br\/portal\/?s={search_term_string}\"},\"query-input\":{\"@type\":\"PropertyValueSpecification\",\"valueRequired\":true,\"valueName\":\"search_term_string\"}}],\"inLanguage\":\"pt-BR\"},{\"@type\":\"Person\",\"@id\":\"https:\/\/verdadeon.com.br\/portal\/#\/schema\/person\/8248726d36015c1916636fabb175d972\",\"name\":\"Nelise Luques\",\"image\":{\"@type\":\"ImageObject\",\"inLanguage\":\"pt-BR\",\"@id\":\"https:\/\/verdadeon.com.br\/portal\/#\/schema\/person\/image\/\",\"url\":\"https:\/\/secure.gravatar.com\/avatar\/29b2a17f5bcadeb827411b66f48ac13c3e0ecaf5906c0f5745ecc5d41c24eada?s=96&d=mm&r=g\",\"contentUrl\":\"https:\/\/secure.gravatar.com\/avatar\/29b2a17f5bcadeb827411b66f48ac13c3e0ecaf5906c0f5745ecc5d41c24eada?s=96&d=mm&r=g\",\"caption\":\"Nelise Luques\"},\"url\":\"https:\/\/verdadeon.com.br\/portal\/author\/verdade\/\"}]}<\/script>\n<!-- \/ Yoast SEO plugin. -->","yoast_head_json":{"title":"Prefeitura firma conv\u00eanio com Estado e investir\u00e1 R$ 620 mil para revitalizar pra\u00e7a - VerdadeOn","robots":{"index":"index","follow":"follow","max-snippet":"max-snippet:-1","max-image-preview":"max-image-preview:large","max-video-preview":"max-video-preview:-1"},"canonical":"https:\/\/verdadeon.com.br\/portal\/2021\/12\/22\/prefeitura-firma-convenio-com-estado-e-investira-r-620-mil-para-revitalizar-praca\/","og_locale":"pt_BR","og_type":"article","og_title":"Prefeitura firma conv\u00eanio com Estado e investir\u00e1 R$ 620 mil para revitalizar pra\u00e7a - VerdadeOn","og_description":"Obras est\u00e3o previstas para o in\u00edcio de 2022 e incluem academia ao ar livre, parque e at\u00e9 mini teatro de arena &nbsp; A Prefeitura de Patroc\u00ednio [\u2026]","og_url":"https:\/\/verdadeon.com.br\/portal\/2021\/12\/22\/prefeitura-firma-convenio-com-estado-e-investira-r-620-mil-para-revitalizar-praca\/","og_site_name":"VerdadeOn","article_published_time":"2021-12-22T19:24:57+00:00","og_image":[{"width":1000,"height":670,"url":"https:\/\/verdadeon.com.br\/portal\/wp-content\/uploads\/2021\/12\/Praca-Joao-Batista-da-Luz-em-Patrocinio-Paulista-Foto-Divulgacao-Prefeitura.jpeg","type":"image\/jpeg"}],"author":"Nelise Luques","twitter_card":"summary_large_image","twitter_misc":{"Escrito por":"Nelise Luques","Est. tempo de leitura":"2 minutos"},"schema":{"@context":"https:\/\/schema.org","@graph":[{"@type":"WebPage","@id":"https:\/\/verdadeon.com.br\/portal\/2021\/12\/22\/prefeitura-firma-convenio-com-estado-e-investira-r-620-mil-para-revitalizar-praca\/","url":"https:\/\/verdadeon.com.br\/portal\/2021\/12\/22\/prefeitura-firma-convenio-com-estado-e-investira-r-620-mil-para-revitalizar-praca\/","name":"Prefeitura firma conv\u00eanio com Estado e investir\u00e1 R$ 620 mil para revitalizar pra\u00e7a - VerdadeOn","isPartOf":{"@id":"https:\/\/verdadeon.com.br\/portal\/#website"},"primaryImageOfPage":{"@id":"https:\/\/verdadeon.com.br\/portal\/2021\/12\/22\/prefeitura-firma-convenio-com-estado-e-investira-r-620-mil-para-revitalizar-praca\/#primaryimage"},"image":{"@id":"https:\/\/verdadeon.com.br\/portal\/2021\/12\/22\/prefeitura-firma-convenio-com-estado-e-investira-r-620-mil-para-revitalizar-praca\/#primaryimage"},"thumbnailUrl":"https:\/\/i0.wp.com\/verdadeon.com.br\/portal\/wp-content\/uploads\/2021\/12\/Praca-Joao-Batista-da-Luz-em-Patrocinio-Paulista-Foto-Divulgacao-Prefeitura.jpeg?fit=1000%2C670&ssl=1","datePublished":"2021-12-22T19:24:57+00:00","author":{"@id":"https:\/\/verdadeon.com.br\/portal\/#\/schema\/person\/8248726d36015c1916636fabb175d972"},"breadcrumb":{"@id":"https:\/\/verdadeon.com.br\/portal\/2021\/12\/22\/prefeitura-firma-convenio-com-estado-e-investira-r-620-mil-para-revitalizar-praca\/#breadcrumb"},"inLanguage":"pt-BR","potentialAction":[{"@type":"ReadAction","target":["https:\/\/verdadeon.com.br\/portal\/2021\/12\/22\/prefeitura-firma-convenio-com-estado-e-investira-r-620-mil-para-revitalizar-praca\/"]}]},{"@type":"ImageObject","inLanguage":"pt-BR","@id":"https:\/\/verdadeon.com.br\/portal\/2021\/12\/22\/prefeitura-firma-convenio-com-estado-e-investira-r-620-mil-para-revitalizar-praca\/#primaryimage","url":"https:\/\/i0.wp.com\/verdadeon.com.br\/portal\/wp-content\/uploads\/2021\/12\/Praca-Joao-Batista-da-Luz-em-Patrocinio-Paulista-Foto-Divulgacao-Prefeitura.jpeg?fit=1000%2C670&ssl=1","contentUrl":"https:\/\/i0.wp.com\/verdadeon.com.br\/portal\/wp-content\/uploads\/2021\/12\/Praca-Joao-Batista-da-Luz-em-Patrocinio-Paulista-Foto-Divulgacao-Prefeitura.jpeg?fit=1000%2C670&ssl=1","width":1000,"height":670,"caption":"Projeto de revitaliza\u00e7\u00e3o da Pra\u00e7a Jo\u00e3o Batista da Luz, em Patroc\u00ednio Paulista, prev\u00ea a recupera\u00e7\u00e3o da fonte luminosa, academia ao ar livre, parque infantil, mini teatro de arena e pergolado | Foto: Divulga\u00e7\u00e3o"},{"@type":"BreadcrumbList","@id":"https:\/\/verdadeon.com.br\/portal\/2021\/12\/22\/prefeitura-firma-convenio-com-estado-e-investira-r-620-mil-para-revitalizar-praca\/#breadcrumb","itemListElement":[{"@type":"ListItem","position":1,"name":"In\u00edcio","item":"https:\/\/verdadeon.com.br\/portal\/"},{"@type":"ListItem","position":2,"name":"Prefeitura firma conv\u00eanio com Estado e investir\u00e1 R$ 620 mil para revitalizar pra\u00e7a"}]},{"@type":"WebSite","@id":"https:\/\/verdadeon.com.br\/portal\/#website","url":"https:\/\/verdadeon.com.br\/portal\/","name":"VerdadeOn","description":"Not\u00edcias di\u00e1rias sobre Franca, Regi\u00e3o, Esporte, Cultura, Cotidiano, Colunas. Cobertura nos principais eventos da cidade \u00e9 aqui - Verdadeon Franca","potentialAction":[{"@type":"SearchAction","target":{"@type":"EntryPoint","urlTemplate":"https:\/\/verdadeon.com.br\/portal\/?s={search_term_string}"},"query-input":{"@type":"PropertyValueSpecification","valueRequired":true,"valueName":"search_term_string"}}],"inLanguage":"pt-BR"},{"@type":"Person","@id":"https:\/\/verdadeon.com.br\/portal\/#\/schema\/person\/8248726d36015c1916636fabb175d972","name":"Nelise Luques","image":{"@type":"ImageObject","inLanguage":"pt-BR","@id":"https:\/\/verdadeon.com.br\/portal\/#\/schema\/person\/image\/","url":"https:\/\/secure.gravatar.com\/avatar\/29b2a17f5bcadeb827411b66f48ac13c3e0ecaf5906c0f5745ecc5d41c24eada?s=96&d=mm&r=g","contentUrl":"https:\/\/secure.gravatar.com\/avatar\/29b2a17f5bcadeb827411b66f48ac13c3e0ecaf5906c0f5745ecc5d41c24eada?s=96&d=mm&r=g","caption":"Nelise Luques"},"url":"https:\/\/verdadeon.com.br\/portal\/author\/verdade\/"}]}},"jetpack_publicize_connections":[],"jetpack_featured_media_url":"https:\/\/i0.wp.com\/verdadeon.com.br\/portal\/wp-content\/uploads\/2021\/12\/Praca-Joao-Batista-da-Luz-em-Patrocinio-Paulista-Foto-Divulgacao-Prefeitura.jpeg?fit=1000%2C670&ssl=1","jetpack_sharing_enabled":true,"_links":{"self":[{"href":"https:\/\/verdadeon.com.br\/portal\/wp-json\/wp\/v2\/posts\/21810","targetHints":{"allow":["GET"]}}],"collection":[{"href":"https:\/\/verdadeon.com.br\/portal\/wp-json\/wp\/v2\/posts"}],"about":[{"href":"https:\/\/verdadeon.com.br\/portal\/wp-json\/wp\/v2\/types\/post"}],"author":[{"embeddable":true,"href":"https:\/\/verdadeon.com.br\/portal\/wp-json\/wp\/v2\/users\/12"}],"replies":[{"embeddable":true,"href":"https:\/\/verdadeon.com.br\/portal\/wp-json\/wp\/v2\/comments?post=21810"}],"version-history":[{"count":0,"href":"https:\/\/verdadeon.com.br\/portal\/wp-json\/wp\/v2\/posts\/21810\/revisions"}],"wp:featuredmedia":[{"embeddable":true,"href":"https:\/\/verdadeon.com.br\/portal\/wp-json\/wp\/v2\/media\/21816"}],"wp:attachment":[{"href":"https:\/\/verdadeon.com.br\/portal\/wp-json\/wp\/v2\/media?parent=21810"}],"wp:term":[{"taxonomy":"category","embeddable":true,"href":"https:\/\/verdadeon.com.br\/portal\/wp-json\/wp\/v2\/categories?post=21810"},{"taxonomy":"post_tag","embeddable":true,"href":"https:\/\/verdadeon.com.br\/portal\/wp-json\/wp\/v2\/tags?post=21810"}],"curies":[{"name":"wp","href":"https:\/\/api.w.org\/{rel}","templated":true}]}}