{"id":21769,"date":"2021-12-20T18:57:01","date_gmt":"2021-12-20T21:57:01","guid":{"rendered":"https:\/\/verdadeon.com.br\/portal\/?p=21769"},"modified":"2021-12-20T18:57:01","modified_gmt":"2021-12-20T21:57:01","slug":"oito-quilometros-de-estradas-rurais-de-patrocinio-paulista-recebem-manutencao","status":"publish","type":"post","link":"https:\/\/verdadeon.com.br\/portal\/2021\/12\/20\/oito-quilometros-de-estradas-rurais-de-patrocinio-paulista-recebem-manutencao\/","title":{"rendered":"Oito quil\u00f4metros de estradas rurais de Patroc\u00ednio Paulista recebem manuten\u00e7\u00e3o"},"content":{"rendered":"<h2><span style=\"font-weight: 400;\">Reparos s\u00e3o feitos gra\u00e7as ao Conv\u00eanio Munic\u00edpio Agro, do Estado de S\u00e3o Paulo, principalmente no per\u00edodo chuvoso<\/span><\/h2>\n<p>&nbsp;<\/p>\n<p><span style=\"font-weight: 400;\">A Prefeitura Municipal de Patroc\u00ednio Paulista intensificou os servi\u00e7os de manuten\u00e7\u00e3o em mais de oito quil\u00f4metros de estradas rurais a partir do Conv\u00eanio Munic\u00edpio Agro, com a Secret\u00e1ria de Agricultura do Estado de S\u00e3o Paulo.<\/span><\/p>\n<p><span style=\"font-weight: 400;\">A manuten\u00e7\u00e3o tem como objetivo melhorar as estradas para o escoamento de produtos agropecu\u00e1rios, facilitar a circula\u00e7\u00e3o de moradores e o transporte, inclusive o escolar, para as propriedades na zona rural.<\/span><\/p>\n<p><span style=\"font-weight: 400;\">A reforma foi feita utilizando pedras, do tipo brita 2, nas estradas Quebra Telha (PTP-020), Trevo das Melancias (F\u00e1brica do queijo), Tubaca (PTP-464), Palmital (PTP-356) e Recanto Arizona (PTP-160).<\/span><\/p>\n<p><span style=\"font-weight: 400;\">A Prefeitura ressaltou que os reparos s\u00e3o essenciais para manter a boa manuten\u00e7\u00e3o nas estradas, principalmente no per\u00edodo chuvoso. Os servi\u00e7os incluem escoamento de \u00e1gua em v\u00e1rios locais e elimina\u00e7\u00e3o das po\u00e7as.<\/span><\/p>\n<p>&nbsp;<\/p>\n<p><img data-recalc-dims=\"1\" loading=\"lazy\" decoding=\"async\" class=\"alignnone wp-image-21775 size-full\" src=\"https:\/\/i0.wp.com\/verdadeon.com.br\/portal\/wp-content\/uploads\/2021\/12\/WhatsApp-Image-2021-12-20-at-16.01.42.jpeg?resize=960%2C1280&#038;ssl=1\" alt=\"\" width=\"960\" height=\"1280\" \/><\/p>\n<p><img data-recalc-dims=\"1\" loading=\"lazy\" decoding=\"async\" class=\"alignnone wp-image-21776 size-full\" src=\"https:\/\/i0.wp.com\/verdadeon.com.br\/portal\/wp-content\/uploads\/2021\/12\/WhatsApp-Image-2021-12-20-at-16.01.43.jpeg?resize=960%2C1280&#038;ssl=1\" alt=\"\" width=\"960\" height=\"1280\" srcset=\"https:\/\/i0.wp.com\/verdadeon.com.br\/portal\/wp-content\/uploads\/2021\/12\/WhatsApp-Image-2021-12-20-at-16.01.43.jpeg?w=960&amp;ssl=1 960w, https:\/\/i0.wp.com\/verdadeon.com.br\/portal\/wp-content\/uploads\/2021\/12\/WhatsApp-Image-2021-12-20-at-16.01.43.jpeg?resize=225%2C300&amp;ssl=1 225w, https:\/\/i0.wp.com\/verdadeon.com.br\/portal\/wp-content\/uploads\/2021\/12\/WhatsApp-Image-2021-12-20-at-16.01.43.jpeg?resize=768%2C1024&amp;ssl=1 768w, https:\/\/i0.wp.com\/verdadeon.com.br\/portal\/wp-content\/uploads\/2021\/12\/WhatsApp-Image-2021-12-20-at-16.01.43.jpeg?resize=110%2C146&amp;ssl=1 110w, https:\/\/i0.wp.com\/verdadeon.com.br\/portal\/wp-content\/uploads\/2021\/12\/WhatsApp-Image-2021-12-20-at-16.01.43.jpeg?resize=38%2C50&amp;ssl=1 38w, https:\/\/i0.wp.com\/verdadeon.com.br\/portal\/wp-content\/uploads\/2021\/12\/WhatsApp-Image-2021-12-20-at-16.01.43.jpeg?resize=56%2C75&amp;ssl=1 56w\" sizes=\"auto, (max-width: 960px) 100vw, 960px\" \/><\/p>\n","protected":false},"excerpt":{"rendered":"<p>Reparos s\u00e3o feitos gra\u00e7as ao Conv\u00eanio Munic\u00edpio Agro, do Estado de S\u00e3o Paulo, principalmente no per\u00edodo chuvoso &nbsp; A Prefeitura Municipal de Patroc\u00ednio Paulista intensificou os<span class=\"excerpt-hellip\"> [\u2026]<\/span><\/p>\n","protected":false},"author":12,"featured_media":0,"comment_status":"open","ping_status":"open","sticky":false,"template":"","format":"standard","meta":{"_jetpack_memberships_contains_paid_content":false,"footnotes":"","jetpack_publicize_message":"","jetpack_publicize_feature_enabled":true,"jetpack_social_post_already_shared":false,"jetpack_social_options":{"image_generator_settings":{"template":"highway","default_image_id":0,"enabled":false},"version":2}},"categories":[28,44],"tags":[],"class_list":["post-21769","post","type-post","status-publish","format-standard","hentry","category-cotidiano","category-noticias"],"yoast_head":"<!-- This site is optimized with the Yoast SEO plugin v25.6 - https:\/\/yoast.com\/wordpress\/plugins\/seo\/ -->\n<title>Oito quil\u00f4metros de estradas rurais de Patroc\u00ednio Paulista recebem manuten\u00e7\u00e3o - VerdadeOn<\/title>\n<meta name=\"robots\" content=\"index, follow, max-snippet:-1, max-image-preview:large, max-video-preview:-1\" \/>\n<link rel=\"canonical\" href=\"https:\/\/verdadeon.com.br\/portal\/2021\/12\/20\/oito-quilometros-de-estradas-rurais-de-patrocinio-paulista-recebem-manutencao\/\" \/>\n<meta property=\"og:locale\" content=\"pt_BR\" \/>\n<meta property=\"og:type\" content=\"article\" \/>\n<meta property=\"og:title\" content=\"Oito quil\u00f4metros de estradas rurais de Patroc\u00ednio Paulista recebem manuten\u00e7\u00e3o - VerdadeOn\" \/>\n<meta property=\"og:description\" content=\"Reparos s\u00e3o feitos gra\u00e7as ao Conv\u00eanio Munic\u00edpio Agro, do Estado de S\u00e3o Paulo, principalmente no per\u00edodo chuvoso &nbsp; A Prefeitura Municipal de Patroc\u00ednio Paulista intensificou os [\u2026]\" \/>\n<meta property=\"og:url\" content=\"https:\/\/verdadeon.com.br\/portal\/2021\/12\/20\/oito-quilometros-de-estradas-rurais-de-patrocinio-paulista-recebem-manutencao\/\" \/>\n<meta property=\"og:site_name\" content=\"VerdadeOn\" \/>\n<meta property=\"article:published_time\" content=\"2021-12-20T21:57:01+00:00\" \/>\n<meta property=\"og:image\" content=\"https:\/\/verdadeon.com.br\/portal\/wp-content\/uploads\/2021\/12\/MANUTENCAO-DAS-ESTRADAS-RURAIS-DE-PATROCINIO-PAULISTA-FOTO-DIVULGACAO-e1640037366456.jpeg\" \/>\n\t<meta property=\"og:image:width\" content=\"1001\" \/>\n\t<meta property=\"og:image:height\" content=\"668\" \/>\n\t<meta property=\"og:image:type\" content=\"image\/jpeg\" \/>\n<meta name=\"author\" content=\"Nelise Luques\" \/>\n<meta name=\"twitter:card\" content=\"summary_large_image\" \/>\n<meta name=\"twitter:label1\" content=\"Escrito por\" \/>\n\t<meta name=\"twitter:data1\" content=\"Nelise Luques\" \/>\n\t<meta name=\"twitter:label2\" content=\"Est. tempo de leitura\" \/>\n\t<meta name=\"twitter:data2\" content=\"2 minutos\" \/>\n<script type=\"application\/ld+json\" class=\"yoast-schema-graph\">{\"@context\":\"https:\/\/schema.org\",\"@graph\":[{\"@type\":\"WebPage\",\"@id\":\"https:\/\/verdadeon.com.br\/portal\/2021\/12\/20\/oito-quilometros-de-estradas-rurais-de-patrocinio-paulista-recebem-manutencao\/\",\"url\":\"https:\/\/verdadeon.com.br\/portal\/2021\/12\/20\/oito-quilometros-de-estradas-rurais-de-patrocinio-paulista-recebem-manutencao\/\",\"name\":\"Oito quil\u00f4metros de estradas rurais de Patroc\u00ednio Paulista recebem manuten\u00e7\u00e3o - VerdadeOn\",\"isPartOf\":{\"@id\":\"https:\/\/verdadeon.com.br\/portal\/#website\"},\"primaryImageOfPage\":{\"@id\":\"https:\/\/verdadeon.com.br\/portal\/2021\/12\/20\/oito-quilometros-de-estradas-rurais-de-patrocinio-paulista-recebem-manutencao\/#primaryimage\"},\"image\":{\"@id\":\"https:\/\/verdadeon.com.br\/portal\/2021\/12\/20\/oito-quilometros-de-estradas-rurais-de-patrocinio-paulista-recebem-manutencao\/#primaryimage\"},\"thumbnailUrl\":\"https:\/\/verdadeon.com.br\/portal\/wp-content\/uploads\/2021\/12\/WhatsApp-Image-2021-12-20-at-16.01.42.jpeg\",\"datePublished\":\"2021-12-20T21:57:01+00:00\",\"author\":{\"@id\":\"https:\/\/verdadeon.com.br\/portal\/#\/schema\/person\/8248726d36015c1916636fabb175d972\"},\"breadcrumb\":{\"@id\":\"https:\/\/verdadeon.com.br\/portal\/2021\/12\/20\/oito-quilometros-de-estradas-rurais-de-patrocinio-paulista-recebem-manutencao\/#breadcrumb\"},\"inLanguage\":\"pt-BR\",\"potentialAction\":[{\"@type\":\"ReadAction\",\"target\":[\"https:\/\/verdadeon.com.br\/portal\/2021\/12\/20\/oito-quilometros-de-estradas-rurais-de-patrocinio-paulista-recebem-manutencao\/\"]}]},{\"@type\":\"ImageObject\",\"inLanguage\":\"pt-BR\",\"@id\":\"https:\/\/verdadeon.com.br\/portal\/2021\/12\/20\/oito-quilometros-de-estradas-rurais-de-patrocinio-paulista-recebem-manutencao\/#primaryimage\",\"url\":\"\",\"contentUrl\":\"\"},{\"@type\":\"BreadcrumbList\",\"@id\":\"https:\/\/verdadeon.com.br\/portal\/2021\/12\/20\/oito-quilometros-de-estradas-rurais-de-patrocinio-paulista-recebem-manutencao\/#breadcrumb\",\"itemListElement\":[{\"@type\":\"ListItem\",\"position\":1,\"name\":\"In\u00edcio\",\"item\":\"https:\/\/verdadeon.com.br\/portal\/\"},{\"@type\":\"ListItem\",\"position\":2,\"name\":\"Oito quil\u00f4metros de estradas rurais de Patroc\u00ednio Paulista recebem manuten\u00e7\u00e3o\"}]},{\"@type\":\"WebSite\",\"@id\":\"https:\/\/verdadeon.com.br\/portal\/#website\",\"url\":\"https:\/\/verdadeon.com.br\/portal\/\",\"name\":\"VerdadeOn\",\"description\":\"Not\u00edcias di\u00e1rias sobre Franca, Regi\u00e3o, Esporte, Cultura, Cotidiano, Colunas. Cobertura nos principais eventos da cidade \u00e9 aqui - Verdadeon Franca\",\"potentialAction\":[{\"@type\":\"SearchAction\",\"target\":{\"@type\":\"EntryPoint\",\"urlTemplate\":\"https:\/\/verdadeon.com.br\/portal\/?s={search_term_string}\"},\"query-input\":{\"@type\":\"PropertyValueSpecification\",\"valueRequired\":true,\"valueName\":\"search_term_string\"}}],\"inLanguage\":\"pt-BR\"},{\"@type\":\"Person\",\"@id\":\"https:\/\/verdadeon.com.br\/portal\/#\/schema\/person\/8248726d36015c1916636fabb175d972\",\"name\":\"Nelise Luques\",\"image\":{\"@type\":\"ImageObject\",\"inLanguage\":\"pt-BR\",\"@id\":\"https:\/\/verdadeon.com.br\/portal\/#\/schema\/person\/image\/\",\"url\":\"https:\/\/secure.gravatar.com\/avatar\/29b2a17f5bcadeb827411b66f48ac13c3e0ecaf5906c0f5745ecc5d41c24eada?s=96&d=mm&r=g\",\"contentUrl\":\"https:\/\/secure.gravatar.com\/avatar\/29b2a17f5bcadeb827411b66f48ac13c3e0ecaf5906c0f5745ecc5d41c24eada?s=96&d=mm&r=g\",\"caption\":\"Nelise Luques\"},\"url\":\"https:\/\/verdadeon.com.br\/portal\/author\/verdade\/\"}]}<\/script>\n<!-- \/ Yoast SEO plugin. -->","yoast_head_json":{"title":"Oito quil\u00f4metros de estradas rurais de Patroc\u00ednio Paulista recebem manuten\u00e7\u00e3o - VerdadeOn","robots":{"index":"index","follow":"follow","max-snippet":"max-snippet:-1","max-image-preview":"max-image-preview:large","max-video-preview":"max-video-preview:-1"},"canonical":"https:\/\/verdadeon.com.br\/portal\/2021\/12\/20\/oito-quilometros-de-estradas-rurais-de-patrocinio-paulista-recebem-manutencao\/","og_locale":"pt_BR","og_type":"article","og_title":"Oito quil\u00f4metros de estradas rurais de Patroc\u00ednio Paulista recebem manuten\u00e7\u00e3o - VerdadeOn","og_description":"Reparos s\u00e3o feitos gra\u00e7as ao Conv\u00eanio Munic\u00edpio Agro, do Estado de S\u00e3o Paulo, principalmente no per\u00edodo chuvoso &nbsp; A Prefeitura Municipal de Patroc\u00ednio Paulista intensificou os [\u2026]","og_url":"https:\/\/verdadeon.com.br\/portal\/2021\/12\/20\/oito-quilometros-de-estradas-rurais-de-patrocinio-paulista-recebem-manutencao\/","og_site_name":"VerdadeOn","article_published_time":"2021-12-20T21:57:01+00:00","og_image":[{"width":1001,"height":668,"url":"https:\/\/verdadeon.com.br\/portal\/wp-content\/uploads\/2021\/12\/MANUTENCAO-DAS-ESTRADAS-RURAIS-DE-PATROCINIO-PAULISTA-FOTO-DIVULGACAO-e1640037366456.jpeg","type":"image\/jpeg"}],"author":"Nelise Luques","twitter_card":"summary_large_image","twitter_misc":{"Escrito por":"Nelise Luques","Est. tempo de leitura":"2 minutos"},"schema":{"@context":"https:\/\/schema.org","@graph":[{"@type":"WebPage","@id":"https:\/\/verdadeon.com.br\/portal\/2021\/12\/20\/oito-quilometros-de-estradas-rurais-de-patrocinio-paulista-recebem-manutencao\/","url":"https:\/\/verdadeon.com.br\/portal\/2021\/12\/20\/oito-quilometros-de-estradas-rurais-de-patrocinio-paulista-recebem-manutencao\/","name":"Oito quil\u00f4metros de estradas rurais de Patroc\u00ednio Paulista recebem manuten\u00e7\u00e3o - VerdadeOn","isPartOf":{"@id":"https:\/\/verdadeon.com.br\/portal\/#website"},"primaryImageOfPage":{"@id":"https:\/\/verdadeon.com.br\/portal\/2021\/12\/20\/oito-quilometros-de-estradas-rurais-de-patrocinio-paulista-recebem-manutencao\/#primaryimage"},"image":{"@id":"https:\/\/verdadeon.com.br\/portal\/2021\/12\/20\/oito-quilometros-de-estradas-rurais-de-patrocinio-paulista-recebem-manutencao\/#primaryimage"},"thumbnailUrl":"https:\/\/verdadeon.com.br\/portal\/wp-content\/uploads\/2021\/12\/WhatsApp-Image-2021-12-20-at-16.01.42.jpeg","datePublished":"2021-12-20T21:57:01+00:00","author":{"@id":"https:\/\/verdadeon.com.br\/portal\/#\/schema\/person\/8248726d36015c1916636fabb175d972"},"breadcrumb":{"@id":"https:\/\/verdadeon.com.br\/portal\/2021\/12\/20\/oito-quilometros-de-estradas-rurais-de-patrocinio-paulista-recebem-manutencao\/#breadcrumb"},"inLanguage":"pt-BR","potentialAction":[{"@type":"ReadAction","target":["https:\/\/verdadeon.com.br\/portal\/2021\/12\/20\/oito-quilometros-de-estradas-rurais-de-patrocinio-paulista-recebem-manutencao\/"]}]},{"@type":"ImageObject","inLanguage":"pt-BR","@id":"https:\/\/verdadeon.com.br\/portal\/2021\/12\/20\/oito-quilometros-de-estradas-rurais-de-patrocinio-paulista-recebem-manutencao\/#primaryimage","url":"","contentUrl":""},{"@type":"BreadcrumbList","@id":"https:\/\/verdadeon.com.br\/portal\/2021\/12\/20\/oito-quilometros-de-estradas-rurais-de-patrocinio-paulista-recebem-manutencao\/#breadcrumb","itemListElement":[{"@type":"ListItem","position":1,"name":"In\u00edcio","item":"https:\/\/verdadeon.com.br\/portal\/"},{"@type":"ListItem","position":2,"name":"Oito quil\u00f4metros de estradas rurais de Patroc\u00ednio Paulista recebem manuten\u00e7\u00e3o"}]},{"@type":"WebSite","@id":"https:\/\/verdadeon.com.br\/portal\/#website","url":"https:\/\/verdadeon.com.br\/portal\/","name":"VerdadeOn","description":"Not\u00edcias di\u00e1rias sobre Franca, Regi\u00e3o, Esporte, Cultura, Cotidiano, Colunas. Cobertura nos principais eventos da cidade \u00e9 aqui - Verdadeon Franca","potentialAction":[{"@type":"SearchAction","target":{"@type":"EntryPoint","urlTemplate":"https:\/\/verdadeon.com.br\/portal\/?s={search_term_string}"},"query-input":{"@type":"PropertyValueSpecification","valueRequired":true,"valueName":"search_term_string"}}],"inLanguage":"pt-BR"},{"@type":"Person","@id":"https:\/\/verdadeon.com.br\/portal\/#\/schema\/person\/8248726d36015c1916636fabb175d972","name":"Nelise Luques","image":{"@type":"ImageObject","inLanguage":"pt-BR","@id":"https:\/\/verdadeon.com.br\/portal\/#\/schema\/person\/image\/","url":"https:\/\/secure.gravatar.com\/avatar\/29b2a17f5bcadeb827411b66f48ac13c3e0ecaf5906c0f5745ecc5d41c24eada?s=96&d=mm&r=g","contentUrl":"https:\/\/secure.gravatar.com\/avatar\/29b2a17f5bcadeb827411b66f48ac13c3e0ecaf5906c0f5745ecc5d41c24eada?s=96&d=mm&r=g","caption":"Nelise Luques"},"url":"https:\/\/verdadeon.com.br\/portal\/author\/verdade\/"}]}},"jetpack_publicize_connections":[],"jetpack_featured_media_url":"","jetpack_sharing_enabled":true,"_links":{"self":[{"href":"https:\/\/verdadeon.com.br\/portal\/wp-json\/wp\/v2\/posts\/21769","targetHints":{"allow":["GET"]}}],"collection":[{"href":"https:\/\/verdadeon.com.br\/portal\/wp-json\/wp\/v2\/posts"}],"about":[{"href":"https:\/\/verdadeon.com.br\/portal\/wp-json\/wp\/v2\/types\/post"}],"author":[{"embeddable":true,"href":"https:\/\/verdadeon.com.br\/portal\/wp-json\/wp\/v2\/users\/12"}],"replies":[{"embeddable":true,"href":"https:\/\/verdadeon.com.br\/portal\/wp-json\/wp\/v2\/comments?post=21769"}],"version-history":[{"count":0,"href":"https:\/\/verdadeon.com.br\/portal\/wp-json\/wp\/v2\/posts\/21769\/revisions"}],"wp:attachment":[{"href":"https:\/\/verdadeon.com.br\/portal\/wp-json\/wp\/v2\/media?parent=21769"}],"wp:term":[{"taxonomy":"category","embeddable":true,"href":"https:\/\/verdadeon.com.br\/portal\/wp-json\/wp\/v2\/categories?post=21769"},{"taxonomy":"post_tag","embeddable":true,"href":"https:\/\/verdadeon.com.br\/portal\/wp-json\/wp\/v2\/tags?post=21769"}],"curies":[{"name":"wp","href":"https:\/\/api.w.org\/{rel}","templated":true}]}}