{"id":21690,"date":"2021-12-16T17:26:52","date_gmt":"2021-12-16T20:26:52","guid":{"rendered":"https:\/\/verdadeon.com.br\/portal\/?p=21690"},"modified":"2021-12-16T17:26:52","modified_gmt":"2021-12-16T20:26:52","slug":"camara-arquiva-mais-uma-denuncia-contra-alexandre-ferreira","status":"publish","type":"post","link":"https:\/\/verdadeon.com.br\/portal\/2021\/12\/16\/camara-arquiva-mais-uma-denuncia-contra-alexandre-ferreira\/","title":{"rendered":"C\u00e2mara arquiva mais uma den\u00fancia contra Alexandre Ferreira"},"content":{"rendered":"<h2>Na ter\u00e7a-feira outras duas den\u00fancias haviam sido arquivadas, as tr\u00eas foram protocoladas por moradores de Franca<\/h2>\n<p>A terceira den\u00fancia contra o Prefeito Alexandre Ferreira foi rejeitada na tarde desta quinta-feira (16), em Franca, ela tamb\u00e9m \u00e9 relacionada a supostas irregularidades no termo de fomento celebrado entre a Prefeitura e a Acif &#8211; Associa\u00e7\u00e3o do Com\u00e9rcio e Ind\u00fastria de Franca, para instala\u00e7\u00e3o da ilumina\u00e7\u00e3o de Natal. O documento foi apresentado pelo morador de Franca Andr\u00e9 Pedroso.<\/p>\n<p>Assim como nas outras duas den\u00fancias apreciadas no in\u00edcio da semana, os vereadores Gilson Pelizaro (PT) e Della Motta (PODE) foram favor\u00e1veis \u00e0 abertura da comiss\u00e3o processante. Zezinho Cabeleireiro tamb\u00e9m votou a favor,\u00a0 diferente do posicionamento adotado nas primeiras vota\u00e7\u00f5es. Com o resultado, a den\u00fancia ser\u00e1 arquivada.<\/p>\n<p>Na ter\u00e7a-feira (14), o Jornal Verdade mostrou que com um placar folgado de 12 votos contra e apenas dois a favor, a C\u00e2mara Municipal arquivou os dois pedidos de abertura de Comiss\u00e3o Processante contra o prefeito, para investigar supostas irregularidades no plano de trabalho da ilumina\u00e7\u00e3o natalina, que foi afeito atrav\u00e9s de um fomento de R$ 960 mil, que foram repassados para a Acif.<\/p>\n<p>O assunto vem gerando pol\u00eamica na C\u00e2mara Municipal desde quando o projeto foi aprovado atrav\u00e9s de regime de urg\u00eancia. Ap\u00f3s o repasse ser aprovado pelos parlamentares, durante a montagem, algumas inconsist\u00eancias foram encontradas entre o que estava no plano apresentado e aprovado e o que foi realmente executado. Gilson Pelizaro e Della Motta, foram os \u00fanicos parlamentares que deram voto favor\u00e1vel, os outros 12 vereadores disseram n\u00e3o para as comiss\u00f5es.<\/p>\n<p>Ainda assim quando o expediente teve in\u00edcio, Pelizaro pediu que a reuni\u00e3o fosse interrompida para que os vereadores debatessem uma outra forma de investigar o assunto, que n\u00e3o fosse uma comiss\u00e3o processante que para ele perderia os efeitos ap\u00f3s a ACIF e a Prefeitura prestarem contas dos valores usados.<\/p>\n<p>Ap\u00f3s cerca de 40 minutos os parlamentares voltaram com uma proposta de abertura de Comiss\u00e3o Especial de Assuntos Relevantes (CEAR), que ser\u00e1 votada na pr\u00f3xima segunda-feira (20). A expectativa \u00e9 a de que ela seja aprovada, j\u00e1 que foi proposta pelos pr\u00f3prios parlamentares.<\/p>\n<h4>Outro lado<\/h4>\n<p>Desde quando essas pol\u00eamicas e suspeitas tiveram in\u00edcio, a Associa\u00e7\u00e3o do Comercio e Industria de Franca (ACIF), nega as irregularidades, e afirmou que ainda est\u00e1 dentro do prazo para prestar as contas e que os valores que n\u00e3o forem usados ser\u00e3o inclusive devolvidos para a Prefeitura de Franca. Eles destacaram ainda que a popula\u00e7\u00e3o ter\u00e1 total acesso a esta presta\u00e7\u00e3o de contas.<\/p>\n<p>J\u00e1 a Prefeitura de Franca informou que abriu um processo administrativo na Controladoria para apurar e acompanhar de perto a execu\u00e7\u00e3o do plano apresentado, mas ressaltou que a entidade est\u00e1 dentro do prazo para prestar contas.<\/p>\n","protected":false},"excerpt":{"rendered":"<p>Na ter\u00e7a-feira outras duas den\u00fancias haviam sido arquivadas, as tr\u00eas foram protocoladas por moradores de Franca A terceira den\u00fancia contra o Prefeito Alexandre Ferreira foi rejeitada<span class=\"excerpt-hellip\"> [\u2026]<\/span><\/p>\n","protected":false},"author":7,"featured_media":21691,"comment_status":"open","ping_status":"open","sticky":false,"template":"","format":"standard","meta":{"_jetpack_memberships_contains_paid_content":false,"footnotes":"","jetpack_publicize_message":"","jetpack_publicize_feature_enabled":true,"jetpack_social_post_already_shared":false,"jetpack_social_options":{"image_generator_settings":{"template":"highway","default_image_id":0,"enabled":false},"version":2}},"categories":[28,81],"tags":[],"class_list":["post-21690","post","type-post","status-publish","format-standard","has-post-thumbnail","hentry","category-cotidiano","category-manchete"],"yoast_head":"<!-- This site is optimized with the Yoast SEO plugin v25.6 - https:\/\/yoast.com\/wordpress\/plugins\/seo\/ -->\n<title>C\u00e2mara arquiva mais uma den\u00fancia contra Alexandre Ferreira - VerdadeOn<\/title>\n<meta name=\"robots\" content=\"index, follow, max-snippet:-1, max-image-preview:large, max-video-preview:-1\" \/>\n<link rel=\"canonical\" href=\"https:\/\/verdadeon.com.br\/portal\/2021\/12\/16\/camara-arquiva-mais-uma-denuncia-contra-alexandre-ferreira\/\" \/>\n<meta property=\"og:locale\" content=\"pt_BR\" \/>\n<meta property=\"og:type\" content=\"article\" \/>\n<meta property=\"og:title\" content=\"C\u00e2mara arquiva mais uma den\u00fancia contra Alexandre Ferreira - VerdadeOn\" \/>\n<meta property=\"og:description\" content=\"Na ter\u00e7a-feira outras duas den\u00fancias haviam sido arquivadas, as tr\u00eas foram protocoladas por moradores de Franca A terceira den\u00fancia contra o Prefeito Alexandre Ferreira foi rejeitada [\u2026]\" \/>\n<meta property=\"og:url\" content=\"https:\/\/verdadeon.com.br\/portal\/2021\/12\/16\/camara-arquiva-mais-uma-denuncia-contra-alexandre-ferreira\/\" \/>\n<meta property=\"og:site_name\" content=\"VerdadeOn\" \/>\n<meta property=\"article:published_time\" content=\"2021-12-16T20:26:52+00:00\" \/>\n<meta property=\"og:image\" content=\"https:\/\/verdadeon.com.br\/portal\/wp-content\/uploads\/2021\/12\/sessaoextraordinaria-1-e1639686258807.jpeg\" \/>\n\t<meta property=\"og:image:width\" content=\"998\" \/>\n\t<meta property=\"og:image:height\" content=\"669\" \/>\n\t<meta property=\"og:image:type\" content=\"image\/jpeg\" \/>\n<meta name=\"author\" content=\"Fernando Lima\" \/>\n<meta name=\"twitter:card\" content=\"summary_large_image\" \/>\n<meta name=\"twitter:label1\" content=\"Escrito por\" \/>\n\t<meta name=\"twitter:data1\" content=\"Fernando Lima\" \/>\n\t<meta name=\"twitter:label2\" content=\"Est. tempo de leitura\" \/>\n\t<meta name=\"twitter:data2\" content=\"2 minutos\" \/>\n<script type=\"application\/ld+json\" class=\"yoast-schema-graph\">{\"@context\":\"https:\/\/schema.org\",\"@graph\":[{\"@type\":\"WebPage\",\"@id\":\"https:\/\/verdadeon.com.br\/portal\/2021\/12\/16\/camara-arquiva-mais-uma-denuncia-contra-alexandre-ferreira\/\",\"url\":\"https:\/\/verdadeon.com.br\/portal\/2021\/12\/16\/camara-arquiva-mais-uma-denuncia-contra-alexandre-ferreira\/\",\"name\":\"C\u00e2mara arquiva mais uma den\u00fancia contra Alexandre Ferreira - VerdadeOn\",\"isPartOf\":{\"@id\":\"https:\/\/verdadeon.com.br\/portal\/#website\"},\"primaryImageOfPage\":{\"@id\":\"https:\/\/verdadeon.com.br\/portal\/2021\/12\/16\/camara-arquiva-mais-uma-denuncia-contra-alexandre-ferreira\/#primaryimage\"},\"image\":{\"@id\":\"https:\/\/verdadeon.com.br\/portal\/2021\/12\/16\/camara-arquiva-mais-uma-denuncia-contra-alexandre-ferreira\/#primaryimage\"},\"thumbnailUrl\":\"https:\/\/i0.wp.com\/verdadeon.com.br\/portal\/wp-content\/uploads\/2021\/12\/sessaoextraordinaria-1-e1639686258807.jpeg?fit=998%2C669&ssl=1\",\"datePublished\":\"2021-12-16T20:26:52+00:00\",\"author\":{\"@id\":\"https:\/\/verdadeon.com.br\/portal\/#\/schema\/person\/cc32be22b8e8599387c480bc83e1d11a\"},\"breadcrumb\":{\"@id\":\"https:\/\/verdadeon.com.br\/portal\/2021\/12\/16\/camara-arquiva-mais-uma-denuncia-contra-alexandre-ferreira\/#breadcrumb\"},\"inLanguage\":\"pt-BR\",\"potentialAction\":[{\"@type\":\"ReadAction\",\"target\":[\"https:\/\/verdadeon.com.br\/portal\/2021\/12\/16\/camara-arquiva-mais-uma-denuncia-contra-alexandre-ferreira\/\"]}]},{\"@type\":\"ImageObject\",\"inLanguage\":\"pt-BR\",\"@id\":\"https:\/\/verdadeon.com.br\/portal\/2021\/12\/16\/camara-arquiva-mais-uma-denuncia-contra-alexandre-ferreira\/#primaryimage\",\"url\":\"https:\/\/i0.wp.com\/verdadeon.com.br\/portal\/wp-content\/uploads\/2021\/12\/sessaoextraordinaria-1-e1639686258807.jpeg?fit=998%2C669&ssl=1\",\"contentUrl\":\"https:\/\/i0.wp.com\/verdadeon.com.br\/portal\/wp-content\/uploads\/2021\/12\/sessaoextraordinaria-1-e1639686258807.jpeg?fit=998%2C669&ssl=1\",\"width\":998,\"height\":669,\"caption\":\"Vereadores se reuniram em mais uma sess\u00e3o extraordin\u00e1ria nesta quinta-feira, al\u00e9m de mais uma den\u00fancia contra o prefeito de Franca, eles avaliaram projeto sobre diretores de escolas na rede municipal | Foto: Divulga\u00e7\u00e3o\"},{\"@type\":\"BreadcrumbList\",\"@id\":\"https:\/\/verdadeon.com.br\/portal\/2021\/12\/16\/camara-arquiva-mais-uma-denuncia-contra-alexandre-ferreira\/#breadcrumb\",\"itemListElement\":[{\"@type\":\"ListItem\",\"position\":1,\"name\":\"In\u00edcio\",\"item\":\"https:\/\/verdadeon.com.br\/portal\/\"},{\"@type\":\"ListItem\",\"position\":2,\"name\":\"C\u00e2mara arquiva mais uma den\u00fancia contra Alexandre Ferreira\"}]},{\"@type\":\"WebSite\",\"@id\":\"https:\/\/verdadeon.com.br\/portal\/#website\",\"url\":\"https:\/\/verdadeon.com.br\/portal\/\",\"name\":\"VerdadeOn\",\"description\":\"Not\u00edcias di\u00e1rias sobre Franca, Regi\u00e3o, Esporte, Cultura, Cotidiano, Colunas. Cobertura nos principais eventos da cidade \u00e9 aqui - Verdadeon Franca\",\"potentialAction\":[{\"@type\":\"SearchAction\",\"target\":{\"@type\":\"EntryPoint\",\"urlTemplate\":\"https:\/\/verdadeon.com.br\/portal\/?s={search_term_string}\"},\"query-input\":{\"@type\":\"PropertyValueSpecification\",\"valueRequired\":true,\"valueName\":\"search_term_string\"}}],\"inLanguage\":\"pt-BR\"},{\"@type\":\"Person\",\"@id\":\"https:\/\/verdadeon.com.br\/portal\/#\/schema\/person\/cc32be22b8e8599387c480bc83e1d11a\",\"name\":\"Fernando Lima\",\"image\":{\"@type\":\"ImageObject\",\"inLanguage\":\"pt-BR\",\"@id\":\"https:\/\/verdadeon.com.br\/portal\/#\/schema\/person\/image\/\",\"url\":\"https:\/\/secure.gravatar.com\/avatar\/df4c8e132080d2b3a4841d5d232045464e0eed11a1d6e43115ca0843d48768d3?s=96&d=mm&r=g\",\"contentUrl\":\"https:\/\/secure.gravatar.com\/avatar\/df4c8e132080d2b3a4841d5d232045464e0eed11a1d6e43115ca0843d48768d3?s=96&d=mm&r=g\",\"caption\":\"Fernando Lima\"},\"sameAs\":[\"http:\/\/verdadeon.com.br\/\"],\"url\":\"https:\/\/verdadeon.com.br\/portal\/author\/fernando-lima\/\"}]}<\/script>\n<!-- \/ Yoast SEO plugin. -->","yoast_head_json":{"title":"C\u00e2mara arquiva mais uma den\u00fancia contra Alexandre Ferreira - VerdadeOn","robots":{"index":"index","follow":"follow","max-snippet":"max-snippet:-1","max-image-preview":"max-image-preview:large","max-video-preview":"max-video-preview:-1"},"canonical":"https:\/\/verdadeon.com.br\/portal\/2021\/12\/16\/camara-arquiva-mais-uma-denuncia-contra-alexandre-ferreira\/","og_locale":"pt_BR","og_type":"article","og_title":"C\u00e2mara arquiva mais uma den\u00fancia contra Alexandre Ferreira - VerdadeOn","og_description":"Na ter\u00e7a-feira outras duas den\u00fancias haviam sido arquivadas, as tr\u00eas foram protocoladas por moradores de Franca A terceira den\u00fancia contra o Prefeito Alexandre Ferreira foi rejeitada [\u2026]","og_url":"https:\/\/verdadeon.com.br\/portal\/2021\/12\/16\/camara-arquiva-mais-uma-denuncia-contra-alexandre-ferreira\/","og_site_name":"VerdadeOn","article_published_time":"2021-12-16T20:26:52+00:00","og_image":[{"width":998,"height":669,"url":"https:\/\/verdadeon.com.br\/portal\/wp-content\/uploads\/2021\/12\/sessaoextraordinaria-1-e1639686258807.jpeg","type":"image\/jpeg"}],"author":"Fernando Lima","twitter_card":"summary_large_image","twitter_misc":{"Escrito por":"Fernando Lima","Est. tempo de leitura":"2 minutos"},"schema":{"@context":"https:\/\/schema.org","@graph":[{"@type":"WebPage","@id":"https:\/\/verdadeon.com.br\/portal\/2021\/12\/16\/camara-arquiva-mais-uma-denuncia-contra-alexandre-ferreira\/","url":"https:\/\/verdadeon.com.br\/portal\/2021\/12\/16\/camara-arquiva-mais-uma-denuncia-contra-alexandre-ferreira\/","name":"C\u00e2mara arquiva mais uma den\u00fancia contra Alexandre Ferreira - VerdadeOn","isPartOf":{"@id":"https:\/\/verdadeon.com.br\/portal\/#website"},"primaryImageOfPage":{"@id":"https:\/\/verdadeon.com.br\/portal\/2021\/12\/16\/camara-arquiva-mais-uma-denuncia-contra-alexandre-ferreira\/#primaryimage"},"image":{"@id":"https:\/\/verdadeon.com.br\/portal\/2021\/12\/16\/camara-arquiva-mais-uma-denuncia-contra-alexandre-ferreira\/#primaryimage"},"thumbnailUrl":"https:\/\/i0.wp.com\/verdadeon.com.br\/portal\/wp-content\/uploads\/2021\/12\/sessaoextraordinaria-1-e1639686258807.jpeg?fit=998%2C669&ssl=1","datePublished":"2021-12-16T20:26:52+00:00","author":{"@id":"https:\/\/verdadeon.com.br\/portal\/#\/schema\/person\/cc32be22b8e8599387c480bc83e1d11a"},"breadcrumb":{"@id":"https:\/\/verdadeon.com.br\/portal\/2021\/12\/16\/camara-arquiva-mais-uma-denuncia-contra-alexandre-ferreira\/#breadcrumb"},"inLanguage":"pt-BR","potentialAction":[{"@type":"ReadAction","target":["https:\/\/verdadeon.com.br\/portal\/2021\/12\/16\/camara-arquiva-mais-uma-denuncia-contra-alexandre-ferreira\/"]}]},{"@type":"ImageObject","inLanguage":"pt-BR","@id":"https:\/\/verdadeon.com.br\/portal\/2021\/12\/16\/camara-arquiva-mais-uma-denuncia-contra-alexandre-ferreira\/#primaryimage","url":"https:\/\/i0.wp.com\/verdadeon.com.br\/portal\/wp-content\/uploads\/2021\/12\/sessaoextraordinaria-1-e1639686258807.jpeg?fit=998%2C669&ssl=1","contentUrl":"https:\/\/i0.wp.com\/verdadeon.com.br\/portal\/wp-content\/uploads\/2021\/12\/sessaoextraordinaria-1-e1639686258807.jpeg?fit=998%2C669&ssl=1","width":998,"height":669,"caption":"Vereadores se reuniram em mais uma sess\u00e3o extraordin\u00e1ria nesta quinta-feira, al\u00e9m de mais uma den\u00fancia contra o prefeito de Franca, eles avaliaram projeto sobre diretores de escolas na rede municipal | Foto: Divulga\u00e7\u00e3o"},{"@type":"BreadcrumbList","@id":"https:\/\/verdadeon.com.br\/portal\/2021\/12\/16\/camara-arquiva-mais-uma-denuncia-contra-alexandre-ferreira\/#breadcrumb","itemListElement":[{"@type":"ListItem","position":1,"name":"In\u00edcio","item":"https:\/\/verdadeon.com.br\/portal\/"},{"@type":"ListItem","position":2,"name":"C\u00e2mara arquiva mais uma den\u00fancia contra Alexandre Ferreira"}]},{"@type":"WebSite","@id":"https:\/\/verdadeon.com.br\/portal\/#website","url":"https:\/\/verdadeon.com.br\/portal\/","name":"VerdadeOn","description":"Not\u00edcias di\u00e1rias sobre Franca, Regi\u00e3o, Esporte, Cultura, Cotidiano, Colunas. Cobertura nos principais eventos da cidade \u00e9 aqui - Verdadeon Franca","potentialAction":[{"@type":"SearchAction","target":{"@type":"EntryPoint","urlTemplate":"https:\/\/verdadeon.com.br\/portal\/?s={search_term_string}"},"query-input":{"@type":"PropertyValueSpecification","valueRequired":true,"valueName":"search_term_string"}}],"inLanguage":"pt-BR"},{"@type":"Person","@id":"https:\/\/verdadeon.com.br\/portal\/#\/schema\/person\/cc32be22b8e8599387c480bc83e1d11a","name":"Fernando Lima","image":{"@type":"ImageObject","inLanguage":"pt-BR","@id":"https:\/\/verdadeon.com.br\/portal\/#\/schema\/person\/image\/","url":"https:\/\/secure.gravatar.com\/avatar\/df4c8e132080d2b3a4841d5d232045464e0eed11a1d6e43115ca0843d48768d3?s=96&d=mm&r=g","contentUrl":"https:\/\/secure.gravatar.com\/avatar\/df4c8e132080d2b3a4841d5d232045464e0eed11a1d6e43115ca0843d48768d3?s=96&d=mm&r=g","caption":"Fernando Lima"},"sameAs":["http:\/\/verdadeon.com.br\/"],"url":"https:\/\/verdadeon.com.br\/portal\/author\/fernando-lima\/"}]}},"jetpack_publicize_connections":[],"jetpack_featured_media_url":"https:\/\/i0.wp.com\/verdadeon.com.br\/portal\/wp-content\/uploads\/2021\/12\/sessaoextraordinaria-1-e1639686258807.jpeg?fit=998%2C669&ssl=1","jetpack_sharing_enabled":true,"_links":{"self":[{"href":"https:\/\/verdadeon.com.br\/portal\/wp-json\/wp\/v2\/posts\/21690","targetHints":{"allow":["GET"]}}],"collection":[{"href":"https:\/\/verdadeon.com.br\/portal\/wp-json\/wp\/v2\/posts"}],"about":[{"href":"https:\/\/verdadeon.com.br\/portal\/wp-json\/wp\/v2\/types\/post"}],"author":[{"embeddable":true,"href":"https:\/\/verdadeon.com.br\/portal\/wp-json\/wp\/v2\/users\/7"}],"replies":[{"embeddable":true,"href":"https:\/\/verdadeon.com.br\/portal\/wp-json\/wp\/v2\/comments?post=21690"}],"version-history":[{"count":0,"href":"https:\/\/verdadeon.com.br\/portal\/wp-json\/wp\/v2\/posts\/21690\/revisions"}],"wp:featuredmedia":[{"embeddable":true,"href":"https:\/\/verdadeon.com.br\/portal\/wp-json\/wp\/v2\/media\/21691"}],"wp:attachment":[{"href":"https:\/\/verdadeon.com.br\/portal\/wp-json\/wp\/v2\/media?parent=21690"}],"wp:term":[{"taxonomy":"category","embeddable":true,"href":"https:\/\/verdadeon.com.br\/portal\/wp-json\/wp\/v2\/categories?post=21690"},{"taxonomy":"post_tag","embeddable":true,"href":"https:\/\/verdadeon.com.br\/portal\/wp-json\/wp\/v2\/tags?post=21690"}],"curies":[{"name":"wp","href":"https:\/\/api.w.org\/{rel}","templated":true}]}}