{"id":21649,"date":"2021-12-15T10:05:54","date_gmt":"2021-12-15T13:05:54","guid":{"rendered":"https:\/\/verdadeon.com.br\/portal\/?p=21649"},"modified":"2021-12-15T10:05:54","modified_gmt":"2021-12-15T13:05:54","slug":"criterio-de-idade-decide-eleicao-para-presidente-em-patrocinio","status":"publish","type":"post","link":"https:\/\/verdadeon.com.br\/portal\/2021\/12\/15\/criterio-de-idade-decide-eleicao-para-presidente-em-patrocinio\/","title":{"rendered":"Crit\u00e9rio de idade decide elei\u00e7\u00e3o para presidente em Patroc\u00ednio"},"content":{"rendered":"<h2>Mais velho que advers\u00e1rio, Adriano do Ed\u00e3o foi eleito ap\u00f3s empate na vota\u00e7\u00e3o<\/h2>\n<p>A C\u00e2mara Municipal de Patroc\u00ednio Paulista assistiu a uma situa\u00e7\u00e3o rara na noite desta ter\u00e7a-feira, dia 14: Uma diferen\u00e7a de idade de 11 anos decidiu a elei\u00e7\u00e3o para presidente. A vota\u00e7\u00e3o terminou empatada e o eleito foi decidido pelo crit\u00e9rio de idade.<br \/>\nTr\u00eas candidatos disputaram a presid\u00eancia em Patroc\u00ednio Paulista: O atual presidente Luquinha Banana (PSB), Adriano do Ed\u00e3o (PL) e Dandara (MDB).<br \/>\nAdriano e Luquinha receberam quatro votos cada. Dandara teve apenas o pr\u00f3prio voto. O Regimento Interno da C\u00e2mara prev\u00ea que, em caso de empate, o presidente ser\u00e1 o candidato mais velho. Luquinha tem 35 anos. Adriano completou 46 no primeiro dia deste m\u00eas. \u201cEstou muito feliz por ter sido eleito presidente. Pretendo fazer um trabalho em conjunto com todos os vereadores visando sempre o interesse da nossa popula\u00e7\u00e3o\u201d, disse Adriano.<br \/>\nA vit\u00f3ria para presidente marca mais uma reviravolta na curta carreira pol\u00edtica de Adriano. Primeiro suplente do PL, ele assumiu a cadeira de vereador em junho deste ano na vaga deixada por Marc\u00e3o da MR, ent\u00e3o presidente da C\u00e2mara, que morreu v\u00edtima de covid.<br \/>\nAdriano do Ed\u00e3o \u00e9 filho de Edno Chimelo, que foi vereador por quatro mandatos em Patroc\u00ednio. Nas elei\u00e7\u00f5es de 2012, Adriano bateu na trave. N\u00e3o conseguiu se eleger por causa de apenas um voto.<\/p>\n","protected":false},"excerpt":{"rendered":"<p>Mais velho que advers\u00e1rio, Adriano do Ed\u00e3o foi eleito ap\u00f3s empate na vota\u00e7\u00e3o A C\u00e2mara Municipal de Patroc\u00ednio Paulista assistiu a uma situa\u00e7\u00e3o rara na noite<span class=\"excerpt-hellip\"> [\u2026]<\/span><\/p>\n","protected":false},"author":4,"featured_media":21650,"comment_status":"open","ping_status":"open","sticky":false,"template":"","format":"standard","meta":{"_jetpack_memberships_contains_paid_content":false,"footnotes":"","jetpack_publicize_message":"","jetpack_publicize_feature_enabled":true,"jetpack_social_post_already_shared":false,"jetpack_social_options":{"image_generator_settings":{"template":"highway","default_image_id":0,"enabled":false},"version":2}},"categories":[28,44],"tags":[],"class_list":["post-21649","post","type-post","status-publish","format-standard","has-post-thumbnail","hentry","category-cotidiano","category-noticias"],"yoast_head":"<!-- This site is optimized with the Yoast SEO plugin v25.6 - https:\/\/yoast.com\/wordpress\/plugins\/seo\/ -->\n<title>Crit\u00e9rio de idade decide elei\u00e7\u00e3o para presidente em Patroc\u00ednio - VerdadeOn<\/title>\n<meta name=\"robots\" content=\"index, follow, max-snippet:-1, max-image-preview:large, max-video-preview:-1\" \/>\n<link rel=\"canonical\" href=\"https:\/\/verdadeon.com.br\/portal\/2021\/12\/15\/criterio-de-idade-decide-eleicao-para-presidente-em-patrocinio\/\" \/>\n<meta property=\"og:locale\" content=\"pt_BR\" \/>\n<meta property=\"og:type\" content=\"article\" \/>\n<meta property=\"og:title\" content=\"Crit\u00e9rio de idade decide elei\u00e7\u00e3o para presidente em Patroc\u00ednio - VerdadeOn\" \/>\n<meta property=\"og:description\" content=\"Mais velho que advers\u00e1rio, Adriano do Ed\u00e3o foi eleito ap\u00f3s empate na vota\u00e7\u00e3o A C\u00e2mara Municipal de Patroc\u00ednio Paulista assistiu a uma situa\u00e7\u00e3o rara na noite [\u2026]\" \/>\n<meta property=\"og:url\" content=\"https:\/\/verdadeon.com.br\/portal\/2021\/12\/15\/criterio-de-idade-decide-eleicao-para-presidente-em-patrocinio\/\" \/>\n<meta property=\"og:site_name\" content=\"VerdadeOn\" \/>\n<meta property=\"article:published_time\" content=\"2021-12-15T13:05:54+00:00\" \/>\n<meta property=\"og:image\" content=\"https:\/\/verdadeon.com.br\/portal\/wp-content\/uploads\/2021\/12\/WhatsApp-Image-2021-12-15-at-10.03.38.jpeg\" \/>\n\t<meta property=\"og:image:width\" content=\"1000\" \/>\n\t<meta property=\"og:image:height\" content=\"670\" \/>\n\t<meta property=\"og:image:type\" content=\"image\/jpeg\" \/>\n<meta name=\"author\" content=\"Fernando Calixto\" \/>\n<meta name=\"twitter:card\" content=\"summary_large_image\" \/>\n<meta name=\"twitter:label1\" content=\"Escrito por\" \/>\n\t<meta name=\"twitter:data1\" content=\"Fernando Calixto\" \/>\n\t<meta name=\"twitter:label2\" content=\"Est. tempo de leitura\" \/>\n\t<meta name=\"twitter:data2\" content=\"1 minuto\" \/>\n<script type=\"application\/ld+json\" class=\"yoast-schema-graph\">{\"@context\":\"https:\/\/schema.org\",\"@graph\":[{\"@type\":\"WebPage\",\"@id\":\"https:\/\/verdadeon.com.br\/portal\/2021\/12\/15\/criterio-de-idade-decide-eleicao-para-presidente-em-patrocinio\/\",\"url\":\"https:\/\/verdadeon.com.br\/portal\/2021\/12\/15\/criterio-de-idade-decide-eleicao-para-presidente-em-patrocinio\/\",\"name\":\"Crit\u00e9rio de idade decide elei\u00e7\u00e3o para presidente em Patroc\u00ednio - VerdadeOn\",\"isPartOf\":{\"@id\":\"https:\/\/verdadeon.com.br\/portal\/#website\"},\"primaryImageOfPage\":{\"@id\":\"https:\/\/verdadeon.com.br\/portal\/2021\/12\/15\/criterio-de-idade-decide-eleicao-para-presidente-em-patrocinio\/#primaryimage\"},\"image\":{\"@id\":\"https:\/\/verdadeon.com.br\/portal\/2021\/12\/15\/criterio-de-idade-decide-eleicao-para-presidente-em-patrocinio\/#primaryimage\"},\"thumbnailUrl\":\"https:\/\/i0.wp.com\/verdadeon.com.br\/portal\/wp-content\/uploads\/2021\/12\/WhatsApp-Image-2021-12-15-at-10.03.38.jpeg?fit=1000%2C670&ssl=1\",\"datePublished\":\"2021-12-15T13:05:54+00:00\",\"author\":{\"@id\":\"https:\/\/verdadeon.com.br\/portal\/#\/schema\/person\/8994718f49ee62ba5610471e29ca1f62\"},\"breadcrumb\":{\"@id\":\"https:\/\/verdadeon.com.br\/portal\/2021\/12\/15\/criterio-de-idade-decide-eleicao-para-presidente-em-patrocinio\/#breadcrumb\"},\"inLanguage\":\"pt-BR\",\"potentialAction\":[{\"@type\":\"ReadAction\",\"target\":[\"https:\/\/verdadeon.com.br\/portal\/2021\/12\/15\/criterio-de-idade-decide-eleicao-para-presidente-em-patrocinio\/\"]}]},{\"@type\":\"ImageObject\",\"inLanguage\":\"pt-BR\",\"@id\":\"https:\/\/verdadeon.com.br\/portal\/2021\/12\/15\/criterio-de-idade-decide-eleicao-para-presidente-em-patrocinio\/#primaryimage\",\"url\":\"https:\/\/i0.wp.com\/verdadeon.com.br\/portal\/wp-content\/uploads\/2021\/12\/WhatsApp-Image-2021-12-15-at-10.03.38.jpeg?fit=1000%2C670&ssl=1\",\"contentUrl\":\"https:\/\/i0.wp.com\/verdadeon.com.br\/portal\/wp-content\/uploads\/2021\/12\/WhatsApp-Image-2021-12-15-at-10.03.38.jpeg?fit=1000%2C670&ssl=1\",\"width\":1000,\"height\":670,\"caption\":\"Adriano do Ed\u00e3o \u00e9 filho de Edno Chimelo, que foi vereador por quatro mandatos em Patroc\u00ednio\"},{\"@type\":\"BreadcrumbList\",\"@id\":\"https:\/\/verdadeon.com.br\/portal\/2021\/12\/15\/criterio-de-idade-decide-eleicao-para-presidente-em-patrocinio\/#breadcrumb\",\"itemListElement\":[{\"@type\":\"ListItem\",\"position\":1,\"name\":\"In\u00edcio\",\"item\":\"https:\/\/verdadeon.com.br\/portal\/\"},{\"@type\":\"ListItem\",\"position\":2,\"name\":\"Crit\u00e9rio de idade decide elei\u00e7\u00e3o para presidente em Patroc\u00ednio\"}]},{\"@type\":\"WebSite\",\"@id\":\"https:\/\/verdadeon.com.br\/portal\/#website\",\"url\":\"https:\/\/verdadeon.com.br\/portal\/\",\"name\":\"VerdadeOn\",\"description\":\"Not\u00edcias di\u00e1rias sobre Franca, Regi\u00e3o, Esporte, Cultura, Cotidiano, Colunas. Cobertura nos principais eventos da cidade \u00e9 aqui - Verdadeon Franca\",\"potentialAction\":[{\"@type\":\"SearchAction\",\"target\":{\"@type\":\"EntryPoint\",\"urlTemplate\":\"https:\/\/verdadeon.com.br\/portal\/?s={search_term_string}\"},\"query-input\":{\"@type\":\"PropertyValueSpecification\",\"valueRequired\":true,\"valueName\":\"search_term_string\"}}],\"inLanguage\":\"pt-BR\"},{\"@type\":\"Person\",\"@id\":\"https:\/\/verdadeon.com.br\/portal\/#\/schema\/person\/8994718f49ee62ba5610471e29ca1f62\",\"name\":\"Fernando Calixto\",\"image\":{\"@type\":\"ImageObject\",\"inLanguage\":\"pt-BR\",\"@id\":\"https:\/\/verdadeon.com.br\/portal\/#\/schema\/person\/image\/\",\"url\":\"https:\/\/secure.gravatar.com\/avatar\/7578910c24966c0316c340f9dbd601e93ee9f9212e1033968b367af9306bd9fb?s=96&d=mm&r=g\",\"contentUrl\":\"https:\/\/secure.gravatar.com\/avatar\/7578910c24966c0316c340f9dbd601e93ee9f9212e1033968b367af9306bd9fb?s=96&d=mm&r=g\",\"caption\":\"Fernando Calixto\"},\"url\":\"https:\/\/verdadeon.com.br\/portal\/author\/fernando-calixto\/\"}]}<\/script>\n<!-- \/ Yoast SEO plugin. -->","yoast_head_json":{"title":"Crit\u00e9rio de idade decide elei\u00e7\u00e3o para presidente em Patroc\u00ednio - VerdadeOn","robots":{"index":"index","follow":"follow","max-snippet":"max-snippet:-1","max-image-preview":"max-image-preview:large","max-video-preview":"max-video-preview:-1"},"canonical":"https:\/\/verdadeon.com.br\/portal\/2021\/12\/15\/criterio-de-idade-decide-eleicao-para-presidente-em-patrocinio\/","og_locale":"pt_BR","og_type":"article","og_title":"Crit\u00e9rio de idade decide elei\u00e7\u00e3o para presidente em Patroc\u00ednio - VerdadeOn","og_description":"Mais velho que advers\u00e1rio, Adriano do Ed\u00e3o foi eleito ap\u00f3s empate na vota\u00e7\u00e3o A C\u00e2mara Municipal de Patroc\u00ednio Paulista assistiu a uma situa\u00e7\u00e3o rara na noite [\u2026]","og_url":"https:\/\/verdadeon.com.br\/portal\/2021\/12\/15\/criterio-de-idade-decide-eleicao-para-presidente-em-patrocinio\/","og_site_name":"VerdadeOn","article_published_time":"2021-12-15T13:05:54+00:00","og_image":[{"width":1000,"height":670,"url":"https:\/\/verdadeon.com.br\/portal\/wp-content\/uploads\/2021\/12\/WhatsApp-Image-2021-12-15-at-10.03.38.jpeg","type":"image\/jpeg"}],"author":"Fernando Calixto","twitter_card":"summary_large_image","twitter_misc":{"Escrito por":"Fernando Calixto","Est. tempo de leitura":"1 minuto"},"schema":{"@context":"https:\/\/schema.org","@graph":[{"@type":"WebPage","@id":"https:\/\/verdadeon.com.br\/portal\/2021\/12\/15\/criterio-de-idade-decide-eleicao-para-presidente-em-patrocinio\/","url":"https:\/\/verdadeon.com.br\/portal\/2021\/12\/15\/criterio-de-idade-decide-eleicao-para-presidente-em-patrocinio\/","name":"Crit\u00e9rio de idade decide elei\u00e7\u00e3o para presidente em Patroc\u00ednio - VerdadeOn","isPartOf":{"@id":"https:\/\/verdadeon.com.br\/portal\/#website"},"primaryImageOfPage":{"@id":"https:\/\/verdadeon.com.br\/portal\/2021\/12\/15\/criterio-de-idade-decide-eleicao-para-presidente-em-patrocinio\/#primaryimage"},"image":{"@id":"https:\/\/verdadeon.com.br\/portal\/2021\/12\/15\/criterio-de-idade-decide-eleicao-para-presidente-em-patrocinio\/#primaryimage"},"thumbnailUrl":"https:\/\/i0.wp.com\/verdadeon.com.br\/portal\/wp-content\/uploads\/2021\/12\/WhatsApp-Image-2021-12-15-at-10.03.38.jpeg?fit=1000%2C670&ssl=1","datePublished":"2021-12-15T13:05:54+00:00","author":{"@id":"https:\/\/verdadeon.com.br\/portal\/#\/schema\/person\/8994718f49ee62ba5610471e29ca1f62"},"breadcrumb":{"@id":"https:\/\/verdadeon.com.br\/portal\/2021\/12\/15\/criterio-de-idade-decide-eleicao-para-presidente-em-patrocinio\/#breadcrumb"},"inLanguage":"pt-BR","potentialAction":[{"@type":"ReadAction","target":["https:\/\/verdadeon.com.br\/portal\/2021\/12\/15\/criterio-de-idade-decide-eleicao-para-presidente-em-patrocinio\/"]}]},{"@type":"ImageObject","inLanguage":"pt-BR","@id":"https:\/\/verdadeon.com.br\/portal\/2021\/12\/15\/criterio-de-idade-decide-eleicao-para-presidente-em-patrocinio\/#primaryimage","url":"https:\/\/i0.wp.com\/verdadeon.com.br\/portal\/wp-content\/uploads\/2021\/12\/WhatsApp-Image-2021-12-15-at-10.03.38.jpeg?fit=1000%2C670&ssl=1","contentUrl":"https:\/\/i0.wp.com\/verdadeon.com.br\/portal\/wp-content\/uploads\/2021\/12\/WhatsApp-Image-2021-12-15-at-10.03.38.jpeg?fit=1000%2C670&ssl=1","width":1000,"height":670,"caption":"Adriano do Ed\u00e3o \u00e9 filho de Edno Chimelo, que foi vereador por quatro mandatos em Patroc\u00ednio"},{"@type":"BreadcrumbList","@id":"https:\/\/verdadeon.com.br\/portal\/2021\/12\/15\/criterio-de-idade-decide-eleicao-para-presidente-em-patrocinio\/#breadcrumb","itemListElement":[{"@type":"ListItem","position":1,"name":"In\u00edcio","item":"https:\/\/verdadeon.com.br\/portal\/"},{"@type":"ListItem","position":2,"name":"Crit\u00e9rio de idade decide elei\u00e7\u00e3o para presidente em Patroc\u00ednio"}]},{"@type":"WebSite","@id":"https:\/\/verdadeon.com.br\/portal\/#website","url":"https:\/\/verdadeon.com.br\/portal\/","name":"VerdadeOn","description":"Not\u00edcias di\u00e1rias sobre Franca, Regi\u00e3o, Esporte, Cultura, Cotidiano, Colunas. Cobertura nos principais eventos da cidade \u00e9 aqui - Verdadeon Franca","potentialAction":[{"@type":"SearchAction","target":{"@type":"EntryPoint","urlTemplate":"https:\/\/verdadeon.com.br\/portal\/?s={search_term_string}"},"query-input":{"@type":"PropertyValueSpecification","valueRequired":true,"valueName":"search_term_string"}}],"inLanguage":"pt-BR"},{"@type":"Person","@id":"https:\/\/verdadeon.com.br\/portal\/#\/schema\/person\/8994718f49ee62ba5610471e29ca1f62","name":"Fernando Calixto","image":{"@type":"ImageObject","inLanguage":"pt-BR","@id":"https:\/\/verdadeon.com.br\/portal\/#\/schema\/person\/image\/","url":"https:\/\/secure.gravatar.com\/avatar\/7578910c24966c0316c340f9dbd601e93ee9f9212e1033968b367af9306bd9fb?s=96&d=mm&r=g","contentUrl":"https:\/\/secure.gravatar.com\/avatar\/7578910c24966c0316c340f9dbd601e93ee9f9212e1033968b367af9306bd9fb?s=96&d=mm&r=g","caption":"Fernando Calixto"},"url":"https:\/\/verdadeon.com.br\/portal\/author\/fernando-calixto\/"}]}},"jetpack_publicize_connections":[],"jetpack_featured_media_url":"https:\/\/i0.wp.com\/verdadeon.com.br\/portal\/wp-content\/uploads\/2021\/12\/WhatsApp-Image-2021-12-15-at-10.03.38.jpeg?fit=1000%2C670&ssl=1","jetpack_sharing_enabled":true,"_links":{"self":[{"href":"https:\/\/verdadeon.com.br\/portal\/wp-json\/wp\/v2\/posts\/21649","targetHints":{"allow":["GET"]}}],"collection":[{"href":"https:\/\/verdadeon.com.br\/portal\/wp-json\/wp\/v2\/posts"}],"about":[{"href":"https:\/\/verdadeon.com.br\/portal\/wp-json\/wp\/v2\/types\/post"}],"author":[{"embeddable":true,"href":"https:\/\/verdadeon.com.br\/portal\/wp-json\/wp\/v2\/users\/4"}],"replies":[{"embeddable":true,"href":"https:\/\/verdadeon.com.br\/portal\/wp-json\/wp\/v2\/comments?post=21649"}],"version-history":[{"count":0,"href":"https:\/\/verdadeon.com.br\/portal\/wp-json\/wp\/v2\/posts\/21649\/revisions"}],"wp:featuredmedia":[{"embeddable":true,"href":"https:\/\/verdadeon.com.br\/portal\/wp-json\/wp\/v2\/media\/21650"}],"wp:attachment":[{"href":"https:\/\/verdadeon.com.br\/portal\/wp-json\/wp\/v2\/media?parent=21649"}],"wp:term":[{"taxonomy":"category","embeddable":true,"href":"https:\/\/verdadeon.com.br\/portal\/wp-json\/wp\/v2\/categories?post=21649"},{"taxonomy":"post_tag","embeddable":true,"href":"https:\/\/verdadeon.com.br\/portal\/wp-json\/wp\/v2\/tags?post=21649"}],"curies":[{"name":"wp","href":"https:\/\/api.w.org\/{rel}","templated":true}]}}