{"id":21632,"date":"2021-12-14T17:14:52","date_gmt":"2021-12-14T20:14:52","guid":{"rendered":"https:\/\/verdadeon.com.br\/portal\/?p=21632"},"modified":"2021-12-14T17:14:52","modified_gmt":"2021-12-14T20:14:52","slug":"santa-casa-se-manifesta-sobre-caso-da-crianca-que-inseriu-pilha-no-nariz","status":"publish","type":"post","link":"https:\/\/verdadeon.com.br\/portal\/2021\/12\/14\/santa-casa-se-manifesta-sobre-caso-da-crianca-que-inseriu-pilha-no-nariz\/","title":{"rendered":"Santa Casa se manifesta sobre caso da crian\u00e7a que inseriu pilha no nariz"},"content":{"rendered":"<h2>Situa\u00e7\u00e3o foi registrada no \u00faltimo s\u00e1bado, na zona norte da cidade, m\u00e3e reclamou da demora no atendimento do filho<\/h2>\n<p>O Jornal Verdade trouxe na segunda-feira (13), o caso da crian\u00e7a de dois anos que inseriu uma pilha no nariz no \u00faltimo final de semana. Nesta ter\u00e7a-feira (14), A Santa Casa de Franca, que foi alvo de reclama\u00e7\u00f5es da fam\u00edlia, enviou uma nota na qual destaca que agiu seguindo orienta\u00e7\u00f5es m\u00e9dicas.<\/p>\n<h4>Confira a nota na \u00edntegra:<\/h4>\n<p>A Santa Casa de Franca \u00e9 um hospital terci\u00e1rio que atende pacientes de m\u00e9dia e alta complexidade do DRS-VIII. Conta com equipe de v\u00e1rios m\u00e9dicos especialistas para atender a essa demanda. E conforme Resolu\u00e7\u00e3o do Conselho Federal de Medicina, alguns especialistas permanecem em plant\u00e3o presencial e outros &#8220;\u00e0 dist\u00e2ncia&#8221;.<\/p>\n<p>Os casos s\u00e3o avaliados pelo m\u00e9dico generalista (pediatra ou cl\u00ednico geral) de plant\u00e3o presencial que definem a gravidade da situa\u00e7\u00e3o e, se pertinente, entram em contato com os especialistas de plant\u00e3o &#8220;\u00e0 dist\u00e2ncia&#8221; para defini\u00e7\u00e3o da conduta a ser tomada. Nesse caso espec\u00edfico, a crian\u00e7a estava no Pronto Socorro Municipal com hist\u00f3ria de ter introduzido objeto na narina, por\u00e9m sem nenhum fator de gravidade na hist\u00f3ria cl\u00ednica e\/ou exame f\u00edsico pelo que constava na Ficha de Regula\u00e7\u00e3o da CROSS (que \u00e9 quem faz a regula\u00e7\u00e3o entre os setores prim\u00e1rio, secund\u00e1rio e terci\u00e1rio no estado de S\u00e3o Paulo).<\/p>\n<p>Vale lembrar que recebemos essa solicita\u00e7\u00e3o de avalia\u00e7\u00e3o via CROSS por volta das 17h30 do dia 11\/12\/21. \u00c0s 17h34 a ficha foi respondida pela especialista de plant\u00e3o &#8220;\u00e0 dist\u00e2ncia&#8221;, e como n\u00e3o se tratava de um caso de emerg\u00eancia e\/ou urg\u00eancia, foi orientado que a crian\u00e7a fosse \u00e0 Santa Casa de Franca no dia 12\/12\/21 \u00e0s 9h da manh\u00e3 para o procedimento de retirada do corpo estranho da narina, como consta a seguir no relat\u00f3rio feito pela m\u00e9dica especialista a pedido da pr\u00f3pria Santa Casa de Franca para averigua\u00e7\u00e3o do caso ocorrido:<\/p>\n<p>&#8220;Recebi a regula\u00e7\u00e3o vinda da CROSS \u00e0s 17h31, que constava que uma crian\u00e7a est\u00e1vel, eupneica (ou seja, respirando normalmente), saturando 99% em ar ambiente apresentava corpo estranho \u2013 bolinha \u2013 na narina esquerda. Respondi \u00e0s 17h34 que devido ao quadro de estabilidade da mesma, que o procedimento iria ser realizado no PMP (Plant\u00e3o M\u00e9dico Permanente) no dia seguinte \u00e0s 9h da manh\u00e3.\u201d<\/p>\n<p>Por\u00e9m, o SAMU, por conta pr\u00f3pria, resolveu levar a crian\u00e7a de &#8220;vaga 0&#8221; (contr\u00e1rio aos fluxos e protocolos m\u00e9dicos embasados na literatura mundial) at\u00e9 a Santa Casa de Franca. Mesmo assim, CONTRA o que havia sido acordado de conduta, a m\u00e9dica especialista optou por ir naquele momento para resolu\u00e7\u00e3o do caso como exposto no relat\u00f3rio da mesma: &#8211;<\/p>\n<p>&#8220;Recebo a liga\u00e7\u00e3o da pediatra que estava de plant\u00e3o presencial na Santa Casa de Franca relatando que a crian\u00e7a chegou acompanhada da m\u00e3e de SAMU com vaga zero (tipo de entrada em um servi\u00e7o quando \u00e9 uma emerg\u00eancia e n\u00e3o h\u00e1 vagas dispon\u00edveis). Ainda que n\u00e3o houvesse mudan\u00e7a no quadro da crian\u00e7a (pois segundo a pediatra, a mesma se encontrava em completa estabilidade) fui at\u00e9 a Santa Casa para realizar o atendimento.\u201d<\/p>\n<p>No atendimento prestado foi visto que o corpo estranho na narina da crian\u00e7a se tratava de uma &#8220;bateria&#8221;, a qual foi retirada e constatado o que j\u00e1 era sabido que n\u00e3o havia e n\u00e3o teve nenhuma sequela \u00e0s vias respirat\u00f3rias da crian\u00e7a em quest\u00e3o. Segundo a pr\u00f3pria Sociedade Brasileira de Pediatria em seu caderno para recomenda\u00e7\u00f5es de &#8220;Corpos Estranhos nas Vias A\u00e9reas&#8221;, corpos estranhos do tipo baterias demorariam dias ou semanas para causar les\u00f5es graves quando alocadas nas narinas, mostrando assim que a conduta de nossa especialista estava em conformidade com os protocolos atuais seguidos por uma das institui\u00e7\u00f5es mais respeitadas no atendimento \u00e0 crian\u00e7as no Brasil e no mundo.<\/p>\n<p>Por fim, vale salientar a recomenda\u00e7\u00e3o de que os pais devem ter aten\u00e7\u00e3o total \u00e0s crian\u00e7as para evitar acidentes dom\u00e9sticos como esse ou at\u00e9 mais graves, recomenda\u00e7\u00e3o essa refor\u00e7ada pela nossa m\u00e9dica especialista: &#8220;O que fica de alerta para todos \u00e9 que as crian\u00e7as devem ficar sob supervis\u00e3o cont\u00ednua de adultos e que objetos como esses n\u00e3o devem estar dispon\u00edveis em locais onde h\u00e1 crian\u00e7as.&#8221; A Santa Casa de Franca relembra que \u00e9 uma institui\u00e7\u00e3o de 124 anos que nunca deixou de prestar assist\u00eancia de qualidade \u00e0 popula\u00e7\u00e3o de Franca e regi\u00e3o, inclusive mesmo quando n\u00e3o teve apoio dos parceiros que financiam ou fazem parte da estrutura em rede de aten\u00e7\u00e3o \u00e0 sa\u00fade.<\/p>\n<h4>Entenda o caso:<\/h4>\n<p>No s\u00e1bado o pequeno Davi Lucas de 2 anos estava em casa junto com a av\u00f3, no Santa Terezinha na zona norte da cidade. Ap\u00f3s inserir a pilha no nariz, eles buscaram socorro no P.S. Infantil, onde foi realizada uma tentativa de retirada do objeto, mas sem sucesso eles pediram transfer\u00eancia para a Santa Casa.<\/p>\n<p>A m\u00e3e contou que foi informada de que a vaga sairia apenas no domingo, \u00e0s 9h. Ela foi at\u00e9 o pr\u00e9dio do hospital onde ap\u00f3s insistir conseguiu que o objeto fosse retirado no mesmo dia.<\/p>\n<p>Ela reclamou do atendimento prestado pelo hospital e tamb\u00e9m pelo Pronto Socorro Infantil, j\u00e1 que o filho recebeu alta do local mesmo com o objeto ainda alojado na narina.<\/p>\n","protected":false},"excerpt":{"rendered":"<p>Situa\u00e7\u00e3o foi registrada no \u00faltimo s\u00e1bado, na zona norte da cidade, m\u00e3e reclamou da demora no atendimento do filho O Jornal Verdade trouxe na segunda-feira (13),<span class=\"excerpt-hellip\"> [\u2026]<\/span><\/p>\n","protected":false},"author":7,"featured_media":20387,"comment_status":"open","ping_status":"open","sticky":false,"template":"","format":"standard","meta":{"_jetpack_memberships_contains_paid_content":false,"footnotes":"","jetpack_publicize_message":"","jetpack_publicize_feature_enabled":true,"jetpack_social_post_already_shared":false,"jetpack_social_options":{"image_generator_settings":{"template":"highway","default_image_id":0,"enabled":false},"version":2}},"categories":[28,44],"tags":[],"class_list":["post-21632","post","type-post","status-publish","format-standard","has-post-thumbnail","hentry","category-cotidiano","category-noticias"],"yoast_head":"<!-- This site is optimized with the Yoast SEO plugin v25.6 - https:\/\/yoast.com\/wordpress\/plugins\/seo\/ -->\n<title>Santa Casa se manifesta sobre caso da crian\u00e7a que inseriu pilha no nariz - VerdadeOn<\/title>\n<meta name=\"robots\" content=\"index, follow, max-snippet:-1, max-image-preview:large, max-video-preview:-1\" \/>\n<link rel=\"canonical\" href=\"https:\/\/verdadeon.com.br\/portal\/2021\/12\/14\/santa-casa-se-manifesta-sobre-caso-da-crianca-que-inseriu-pilha-no-nariz\/\" \/>\n<meta property=\"og:locale\" content=\"pt_BR\" \/>\n<meta property=\"og:type\" content=\"article\" \/>\n<meta property=\"og:title\" content=\"Santa Casa se manifesta sobre caso da crian\u00e7a que inseriu pilha no nariz - VerdadeOn\" \/>\n<meta property=\"og:description\" content=\"Situa\u00e7\u00e3o foi registrada no \u00faltimo s\u00e1bado, na zona norte da cidade, m\u00e3e reclamou da demora no atendimento do filho O Jornal Verdade trouxe na segunda-feira (13), [\u2026]\" \/>\n<meta property=\"og:url\" content=\"https:\/\/verdadeon.com.br\/portal\/2021\/12\/14\/santa-casa-se-manifesta-sobre-caso-da-crianca-que-inseriu-pilha-no-nariz\/\" \/>\n<meta property=\"og:site_name\" content=\"VerdadeOn\" \/>\n<meta property=\"article:published_time\" content=\"2021-12-14T20:14:52+00:00\" \/>\n<meta property=\"og:image\" content=\"https:\/\/verdadeon.com.br\/portal\/wp-content\/uploads\/2021\/10\/WhatsApp-Image-2021-10-18-at-18.32.24.jpeg\" \/>\n\t<meta property=\"og:image:width\" content=\"1000\" \/>\n\t<meta property=\"og:image:height\" content=\"670\" \/>\n\t<meta property=\"og:image:type\" content=\"image\/jpeg\" \/>\n<meta name=\"author\" content=\"Fernando Lima\" \/>\n<meta name=\"twitter:card\" content=\"summary_large_image\" \/>\n<meta name=\"twitter:label1\" content=\"Escrito por\" \/>\n\t<meta name=\"twitter:data1\" content=\"Fernando Lima\" \/>\n\t<meta name=\"twitter:label2\" content=\"Est. tempo de leitura\" \/>\n\t<meta name=\"twitter:data2\" content=\"4 minutos\" \/>\n<script type=\"application\/ld+json\" class=\"yoast-schema-graph\">{\"@context\":\"https:\/\/schema.org\",\"@graph\":[{\"@type\":\"WebPage\",\"@id\":\"https:\/\/verdadeon.com.br\/portal\/2021\/12\/14\/santa-casa-se-manifesta-sobre-caso-da-crianca-que-inseriu-pilha-no-nariz\/\",\"url\":\"https:\/\/verdadeon.com.br\/portal\/2021\/12\/14\/santa-casa-se-manifesta-sobre-caso-da-crianca-que-inseriu-pilha-no-nariz\/\",\"name\":\"Santa Casa se manifesta sobre caso da crian\u00e7a que inseriu pilha no nariz - VerdadeOn\",\"isPartOf\":{\"@id\":\"https:\/\/verdadeon.com.br\/portal\/#website\"},\"primaryImageOfPage\":{\"@id\":\"https:\/\/verdadeon.com.br\/portal\/2021\/12\/14\/santa-casa-se-manifesta-sobre-caso-da-crianca-que-inseriu-pilha-no-nariz\/#primaryimage\"},\"image\":{\"@id\":\"https:\/\/verdadeon.com.br\/portal\/2021\/12\/14\/santa-casa-se-manifesta-sobre-caso-da-crianca-que-inseriu-pilha-no-nariz\/#primaryimage\"},\"thumbnailUrl\":\"https:\/\/i0.wp.com\/verdadeon.com.br\/portal\/wp-content\/uploads\/2021\/10\/WhatsApp-Image-2021-10-18-at-18.32.24.jpeg?fit=1000%2C670&ssl=1\",\"datePublished\":\"2021-12-14T20:14:52+00:00\",\"author\":{\"@id\":\"https:\/\/verdadeon.com.br\/portal\/#\/schema\/person\/cc32be22b8e8599387c480bc83e1d11a\"},\"breadcrumb\":{\"@id\":\"https:\/\/verdadeon.com.br\/portal\/2021\/12\/14\/santa-casa-se-manifesta-sobre-caso-da-crianca-que-inseriu-pilha-no-nariz\/#breadcrumb\"},\"inLanguage\":\"pt-BR\",\"potentialAction\":[{\"@type\":\"ReadAction\",\"target\":[\"https:\/\/verdadeon.com.br\/portal\/2021\/12\/14\/santa-casa-se-manifesta-sobre-caso-da-crianca-que-inseriu-pilha-no-nariz\/\"]}]},{\"@type\":\"ImageObject\",\"inLanguage\":\"pt-BR\",\"@id\":\"https:\/\/verdadeon.com.br\/portal\/2021\/12\/14\/santa-casa-se-manifesta-sobre-caso-da-crianca-que-inseriu-pilha-no-nariz\/#primaryimage\",\"url\":\"https:\/\/i0.wp.com\/verdadeon.com.br\/portal\/wp-content\/uploads\/2021\/10\/WhatsApp-Image-2021-10-18-at-18.32.24.jpeg?fit=1000%2C670&ssl=1\",\"contentUrl\":\"https:\/\/i0.wp.com\/verdadeon.com.br\/portal\/wp-content\/uploads\/2021\/10\/WhatsApp-Image-2021-10-18-at-18.32.24.jpeg?fit=1000%2C670&ssl=1\",\"width\":1000,\"height\":670,\"caption\":\"Nota foi emitida ap\u00f3s falas de vereador francano contra a institui\u00e7\u00e3o | Foto: Divulga\u00e7\u00e3o\"},{\"@type\":\"BreadcrumbList\",\"@id\":\"https:\/\/verdadeon.com.br\/portal\/2021\/12\/14\/santa-casa-se-manifesta-sobre-caso-da-crianca-que-inseriu-pilha-no-nariz\/#breadcrumb\",\"itemListElement\":[{\"@type\":\"ListItem\",\"position\":1,\"name\":\"In\u00edcio\",\"item\":\"https:\/\/verdadeon.com.br\/portal\/\"},{\"@type\":\"ListItem\",\"position\":2,\"name\":\"Santa Casa se manifesta sobre caso da crian\u00e7a que inseriu pilha no nariz\"}]},{\"@type\":\"WebSite\",\"@id\":\"https:\/\/verdadeon.com.br\/portal\/#website\",\"url\":\"https:\/\/verdadeon.com.br\/portal\/\",\"name\":\"VerdadeOn\",\"description\":\"Not\u00edcias di\u00e1rias sobre Franca, Regi\u00e3o, Esporte, Cultura, Cotidiano, Colunas. Cobertura nos principais eventos da cidade \u00e9 aqui - Verdadeon Franca\",\"potentialAction\":[{\"@type\":\"SearchAction\",\"target\":{\"@type\":\"EntryPoint\",\"urlTemplate\":\"https:\/\/verdadeon.com.br\/portal\/?s={search_term_string}\"},\"query-input\":{\"@type\":\"PropertyValueSpecification\",\"valueRequired\":true,\"valueName\":\"search_term_string\"}}],\"inLanguage\":\"pt-BR\"},{\"@type\":\"Person\",\"@id\":\"https:\/\/verdadeon.com.br\/portal\/#\/schema\/person\/cc32be22b8e8599387c480bc83e1d11a\",\"name\":\"Fernando Lima\",\"image\":{\"@type\":\"ImageObject\",\"inLanguage\":\"pt-BR\",\"@id\":\"https:\/\/verdadeon.com.br\/portal\/#\/schema\/person\/image\/\",\"url\":\"https:\/\/secure.gravatar.com\/avatar\/df4c8e132080d2b3a4841d5d232045464e0eed11a1d6e43115ca0843d48768d3?s=96&d=mm&r=g\",\"contentUrl\":\"https:\/\/secure.gravatar.com\/avatar\/df4c8e132080d2b3a4841d5d232045464e0eed11a1d6e43115ca0843d48768d3?s=96&d=mm&r=g\",\"caption\":\"Fernando Lima\"},\"sameAs\":[\"http:\/\/verdadeon.com.br\/\"],\"url\":\"https:\/\/verdadeon.com.br\/portal\/author\/fernando-lima\/\"}]}<\/script>\n<!-- \/ Yoast SEO plugin. -->","yoast_head_json":{"title":"Santa Casa se manifesta sobre caso da crian\u00e7a que inseriu pilha no nariz - VerdadeOn","robots":{"index":"index","follow":"follow","max-snippet":"max-snippet:-1","max-image-preview":"max-image-preview:large","max-video-preview":"max-video-preview:-1"},"canonical":"https:\/\/verdadeon.com.br\/portal\/2021\/12\/14\/santa-casa-se-manifesta-sobre-caso-da-crianca-que-inseriu-pilha-no-nariz\/","og_locale":"pt_BR","og_type":"article","og_title":"Santa Casa se manifesta sobre caso da crian\u00e7a que inseriu pilha no nariz - VerdadeOn","og_description":"Situa\u00e7\u00e3o foi registrada no \u00faltimo s\u00e1bado, na zona norte da cidade, m\u00e3e reclamou da demora no atendimento do filho O Jornal Verdade trouxe na segunda-feira (13), [\u2026]","og_url":"https:\/\/verdadeon.com.br\/portal\/2021\/12\/14\/santa-casa-se-manifesta-sobre-caso-da-crianca-que-inseriu-pilha-no-nariz\/","og_site_name":"VerdadeOn","article_published_time":"2021-12-14T20:14:52+00:00","og_image":[{"width":1000,"height":670,"url":"https:\/\/verdadeon.com.br\/portal\/wp-content\/uploads\/2021\/10\/WhatsApp-Image-2021-10-18-at-18.32.24.jpeg","type":"image\/jpeg"}],"author":"Fernando Lima","twitter_card":"summary_large_image","twitter_misc":{"Escrito por":"Fernando Lima","Est. tempo de leitura":"4 minutos"},"schema":{"@context":"https:\/\/schema.org","@graph":[{"@type":"WebPage","@id":"https:\/\/verdadeon.com.br\/portal\/2021\/12\/14\/santa-casa-se-manifesta-sobre-caso-da-crianca-que-inseriu-pilha-no-nariz\/","url":"https:\/\/verdadeon.com.br\/portal\/2021\/12\/14\/santa-casa-se-manifesta-sobre-caso-da-crianca-que-inseriu-pilha-no-nariz\/","name":"Santa Casa se manifesta sobre caso da crian\u00e7a que inseriu pilha no nariz - VerdadeOn","isPartOf":{"@id":"https:\/\/verdadeon.com.br\/portal\/#website"},"primaryImageOfPage":{"@id":"https:\/\/verdadeon.com.br\/portal\/2021\/12\/14\/santa-casa-se-manifesta-sobre-caso-da-crianca-que-inseriu-pilha-no-nariz\/#primaryimage"},"image":{"@id":"https:\/\/verdadeon.com.br\/portal\/2021\/12\/14\/santa-casa-se-manifesta-sobre-caso-da-crianca-que-inseriu-pilha-no-nariz\/#primaryimage"},"thumbnailUrl":"https:\/\/i0.wp.com\/verdadeon.com.br\/portal\/wp-content\/uploads\/2021\/10\/WhatsApp-Image-2021-10-18-at-18.32.24.jpeg?fit=1000%2C670&ssl=1","datePublished":"2021-12-14T20:14:52+00:00","author":{"@id":"https:\/\/verdadeon.com.br\/portal\/#\/schema\/person\/cc32be22b8e8599387c480bc83e1d11a"},"breadcrumb":{"@id":"https:\/\/verdadeon.com.br\/portal\/2021\/12\/14\/santa-casa-se-manifesta-sobre-caso-da-crianca-que-inseriu-pilha-no-nariz\/#breadcrumb"},"inLanguage":"pt-BR","potentialAction":[{"@type":"ReadAction","target":["https:\/\/verdadeon.com.br\/portal\/2021\/12\/14\/santa-casa-se-manifesta-sobre-caso-da-crianca-que-inseriu-pilha-no-nariz\/"]}]},{"@type":"ImageObject","inLanguage":"pt-BR","@id":"https:\/\/verdadeon.com.br\/portal\/2021\/12\/14\/santa-casa-se-manifesta-sobre-caso-da-crianca-que-inseriu-pilha-no-nariz\/#primaryimage","url":"https:\/\/i0.wp.com\/verdadeon.com.br\/portal\/wp-content\/uploads\/2021\/10\/WhatsApp-Image-2021-10-18-at-18.32.24.jpeg?fit=1000%2C670&ssl=1","contentUrl":"https:\/\/i0.wp.com\/verdadeon.com.br\/portal\/wp-content\/uploads\/2021\/10\/WhatsApp-Image-2021-10-18-at-18.32.24.jpeg?fit=1000%2C670&ssl=1","width":1000,"height":670,"caption":"Nota foi emitida ap\u00f3s falas de vereador francano contra a institui\u00e7\u00e3o | Foto: Divulga\u00e7\u00e3o"},{"@type":"BreadcrumbList","@id":"https:\/\/verdadeon.com.br\/portal\/2021\/12\/14\/santa-casa-se-manifesta-sobre-caso-da-crianca-que-inseriu-pilha-no-nariz\/#breadcrumb","itemListElement":[{"@type":"ListItem","position":1,"name":"In\u00edcio","item":"https:\/\/verdadeon.com.br\/portal\/"},{"@type":"ListItem","position":2,"name":"Santa Casa se manifesta sobre caso da crian\u00e7a que inseriu pilha no nariz"}]},{"@type":"WebSite","@id":"https:\/\/verdadeon.com.br\/portal\/#website","url":"https:\/\/verdadeon.com.br\/portal\/","name":"VerdadeOn","description":"Not\u00edcias di\u00e1rias sobre Franca, Regi\u00e3o, Esporte, Cultura, Cotidiano, Colunas. Cobertura nos principais eventos da cidade \u00e9 aqui - Verdadeon Franca","potentialAction":[{"@type":"SearchAction","target":{"@type":"EntryPoint","urlTemplate":"https:\/\/verdadeon.com.br\/portal\/?s={search_term_string}"},"query-input":{"@type":"PropertyValueSpecification","valueRequired":true,"valueName":"search_term_string"}}],"inLanguage":"pt-BR"},{"@type":"Person","@id":"https:\/\/verdadeon.com.br\/portal\/#\/schema\/person\/cc32be22b8e8599387c480bc83e1d11a","name":"Fernando Lima","image":{"@type":"ImageObject","inLanguage":"pt-BR","@id":"https:\/\/verdadeon.com.br\/portal\/#\/schema\/person\/image\/","url":"https:\/\/secure.gravatar.com\/avatar\/df4c8e132080d2b3a4841d5d232045464e0eed11a1d6e43115ca0843d48768d3?s=96&d=mm&r=g","contentUrl":"https:\/\/secure.gravatar.com\/avatar\/df4c8e132080d2b3a4841d5d232045464e0eed11a1d6e43115ca0843d48768d3?s=96&d=mm&r=g","caption":"Fernando Lima"},"sameAs":["http:\/\/verdadeon.com.br\/"],"url":"https:\/\/verdadeon.com.br\/portal\/author\/fernando-lima\/"}]}},"jetpack_publicize_connections":[],"jetpack_featured_media_url":"https:\/\/i0.wp.com\/verdadeon.com.br\/portal\/wp-content\/uploads\/2021\/10\/WhatsApp-Image-2021-10-18-at-18.32.24.jpeg?fit=1000%2C670&ssl=1","jetpack_sharing_enabled":true,"_links":{"self":[{"href":"https:\/\/verdadeon.com.br\/portal\/wp-json\/wp\/v2\/posts\/21632","targetHints":{"allow":["GET"]}}],"collection":[{"href":"https:\/\/verdadeon.com.br\/portal\/wp-json\/wp\/v2\/posts"}],"about":[{"href":"https:\/\/verdadeon.com.br\/portal\/wp-json\/wp\/v2\/types\/post"}],"author":[{"embeddable":true,"href":"https:\/\/verdadeon.com.br\/portal\/wp-json\/wp\/v2\/users\/7"}],"replies":[{"embeddable":true,"href":"https:\/\/verdadeon.com.br\/portal\/wp-json\/wp\/v2\/comments?post=21632"}],"version-history":[{"count":0,"href":"https:\/\/verdadeon.com.br\/portal\/wp-json\/wp\/v2\/posts\/21632\/revisions"}],"wp:featuredmedia":[{"embeddable":true,"href":"https:\/\/verdadeon.com.br\/portal\/wp-json\/wp\/v2\/media\/20387"}],"wp:attachment":[{"href":"https:\/\/verdadeon.com.br\/portal\/wp-json\/wp\/v2\/media?parent=21632"}],"wp:term":[{"taxonomy":"category","embeddable":true,"href":"https:\/\/verdadeon.com.br\/portal\/wp-json\/wp\/v2\/categories?post=21632"},{"taxonomy":"post_tag","embeddable":true,"href":"https:\/\/verdadeon.com.br\/portal\/wp-json\/wp\/v2\/tags?post=21632"}],"curies":[{"name":"wp","href":"https:\/\/api.w.org\/{rel}","templated":true}]}}