{"id":21619,"date":"2021-12-13T18:48:04","date_gmt":"2021-12-13T21:48:04","guid":{"rendered":"https:\/\/verdadeon.com.br\/portal\/?p=21619"},"modified":"2021-12-13T18:48:04","modified_gmt":"2021-12-13T21:48:04","slug":"tamandua-bandeira-e-solto-em-mata-apos-ser-capturado-em-franca","status":"publish","type":"post","link":"https:\/\/verdadeon.com.br\/portal\/2021\/12\/13\/tamandua-bandeira-e-solto-em-mata-apos-ser-capturado-em-franca\/","title":{"rendered":"Tamandu\u00e1-bandeira \u00e9 solto em mata ap\u00f3s ser capturado em Franca"},"content":{"rendered":"<h2>O animal foi capturado na zona oeste da cidade na madrugada desta segunda-feira<\/h2>\n<p>A Pol\u00edcia Ambiental de Franca soltou um tamandu\u00e1-bandeira em uma mata ciliar, na rodovia Nestor Ferreira, em Restinga. O animal foi liberado ap\u00f3s passar por atendimento veterin\u00e1rio.<\/p>\n<p>Tudo teve in\u00edcio ainda nas primeiras horas da manh\u00e3 desta segunda-feira (13), quando moradores do Jardim Derm\u00ednio, na zona oeste da cidade, acionaram os bombeiros para capturar o animal que caminhava pelas ruas do bairro.<\/p>\n<p>Quando os bombeiros chegaram no local ele havia entrado em uma resid\u00eancia, mas foi capturado com os devidos cuidados e colocado em uma gaiola.<\/p>\n<p>O tamandu\u00e1 foi levado para a sede da ambiental, onde passou por cuidados, e por estar saud\u00e1vel foi solto em seu habitat natural.<\/p>\n<p>A principal recomenda\u00e7\u00e3o ao encontrar um animal selvagem, como o tamandu\u00e1, \u00e9 sempre manter-se distante e acionar as autoridades ambientais ou o Corpo de Bombeiros, que sempre far\u00e3o o resgate com seguran\u00e7a tanto para o animal, quanto para as pessoas.<\/p>\n<h4>Preso<\/h4>\n<p>Um usu\u00e1rio de drogas de 48 anos, foi preso em flagrante na zona norte da cidade, ap\u00f3s cortar a mangueira do botij\u00e3o de g\u00e1s da casa da m\u00e3e dele, na rua Josu\u00e9 Domingos.<\/p>\n<p>Segundo os bombeiros, o corte provocou uma explos\u00e3o na resid\u00eancia, que ficou completamente destru\u00edda. Por sorte ningu\u00e9m ficou ferido.<\/p>\n<p>Ap\u00f3s a a\u00e7\u00e3o o suspeito fugiu, mas a tarde voltou ao local e ap\u00f3s ser denunciado, foi preso em flagrante pela Pol\u00edcia Militar.<\/p>\n<p>Ele foi levado para a Central de Pol\u00edcia Judici\u00e1ria (CPJ), onde foi ouvido e ap\u00f3s recolhido ao Sistema Prisional de FRANCA.<\/p>\n<p>A v\u00edtima contou que j\u00e1 foi amea\u00e7ada diversas vezes pelo homem, e que precisou sair da casa onde morava para morar com outra filha, j\u00e1 que corria o risco de ser assassinada.<\/p>\n","protected":false},"excerpt":{"rendered":"<p>O animal foi capturado na zona oeste da cidade na madrugada desta segunda-feira A Pol\u00edcia Ambiental de Franca soltou um tamandu\u00e1-bandeira em uma mata ciliar, na<span class=\"excerpt-hellip\"> [\u2026]<\/span><\/p>\n","protected":false},"author":7,"featured_media":21621,"comment_status":"open","ping_status":"open","sticky":false,"template":"","format":"standard","meta":{"_jetpack_memberships_contains_paid_content":false,"footnotes":"","jetpack_publicize_message":"","jetpack_publicize_feature_enabled":true,"jetpack_social_post_already_shared":false,"jetpack_social_options":{"image_generator_settings":{"template":"highway","default_image_id":0,"enabled":false},"version":2}},"categories":[28,44],"tags":[],"class_list":["post-21619","post","type-post","status-publish","format-standard","has-post-thumbnail","hentry","category-cotidiano","category-noticias"],"yoast_head":"<!-- This site is optimized with the Yoast SEO plugin v25.6 - https:\/\/yoast.com\/wordpress\/plugins\/seo\/ -->\n<title>Tamandu\u00e1-bandeira \u00e9 solto em mata ap\u00f3s ser capturado em Franca - VerdadeOn<\/title>\n<meta name=\"robots\" content=\"index, follow, max-snippet:-1, max-image-preview:large, max-video-preview:-1\" \/>\n<link rel=\"canonical\" href=\"https:\/\/verdadeon.com.br\/portal\/2021\/12\/13\/tamandua-bandeira-e-solto-em-mata-apos-ser-capturado-em-franca\/\" \/>\n<meta property=\"og:locale\" content=\"pt_BR\" \/>\n<meta property=\"og:type\" content=\"article\" \/>\n<meta property=\"og:title\" content=\"Tamandu\u00e1-bandeira \u00e9 solto em mata ap\u00f3s ser capturado em Franca - VerdadeOn\" \/>\n<meta property=\"og:description\" content=\"O animal foi capturado na zona oeste da cidade na madrugada desta segunda-feira A Pol\u00edcia Ambiental de Franca soltou um tamandu\u00e1-bandeira em uma mata ciliar, na [\u2026]\" \/>\n<meta property=\"og:url\" content=\"https:\/\/verdadeon.com.br\/portal\/2021\/12\/13\/tamandua-bandeira-e-solto-em-mata-apos-ser-capturado-em-franca\/\" \/>\n<meta property=\"og:site_name\" content=\"VerdadeOn\" \/>\n<meta property=\"article:published_time\" content=\"2021-12-13T21:48:04+00:00\" \/>\n<meta property=\"og:image\" content=\"https:\/\/verdadeon.com.br\/portal\/wp-content\/uploads\/2021\/12\/AMBIENTAL-e1639431988657.png\" \/>\n\t<meta property=\"og:image:width\" content=\"1001\" \/>\n\t<meta property=\"og:image:height\" content=\"670\" \/>\n\t<meta property=\"og:image:type\" content=\"image\/png\" \/>\n<meta name=\"author\" content=\"Fernando Lima\" \/>\n<meta name=\"twitter:card\" content=\"summary_large_image\" \/>\n<meta name=\"twitter:label1\" content=\"Escrito por\" \/>\n\t<meta name=\"twitter:data1\" content=\"Fernando Lima\" \/>\n\t<meta name=\"twitter:label2\" content=\"Est. tempo de leitura\" \/>\n\t<meta name=\"twitter:data2\" content=\"2 minutos\" \/>\n<script type=\"application\/ld+json\" class=\"yoast-schema-graph\">{\"@context\":\"https:\/\/schema.org\",\"@graph\":[{\"@type\":\"WebPage\",\"@id\":\"https:\/\/verdadeon.com.br\/portal\/2021\/12\/13\/tamandua-bandeira-e-solto-em-mata-apos-ser-capturado-em-franca\/\",\"url\":\"https:\/\/verdadeon.com.br\/portal\/2021\/12\/13\/tamandua-bandeira-e-solto-em-mata-apos-ser-capturado-em-franca\/\",\"name\":\"Tamandu\u00e1-bandeira \u00e9 solto em mata ap\u00f3s ser capturado em Franca - VerdadeOn\",\"isPartOf\":{\"@id\":\"https:\/\/verdadeon.com.br\/portal\/#website\"},\"primaryImageOfPage\":{\"@id\":\"https:\/\/verdadeon.com.br\/portal\/2021\/12\/13\/tamandua-bandeira-e-solto-em-mata-apos-ser-capturado-em-franca\/#primaryimage\"},\"image\":{\"@id\":\"https:\/\/verdadeon.com.br\/portal\/2021\/12\/13\/tamandua-bandeira-e-solto-em-mata-apos-ser-capturado-em-franca\/#primaryimage\"},\"thumbnailUrl\":\"https:\/\/i0.wp.com\/verdadeon.com.br\/portal\/wp-content\/uploads\/2021\/12\/AMBIENTAL-e1639431988657.png?fit=1001%2C670&ssl=1\",\"datePublished\":\"2021-12-13T21:48:04+00:00\",\"author\":{\"@id\":\"https:\/\/verdadeon.com.br\/portal\/#\/schema\/person\/cc32be22b8e8599387c480bc83e1d11a\"},\"breadcrumb\":{\"@id\":\"https:\/\/verdadeon.com.br\/portal\/2021\/12\/13\/tamandua-bandeira-e-solto-em-mata-apos-ser-capturado-em-franca\/#breadcrumb\"},\"inLanguage\":\"pt-BR\",\"potentialAction\":[{\"@type\":\"ReadAction\",\"target\":[\"https:\/\/verdadeon.com.br\/portal\/2021\/12\/13\/tamandua-bandeira-e-solto-em-mata-apos-ser-capturado-em-franca\/\"]}]},{\"@type\":\"ImageObject\",\"inLanguage\":\"pt-BR\",\"@id\":\"https:\/\/verdadeon.com.br\/portal\/2021\/12\/13\/tamandua-bandeira-e-solto-em-mata-apos-ser-capturado-em-franca\/#primaryimage\",\"url\":\"https:\/\/i0.wp.com\/verdadeon.com.br\/portal\/wp-content\/uploads\/2021\/12\/AMBIENTAL-e1639431988657.png?fit=1001%2C670&ssl=1\",\"contentUrl\":\"https:\/\/i0.wp.com\/verdadeon.com.br\/portal\/wp-content\/uploads\/2021\/12\/AMBIENTAL-e1639431988657.png?fit=1001%2C670&ssl=1\",\"width\":1001,\"height\":670,\"caption\":\"Tamandu\u00e1-bandeira foi solto em mata na rodovia que liga Franca a Restinga, na tarde desta segunda-feira (13) | Foto: Reprodu\u00e7\u00e3o\"},{\"@type\":\"BreadcrumbList\",\"@id\":\"https:\/\/verdadeon.com.br\/portal\/2021\/12\/13\/tamandua-bandeira-e-solto-em-mata-apos-ser-capturado-em-franca\/#breadcrumb\",\"itemListElement\":[{\"@type\":\"ListItem\",\"position\":1,\"name\":\"In\u00edcio\",\"item\":\"https:\/\/verdadeon.com.br\/portal\/\"},{\"@type\":\"ListItem\",\"position\":2,\"name\":\"Tamandu\u00e1-bandeira \u00e9 solto em mata ap\u00f3s ser capturado em Franca\"}]},{\"@type\":\"WebSite\",\"@id\":\"https:\/\/verdadeon.com.br\/portal\/#website\",\"url\":\"https:\/\/verdadeon.com.br\/portal\/\",\"name\":\"VerdadeOn\",\"description\":\"Not\u00edcias di\u00e1rias sobre Franca, Regi\u00e3o, Esporte, Cultura, Cotidiano, Colunas. Cobertura nos principais eventos da cidade \u00e9 aqui - Verdadeon Franca\",\"potentialAction\":[{\"@type\":\"SearchAction\",\"target\":{\"@type\":\"EntryPoint\",\"urlTemplate\":\"https:\/\/verdadeon.com.br\/portal\/?s={search_term_string}\"},\"query-input\":{\"@type\":\"PropertyValueSpecification\",\"valueRequired\":true,\"valueName\":\"search_term_string\"}}],\"inLanguage\":\"pt-BR\"},{\"@type\":\"Person\",\"@id\":\"https:\/\/verdadeon.com.br\/portal\/#\/schema\/person\/cc32be22b8e8599387c480bc83e1d11a\",\"name\":\"Fernando Lima\",\"image\":{\"@type\":\"ImageObject\",\"inLanguage\":\"pt-BR\",\"@id\":\"https:\/\/verdadeon.com.br\/portal\/#\/schema\/person\/image\/\",\"url\":\"https:\/\/secure.gravatar.com\/avatar\/df4c8e132080d2b3a4841d5d232045464e0eed11a1d6e43115ca0843d48768d3?s=96&d=mm&r=g\",\"contentUrl\":\"https:\/\/secure.gravatar.com\/avatar\/df4c8e132080d2b3a4841d5d232045464e0eed11a1d6e43115ca0843d48768d3?s=96&d=mm&r=g\",\"caption\":\"Fernando Lima\"},\"sameAs\":[\"http:\/\/verdadeon.com.br\/\"],\"url\":\"https:\/\/verdadeon.com.br\/portal\/author\/fernando-lima\/\"}]}<\/script>\n<!-- \/ Yoast SEO plugin. -->","yoast_head_json":{"title":"Tamandu\u00e1-bandeira \u00e9 solto em mata ap\u00f3s ser capturado em Franca - VerdadeOn","robots":{"index":"index","follow":"follow","max-snippet":"max-snippet:-1","max-image-preview":"max-image-preview:large","max-video-preview":"max-video-preview:-1"},"canonical":"https:\/\/verdadeon.com.br\/portal\/2021\/12\/13\/tamandua-bandeira-e-solto-em-mata-apos-ser-capturado-em-franca\/","og_locale":"pt_BR","og_type":"article","og_title":"Tamandu\u00e1-bandeira \u00e9 solto em mata ap\u00f3s ser capturado em Franca - VerdadeOn","og_description":"O animal foi capturado na zona oeste da cidade na madrugada desta segunda-feira A Pol\u00edcia Ambiental de Franca soltou um tamandu\u00e1-bandeira em uma mata ciliar, na [\u2026]","og_url":"https:\/\/verdadeon.com.br\/portal\/2021\/12\/13\/tamandua-bandeira-e-solto-em-mata-apos-ser-capturado-em-franca\/","og_site_name":"VerdadeOn","article_published_time":"2021-12-13T21:48:04+00:00","og_image":[{"width":1001,"height":670,"url":"https:\/\/verdadeon.com.br\/portal\/wp-content\/uploads\/2021\/12\/AMBIENTAL-e1639431988657.png","type":"image\/png"}],"author":"Fernando Lima","twitter_card":"summary_large_image","twitter_misc":{"Escrito por":"Fernando Lima","Est. tempo de leitura":"2 minutos"},"schema":{"@context":"https:\/\/schema.org","@graph":[{"@type":"WebPage","@id":"https:\/\/verdadeon.com.br\/portal\/2021\/12\/13\/tamandua-bandeira-e-solto-em-mata-apos-ser-capturado-em-franca\/","url":"https:\/\/verdadeon.com.br\/portal\/2021\/12\/13\/tamandua-bandeira-e-solto-em-mata-apos-ser-capturado-em-franca\/","name":"Tamandu\u00e1-bandeira \u00e9 solto em mata ap\u00f3s ser capturado em Franca - VerdadeOn","isPartOf":{"@id":"https:\/\/verdadeon.com.br\/portal\/#website"},"primaryImageOfPage":{"@id":"https:\/\/verdadeon.com.br\/portal\/2021\/12\/13\/tamandua-bandeira-e-solto-em-mata-apos-ser-capturado-em-franca\/#primaryimage"},"image":{"@id":"https:\/\/verdadeon.com.br\/portal\/2021\/12\/13\/tamandua-bandeira-e-solto-em-mata-apos-ser-capturado-em-franca\/#primaryimage"},"thumbnailUrl":"https:\/\/i0.wp.com\/verdadeon.com.br\/portal\/wp-content\/uploads\/2021\/12\/AMBIENTAL-e1639431988657.png?fit=1001%2C670&ssl=1","datePublished":"2021-12-13T21:48:04+00:00","author":{"@id":"https:\/\/verdadeon.com.br\/portal\/#\/schema\/person\/cc32be22b8e8599387c480bc83e1d11a"},"breadcrumb":{"@id":"https:\/\/verdadeon.com.br\/portal\/2021\/12\/13\/tamandua-bandeira-e-solto-em-mata-apos-ser-capturado-em-franca\/#breadcrumb"},"inLanguage":"pt-BR","potentialAction":[{"@type":"ReadAction","target":["https:\/\/verdadeon.com.br\/portal\/2021\/12\/13\/tamandua-bandeira-e-solto-em-mata-apos-ser-capturado-em-franca\/"]}]},{"@type":"ImageObject","inLanguage":"pt-BR","@id":"https:\/\/verdadeon.com.br\/portal\/2021\/12\/13\/tamandua-bandeira-e-solto-em-mata-apos-ser-capturado-em-franca\/#primaryimage","url":"https:\/\/i0.wp.com\/verdadeon.com.br\/portal\/wp-content\/uploads\/2021\/12\/AMBIENTAL-e1639431988657.png?fit=1001%2C670&ssl=1","contentUrl":"https:\/\/i0.wp.com\/verdadeon.com.br\/portal\/wp-content\/uploads\/2021\/12\/AMBIENTAL-e1639431988657.png?fit=1001%2C670&ssl=1","width":1001,"height":670,"caption":"Tamandu\u00e1-bandeira foi solto em mata na rodovia que liga Franca a Restinga, na tarde desta segunda-feira (13) | Foto: Reprodu\u00e7\u00e3o"},{"@type":"BreadcrumbList","@id":"https:\/\/verdadeon.com.br\/portal\/2021\/12\/13\/tamandua-bandeira-e-solto-em-mata-apos-ser-capturado-em-franca\/#breadcrumb","itemListElement":[{"@type":"ListItem","position":1,"name":"In\u00edcio","item":"https:\/\/verdadeon.com.br\/portal\/"},{"@type":"ListItem","position":2,"name":"Tamandu\u00e1-bandeira \u00e9 solto em mata ap\u00f3s ser capturado em Franca"}]},{"@type":"WebSite","@id":"https:\/\/verdadeon.com.br\/portal\/#website","url":"https:\/\/verdadeon.com.br\/portal\/","name":"VerdadeOn","description":"Not\u00edcias di\u00e1rias sobre Franca, Regi\u00e3o, Esporte, Cultura, Cotidiano, Colunas. Cobertura nos principais eventos da cidade \u00e9 aqui - Verdadeon Franca","potentialAction":[{"@type":"SearchAction","target":{"@type":"EntryPoint","urlTemplate":"https:\/\/verdadeon.com.br\/portal\/?s={search_term_string}"},"query-input":{"@type":"PropertyValueSpecification","valueRequired":true,"valueName":"search_term_string"}}],"inLanguage":"pt-BR"},{"@type":"Person","@id":"https:\/\/verdadeon.com.br\/portal\/#\/schema\/person\/cc32be22b8e8599387c480bc83e1d11a","name":"Fernando Lima","image":{"@type":"ImageObject","inLanguage":"pt-BR","@id":"https:\/\/verdadeon.com.br\/portal\/#\/schema\/person\/image\/","url":"https:\/\/secure.gravatar.com\/avatar\/df4c8e132080d2b3a4841d5d232045464e0eed11a1d6e43115ca0843d48768d3?s=96&d=mm&r=g","contentUrl":"https:\/\/secure.gravatar.com\/avatar\/df4c8e132080d2b3a4841d5d232045464e0eed11a1d6e43115ca0843d48768d3?s=96&d=mm&r=g","caption":"Fernando Lima"},"sameAs":["http:\/\/verdadeon.com.br\/"],"url":"https:\/\/verdadeon.com.br\/portal\/author\/fernando-lima\/"}]}},"jetpack_publicize_connections":[],"jetpack_featured_media_url":"https:\/\/i0.wp.com\/verdadeon.com.br\/portal\/wp-content\/uploads\/2021\/12\/AMBIENTAL-e1639431988657.png?fit=1001%2C670&ssl=1","jetpack_sharing_enabled":true,"_links":{"self":[{"href":"https:\/\/verdadeon.com.br\/portal\/wp-json\/wp\/v2\/posts\/21619","targetHints":{"allow":["GET"]}}],"collection":[{"href":"https:\/\/verdadeon.com.br\/portal\/wp-json\/wp\/v2\/posts"}],"about":[{"href":"https:\/\/verdadeon.com.br\/portal\/wp-json\/wp\/v2\/types\/post"}],"author":[{"embeddable":true,"href":"https:\/\/verdadeon.com.br\/portal\/wp-json\/wp\/v2\/users\/7"}],"replies":[{"embeddable":true,"href":"https:\/\/verdadeon.com.br\/portal\/wp-json\/wp\/v2\/comments?post=21619"}],"version-history":[{"count":0,"href":"https:\/\/verdadeon.com.br\/portal\/wp-json\/wp\/v2\/posts\/21619\/revisions"}],"wp:featuredmedia":[{"embeddable":true,"href":"https:\/\/verdadeon.com.br\/portal\/wp-json\/wp\/v2\/media\/21621"}],"wp:attachment":[{"href":"https:\/\/verdadeon.com.br\/portal\/wp-json\/wp\/v2\/media?parent=21619"}],"wp:term":[{"taxonomy":"category","embeddable":true,"href":"https:\/\/verdadeon.com.br\/portal\/wp-json\/wp\/v2\/categories?post=21619"},{"taxonomy":"post_tag","embeddable":true,"href":"https:\/\/verdadeon.com.br\/portal\/wp-json\/wp\/v2\/tags?post=21619"}],"curies":[{"name":"wp","href":"https:\/\/api.w.org\/{rel}","templated":true}]}}