{"id":21608,"date":"2021-12-13T18:00:52","date_gmt":"2021-12-13T21:00:52","guid":{"rendered":"https:\/\/verdadeon.com.br\/portal\/?p=21608"},"modified":"2021-12-13T18:00:52","modified_gmt":"2021-12-13T21:00:52","slug":"defesa-civil-emite-alerta-chuvas-intensas-devem-atingir-franca-nos-proximos-dias","status":"publish","type":"post","link":"https:\/\/verdadeon.com.br\/portal\/2021\/12\/13\/defesa-civil-emite-alerta-chuvas-intensas-devem-atingir-franca-nos-proximos-dias\/","title":{"rendered":"Defesa Civil emite alerta: chuvas intensas devem atingir Franca nos pr\u00f3ximos dias"},"content":{"rendered":"<h2>Aviso meteorol\u00f3gico segue at\u00e9 a sexta-feira (17), chuvas devem permanecer por aqui pelo menos at\u00e9 dia 21<\/h2>\n<p>A Defesa Civil do Estado de S\u00e3o Paulo inseriu Franca no estado de alerta por conta de chuvas intensas nos pr\u00f3ximos dias, o aviso \u00e9 v\u00e1lido do dia 14 at\u00e9 o dia 17 de dezembro. &#8220;H\u00e1 previs\u00e3o de chuvas fortes, cont\u00ednuas e volumosas, seguidas por raios, ventos e granizo&#8221;, informou a D.C.<\/p>\n<p>Diante o cen\u00e1rio, o \u00f3rg\u00e3o recomenda aten\u00e7\u00e3o especial as \u00e1reas mais vulner\u00e1veis, pois h\u00e1 risco de deslizamentos de terra e enchentes. Em caso de rajadas de vento a recomenda\u00e7\u00e3o \u00e9 n\u00e3o se abrigar debaixo de \u00e1rvores, pois h\u00e1 risco de queda e descargas el\u00e9tricas, al\u00e9m disso recomenda n\u00e3o estacionar ve\u00edculos pr\u00f3ximos a torres de transmiss\u00e3o e placas de propaganda. Em caso de emerg\u00eancias a popula\u00e7\u00e3o pode acionar a Defesa Civil pelo 199, ou os bombeiros, pelo 193.<\/p>\n<p>De acordo com a Somar Meteorologia, que pertence \u00e0 Defesa Civil, na ter\u00e7a-feira (14), pode chover at\u00e9 20mm em Franca, o que \u00e9 considerado um volume alto. Na quarta-feira (15) o volume ser\u00e1 ainda maior, com 32 mm, j\u00e1 na quinta-feira (16), volta ao patamar de 20mm.\u00a0No \u00faltimo dia de alerta, na sexta-feira (17), a cidade pode receber at\u00e9 26mm.<\/p>\n<p>A Somar divulgou ainda que o final de semana deve ser de chuva intensa, cen\u00e1rio que deve se manter pelo menos at\u00e9 a pr\u00f3xima ter\u00e7a-feira (22).<\/p>\n<p>Nos 13 primeiros dias de dezembro j\u00e1 choveu 76mm em Franca, de acordo com os gr\u00e1ficos da Defesa Civil.<\/p>\n<h4>Temperatura<\/h4>\n<p>No per\u00edodo de alerta da Defesa Civil, as temperaturas sofrem quedas significativas e n\u00e3o passam dos 26\u00b0. Na ter\u00e7a-feira a m\u00ednima ser\u00e1 de 19\u00b0 e a m\u00e1xima 26\u00b0, enquanto que na quarta-feira a m\u00ednima fica em 20\u00b0, e a m\u00e1xima n\u00e3o deve passar dos 25\u00b0.<\/p>\n<p>Quinta-feira o cen\u00e1rio se mant\u00e9m com m\u00e1xima que n\u00e3o vai passar dos 25\u00b0. No \u00faltimo dia de alerta, a sexta-feira tem temperaturas entre 20\u00b0 e 26\u00b0.<\/p>\n","protected":false},"excerpt":{"rendered":"<p>Aviso meteorol\u00f3gico segue at\u00e9 a sexta-feira (17), chuvas devem permanecer por aqui pelo menos at\u00e9 dia 21 A Defesa Civil do Estado de S\u00e3o Paulo inseriu<span class=\"excerpt-hellip\"> [\u2026]<\/span><\/p>\n","protected":false},"author":7,"featured_media":19748,"comment_status":"open","ping_status":"open","sticky":false,"template":"","format":"standard","meta":{"_jetpack_memberships_contains_paid_content":false,"footnotes":"","jetpack_publicize_message":"","jetpack_publicize_feature_enabled":true,"jetpack_social_post_already_shared":false,"jetpack_social_options":{"image_generator_settings":{"template":"highway","default_image_id":0,"enabled":false},"version":2}},"categories":[28,81],"tags":[],"class_list":["post-21608","post","type-post","status-publish","format-standard","has-post-thumbnail","hentry","category-cotidiano","category-manchete"],"yoast_head":"<!-- This site is optimized with the Yoast SEO plugin v25.6 - https:\/\/yoast.com\/wordpress\/plugins\/seo\/ -->\n<title>Defesa Civil emite alerta: chuvas intensas devem atingir Franca nos pr\u00f3ximos dias - VerdadeOn<\/title>\n<meta name=\"robots\" content=\"index, follow, max-snippet:-1, max-image-preview:large, max-video-preview:-1\" \/>\n<link rel=\"canonical\" href=\"https:\/\/verdadeon.com.br\/portal\/2021\/12\/13\/defesa-civil-emite-alerta-chuvas-intensas-devem-atingir-franca-nos-proximos-dias\/\" \/>\n<meta property=\"og:locale\" content=\"pt_BR\" \/>\n<meta property=\"og:type\" content=\"article\" \/>\n<meta property=\"og:title\" content=\"Defesa Civil emite alerta: chuvas intensas devem atingir Franca nos pr\u00f3ximos dias - VerdadeOn\" \/>\n<meta property=\"og:description\" content=\"Aviso meteorol\u00f3gico segue at\u00e9 a sexta-feira (17), chuvas devem permanecer por aqui pelo menos at\u00e9 dia 21 A Defesa Civil do Estado de S\u00e3o Paulo inseriu [\u2026]\" \/>\n<meta property=\"og:url\" content=\"https:\/\/verdadeon.com.br\/portal\/2021\/12\/13\/defesa-civil-emite-alerta-chuvas-intensas-devem-atingir-franca-nos-proximos-dias\/\" \/>\n<meta property=\"og:site_name\" content=\"VerdadeOn\" \/>\n<meta property=\"article:published_time\" content=\"2021-12-13T21:00:52+00:00\" \/>\n<meta property=\"og:image\" content=\"https:\/\/verdadeon.com.br\/portal\/wp-content\/uploads\/2021\/09\/PANORAMICA-DE-FRANCA-FOTO-FERNANDO-CALIXTO-JORNAL-VERDADE.jpeg\" \/>\n\t<meta property=\"og:image:width\" content=\"1000\" \/>\n\t<meta property=\"og:image:height\" content=\"670\" \/>\n\t<meta property=\"og:image:type\" content=\"image\/jpeg\" \/>\n<meta name=\"author\" content=\"Fernando Lima\" \/>\n<meta name=\"twitter:card\" content=\"summary_large_image\" \/>\n<meta name=\"twitter:label1\" content=\"Escrito por\" \/>\n\t<meta name=\"twitter:data1\" content=\"Fernando Lima\" \/>\n\t<meta name=\"twitter:label2\" content=\"Est. tempo de leitura\" \/>\n\t<meta name=\"twitter:data2\" content=\"2 minutos\" \/>\n<script type=\"application\/ld+json\" class=\"yoast-schema-graph\">{\"@context\":\"https:\/\/schema.org\",\"@graph\":[{\"@type\":\"WebPage\",\"@id\":\"https:\/\/verdadeon.com.br\/portal\/2021\/12\/13\/defesa-civil-emite-alerta-chuvas-intensas-devem-atingir-franca-nos-proximos-dias\/\",\"url\":\"https:\/\/verdadeon.com.br\/portal\/2021\/12\/13\/defesa-civil-emite-alerta-chuvas-intensas-devem-atingir-franca-nos-proximos-dias\/\",\"name\":\"Defesa Civil emite alerta: chuvas intensas devem atingir Franca nos pr\u00f3ximos dias - VerdadeOn\",\"isPartOf\":{\"@id\":\"https:\/\/verdadeon.com.br\/portal\/#website\"},\"primaryImageOfPage\":{\"@id\":\"https:\/\/verdadeon.com.br\/portal\/2021\/12\/13\/defesa-civil-emite-alerta-chuvas-intensas-devem-atingir-franca-nos-proximos-dias\/#primaryimage\"},\"image\":{\"@id\":\"https:\/\/verdadeon.com.br\/portal\/2021\/12\/13\/defesa-civil-emite-alerta-chuvas-intensas-devem-atingir-franca-nos-proximos-dias\/#primaryimage\"},\"thumbnailUrl\":\"https:\/\/i0.wp.com\/verdadeon.com.br\/portal\/wp-content\/uploads\/2021\/09\/PANORAMICA-DE-FRANCA-FOTO-FERNANDO-CALIXTO-JORNAL-VERDADE.jpeg?fit=1000%2C670&ssl=1\",\"datePublished\":\"2021-12-13T21:00:52+00:00\",\"author\":{\"@id\":\"https:\/\/verdadeon.com.br\/portal\/#\/schema\/person\/cc32be22b8e8599387c480bc83e1d11a\"},\"breadcrumb\":{\"@id\":\"https:\/\/verdadeon.com.br\/portal\/2021\/12\/13\/defesa-civil-emite-alerta-chuvas-intensas-devem-atingir-franca-nos-proximos-dias\/#breadcrumb\"},\"inLanguage\":\"pt-BR\",\"potentialAction\":[{\"@type\":\"ReadAction\",\"target\":[\"https:\/\/verdadeon.com.br\/portal\/2021\/12\/13\/defesa-civil-emite-alerta-chuvas-intensas-devem-atingir-franca-nos-proximos-dias\/\"]}]},{\"@type\":\"ImageObject\",\"inLanguage\":\"pt-BR\",\"@id\":\"https:\/\/verdadeon.com.br\/portal\/2021\/12\/13\/defesa-civil-emite-alerta-chuvas-intensas-devem-atingir-franca-nos-proximos-dias\/#primaryimage\",\"url\":\"https:\/\/i0.wp.com\/verdadeon.com.br\/portal\/wp-content\/uploads\/2021\/09\/PANORAMICA-DE-FRANCA-FOTO-FERNANDO-CALIXTO-JORNAL-VERDADE.jpeg?fit=1000%2C670&ssl=1\",\"contentUrl\":\"https:\/\/i0.wp.com\/verdadeon.com.br\/portal\/wp-content\/uploads\/2021\/09\/PANORAMICA-DE-FRANCA-FOTO-FERNANDO-CALIXTO-JORNAL-VERDADE.jpeg?fit=1000%2C670&ssl=1\",\"width\":1000,\"height\":670,\"caption\":\"INMET emite alerta de chuvas intensas na Regi\u00e3o de Franca (\u00a9Fernando Calixto\/Jornal Verdade)\"},{\"@type\":\"BreadcrumbList\",\"@id\":\"https:\/\/verdadeon.com.br\/portal\/2021\/12\/13\/defesa-civil-emite-alerta-chuvas-intensas-devem-atingir-franca-nos-proximos-dias\/#breadcrumb\",\"itemListElement\":[{\"@type\":\"ListItem\",\"position\":1,\"name\":\"In\u00edcio\",\"item\":\"https:\/\/verdadeon.com.br\/portal\/\"},{\"@type\":\"ListItem\",\"position\":2,\"name\":\"Defesa Civil emite alerta: chuvas intensas devem atingir Franca nos pr\u00f3ximos dias\"}]},{\"@type\":\"WebSite\",\"@id\":\"https:\/\/verdadeon.com.br\/portal\/#website\",\"url\":\"https:\/\/verdadeon.com.br\/portal\/\",\"name\":\"VerdadeOn\",\"description\":\"Not\u00edcias di\u00e1rias sobre Franca, Regi\u00e3o, Esporte, Cultura, Cotidiano, Colunas. Cobertura nos principais eventos da cidade \u00e9 aqui - Verdadeon Franca\",\"potentialAction\":[{\"@type\":\"SearchAction\",\"target\":{\"@type\":\"EntryPoint\",\"urlTemplate\":\"https:\/\/verdadeon.com.br\/portal\/?s={search_term_string}\"},\"query-input\":{\"@type\":\"PropertyValueSpecification\",\"valueRequired\":true,\"valueName\":\"search_term_string\"}}],\"inLanguage\":\"pt-BR\"},{\"@type\":\"Person\",\"@id\":\"https:\/\/verdadeon.com.br\/portal\/#\/schema\/person\/cc32be22b8e8599387c480bc83e1d11a\",\"name\":\"Fernando Lima\",\"image\":{\"@type\":\"ImageObject\",\"inLanguage\":\"pt-BR\",\"@id\":\"https:\/\/verdadeon.com.br\/portal\/#\/schema\/person\/image\/\",\"url\":\"https:\/\/secure.gravatar.com\/avatar\/df4c8e132080d2b3a4841d5d232045464e0eed11a1d6e43115ca0843d48768d3?s=96&d=mm&r=g\",\"contentUrl\":\"https:\/\/secure.gravatar.com\/avatar\/df4c8e132080d2b3a4841d5d232045464e0eed11a1d6e43115ca0843d48768d3?s=96&d=mm&r=g\",\"caption\":\"Fernando Lima\"},\"sameAs\":[\"http:\/\/verdadeon.com.br\/\"],\"url\":\"https:\/\/verdadeon.com.br\/portal\/author\/fernando-lima\/\"}]}<\/script>\n<!-- \/ Yoast SEO plugin. -->","yoast_head_json":{"title":"Defesa Civil emite alerta: chuvas intensas devem atingir Franca nos pr\u00f3ximos dias - VerdadeOn","robots":{"index":"index","follow":"follow","max-snippet":"max-snippet:-1","max-image-preview":"max-image-preview:large","max-video-preview":"max-video-preview:-1"},"canonical":"https:\/\/verdadeon.com.br\/portal\/2021\/12\/13\/defesa-civil-emite-alerta-chuvas-intensas-devem-atingir-franca-nos-proximos-dias\/","og_locale":"pt_BR","og_type":"article","og_title":"Defesa Civil emite alerta: chuvas intensas devem atingir Franca nos pr\u00f3ximos dias - VerdadeOn","og_description":"Aviso meteorol\u00f3gico segue at\u00e9 a sexta-feira (17), chuvas devem permanecer por aqui pelo menos at\u00e9 dia 21 A Defesa Civil do Estado de S\u00e3o Paulo inseriu [\u2026]","og_url":"https:\/\/verdadeon.com.br\/portal\/2021\/12\/13\/defesa-civil-emite-alerta-chuvas-intensas-devem-atingir-franca-nos-proximos-dias\/","og_site_name":"VerdadeOn","article_published_time":"2021-12-13T21:00:52+00:00","og_image":[{"width":1000,"height":670,"url":"https:\/\/verdadeon.com.br\/portal\/wp-content\/uploads\/2021\/09\/PANORAMICA-DE-FRANCA-FOTO-FERNANDO-CALIXTO-JORNAL-VERDADE.jpeg","type":"image\/jpeg"}],"author":"Fernando Lima","twitter_card":"summary_large_image","twitter_misc":{"Escrito por":"Fernando Lima","Est. tempo de leitura":"2 minutos"},"schema":{"@context":"https:\/\/schema.org","@graph":[{"@type":"WebPage","@id":"https:\/\/verdadeon.com.br\/portal\/2021\/12\/13\/defesa-civil-emite-alerta-chuvas-intensas-devem-atingir-franca-nos-proximos-dias\/","url":"https:\/\/verdadeon.com.br\/portal\/2021\/12\/13\/defesa-civil-emite-alerta-chuvas-intensas-devem-atingir-franca-nos-proximos-dias\/","name":"Defesa Civil emite alerta: chuvas intensas devem atingir Franca nos pr\u00f3ximos dias - VerdadeOn","isPartOf":{"@id":"https:\/\/verdadeon.com.br\/portal\/#website"},"primaryImageOfPage":{"@id":"https:\/\/verdadeon.com.br\/portal\/2021\/12\/13\/defesa-civil-emite-alerta-chuvas-intensas-devem-atingir-franca-nos-proximos-dias\/#primaryimage"},"image":{"@id":"https:\/\/verdadeon.com.br\/portal\/2021\/12\/13\/defesa-civil-emite-alerta-chuvas-intensas-devem-atingir-franca-nos-proximos-dias\/#primaryimage"},"thumbnailUrl":"https:\/\/i0.wp.com\/verdadeon.com.br\/portal\/wp-content\/uploads\/2021\/09\/PANORAMICA-DE-FRANCA-FOTO-FERNANDO-CALIXTO-JORNAL-VERDADE.jpeg?fit=1000%2C670&ssl=1","datePublished":"2021-12-13T21:00:52+00:00","author":{"@id":"https:\/\/verdadeon.com.br\/portal\/#\/schema\/person\/cc32be22b8e8599387c480bc83e1d11a"},"breadcrumb":{"@id":"https:\/\/verdadeon.com.br\/portal\/2021\/12\/13\/defesa-civil-emite-alerta-chuvas-intensas-devem-atingir-franca-nos-proximos-dias\/#breadcrumb"},"inLanguage":"pt-BR","potentialAction":[{"@type":"ReadAction","target":["https:\/\/verdadeon.com.br\/portal\/2021\/12\/13\/defesa-civil-emite-alerta-chuvas-intensas-devem-atingir-franca-nos-proximos-dias\/"]}]},{"@type":"ImageObject","inLanguage":"pt-BR","@id":"https:\/\/verdadeon.com.br\/portal\/2021\/12\/13\/defesa-civil-emite-alerta-chuvas-intensas-devem-atingir-franca-nos-proximos-dias\/#primaryimage","url":"https:\/\/i0.wp.com\/verdadeon.com.br\/portal\/wp-content\/uploads\/2021\/09\/PANORAMICA-DE-FRANCA-FOTO-FERNANDO-CALIXTO-JORNAL-VERDADE.jpeg?fit=1000%2C670&ssl=1","contentUrl":"https:\/\/i0.wp.com\/verdadeon.com.br\/portal\/wp-content\/uploads\/2021\/09\/PANORAMICA-DE-FRANCA-FOTO-FERNANDO-CALIXTO-JORNAL-VERDADE.jpeg?fit=1000%2C670&ssl=1","width":1000,"height":670,"caption":"INMET emite alerta de chuvas intensas na Regi\u00e3o de Franca (\u00a9Fernando Calixto\/Jornal Verdade)"},{"@type":"BreadcrumbList","@id":"https:\/\/verdadeon.com.br\/portal\/2021\/12\/13\/defesa-civil-emite-alerta-chuvas-intensas-devem-atingir-franca-nos-proximos-dias\/#breadcrumb","itemListElement":[{"@type":"ListItem","position":1,"name":"In\u00edcio","item":"https:\/\/verdadeon.com.br\/portal\/"},{"@type":"ListItem","position":2,"name":"Defesa Civil emite alerta: chuvas intensas devem atingir Franca nos pr\u00f3ximos dias"}]},{"@type":"WebSite","@id":"https:\/\/verdadeon.com.br\/portal\/#website","url":"https:\/\/verdadeon.com.br\/portal\/","name":"VerdadeOn","description":"Not\u00edcias di\u00e1rias sobre Franca, Regi\u00e3o, Esporte, Cultura, Cotidiano, Colunas. Cobertura nos principais eventos da cidade \u00e9 aqui - Verdadeon Franca","potentialAction":[{"@type":"SearchAction","target":{"@type":"EntryPoint","urlTemplate":"https:\/\/verdadeon.com.br\/portal\/?s={search_term_string}"},"query-input":{"@type":"PropertyValueSpecification","valueRequired":true,"valueName":"search_term_string"}}],"inLanguage":"pt-BR"},{"@type":"Person","@id":"https:\/\/verdadeon.com.br\/portal\/#\/schema\/person\/cc32be22b8e8599387c480bc83e1d11a","name":"Fernando Lima","image":{"@type":"ImageObject","inLanguage":"pt-BR","@id":"https:\/\/verdadeon.com.br\/portal\/#\/schema\/person\/image\/","url":"https:\/\/secure.gravatar.com\/avatar\/df4c8e132080d2b3a4841d5d232045464e0eed11a1d6e43115ca0843d48768d3?s=96&d=mm&r=g","contentUrl":"https:\/\/secure.gravatar.com\/avatar\/df4c8e132080d2b3a4841d5d232045464e0eed11a1d6e43115ca0843d48768d3?s=96&d=mm&r=g","caption":"Fernando Lima"},"sameAs":["http:\/\/verdadeon.com.br\/"],"url":"https:\/\/verdadeon.com.br\/portal\/author\/fernando-lima\/"}]}},"jetpack_publicize_connections":[],"jetpack_featured_media_url":"https:\/\/i0.wp.com\/verdadeon.com.br\/portal\/wp-content\/uploads\/2021\/09\/PANORAMICA-DE-FRANCA-FOTO-FERNANDO-CALIXTO-JORNAL-VERDADE.jpeg?fit=1000%2C670&ssl=1","jetpack_sharing_enabled":true,"_links":{"self":[{"href":"https:\/\/verdadeon.com.br\/portal\/wp-json\/wp\/v2\/posts\/21608","targetHints":{"allow":["GET"]}}],"collection":[{"href":"https:\/\/verdadeon.com.br\/portal\/wp-json\/wp\/v2\/posts"}],"about":[{"href":"https:\/\/verdadeon.com.br\/portal\/wp-json\/wp\/v2\/types\/post"}],"author":[{"embeddable":true,"href":"https:\/\/verdadeon.com.br\/portal\/wp-json\/wp\/v2\/users\/7"}],"replies":[{"embeddable":true,"href":"https:\/\/verdadeon.com.br\/portal\/wp-json\/wp\/v2\/comments?post=21608"}],"version-history":[{"count":0,"href":"https:\/\/verdadeon.com.br\/portal\/wp-json\/wp\/v2\/posts\/21608\/revisions"}],"wp:featuredmedia":[{"embeddable":true,"href":"https:\/\/verdadeon.com.br\/portal\/wp-json\/wp\/v2\/media\/19748"}],"wp:attachment":[{"href":"https:\/\/verdadeon.com.br\/portal\/wp-json\/wp\/v2\/media?parent=21608"}],"wp:term":[{"taxonomy":"category","embeddable":true,"href":"https:\/\/verdadeon.com.br\/portal\/wp-json\/wp\/v2\/categories?post=21608"},{"taxonomy":"post_tag","embeddable":true,"href":"https:\/\/verdadeon.com.br\/portal\/wp-json\/wp\/v2\/tags?post=21608"}],"curies":[{"name":"wp","href":"https:\/\/api.w.org\/{rel}","templated":true}]}}