{"id":21579,"date":"2021-12-11T18:13:37","date_gmt":"2021-12-11T21:13:37","guid":{"rendered":"https:\/\/verdadeon.com.br\/portal\/?p=21579"},"modified":"2021-12-11T18:13:18","modified_gmt":"2021-12-11T21:13:18","slug":"falta-de-carro-zero-no-mercado-e-alta-demanda-inflacionam-preco-de-seminovos","status":"publish","type":"post","link":"https:\/\/verdadeon.com.br\/portal\/2021\/12\/11\/falta-de-carro-zero-no-mercado-e-alta-demanda-inflacionam-preco-de-seminovos\/","title":{"rendered":"Falta de carro zero no mercado e alta demanda inflacionam pre\u00e7o de seminovos"},"content":{"rendered":"<h2>Espera por ve\u00edculo novo pode chegar a seis meses. Mesmo com valoriza\u00e7\u00e3o dos usados, vendas dispararam neste ano<\/h2>\n<p>&nbsp;<\/p>\n<p><span style=\"font-weight: 400;\">O mercado de ve\u00edculos segue tend\u00eancia nacional e est\u00e1 aquecido em Franca, mas os reflexos da pandemia na produ\u00e7\u00e3o dos autom\u00f3veis e comportamento dos consumidores, al\u00e9m da alta infla\u00e7\u00e3o registrada no pa\u00eds, tem gerado uma din\u00e2mica diferente nas negocia\u00e7\u00f5es.<\/span><\/p>\n<p><span style=\"font-weight: 400;\">Com a pandemia da Covid-19, as fabricantes frearam a produ\u00e7\u00e3o pelas incertezas com o momento e, somado a isso, a falta de pe\u00e7as tamb\u00e9m impactou no estoque dos carros zero Km, que est\u00e3o em falta no mercado. A espera para a entrega de um auto novo pode levar de quatro a at\u00e9 seis meses, dependendo do modelo. Os vendedores afirmam que h\u00e1 compradores, mas falta mercadoria.\u00a0<\/span><\/p>\n<p><span style=\"font-weight: 400;\">Sem os ve\u00edculos novos a pronta entrega, o cliente tem migrado para os seminovos, o que tem alavancado o pre\u00e7o dos usados. Concession\u00e1rias entrevistadas pelo Verdade estimam alta de 10% a 30%, mas garantem que a valoriza\u00e7\u00e3o n\u00e3o tem desestimulado as compras e as vendas cresceram nos \u00faltimos meses.\u00a0<\/span><\/p>\n<p><span style=\"font-weight: 400;\">\u201cA falta do carro zero e o aumento do pre\u00e7o dos seminovos n\u00e3o prejudicaram as vendas, pelo contr\u00e1rio, elas aumentaram. Eu vendia em m\u00e9dia 50 ve\u00edculos por m\u00eas, hoje temos fechado 60, 70 neg\u00f3cios mensais\u201d, afirmou o propriet\u00e1rio da Markinho Autom\u00f3veis, o empres\u00e1rio Marco Ant\u00f4nio Soares Ferreira.\u00a0<\/span><\/p>\n<p><span style=\"font-weight: 400;\">Para ele, que est\u00e1 no ramo h\u00e1 35 anos no mercado, a pandemia do coronav\u00edrus mudou a maneira de muitas pessoas lidarem com as quest\u00f5es financeiras por ressaltar como a vida \u00e9 realmente ef\u00eamera. \u201cA pandemia fez cair a ficha das pessoas de que a vida pode acabar a qualquer momento. Muita gente morreu v\u00edtima do coronav\u00edrus e a gente percebe que as pessoas que tinham interesse em comprar, \u00e0s vezes at\u00e9 tinham o dinheiro, mas guardavam as economias e agora est\u00e3o investindo mais\u201d, disse Marco.<\/span><\/p>\n<h4><span style=\"font-weight: 400;\">Novo por pre\u00e7o de usado<\/span><\/h4>\n<p><span style=\"font-weight: 400;\">Na Toyota em Franca, o cen\u00e1rio \u00e9 semelhante. A venda de carros zero tem sido boa, por\u00e9m a demora de at\u00e9 90 dias para a entrega elevou a procura por seminovos, segundo Jo\u00e3o Lucas Orsini Aur\u00e9lio, l\u00edder kaizen da concession\u00e1ria. \u201cO mercado est\u00e1 bastante aquecido, mas temos menos oferta de modelos 0km, n\u00e3o temos unidades no estoque. Outro impacto que tem acontecido \u00e9 que, ao consultar o pre\u00e7o do seminovo, os clientes se surpreendem porque percebem que est\u00e1 bem pr\u00f3ximo do valor do carro novo e, se podem esperar a entrega, optam por comprar o carro zero\u201d.<\/span><\/p>\n<p><span style=\"font-weight: 400;\">Para exemplificar, Jo\u00e3o Lucas disse que o modelo Toyota Yaris hatch &#8211; autom\u00e1tico custa a partir de R$ 94 mil, mesmo valor de venda de um Corolla 2017, quatro anos mais antigo.<\/span><\/p>\n","protected":false},"excerpt":{"rendered":"<p>Espera por ve\u00edculo novo pode chegar a seis meses. Mesmo com valoriza\u00e7\u00e3o dos usados, vendas dispararam neste ano &nbsp; O mercado de ve\u00edculos segue tend\u00eancia nacional<span class=\"excerpt-hellip\"> [\u2026]<\/span><\/p>\n","protected":false},"author":12,"featured_media":21593,"comment_status":"open","ping_status":"open","sticky":false,"template":"","format":"standard","meta":{"_jetpack_memberships_contains_paid_content":false,"footnotes":"","jetpack_publicize_message":"","jetpack_publicize_feature_enabled":true,"jetpack_social_post_already_shared":false,"jetpack_social_options":{"image_generator_settings":{"template":"highway","default_image_id":0,"enabled":false},"version":2}},"categories":[28,81],"tags":[],"class_list":["post-21579","post","type-post","status-publish","format-standard","has-post-thumbnail","hentry","category-cotidiano","category-manchete"],"yoast_head":"<!-- This site is optimized with the Yoast SEO plugin v25.6 - https:\/\/yoast.com\/wordpress\/plugins\/seo\/ -->\n<title>Falta de carro zero no mercado e alta demanda inflacionam pre\u00e7o de seminovos - VerdadeOn<\/title>\n<meta name=\"robots\" content=\"index, follow, max-snippet:-1, max-image-preview:large, max-video-preview:-1\" \/>\n<link rel=\"canonical\" href=\"https:\/\/verdadeon.com.br\/portal\/2021\/12\/11\/falta-de-carro-zero-no-mercado-e-alta-demanda-inflacionam-preco-de-seminovos\/\" \/>\n<meta property=\"og:locale\" content=\"pt_BR\" \/>\n<meta property=\"og:type\" content=\"article\" \/>\n<meta property=\"og:title\" content=\"Falta de carro zero no mercado e alta demanda inflacionam pre\u00e7o de seminovos - VerdadeOn\" \/>\n<meta property=\"og:description\" content=\"Espera por ve\u00edculo novo pode chegar a seis meses. Mesmo com valoriza\u00e7\u00e3o dos usados, vendas dispararam neste ano &nbsp; O mercado de ve\u00edculos segue tend\u00eancia nacional [\u2026]\" \/>\n<meta property=\"og:url\" content=\"https:\/\/verdadeon.com.br\/portal\/2021\/12\/11\/falta-de-carro-zero-no-mercado-e-alta-demanda-inflacionam-preco-de-seminovos\/\" \/>\n<meta property=\"og:site_name\" content=\"VerdadeOn\" \/>\n<meta property=\"article:published_time\" content=\"2021-12-11T21:13:37+00:00\" \/>\n<meta property=\"og:image\" content=\"https:\/\/verdadeon.com.br\/portal\/wp-content\/uploads\/2021\/12\/WhatsApp-Image-2021-12-11-at-16.00.22.jpeg\" \/>\n\t<meta property=\"og:image:width\" content=\"1000\" \/>\n\t<meta property=\"og:image:height\" content=\"670\" \/>\n\t<meta property=\"og:image:type\" content=\"image\/jpeg\" \/>\n<meta name=\"author\" content=\"Nelise Luques\" \/>\n<meta name=\"twitter:card\" content=\"summary_large_image\" \/>\n<meta name=\"twitter:label1\" content=\"Escrito por\" \/>\n\t<meta name=\"twitter:data1\" content=\"Nelise Luques\" \/>\n\t<meta name=\"twitter:label2\" content=\"Est. tempo de leitura\" \/>\n\t<meta name=\"twitter:data2\" content=\"2 minutos\" \/>\n<script type=\"application\/ld+json\" class=\"yoast-schema-graph\">{\"@context\":\"https:\/\/schema.org\",\"@graph\":[{\"@type\":\"WebPage\",\"@id\":\"https:\/\/verdadeon.com.br\/portal\/2021\/12\/11\/falta-de-carro-zero-no-mercado-e-alta-demanda-inflacionam-preco-de-seminovos\/\",\"url\":\"https:\/\/verdadeon.com.br\/portal\/2021\/12\/11\/falta-de-carro-zero-no-mercado-e-alta-demanda-inflacionam-preco-de-seminovos\/\",\"name\":\"Falta de carro zero no mercado e alta demanda inflacionam pre\u00e7o de seminovos - VerdadeOn\",\"isPartOf\":{\"@id\":\"https:\/\/verdadeon.com.br\/portal\/#website\"},\"primaryImageOfPage\":{\"@id\":\"https:\/\/verdadeon.com.br\/portal\/2021\/12\/11\/falta-de-carro-zero-no-mercado-e-alta-demanda-inflacionam-preco-de-seminovos\/#primaryimage\"},\"image\":{\"@id\":\"https:\/\/verdadeon.com.br\/portal\/2021\/12\/11\/falta-de-carro-zero-no-mercado-e-alta-demanda-inflacionam-preco-de-seminovos\/#primaryimage\"},\"thumbnailUrl\":\"https:\/\/i0.wp.com\/verdadeon.com.br\/portal\/wp-content\/uploads\/2021\/12\/WhatsApp-Image-2021-12-11-at-16.00.22.jpeg?fit=1000%2C670&ssl=1\",\"datePublished\":\"2021-12-11T21:13:37+00:00\",\"author\":{\"@id\":\"https:\/\/verdadeon.com.br\/portal\/#\/schema\/person\/8248726d36015c1916636fabb175d972\"},\"breadcrumb\":{\"@id\":\"https:\/\/verdadeon.com.br\/portal\/2021\/12\/11\/falta-de-carro-zero-no-mercado-e-alta-demanda-inflacionam-preco-de-seminovos\/#breadcrumb\"},\"inLanguage\":\"pt-BR\",\"potentialAction\":[{\"@type\":\"ReadAction\",\"target\":[\"https:\/\/verdadeon.com.br\/portal\/2021\/12\/11\/falta-de-carro-zero-no-mercado-e-alta-demanda-inflacionam-preco-de-seminovos\/\"]}]},{\"@type\":\"ImageObject\",\"inLanguage\":\"pt-BR\",\"@id\":\"https:\/\/verdadeon.com.br\/portal\/2021\/12\/11\/falta-de-carro-zero-no-mercado-e-alta-demanda-inflacionam-preco-de-seminovos\/#primaryimage\",\"url\":\"https:\/\/i0.wp.com\/verdadeon.com.br\/portal\/wp-content\/uploads\/2021\/12\/WhatsApp-Image-2021-12-11-at-16.00.22.jpeg?fit=1000%2C670&ssl=1\",\"contentUrl\":\"https:\/\/i0.wp.com\/verdadeon.com.br\/portal\/wp-content\/uploads\/2021\/12\/WhatsApp-Image-2021-12-11-at-16.00.22.jpeg?fit=1000%2C670&ssl=1\",\"width\":1000,\"height\":670,\"caption\":\"O propriet\u00e1rio da Markinho Autom\u00f3veis, o empres\u00e1rio Marco Ant\u00f4nio Soares Ferreira, vende at\u00e9 70 carros zero e seminovos por m\u00eas | Foto: Arquivo Pessoal\"},{\"@type\":\"BreadcrumbList\",\"@id\":\"https:\/\/verdadeon.com.br\/portal\/2021\/12\/11\/falta-de-carro-zero-no-mercado-e-alta-demanda-inflacionam-preco-de-seminovos\/#breadcrumb\",\"itemListElement\":[{\"@type\":\"ListItem\",\"position\":1,\"name\":\"In\u00edcio\",\"item\":\"https:\/\/verdadeon.com.br\/portal\/\"},{\"@type\":\"ListItem\",\"position\":2,\"name\":\"Falta de carro zero no mercado e alta demanda inflacionam pre\u00e7o de seminovos\"}]},{\"@type\":\"WebSite\",\"@id\":\"https:\/\/verdadeon.com.br\/portal\/#website\",\"url\":\"https:\/\/verdadeon.com.br\/portal\/\",\"name\":\"VerdadeOn\",\"description\":\"Not\u00edcias di\u00e1rias sobre Franca, Regi\u00e3o, Esporte, Cultura, Cotidiano, Colunas. Cobertura nos principais eventos da cidade \u00e9 aqui - Verdadeon Franca\",\"potentialAction\":[{\"@type\":\"SearchAction\",\"target\":{\"@type\":\"EntryPoint\",\"urlTemplate\":\"https:\/\/verdadeon.com.br\/portal\/?s={search_term_string}\"},\"query-input\":{\"@type\":\"PropertyValueSpecification\",\"valueRequired\":true,\"valueName\":\"search_term_string\"}}],\"inLanguage\":\"pt-BR\"},{\"@type\":\"Person\",\"@id\":\"https:\/\/verdadeon.com.br\/portal\/#\/schema\/person\/8248726d36015c1916636fabb175d972\",\"name\":\"Nelise Luques\",\"image\":{\"@type\":\"ImageObject\",\"inLanguage\":\"pt-BR\",\"@id\":\"https:\/\/verdadeon.com.br\/portal\/#\/schema\/person\/image\/\",\"url\":\"https:\/\/secure.gravatar.com\/avatar\/29b2a17f5bcadeb827411b66f48ac13c3e0ecaf5906c0f5745ecc5d41c24eada?s=96&d=mm&r=g\",\"contentUrl\":\"https:\/\/secure.gravatar.com\/avatar\/29b2a17f5bcadeb827411b66f48ac13c3e0ecaf5906c0f5745ecc5d41c24eada?s=96&d=mm&r=g\",\"caption\":\"Nelise Luques\"},\"url\":\"https:\/\/verdadeon.com.br\/portal\/author\/verdade\/\"}]}<\/script>\n<!-- \/ Yoast SEO plugin. -->","yoast_head_json":{"title":"Falta de carro zero no mercado e alta demanda inflacionam pre\u00e7o de seminovos - VerdadeOn","robots":{"index":"index","follow":"follow","max-snippet":"max-snippet:-1","max-image-preview":"max-image-preview:large","max-video-preview":"max-video-preview:-1"},"canonical":"https:\/\/verdadeon.com.br\/portal\/2021\/12\/11\/falta-de-carro-zero-no-mercado-e-alta-demanda-inflacionam-preco-de-seminovos\/","og_locale":"pt_BR","og_type":"article","og_title":"Falta de carro zero no mercado e alta demanda inflacionam pre\u00e7o de seminovos - VerdadeOn","og_description":"Espera por ve\u00edculo novo pode chegar a seis meses. Mesmo com valoriza\u00e7\u00e3o dos usados, vendas dispararam neste ano &nbsp; O mercado de ve\u00edculos segue tend\u00eancia nacional [\u2026]","og_url":"https:\/\/verdadeon.com.br\/portal\/2021\/12\/11\/falta-de-carro-zero-no-mercado-e-alta-demanda-inflacionam-preco-de-seminovos\/","og_site_name":"VerdadeOn","article_published_time":"2021-12-11T21:13:37+00:00","og_image":[{"width":1000,"height":670,"url":"https:\/\/verdadeon.com.br\/portal\/wp-content\/uploads\/2021\/12\/WhatsApp-Image-2021-12-11-at-16.00.22.jpeg","type":"image\/jpeg"}],"author":"Nelise Luques","twitter_card":"summary_large_image","twitter_misc":{"Escrito por":"Nelise Luques","Est. tempo de leitura":"2 minutos"},"schema":{"@context":"https:\/\/schema.org","@graph":[{"@type":"WebPage","@id":"https:\/\/verdadeon.com.br\/portal\/2021\/12\/11\/falta-de-carro-zero-no-mercado-e-alta-demanda-inflacionam-preco-de-seminovos\/","url":"https:\/\/verdadeon.com.br\/portal\/2021\/12\/11\/falta-de-carro-zero-no-mercado-e-alta-demanda-inflacionam-preco-de-seminovos\/","name":"Falta de carro zero no mercado e alta demanda inflacionam pre\u00e7o de seminovos - VerdadeOn","isPartOf":{"@id":"https:\/\/verdadeon.com.br\/portal\/#website"},"primaryImageOfPage":{"@id":"https:\/\/verdadeon.com.br\/portal\/2021\/12\/11\/falta-de-carro-zero-no-mercado-e-alta-demanda-inflacionam-preco-de-seminovos\/#primaryimage"},"image":{"@id":"https:\/\/verdadeon.com.br\/portal\/2021\/12\/11\/falta-de-carro-zero-no-mercado-e-alta-demanda-inflacionam-preco-de-seminovos\/#primaryimage"},"thumbnailUrl":"https:\/\/i0.wp.com\/verdadeon.com.br\/portal\/wp-content\/uploads\/2021\/12\/WhatsApp-Image-2021-12-11-at-16.00.22.jpeg?fit=1000%2C670&ssl=1","datePublished":"2021-12-11T21:13:37+00:00","author":{"@id":"https:\/\/verdadeon.com.br\/portal\/#\/schema\/person\/8248726d36015c1916636fabb175d972"},"breadcrumb":{"@id":"https:\/\/verdadeon.com.br\/portal\/2021\/12\/11\/falta-de-carro-zero-no-mercado-e-alta-demanda-inflacionam-preco-de-seminovos\/#breadcrumb"},"inLanguage":"pt-BR","potentialAction":[{"@type":"ReadAction","target":["https:\/\/verdadeon.com.br\/portal\/2021\/12\/11\/falta-de-carro-zero-no-mercado-e-alta-demanda-inflacionam-preco-de-seminovos\/"]}]},{"@type":"ImageObject","inLanguage":"pt-BR","@id":"https:\/\/verdadeon.com.br\/portal\/2021\/12\/11\/falta-de-carro-zero-no-mercado-e-alta-demanda-inflacionam-preco-de-seminovos\/#primaryimage","url":"https:\/\/i0.wp.com\/verdadeon.com.br\/portal\/wp-content\/uploads\/2021\/12\/WhatsApp-Image-2021-12-11-at-16.00.22.jpeg?fit=1000%2C670&ssl=1","contentUrl":"https:\/\/i0.wp.com\/verdadeon.com.br\/portal\/wp-content\/uploads\/2021\/12\/WhatsApp-Image-2021-12-11-at-16.00.22.jpeg?fit=1000%2C670&ssl=1","width":1000,"height":670,"caption":"O propriet\u00e1rio da Markinho Autom\u00f3veis, o empres\u00e1rio Marco Ant\u00f4nio Soares Ferreira, vende at\u00e9 70 carros zero e seminovos por m\u00eas | Foto: Arquivo Pessoal"},{"@type":"BreadcrumbList","@id":"https:\/\/verdadeon.com.br\/portal\/2021\/12\/11\/falta-de-carro-zero-no-mercado-e-alta-demanda-inflacionam-preco-de-seminovos\/#breadcrumb","itemListElement":[{"@type":"ListItem","position":1,"name":"In\u00edcio","item":"https:\/\/verdadeon.com.br\/portal\/"},{"@type":"ListItem","position":2,"name":"Falta de carro zero no mercado e alta demanda inflacionam pre\u00e7o de seminovos"}]},{"@type":"WebSite","@id":"https:\/\/verdadeon.com.br\/portal\/#website","url":"https:\/\/verdadeon.com.br\/portal\/","name":"VerdadeOn","description":"Not\u00edcias di\u00e1rias sobre Franca, Regi\u00e3o, Esporte, Cultura, Cotidiano, Colunas. Cobertura nos principais eventos da cidade \u00e9 aqui - Verdadeon Franca","potentialAction":[{"@type":"SearchAction","target":{"@type":"EntryPoint","urlTemplate":"https:\/\/verdadeon.com.br\/portal\/?s={search_term_string}"},"query-input":{"@type":"PropertyValueSpecification","valueRequired":true,"valueName":"search_term_string"}}],"inLanguage":"pt-BR"},{"@type":"Person","@id":"https:\/\/verdadeon.com.br\/portal\/#\/schema\/person\/8248726d36015c1916636fabb175d972","name":"Nelise Luques","image":{"@type":"ImageObject","inLanguage":"pt-BR","@id":"https:\/\/verdadeon.com.br\/portal\/#\/schema\/person\/image\/","url":"https:\/\/secure.gravatar.com\/avatar\/29b2a17f5bcadeb827411b66f48ac13c3e0ecaf5906c0f5745ecc5d41c24eada?s=96&d=mm&r=g","contentUrl":"https:\/\/secure.gravatar.com\/avatar\/29b2a17f5bcadeb827411b66f48ac13c3e0ecaf5906c0f5745ecc5d41c24eada?s=96&d=mm&r=g","caption":"Nelise Luques"},"url":"https:\/\/verdadeon.com.br\/portal\/author\/verdade\/"}]}},"jetpack_publicize_connections":[],"jetpack_featured_media_url":"https:\/\/i0.wp.com\/verdadeon.com.br\/portal\/wp-content\/uploads\/2021\/12\/WhatsApp-Image-2021-12-11-at-16.00.22.jpeg?fit=1000%2C670&ssl=1","jetpack_sharing_enabled":true,"_links":{"self":[{"href":"https:\/\/verdadeon.com.br\/portal\/wp-json\/wp\/v2\/posts\/21579","targetHints":{"allow":["GET"]}}],"collection":[{"href":"https:\/\/verdadeon.com.br\/portal\/wp-json\/wp\/v2\/posts"}],"about":[{"href":"https:\/\/verdadeon.com.br\/portal\/wp-json\/wp\/v2\/types\/post"}],"author":[{"embeddable":true,"href":"https:\/\/verdadeon.com.br\/portal\/wp-json\/wp\/v2\/users\/12"}],"replies":[{"embeddable":true,"href":"https:\/\/verdadeon.com.br\/portal\/wp-json\/wp\/v2\/comments?post=21579"}],"version-history":[{"count":0,"href":"https:\/\/verdadeon.com.br\/portal\/wp-json\/wp\/v2\/posts\/21579\/revisions"}],"wp:featuredmedia":[{"embeddable":true,"href":"https:\/\/verdadeon.com.br\/portal\/wp-json\/wp\/v2\/media\/21593"}],"wp:attachment":[{"href":"https:\/\/verdadeon.com.br\/portal\/wp-json\/wp\/v2\/media?parent=21579"}],"wp:term":[{"taxonomy":"category","embeddable":true,"href":"https:\/\/verdadeon.com.br\/portal\/wp-json\/wp\/v2\/categories?post=21579"},{"taxonomy":"post_tag","embeddable":true,"href":"https:\/\/verdadeon.com.br\/portal\/wp-json\/wp\/v2\/tags?post=21579"}],"curies":[{"name":"wp","href":"https:\/\/api.w.org\/{rel}","templated":true}]}}