{"id":21499,"date":"2021-12-09T16:12:22","date_gmt":"2021-12-09T19:12:22","guid":{"rendered":"https:\/\/verdadeon.com.br\/portal\/?p=21499"},"modified":"2021-12-09T16:12:22","modified_gmt":"2021-12-09T19:12:22","slug":"pedidos-de-comissao-processante-contra-prefeitura-serao-votados-em-sessao-extraordinaria","status":"publish","type":"post","link":"https:\/\/verdadeon.com.br\/portal\/2021\/12\/09\/pedidos-de-comissao-processante-contra-prefeitura-serao-votados-em-sessao-extraordinaria\/","title":{"rendered":"Pedidos de Comiss\u00e3o Processante contra Prefeitura ser\u00e3o votados em sess\u00e3o Extraordin\u00e1ria"},"content":{"rendered":"<h2>A princ\u00edpio os pedidos seriam analisados apenas em 2022, mas ap\u00f3s nova consulta jur\u00eddica decis\u00e3o mudou<\/h2>\n<p>Ap\u00f3s anunciar que a leitura dos pedidos de abertura de Comiss\u00e3o Processante, contra a Prefeitura de Franca aconteceria apenas no ano que vem, os vereadores decidiram que ele dever\u00e1 ser lido na pr\u00f3xima semana, em uma sess\u00e3o extraordin\u00e1ria na ter\u00e7a-feira (14).<\/p>\n<p>Dois mun\u00edcipes fizeram os pedidos \u00e0 Casa de Leis, sendo que a nova representa\u00e7\u00e3o foi protocolada no Legislativo na quarta-feira (7), conforme registro no Sistema de Gest\u00e3o de Documentos. Ambos as solicita\u00e7\u00f5es pedem apura\u00e7\u00e3o de den\u00fancias sobre o repasse de verbas em parceria com Associa\u00e7\u00e3o do Com\u00e9rcio Ind\u00fastria de Franca (ACIF) atrav\u00e9s de Termo de Fomento para decora\u00e7\u00e3o de natal no munic\u00edpio.<\/p>\n<p>Claudinei da Rocha (MDB), presidente da Casa de Leis, afirmou que ap\u00f3s nova consulta ao Departamento Jur\u00eddico da Casa colocou o tema em debate. &#8220;Para designa\u00e7\u00e3o em Sess\u00e3o Extraordin\u00e1ria o Regimento exige que tenha urg\u00eancia e extrema urg\u00eancia na vota\u00e7\u00e3o da mat\u00e9ria sob pena de preju\u00edzo, assim consulto o Plen\u00e1rio, se h\u00e1 essa urg\u00eancia na vota\u00e7\u00e3o das referidas representa\u00e7\u00f5es&#8221;, explicou.<\/p>\n<p>O assunto vem gerando pol\u00eamica e sendo amplamente debatido na Casa de Leis. &#8220;Eu acho que \u00e9 urgente a gente ter que apreciar isso porque a C\u00e2mara \u00e9 um \u00f3rg\u00e3o colegiado e que fiscaliza. Se a gente for analisar o que est\u00e1 acontecendo a\u00ed fora, v\u00e1rios grupos que tamb\u00e9m exercem papel de fiscaliza\u00e7\u00e3o, \u00e9 muito ruim para um Poder constitu\u00eddo como o Legislativo n\u00e3o cumprir o seu papel&#8221;, afirmou Gilson Pelizaro.<\/p>\n<p>&#8220;H\u00e1 um clamor popular, a popula\u00e7\u00e3o quer ver a realidade do que aconteceu com o dinheiro p\u00fablico&#8221;, afirmou o vereador Zezinho Cabeleireiro (PP).\u00a0 &#8220;N\u00f3s queremos as explica\u00e7\u00f5es, todos n\u00f3s queremos, e quero lembrar uma coisa, o Termo de Fomento diz at\u00e9 valor X, eu entendo que a m\u00e1quina p\u00fablica, a transpar\u00eancia e tudo tem que ser apresentado. Eu vejo que est\u00e1 sendo feito uma press\u00e3o t\u00e3o grande em cima dos vereadores que votaram a favor, como se mais uma vez n\u00f3s fossemos criminosos dentro dessa Casa de Leis. Eu votei consciente, sou a favor da ilumina\u00e7\u00e3o de Natal e acho que isso traz um benef\u00edcio muito grande, \u00e9 s\u00f3 conversar com os comerciantes. A quest\u00e3o do gasto, vai ser explicado&#8221;, disse o vereador Pastor Palamoni (PSD).<\/p>\n<p>&#8220;N\u00f3s n\u00e3o podemos jamais fugir do rito, \u00e9 um neg\u00f3cio muito s\u00e9rio e a C\u00e2mara Municipal de Franca n\u00e3o est\u00e1 se furtando em momento algum, em momento algum, de fazer essa investiga\u00e7\u00e3o que \u00e9 fun\u00e7\u00e3o nossa&#8221;, afirmou Della Motta (PODE).<\/p>\n","protected":false},"excerpt":{"rendered":"<p>A princ\u00edpio os pedidos seriam analisados apenas em 2022, mas ap\u00f3s nova consulta jur\u00eddica decis\u00e3o mudou Ap\u00f3s anunciar que a leitura dos pedidos de abertura de<span class=\"excerpt-hellip\"> [\u2026]<\/span><\/p>\n","protected":false},"author":7,"featured_media":21500,"comment_status":"open","ping_status":"open","sticky":false,"template":"","format":"standard","meta":{"_jetpack_memberships_contains_paid_content":false,"footnotes":"","jetpack_publicize_message":"","jetpack_publicize_feature_enabled":true,"jetpack_social_post_already_shared":false,"jetpack_social_options":{"image_generator_settings":{"template":"highway","default_image_id":0,"enabled":false},"version":2}},"categories":[28,81],"tags":[],"class_list":["post-21499","post","type-post","status-publish","format-standard","has-post-thumbnail","hentry","category-cotidiano","category-manchete"],"yoast_head":"<!-- This site is optimized with the Yoast SEO plugin v25.6 - https:\/\/yoast.com\/wordpress\/plugins\/seo\/ -->\n<title>Pedidos de Comiss\u00e3o Processante contra Prefeitura ser\u00e3o votados em sess\u00e3o Extraordin\u00e1ria - VerdadeOn<\/title>\n<meta name=\"robots\" content=\"index, follow, max-snippet:-1, max-image-preview:large, max-video-preview:-1\" \/>\n<link rel=\"canonical\" href=\"https:\/\/verdadeon.com.br\/portal\/2021\/12\/09\/pedidos-de-comissao-processante-contra-prefeitura-serao-votados-em-sessao-extraordinaria\/\" \/>\n<meta property=\"og:locale\" content=\"pt_BR\" \/>\n<meta property=\"og:type\" content=\"article\" \/>\n<meta property=\"og:title\" content=\"Pedidos de Comiss\u00e3o Processante contra Prefeitura ser\u00e3o votados em sess\u00e3o Extraordin\u00e1ria - VerdadeOn\" \/>\n<meta property=\"og:description\" content=\"A princ\u00edpio os pedidos seriam analisados apenas em 2022, mas ap\u00f3s nova consulta jur\u00eddica decis\u00e3o mudou Ap\u00f3s anunciar que a leitura dos pedidos de abertura de [\u2026]\" \/>\n<meta property=\"og:url\" content=\"https:\/\/verdadeon.com.br\/portal\/2021\/12\/09\/pedidos-de-comissao-processante-contra-prefeitura-serao-votados-em-sessao-extraordinaria\/\" \/>\n<meta property=\"og:site_name\" content=\"VerdadeOn\" \/>\n<meta property=\"article:published_time\" content=\"2021-12-09T19:12:22+00:00\" \/>\n<meta property=\"og:image\" content=\"https:\/\/verdadeon.com.br\/portal\/wp-content\/uploads\/2021\/12\/WhatsApp-Image-2021-12-09-at-12.13.47-e1639076938785.jpeg\" \/>\n\t<meta property=\"og:image:width\" content=\"1001\" \/>\n\t<meta property=\"og:image:height\" content=\"668\" \/>\n\t<meta property=\"og:image:type\" content=\"image\/jpeg\" \/>\n<meta name=\"author\" content=\"Fernando Lima\" \/>\n<meta name=\"twitter:card\" content=\"summary_large_image\" \/>\n<meta name=\"twitter:label1\" content=\"Escrito por\" \/>\n\t<meta name=\"twitter:data1\" content=\"Fernando Lima\" \/>\n\t<meta name=\"twitter:label2\" content=\"Est. tempo de leitura\" \/>\n\t<meta name=\"twitter:data2\" content=\"2 minutos\" \/>\n<script type=\"application\/ld+json\" class=\"yoast-schema-graph\">{\"@context\":\"https:\/\/schema.org\",\"@graph\":[{\"@type\":\"WebPage\",\"@id\":\"https:\/\/verdadeon.com.br\/portal\/2021\/12\/09\/pedidos-de-comissao-processante-contra-prefeitura-serao-votados-em-sessao-extraordinaria\/\",\"url\":\"https:\/\/verdadeon.com.br\/portal\/2021\/12\/09\/pedidos-de-comissao-processante-contra-prefeitura-serao-votados-em-sessao-extraordinaria\/\",\"name\":\"Pedidos de Comiss\u00e3o Processante contra Prefeitura ser\u00e3o votados em sess\u00e3o Extraordin\u00e1ria - VerdadeOn\",\"isPartOf\":{\"@id\":\"https:\/\/verdadeon.com.br\/portal\/#website\"},\"primaryImageOfPage\":{\"@id\":\"https:\/\/verdadeon.com.br\/portal\/2021\/12\/09\/pedidos-de-comissao-processante-contra-prefeitura-serao-votados-em-sessao-extraordinaria\/#primaryimage\"},\"image\":{\"@id\":\"https:\/\/verdadeon.com.br\/portal\/2021\/12\/09\/pedidos-de-comissao-processante-contra-prefeitura-serao-votados-em-sessao-extraordinaria\/#primaryimage\"},\"thumbnailUrl\":\"https:\/\/i0.wp.com\/verdadeon.com.br\/portal\/wp-content\/uploads\/2021\/12\/WhatsApp-Image-2021-12-09-at-12.13.47-e1639076938785.jpeg?fit=1001%2C668&ssl=1\",\"datePublished\":\"2021-12-09T19:12:22+00:00\",\"author\":{\"@id\":\"https:\/\/verdadeon.com.br\/portal\/#\/schema\/person\/cc32be22b8e8599387c480bc83e1d11a\"},\"breadcrumb\":{\"@id\":\"https:\/\/verdadeon.com.br\/portal\/2021\/12\/09\/pedidos-de-comissao-processante-contra-prefeitura-serao-votados-em-sessao-extraordinaria\/#breadcrumb\"},\"inLanguage\":\"pt-BR\",\"potentialAction\":[{\"@type\":\"ReadAction\",\"target\":[\"https:\/\/verdadeon.com.br\/portal\/2021\/12\/09\/pedidos-de-comissao-processante-contra-prefeitura-serao-votados-em-sessao-extraordinaria\/\"]}]},{\"@type\":\"ImageObject\",\"inLanguage\":\"pt-BR\",\"@id\":\"https:\/\/verdadeon.com.br\/portal\/2021\/12\/09\/pedidos-de-comissao-processante-contra-prefeitura-serao-votados-em-sessao-extraordinaria\/#primaryimage\",\"url\":\"https:\/\/i0.wp.com\/verdadeon.com.br\/portal\/wp-content\/uploads\/2021\/12\/WhatsApp-Image-2021-12-09-at-12.13.47-e1639076938785.jpeg?fit=1001%2C668&ssl=1\",\"contentUrl\":\"https:\/\/i0.wp.com\/verdadeon.com.br\/portal\/wp-content\/uploads\/2021\/12\/WhatsApp-Image-2021-12-09-at-12.13.47-e1639076938785.jpeg?fit=1001%2C668&ssl=1\",\"width\":1001,\"height\":668,\"caption\":\"Dois moradores de Franca protocolaram os pedidos na sede da C\u00e2mara nos \u00faltimos dias, os dois documentos ser\u00e3o lidos na C\u00e2mara Municipal | Foto: Divulga\u00e7\u00e3o\"},{\"@type\":\"BreadcrumbList\",\"@id\":\"https:\/\/verdadeon.com.br\/portal\/2021\/12\/09\/pedidos-de-comissao-processante-contra-prefeitura-serao-votados-em-sessao-extraordinaria\/#breadcrumb\",\"itemListElement\":[{\"@type\":\"ListItem\",\"position\":1,\"name\":\"In\u00edcio\",\"item\":\"https:\/\/verdadeon.com.br\/portal\/\"},{\"@type\":\"ListItem\",\"position\":2,\"name\":\"Pedidos de Comiss\u00e3o Processante contra Prefeitura ser\u00e3o votados em sess\u00e3o Extraordin\u00e1ria\"}]},{\"@type\":\"WebSite\",\"@id\":\"https:\/\/verdadeon.com.br\/portal\/#website\",\"url\":\"https:\/\/verdadeon.com.br\/portal\/\",\"name\":\"VerdadeOn\",\"description\":\"Not\u00edcias di\u00e1rias sobre Franca, Regi\u00e3o, Esporte, Cultura, Cotidiano, Colunas. Cobertura nos principais eventos da cidade \u00e9 aqui - Verdadeon Franca\",\"potentialAction\":[{\"@type\":\"SearchAction\",\"target\":{\"@type\":\"EntryPoint\",\"urlTemplate\":\"https:\/\/verdadeon.com.br\/portal\/?s={search_term_string}\"},\"query-input\":{\"@type\":\"PropertyValueSpecification\",\"valueRequired\":true,\"valueName\":\"search_term_string\"}}],\"inLanguage\":\"pt-BR\"},{\"@type\":\"Person\",\"@id\":\"https:\/\/verdadeon.com.br\/portal\/#\/schema\/person\/cc32be22b8e8599387c480bc83e1d11a\",\"name\":\"Fernando Lima\",\"image\":{\"@type\":\"ImageObject\",\"inLanguage\":\"pt-BR\",\"@id\":\"https:\/\/verdadeon.com.br\/portal\/#\/schema\/person\/image\/\",\"url\":\"https:\/\/secure.gravatar.com\/avatar\/df4c8e132080d2b3a4841d5d232045464e0eed11a1d6e43115ca0843d48768d3?s=96&d=mm&r=g\",\"contentUrl\":\"https:\/\/secure.gravatar.com\/avatar\/df4c8e132080d2b3a4841d5d232045464e0eed11a1d6e43115ca0843d48768d3?s=96&d=mm&r=g\",\"caption\":\"Fernando Lima\"},\"sameAs\":[\"http:\/\/verdadeon.com.br\/\"],\"url\":\"https:\/\/verdadeon.com.br\/portal\/author\/fernando-lima\/\"}]}<\/script>\n<!-- \/ Yoast SEO plugin. -->","yoast_head_json":{"title":"Pedidos de Comiss\u00e3o Processante contra Prefeitura ser\u00e3o votados em sess\u00e3o Extraordin\u00e1ria - VerdadeOn","robots":{"index":"index","follow":"follow","max-snippet":"max-snippet:-1","max-image-preview":"max-image-preview:large","max-video-preview":"max-video-preview:-1"},"canonical":"https:\/\/verdadeon.com.br\/portal\/2021\/12\/09\/pedidos-de-comissao-processante-contra-prefeitura-serao-votados-em-sessao-extraordinaria\/","og_locale":"pt_BR","og_type":"article","og_title":"Pedidos de Comiss\u00e3o Processante contra Prefeitura ser\u00e3o votados em sess\u00e3o Extraordin\u00e1ria - VerdadeOn","og_description":"A princ\u00edpio os pedidos seriam analisados apenas em 2022, mas ap\u00f3s nova consulta jur\u00eddica decis\u00e3o mudou Ap\u00f3s anunciar que a leitura dos pedidos de abertura de [\u2026]","og_url":"https:\/\/verdadeon.com.br\/portal\/2021\/12\/09\/pedidos-de-comissao-processante-contra-prefeitura-serao-votados-em-sessao-extraordinaria\/","og_site_name":"VerdadeOn","article_published_time":"2021-12-09T19:12:22+00:00","og_image":[{"width":1001,"height":668,"url":"https:\/\/verdadeon.com.br\/portal\/wp-content\/uploads\/2021\/12\/WhatsApp-Image-2021-12-09-at-12.13.47-e1639076938785.jpeg","type":"image\/jpeg"}],"author":"Fernando Lima","twitter_card":"summary_large_image","twitter_misc":{"Escrito por":"Fernando Lima","Est. tempo de leitura":"2 minutos"},"schema":{"@context":"https:\/\/schema.org","@graph":[{"@type":"WebPage","@id":"https:\/\/verdadeon.com.br\/portal\/2021\/12\/09\/pedidos-de-comissao-processante-contra-prefeitura-serao-votados-em-sessao-extraordinaria\/","url":"https:\/\/verdadeon.com.br\/portal\/2021\/12\/09\/pedidos-de-comissao-processante-contra-prefeitura-serao-votados-em-sessao-extraordinaria\/","name":"Pedidos de Comiss\u00e3o Processante contra Prefeitura ser\u00e3o votados em sess\u00e3o Extraordin\u00e1ria - VerdadeOn","isPartOf":{"@id":"https:\/\/verdadeon.com.br\/portal\/#website"},"primaryImageOfPage":{"@id":"https:\/\/verdadeon.com.br\/portal\/2021\/12\/09\/pedidos-de-comissao-processante-contra-prefeitura-serao-votados-em-sessao-extraordinaria\/#primaryimage"},"image":{"@id":"https:\/\/verdadeon.com.br\/portal\/2021\/12\/09\/pedidos-de-comissao-processante-contra-prefeitura-serao-votados-em-sessao-extraordinaria\/#primaryimage"},"thumbnailUrl":"https:\/\/i0.wp.com\/verdadeon.com.br\/portal\/wp-content\/uploads\/2021\/12\/WhatsApp-Image-2021-12-09-at-12.13.47-e1639076938785.jpeg?fit=1001%2C668&ssl=1","datePublished":"2021-12-09T19:12:22+00:00","author":{"@id":"https:\/\/verdadeon.com.br\/portal\/#\/schema\/person\/cc32be22b8e8599387c480bc83e1d11a"},"breadcrumb":{"@id":"https:\/\/verdadeon.com.br\/portal\/2021\/12\/09\/pedidos-de-comissao-processante-contra-prefeitura-serao-votados-em-sessao-extraordinaria\/#breadcrumb"},"inLanguage":"pt-BR","potentialAction":[{"@type":"ReadAction","target":["https:\/\/verdadeon.com.br\/portal\/2021\/12\/09\/pedidos-de-comissao-processante-contra-prefeitura-serao-votados-em-sessao-extraordinaria\/"]}]},{"@type":"ImageObject","inLanguage":"pt-BR","@id":"https:\/\/verdadeon.com.br\/portal\/2021\/12\/09\/pedidos-de-comissao-processante-contra-prefeitura-serao-votados-em-sessao-extraordinaria\/#primaryimage","url":"https:\/\/i0.wp.com\/verdadeon.com.br\/portal\/wp-content\/uploads\/2021\/12\/WhatsApp-Image-2021-12-09-at-12.13.47-e1639076938785.jpeg?fit=1001%2C668&ssl=1","contentUrl":"https:\/\/i0.wp.com\/verdadeon.com.br\/portal\/wp-content\/uploads\/2021\/12\/WhatsApp-Image-2021-12-09-at-12.13.47-e1639076938785.jpeg?fit=1001%2C668&ssl=1","width":1001,"height":668,"caption":"Dois moradores de Franca protocolaram os pedidos na sede da C\u00e2mara nos \u00faltimos dias, os dois documentos ser\u00e3o lidos na C\u00e2mara Municipal | Foto: Divulga\u00e7\u00e3o"},{"@type":"BreadcrumbList","@id":"https:\/\/verdadeon.com.br\/portal\/2021\/12\/09\/pedidos-de-comissao-processante-contra-prefeitura-serao-votados-em-sessao-extraordinaria\/#breadcrumb","itemListElement":[{"@type":"ListItem","position":1,"name":"In\u00edcio","item":"https:\/\/verdadeon.com.br\/portal\/"},{"@type":"ListItem","position":2,"name":"Pedidos de Comiss\u00e3o Processante contra Prefeitura ser\u00e3o votados em sess\u00e3o Extraordin\u00e1ria"}]},{"@type":"WebSite","@id":"https:\/\/verdadeon.com.br\/portal\/#website","url":"https:\/\/verdadeon.com.br\/portal\/","name":"VerdadeOn","description":"Not\u00edcias di\u00e1rias sobre Franca, Regi\u00e3o, Esporte, Cultura, Cotidiano, Colunas. Cobertura nos principais eventos da cidade \u00e9 aqui - Verdadeon Franca","potentialAction":[{"@type":"SearchAction","target":{"@type":"EntryPoint","urlTemplate":"https:\/\/verdadeon.com.br\/portal\/?s={search_term_string}"},"query-input":{"@type":"PropertyValueSpecification","valueRequired":true,"valueName":"search_term_string"}}],"inLanguage":"pt-BR"},{"@type":"Person","@id":"https:\/\/verdadeon.com.br\/portal\/#\/schema\/person\/cc32be22b8e8599387c480bc83e1d11a","name":"Fernando Lima","image":{"@type":"ImageObject","inLanguage":"pt-BR","@id":"https:\/\/verdadeon.com.br\/portal\/#\/schema\/person\/image\/","url":"https:\/\/secure.gravatar.com\/avatar\/df4c8e132080d2b3a4841d5d232045464e0eed11a1d6e43115ca0843d48768d3?s=96&d=mm&r=g","contentUrl":"https:\/\/secure.gravatar.com\/avatar\/df4c8e132080d2b3a4841d5d232045464e0eed11a1d6e43115ca0843d48768d3?s=96&d=mm&r=g","caption":"Fernando Lima"},"sameAs":["http:\/\/verdadeon.com.br\/"],"url":"https:\/\/verdadeon.com.br\/portal\/author\/fernando-lima\/"}]}},"jetpack_publicize_connections":[],"jetpack_featured_media_url":"https:\/\/i0.wp.com\/verdadeon.com.br\/portal\/wp-content\/uploads\/2021\/12\/WhatsApp-Image-2021-12-09-at-12.13.47-e1639076938785.jpeg?fit=1001%2C668&ssl=1","jetpack_sharing_enabled":true,"_links":{"self":[{"href":"https:\/\/verdadeon.com.br\/portal\/wp-json\/wp\/v2\/posts\/21499","targetHints":{"allow":["GET"]}}],"collection":[{"href":"https:\/\/verdadeon.com.br\/portal\/wp-json\/wp\/v2\/posts"}],"about":[{"href":"https:\/\/verdadeon.com.br\/portal\/wp-json\/wp\/v2\/types\/post"}],"author":[{"embeddable":true,"href":"https:\/\/verdadeon.com.br\/portal\/wp-json\/wp\/v2\/users\/7"}],"replies":[{"embeddable":true,"href":"https:\/\/verdadeon.com.br\/portal\/wp-json\/wp\/v2\/comments?post=21499"}],"version-history":[{"count":0,"href":"https:\/\/verdadeon.com.br\/portal\/wp-json\/wp\/v2\/posts\/21499\/revisions"}],"wp:featuredmedia":[{"embeddable":true,"href":"https:\/\/verdadeon.com.br\/portal\/wp-json\/wp\/v2\/media\/21500"}],"wp:attachment":[{"href":"https:\/\/verdadeon.com.br\/portal\/wp-json\/wp\/v2\/media?parent=21499"}],"wp:term":[{"taxonomy":"category","embeddable":true,"href":"https:\/\/verdadeon.com.br\/portal\/wp-json\/wp\/v2\/categories?post=21499"},{"taxonomy":"post_tag","embeddable":true,"href":"https:\/\/verdadeon.com.br\/portal\/wp-json\/wp\/v2\/tags?post=21499"}],"curies":[{"name":"wp","href":"https:\/\/api.w.org\/{rel}","templated":true}]}}